{"id":1299,"date":"2015-08-22T07:30:11","date_gmt":"2015-08-22T04:30:11","guid":{"rendered":"http:\/\/munkacs-diocese.org\/hu\/2015\/08\/22\/a-gondviseles-keze-vezetett\/"},"modified":"2015-08-22T07:30:11","modified_gmt":"2015-08-22T04:30:11","slug":"a-gondviseles-keze-vezetett","status":"publish","type":"post","link":"https:\/\/munkacs-diocese.org\/hu\/2015\/08\/22\/a-gondviseles-keze-vezetett\/","title":{"rendered":"A Gondvisel\u00e9s keze vezetett"},"content":{"rendered":"<div id=\"fb-root\"><\/div>\n<p style=\"text-align: center;\"><span style=\"font-size: 12pt;\"><strong>A Gondvisel\u00e9s keze vezetett<\/strong><\/span><\/p>\n<p style=\"text-align: center;\"><span style=\"font-size: 10pt;\"><strong>Dr. Paskai L\u00e1szl\u00f3 b\u00edboros <\/strong><\/span><span style=\"font-size: 10pt;\"><strong>els\u0151 k\u00e1rp\u00e1taljai l\u00e1togat\u00e1s\u00e1r\u00f3l \u00e9s annak el\u0151zm\u00e9nyeir\u0151l<\/strong><\/span><\/p>\n<p><strong><img loading=\"lazy\" decoding=\"async\" class=\" alignleft size-full wp-image-1298\" style=\"float: left;\" src=\"https:\/\/munkacs-diocese.org\/hu\/wp-content\/uploads\/2015\/08\/paskailaszlo.jpg\" alt=\"\" height=\"116\" width=\"155\" srcset=\"https:\/\/munkacs-diocese.org\/hu\/wp-content\/uploads\/2015\/08\/paskailaszlo.jpg 900w, https:\/\/munkacs-diocese.org\/hu\/wp-content\/uploads\/2015\/08\/paskailaszlo-300x225.jpg 300w, https:\/\/munkacs-diocese.org\/hu\/wp-content\/uploads\/2015\/08\/paskailaszlo-768x576.jpg 768w, https:\/\/munkacs-diocese.org\/hu\/wp-content\/uploads\/2015\/08\/paskailaszlo-510x382.jpg 510w\" sizes=\"(max-width: 155px) 100vw, 155px\" \/>I. Az els\u0151 l\u00e9p\u00e9s: Moszkva \u00e9s Kijev<\/strong><\/p>\n<p>2008. november 20-\u00e1n Paskai L\u00e1szl\u00f3 b\u00edboros a K\u00e1rp\u00e1taljai Ferences Misszi\u00f3 Alap\u00edtv\u00e1ny felk\u00e9r\u00e9s\u00e9re el\u0151ad\u00e1st tartott az alap\u00edtv\u00e1ny bar\u00e1tainak 1989-es k\u00e1rp\u00e1taljai l\u00e1togat\u00e1s\u00e1r\u00f3l, valamint annak el\u0151zm\u00e9ny\u00e9r\u0151l, 1988-as moszkvai \u00e9s kijevi \u00fatj\u00e1r\u00f3l is. Mint mondta: eg\u00e9sz id\u0151 alatt tapasztalta a Gondvisel\u00e9s ir\u00e1ny\u00edt\u00e1s\u00e1t, aki mindig a megfelel\u0151 helyzetet, a megfelel\u0151 szem\u00e9lyeket hozta el\u00e9, hogy v\u00e9g\u00fcl a k\u00e1rp\u00e1taljai magyarok \u00f6r\u00f6m\u00e9re elindulhasson a misszi\u00f3. Ut\u00f3lag visszatekintve m\u00e1r \u00f6ssze\u00e1llt benne a k\u00e9p, hogy az akkor sokszor \u00e9rthetetlen, v\u00e9letlennek t\u0171n\u0151 tal\u00e1lkoz\u00e1sok hogyan vezettek oda, hogy szinte hihetetlen m\u00f3don minden akad\u00e1ly elh\u00e1rult \u00fatj\u00e1b\u00f3l: 1989 tavasz\u00e1n elutazhatott K\u00e1rp\u00e1talj\u00e1ra, s ut\u00e1na p\u00e1r h\u00f3nappal \u00f6t misszi\u00f3s pap j\u00f6hetett, hogy a helyi id\u0151s papok mellett a k\u00e1rp\u00e1taljai h\u00edveket szolg\u00e1lj\u00e1k. Paskai L\u00e1szl\u00f3 b\u00edboros el\u0151ad\u00e1s\u00e1b\u00f3l k\u00f6zl\u00fcnk most \u00f6sszefoglal\u00f3t.<\/p>\n<p>  <!--more-->  <\/p>\n<p>&nbsp;<\/p>\n<p>1988-ban nagy \u00fcnneps\u00e9get tartott az orosz pravoszl\u00e1v egyh\u00e1z: a kijevi Rusz megkeresztelked\u00e9s\u00e9nek ezer\u00e9ves \u00e9vfordul\u00f3j\u00e1t. II. J\u00e1nos P\u00e1l p\u00e1pa k\u00fcl\u00f6n vatik\u00e1ni deleg\u00e1ci\u00f3t k\u00fcld\u00f6tt Moszkv\u00e1ba. Minden f\u00f6ldr\u00e9szr\u0151l egy-egy \u00f6tf\u0151s deleg\u00e1ci\u00f3 \u00e9rkezett; az eur\u00f3pai deleg\u00e1ci\u00f3 egyik tagja Paskai L\u00e1szl\u00f3 b\u00edborost volt, aki r\u00f6gt\u00f6n azon kezdett gondolkodni, lenne-e lehet\u0151s\u00e9ge tenni valamit K\u00e1rp\u00e1talja \u00e9rdek\u00e9ben. Tudott ugyanis arr\u00f3l \u2013 t\u00f6bbek k\u00f6z\u00f6tt Holov\u00e1cs J\u00f3zsef titokban f\u00f6lszentelt g\u00f6r\u00f6g katolikus p\u00fcsp\u00f6kt\u0151l, aki egyszer megl\u00e1togatta \u2013 hogy nagyon neh\u00e9z helyzetben van a k\u00e1rp\u00e1taljai magyars\u00e1g, k\u00f6zt\u00fck a katolikus egyh\u00e1z is.<br \/>A budapesti egyh\u00e1z\u00fcgyi hivatal \u00e9s az akkori k\u00fcl\u00fcgyminiszter seg\u00edts\u00e9g\u00e9vel Moszkv\u00e1ban tal\u00e1lkozott a vall\u00e1s\u00fcgyi miniszterrel. Ott meg\u00e1llapodtak abban, mire lenne sz\u00fcks\u00e9ge K\u00e1rp\u00e1talj\u00e1nak \u2013 t\u00f6bbek k\u00f6z\u00f6tt arra, hogy a b\u00edboros ell\u00e1togathasson oda.<br \/>Moszkva ut\u00e1n Leningr\u00e1dba kellett volna utaznia, \u00e1m v\u00e1ratlanul Kijevbe ir\u00e1ny\u00edtott\u00e1k. K\u00e9rd\u00e9s\u00e9re azt felelt\u00e9k: egy magyar pappal fog tal\u00e1lkozni ott. Ez a magyar pap Cs\u00e1ti J\u00f3zsef volt, aki a Dnyeper-parti kijevi Rusz eml\u00e9km\u0171n\u00e9l tartott \u00fcnneps\u00e9gen l\u00e9pett oda hozz\u00e1 \u00e9s mutatkozott be. \u0150t Munk\u00e1cson kerest\u00e9k fel, \u00e9s k\u00f6z\u00f6lt\u00e9k vele, hogy most azonnal vonatra \u00fcl, \u00e9s elutazik Kijevbe, ahol Paskai b\u00edborossal fog tal\u00e1lkozni. A b\u00edboros sz\u00e1ll\u00e1shely\u00e9n besz\u00e9lgettek tov\u00e1bb, ahol Cs\u00e1ti J\u00f3zsef elmondta, mire lenne sz\u00fcks\u00e9ge a k\u00e1rp\u00e1taljai egyh\u00e1znak.<br \/>Ugyancsak Kijevben tal\u00e1lkozott Szemedi J\u00e1nos titokban felszentelt g\u00f6r\u00f6g katolikus p\u00fcsp\u00f6kkel, aki akkor m\u00e9g illegalit\u00e1sban \u00e9lt. A b\u00edboros \u00e9pp egy ortodox templom k\u00f6r\u00fcli k\u00f6rmenetben vett r\u00e9szt, amikor a p\u00fcsp\u00f6k megsz\u00f3l\u00edtotta \u0151t.<br \/>Haza\u00e9rkezve a b\u00edboros szeretett volna m\u00e9g 1988 \u0151sz\u00e9n K\u00e1rp\u00e1talj\u00e1ra l\u00e1togatni, \u00e1m erre nem kapott lehet\u0151s\u00e9get. 1988. november 9-\u00e9n azonban Magyarorsz\u00e1gon j\u00e1rt Alexander Jakovlev, a Szovjetuni\u00f3 K\u00f6zponti Bizotts\u00e1g\u00e1nak titk\u00e1ra, akinek \u00fagy szervezt\u00e9k meg magyarorsz\u00e1gi \u00fatj\u00e1t, hogy Paskai L\u00e1szl\u00f3 b\u00edboroshoz is ell\u00e1togatott. 1988. november 9-\u00e9n, Esztergomban tal\u00e1lkoztak, s a b\u00edboros elmondta neki: nem tud elmenni K\u00e1rp\u00e1talj\u00e1ra, pedig nagyon v\u00e1rj\u00e1k ott \u0151t. Jakovlev v\u00e1lasza ez volt: A b\u00edboros sz\u00edvesen l\u00e1tott vend\u00e9g K\u00e1rp\u00e1talj\u00e1n, v\u00e1lassza ki a megfelel\u0151 id\u0151t a l\u00e1togat\u00e1sra. A d\u00e9lel\u0151tti tal\u00e1lkoz\u00f3 ut\u00e1n a d\u00e9li h\u00edrekben m\u00e1r be is mondta a r\u00e1di\u00f3: Jakovlev megh\u00edvta K\u00e1rp\u00e1talj\u00e1ra Paskai b\u00edborost.<br \/>Ebben a l\u00e9p\u00e9sben is l\u00e1that\u00f3 a Gondvisel\u00e9s keze: j\u00f3val k\u00e9s\u0151bb a b\u00edboros \u00fajra tal\u00e1lkozott Berecz J\u00e1nossal (aki a Kommunista p\u00e1rt K\u00f6zponti Bizotts\u00e1g\u00e1nak is tagja volt), aki elmondta neki, hogyan ker\u00fclt sor erre a tal\u00e1lkoz\u00f3ra: Jakovlevnek valami programot kellett szervezni Magyarorsz\u00e1gon, ahol csak \u00e1tutaz\u00f3ban volt; s mivel m\u00e9g nem tal\u00e1lkozott sosem f\u0151pappal, ez\u00e9rt vitt\u00e9k el Esztergomba.<br \/>Megszervezt\u00e9k, hogy m\u00e1jusban K\u00e1rp\u00e1talj\u00e1ra l\u00e1togasson, az \u00fatitervet is lelevelezte Cs\u00e1ti J\u00f3zseffel. A szovjet nagyk\u00f6vets\u00e9g okozott n\u00e9mi bonyodalmat, ami miatt a l\u00e1togat\u00e1st Kijevben kellett kezdeni. A b\u00edboros itt tal\u00e1lkozott Filaret pravoszl\u00e1v metropolit\u00e1val; itt Hid\u00e1sz Ferenc ferences atya volt a tolm\u00e1csa. A l\u00e1togat\u00e1s nem indult igaz\u00e1n kedvez\u0151 l\u00e9gk\u00f6rben, mivel a b\u00edboros el\u0151hozta a g\u00f6r\u00f6g katolikusok \u00fcgy\u00e9t, melyre a metropolita el\u00e9g hevesen reag\u00e1lt. A vall\u00e1s\u00fcgyi miniszter pedig t\u00f6bbek k\u00f6z\u00f6tt azzal v\u00e1dolta a k\u00e1rp\u00e1taljai magyarokat, hogy \u00fajabban a Szovjetuni\u00f3t azzal merik v\u00e1dolni, hogy 1944-ben deport\u00e1lta a magyarokat.<br \/>Ezek ut\u00e1n Paskai L\u00e1szl\u00f3 b\u00edboros rep\u00fcl\u0151g\u00e9ppel \u00e9rkezett Ungv\u00e1rra, ahol m\u00e1r v\u00e1rt\u00e1k a k\u00e1rp\u00e1taljai magyarok.<br \/>Paskai L\u00e1szl\u00f3 b\u00edboros az ungv\u00e1ri rept\u00e9ren l\u00e9pett el\u0151sz\u00f6r K\u00e1rp\u00e1talja f\u00f6ldj\u00e9re. Onnan k\u00eds\u00e9ret\u00e9vel egy\u00fctt a templomba ment be, amely zs\u00fafol\u00e1sig tele volt. Cs\u00f6ndben im\u00e1dkoztak, majd Damasztin pravoszl\u00e1v p\u00fcsp\u00f6k h\u00edvta meg eb\u00e9dre. Mivel a pravoszl\u00e1v egyh\u00e1zzal is j\u00f3 kapcsolatot akart fenntartani, elfogadta az eb\u00e9dmegh\u00edv\u00e1st.<br \/>Az volt a terv, hogy mindenhov\u00e1 elmegy, ahol van pap, mindegyik\u00fckkel tal\u00e1lkozik, illetve olyan templomokba is elmegy, ahol m\u00e1r nincsen pap. Nem egy helyen, amikor meg\u00e9rkezett, megsz\u00f3lalt a harang, s negyed\u00f3ra m\u00falva tele volt a templom. Papjuk a legt\u00f6bb helyen m\u00e1r nem volt. Az egyik helyen egy asszony k\u00f6sz\u00f6nt\u00f6tte: elmondta, hogy nincs papjuk, m\u00e1r sok \u00e9ve meghalt az aranyos pl\u00e9b\u00e1nosuk. \u201eAz\u00f3ta mi m\u00e1r csak im\u00e1dkozni tudunk. K\u00fcldj\u00f6n papokat!&#8221; Ez a jelenet megism\u00e9tl\u0151d\u00f6tt t\u00f6bbsz\u00f6r is.<br \/>A sok megl\u00e1togatott hely k\u00f6z\u00fcl a b\u00edboros Nagysz\u0151l\u0151sr\u0151l besz\u00e9lt b\u0151vebben el\u0151ad\u00e1s\u00e1ban. Term\u00e9szetesen ez a hely is szerepelt programj\u00e1ban, de \u00e1llami r\u00e9szr\u0151l meg akart\u00e1k hi\u00fas\u00edtani a l\u00e1togat\u00e1st. Addigra azonban Cs\u00e1ti J\u00f3zsef m\u00e1r elmondta, hogy a b\u00edboros minden pappal tal\u00e1lkozni akar, az ottani pap pedig nem tud elj\u00f6nni, mert \u00e1gyban fekv\u0151 beteg, teh\u00e1t neki kell odamennie. A tal\u00e1lkoz\u00f3 a beteg aty\u00e1val azt\u00e1n meg is t\u00f6rt\u00e9nt.<br \/>A szentmis\u00e9t a kis temet\u0151k\u00e1poln\u00e1ban tartott\u00e1k. Felszereltek egy hangos\u00edt\u00f3t, mert nagyon sokan voltak a k\u00e1poln\u00e1n k\u00edv\u00fcl is. Egyszer csak \u2013 nem tudni, sz\u00e1nd\u00e9kosan-e vagy nem \u2013 elment a villany.<br \/>Akkorra m\u00e1r visszaadt\u00e1k a pl\u00e9b\u00e1niatemplomot az egyh\u00e1znak, k\u00e9t vagy h\u00e1rom nappal a b\u00edboros \u00e9rkez\u00e9se el\u0151tt adt\u00e1k \u00e1t a kulcsot. T\u00f6bb kamion szemetet hordtak ki onnan az emberek. Amikor a b\u00edboros \u00e9s k\u00eds\u00e9rete bel\u00e9ptek a templomba, l\u00e1tt\u00e1k, hogy az nem csak \u00fcres, hanem a falak is sz\u00f6rny\u0171 \u00e1llapotban vannak, az orgona sz\u00e9t van t\u00e9pve&#8230; A sz\u0151l\u0151si h\u00edvek, akik bej\u00f6ttek, meghat\u00f3dva n\u00e9zt\u00e9k templomuk belsej\u00e9t, \u00e9s kezdt\u00e9k mondani, hogyan kellene renov\u00e1lni azt. A b\u00edboros k\u00f6zbesz\u00f3lt: j\u00f3l van, csak gondolkodjanak ezen, j\u00f6n majd ide pap, aki majd ir\u00e1ny\u00edtja a renov\u00e1l\u00e1st. Akkor m\u00e9g nem gondolta, hogy nemsok\u00e1ra itt lesznek m\u00e1r a ferences aty\u00e1k, \u00e9s k\u00e9t \u00e9v m\u00falva a fel\u00faj\u00edtott templom meg\u00e1ld\u00e1s\u00e1ra mehet majd vissza.<br \/>A megyei egyh\u00e1z\u00fcgyi embernek minden nap jelent\u00e9st kellett k\u00fcldenie Kijevbe \u00e9s Moszkv\u00e1ba a b\u00edboros magatart\u00e1s\u00e1r\u00f3l, besz\u00e9deir\u0151l, a fontosabb esem\u00e9nyekr\u0151l. Kijevb\u0151l azt az utas\u00edt\u00e1st kapta, \u00e9beren figyelje, miket mond a b\u00edboros a g\u00f6r\u00f6g katolikusokr\u00f3l, k\u00f6veteli-e a templomok visszaad\u00e1s\u00e1t, egyh\u00e1zuk elismer\u00e9s\u00e9t. Azt is k\u00e9rt\u00e9k, hogy sz\u00f3 szerint jelentse, ha a b\u00edboros a magyarok 1944. \u00e9vi elhurcol\u00e1s\u00e1r\u00f3l besz\u00e9lne. A b\u00edboros azonban nem politiz\u00e1lni ment, hanem az evang\u00e9lium hirdet\u00e9s\u00e9re.<br \/>Ungv\u00e1ron sz\u00e1ll\u00e1solt\u00e1k el, ahol a k\u00e9t titokban szentelt g\u00f6r\u00f6g katolikus p\u00fcsp\u00f6kkel (Holov\u00e1cs J\u00f3zseffel \u00e9s Szemedi J\u00e1nossal) a templomban tudott tal\u00e1lkozni. A sz\u00e1llod\u00e1ba nem mertek bej\u00f6nni, mert ott mindent figyeltek. Ekkor a b\u00edboros javaslat\u00e1ra, aki mindenk\u00e9pp szeretett volna tal\u00e1lkozni vel\u00fck, a templomba mentek.<br \/>A l\u00e1togat\u00e1s befejez\u00e9sek\u00e9nt Paskai b\u00edboros Ungv\u00e1ron t\u00e1rgyalt az ottani \u00e1llami, megyei tiszts\u00e9gvisel\u0151kkel, ut\u00e1na pedig sajt\u00f3t\u00e1j\u00e9koztat\u00f3t tartottak. A tal\u00e1lkoz\u00f3n a k\u00f6vetkez\u0151kben \u00e1llapodtak meg: \u00f6t pap \u00e1lland\u00f3 jelleggel m\u0171k\u00f6dhet K\u00e1rp\u00e1talj\u00e1n; a k\u00f6rny\u00e9kr\u0151l ideiglenesen, id\u0151legesen kiseg\u00edteni mehetnek papok; papn\u00f6vend\u00e9kek mehetnek tanulni Magyarorsz\u00e1gra, \u00e9s a h\u00e1bor\u00fa ut\u00e1n kiadott vall\u00e1sos k\u00f6nyveket be lehet vinni K\u00e1rp\u00e1talj\u00e1ra. Ez l\u00e9nyeg\u00e9ben megegyezett Cs\u00e1ti J\u00f3zsef elgondol\u00e1s\u00e1val is.<br \/>A megbesz\u00e9l\u00e9sen a b\u00edboros el\u0151hozta a g\u00f6r\u00f6g katolikusok \u00fcgy\u00e9t is. Hid\u00e1sz Ferenc atya, aki tolm\u00e1csolt, hallotta, hogy az eln\u00f6knek valaki, aki mellette \u00fclt, odasz\u00f3lt: \u201eerre nem kell reag\u00e1lni&#8221;. Az eln\u00f6k \u00edgy cs\u00f6ndben is maradt. Akkor m\u00e9g nem lehetett sz\u00f3 arr\u00f3l, hogy a g\u00f6r\u00f6g katolikusok nyilv\u00e1nosan m\u0171k\u00f6dhessenek, de a b\u00edboros \u00edgy legal\u00e1bb sz\u00f3t adott ennek az ig\u00e9nynek is.<br \/>Ezut\u00e1n tartott\u00e1k a sajt\u00f3t\u00e1j\u00e9koztat\u00f3t, melyen jelen volt a helyi pravoszl\u00e1v p\u00fcsp\u00f6k is, aki t\u00e1mad\u00f3an l\u00e9pett fel a b\u00edborossal szemben. A g\u00f6r\u00f6g katolikus k\u00e9rd\u00e9ssel kapcsolatban pl. ezt mondta: \u201ene k\u00f6pj a k\u00fatba, mert ut\u00e1na abb\u00f3l kell innod&#8221;. Damasztin p\u00fcsp\u00f6knek ezt a hangnem\u00e9t igyekezett tomp\u00edtani Filaret metropolita azzal, hogy megh\u00edvta a b\u00edborost eb\u00e9dre.<br \/>A sajt\u00f3t\u00e1j\u00e9koztat\u00f3val befejez\u0151d\u00f6tt Paskai b\u00edboros k\u00e1rp\u00e1taljai l\u00e1togat\u00e1sa. Hazafel\u00e9 azon gondolkodott, hol tal\u00e1l \u00f6t olyan papot, akik ebbe a nyomorult helyzetbe elmennek. Azut\u00e1n ez is megold\u00f3dott: el\u0151sz\u00f6r k\u00e9t olyan pap v\u00e1llalkozott, akik el\u0151z\u0151leg is sokat j\u00e1rtak \u00e1t seg\u00edteni: Boh\u00e1n B\u00e9la jezsuita \u00e9s Di\u00f3ssi Korn\u00e9l domonkos szerzetesek. Majd Heged\u0171s Kolos akkori ferences tartom\u00e1nyf\u0151n\u00f6k v\u00e1llalta el rendje nev\u00e9ben a nagysz\u0151l\u0151si, k\u00e1rp\u00e1taljai misszi\u00f3t, hiszen Nagysz\u0151l\u0151s\u00f6n valamikor voltak ferencesek.<br \/>Elindult a misszi\u00f3, meg\u00fajult a lelki \u00e9let K\u00e1rp\u00e1talj\u00e1n. A b\u00edboros term\u00e9szetesen besz\u00e1molt R\u00f3m\u00e1ban a k\u00e1rp\u00e1taljai helyzetr\u0151l. Lassan a jogi k\u00e9rd\u00e9s is rendez\u0151d\u00f6tt: egy id\u0151 m\u00falva, amikor a Szovjetuni\u00f3 f\u00f6lvette a diplom\u00e1ciai kapcsolatot a Szentsz\u00e9kkel, Colasuono \u00e9rsek lett a nuncius, \u0151 kapott megb\u00edz\u00e1st K\u00e1rp\u00e1talj\u00e1ra is, teh\u00e1t m\u00e1r volt joghat\u00f3s\u00e1g. Amikor Ukrajna \u00f6n\u00e1ll\u00f3v\u00e1 v\u00e1lt, Antonio Franco kijevi nuncius lett apostoli adminisztr\u00e1tor K\u00e1rp\u00e1talj\u00e1n. Egy id\u0151 ut\u00e1n seg\u00e9dp\u00fcsp\u00f6k\u00f6t k\u00e9rt mag\u00e1nak. Akkor nevezte ki a Szentatya Majnek Antal ferences aty\u00e1t seg\u00e9dp\u00fcsp\u00f6knek. K\u00e9s\u0151bb a ter\u00fclet a jogi rendez\u00e9se is megkezd\u0151d\u00f6tt. K\u00e1rp\u00e1talja egyh\u00e1zjogilag a szatm\u00e1rn\u00e9meti egyh\u00e1zmegy\u00e9hez tartozott; mivel azonban Rom\u00e1ni\u00e1b\u00f3l nem lehetett ir\u00e1ny\u00edtani, ez\u00e9rt el\u0151sz\u00f6r apostoli adminisztrat\u00fara lett. El\u0151bb a nuncius, majd Antal atya kapta meg az apostoli adminisztr\u00e1tori kinevez\u00e9st. Amikor pedig K\u00e1rp\u00e1talja ter\u00fclet\u00e9n \u00f6n\u00e1ll\u00f3 egyh\u00e1zmegy\u00e9t alap\u00edtott a Szentatya, Majnek Antalt nevezte ki a Munk\u00e1csi egyh\u00e1zmegye els\u0151 megy\u00e9sp\u00fcsp\u00f6k\u00e9v\u00e9.<br \/>A b\u00edboros atya az\u00f3ta is megfordult n\u00e9h\u00e1nyszor K\u00e1rp\u00e1talj\u00e1n, l\u00e1tta, hogy az\u00f3ta sok minden fejl\u0151d\u00f6tt. Mint mondta: \u201eAz a benyom\u00e1som, hogy nagyon sz\u00e9p gy\u00fcm\u00f6lcs\u00f6ket termett az ottani misszi\u00f3&#8221;. Azt m\u00e1r el\u0151ad\u00e1sa elej\u00e9n eml\u00edtette: a Gondvisel\u00e9s keze nyom\u00e1t l\u00e1tta eg\u00e9sz k\u00e1rp\u00e1taljai \u00fatj\u00e1val kapcsolatban. Az \u00fat Jakovlev r\u00e9v\u00e9n ny\u00edlt meg \u2013 ez is mutatja, hogy az Isten terveit azok is tudj\u00e1k szolg\u00e1lni, akik nem hisznek benne. Az apr\u00f3 esetekben is, melyek v\u00e9letlennek t\u0171nnek, ott van a Gondvisel\u00e9s keze. Az, hogy az orosz milleneum alkalom volt arra, hogy K\u00e1rp\u00e1talj\u00e1r\u00f3l t\u00e1rgyalni lehessen; az, hogy Magyarorsz\u00e1gon pozit\u00edvan fogt\u00e1k f\u00f6l az illet\u00e9kesek a k\u00e1rp\u00e1taljai helyzetet \u2013 b\u00e1r sz\u00e1mukra akkor ink\u00e1bb csak a magyars\u00e1gr\u00f3l volt sz\u00f3 \u2013, s ez\u00e9rt t\u00e1rgyalhattam vel\u00fck., az biztosan a Gondvisel\u00e9s beavatkoz\u00e1s\u00e1ra t\u00f6rt\u00e9nt.<br \/>El\u0151ad\u00e1s\u00e1t a b\u00edboros m\u00e9g egy tan\u00fas\u00e1gt\u00e9tellel fejezte be. P\u00e1ldi Andr\u00e1s, akkor kijevi nagyk\u00f6vet, \u201eBevallom, bizonyos k\u00e9ts\u00e9gek is voltak bennem, hogy meg\u00e9rett-e m\u00e1r az id\u0151 erre a f\u0151p\u00e1sztori vizitre, hogy legyen er\u0151m sikeresen mindannyiunk hit\u00e9nek er\u0151s\u00f6d\u00e9s\u00e9t el\u00e9rve lebonyol\u00edtani ezt a l\u00e1togat\u00e1st. Egy h\u00e9ttel ezel\u0151tt Ausztri\u00e1ban \u00e1jtatoss\u00e1got v\u00e9geztem \u2013 Deutchs\u00fctzenben voltam, ott mis\u00e9t \u00e9s fatimai \u00e1jtatoss\u00e1got tartottam, arra val\u00f3 ez az utal\u00e1s \u2013 \u00e9s a Boldogs\u00e1gos Sz\u0171z oltalm\u00e1ba aj\u00e1nlottam az utam, k\u00e9rtem p\u00e1rtfog\u00e1s\u00e1t, \u00e9s k\u00e9rtem, hogy ny\u00fajtson nekem seg\u00edts\u00e9get, mert \u00e1ltalam ismeretlen vid\u00e9kre megyek, el\u00e9gg\u00e9 zavaros viszonyok k\u00f6z\u00e9. Utamat azonban nem halaszthatom, mert a k\u00e1rp\u00e1taljai h\u00edv\u0151k negyven \u00e9ve v\u00e1rj\u00e1k ezt a tal\u00e1lkoz\u00e1st. Azt szeretn\u00e9m \u00f6nnek mondani, hogy ez az utaz\u00e1s minden rem\u00e9nyemet f\u00f6l\u00fclm\u00falva sikeres volt. Most m\u00e1r tudom, hogy a Boldogs\u00e1gos Sz\u0171z meghallgatta k\u00e9r\u00e9semet.&#8221;<\/p>\n<p style=\"text-align: center;\"><span style=\"font-size: 10pt;\"><em>Zatyk\u00f3 L\u00e1szl\u00f3 ferences atya sz\u00e9p megeml\u00e9kez\u00e9se a b\u00edboros aty\u00e1r\u00f3l:<\/em><\/span><\/p>\n<p style=\"text-align: center;\"><strong>A GYARL\u00d3 SZOLG\u00c1LAT SZENTS\u00c9GE<\/strong><br \/><strong>Ferences szemmel Paskai L\u00e1szl\u00f3 b\u00edboros \u00farr\u00f3l<\/strong><\/p>\n<p style=\"text-align: justify;\"><strong><\/strong><br \/>K\u00f6ny\u00f6rg\u00fcnk, h\u00e1l\u00e1t adunk, k\u00f6sz\u00f6netet mondunk ferences testv\u00e9r\u00fcnk\u00e9rt, Paskai L\u00e1szl\u00f3 Pacifik b\u00edboros \u00far\u00e9rt. H\u00e1la van a sz\u00edv\u00fcnkben az\u00e9rt, hogy a v\u00e9gs\u0151 hetek, napok, \u00f3r\u00e1k gy\u00f6trelmes szenved\u00e9seiben, kiszolg\u00e1ltatotts\u00e1g\u00e1ban, neh\u00e9z ag\u00f3ni\u00e1j\u00e1ban el\u00e9nk \u00e9lte azt a b\u00e1tor\u00edt\u00f3 igazs\u00e1got, hogy a \u201egy\u00f6nges\u00e9g\u00fcnkben seg\u00edts\u00e9g\u00fcnkre siet a L\u00e9lek&#8221; (Rom 8,26), hogy \u201ea L\u00e9lek egy\u00fctt-gyenge a mi gyenges\u00e9g\u00fcnkkel&#8221; (Tak\u00e1cs Gyula). A v\u00e9gs\u0151 harcot p\u00fcsp\u00f6ki jelmondata szellem\u00e9ben \u201ein virtute Spiritu, a L\u00e9lek erej\u00e9ben&#8221; (Lk 4,14), nagy bels\u0151 fegyelemmel, zoksz\u00f3 n\u00e9lk\u00fcl harcolta v\u00e9gig. Korh\u00e1zi betegszob\u00e1ja az im\u00e1ds\u00e1g temploma volt. Benne minden \u2013 a n\u0151v\u00e9rek \u00e9s orvosok \u00e1ldozatos munk\u00e1ja, az im\u00e1ds\u00e1g a l\u00e1togat\u00f3 testv\u00e9rekkel, a r\u00f3zsaf\u00fcz\u00e9r, a szents\u00e9gek \u2013 egyetlen c\u00e9lt szolg\u00e1lt, hogy a szenved\u0151 testv\u00e9r eggy\u00e9 legyen J\u00e9zus \u00e1ldozat\u00e1val, hogy vele \u00e9s \u00e1ltala \u201e\u00c1menn\u00e9&#8221; legyen Isten dics\u0151s\u00e9g\u00e9re (2Kor 1,20). Mindez\u00e9rt leborulva \u00e1ldjuk a Legf\u00f6ls\u00e9gesebbet, \u00e9s k\u00e9rve k\u00e9rj\u00fck, hogy testv\u00e9r\u00fcnk legyen azok k\u00f6z\u00f6tt, akiket Assisi Szent Ferenc meg\u00e9nekel a Teremtm\u00e9nyek dics\u00e9ret\u00e9ben: \u201eBoldogok, kik b\u00e9k\u00e9ben kitartanak, \u00e1ltalad, Legf\u00f6ls\u00e9gesebb lesznek majd megkoron\u00e1zva (&#8230;). Boldogok, akiket \u2013 n\u0151v\u00e9r\u00fcnk, a testi hal\u00e1l \u2013 a te legszentebb akaratodban tal\u00e1l&#8221;.<br \/>P\u00fcsp\u00f6kk\u00e9 szentel\u00e9se \u00f3ta (1978) szinte minden testv\u00e9rt, csaknem f\u00e9lsz\u00e1z ferencest \u0151 szentelt papp\u00e1. Ha k\u00e9t ferences \u00f6sszej\u00f6n, \u00e9s sz\u00f3ba ker\u00fcl a papszentel\u00e9s\u00fck, akkor vet\u00e9lkedve, hogy ki tudja hitelesebben ut\u00e1nozni a b\u00edboros hanghordoz\u00e1s\u00e1t, hangs\u00falyoz\u00e1s\u00e1t, felid\u00e9zik a papszentel\u00e9s sz\u00f6veg\u00e9b\u0151l ezt a mondatot: \u201eUrunk J\u00e9zus most itt van k\u00f6z\u00f6tt\u00fcnk. Gyarl\u00f3 szolg\u00e1latom \u00e1ltal \u0151 szentel fel t\u00e9ged&#8221;. A b\u00edboros mond\u00e1s\u00e1ban mindig k\u00fcl\u00f6n\u00f6s hangs\u00falyt kapott az Urunk J\u00e9zus, a most \u00e9s a gyarl\u00f3 szavak. Ezek a hangs\u00falyok el\u00e1rult\u00e1k a b\u00edboros hit\u00e9t \u00e9s al\u00e1zat\u00e1t. Hit\u00e9t abban, hogyha mi J\u00e9zus k\u00fcldet\u00e9s\u00e9ben j\u00e1runk, akkor \u0151 \u201eitt van k\u00f6zt\u00fcnk&#8221;, \u00e9s akkor \u2013 b\u00e1r a tenger h\u00e1borog, vad hull\u00e1mok t\u00e1madnak, a haj\u00f3 inog \u2013 nincs mit\u0151l f\u00e9ln\u00fcnk. Hit\u00e9t abban, hogy J\u00e9zus m\u0171v\u00e9t, ha h\u0171s\u00e9gesek vagyunk, gyarl\u00f3s\u00e1gunk sem tudja meghi\u00fas\u00edtani. De ebben a hangs\u00falyban benne rejlik az a vallom\u00e1s is, amit minden szentmise el\u0151tt vallunk, hogy ez a szolg\u00e1lat mindig gyarl\u00f3, mert mi magunk gyarl\u00f3k vagyunk.<br \/>A b\u00edboros \u00far a szolg\u00e1lat\u00e1t nagyr\u00e9szt a h\u00e1borg\u00f3 tengeren ing\u00f3 haj\u00f3n teljes\u00edtette. Egy ilyen h\u00e1borg\u00f3 tengeren val\u00f3 t\u00e1rgyal\u00e1s sorozatot \u00e9l meg, amikor a rabl\u00f3kt\u00f3l kifosztott \u00e9s f\u00e9lholtra vert (Lk 10,30) k\u00e1rp\u00e1taljai egyh\u00e1z \u00e9rdek\u00e9ben Moszkv\u00e1ban, Kijevben \u00e9s Ungv\u00e1ron t\u00e1rgyal a vall\u00e1s\u00fcgyi miniszterekkel, a kijevi metropolit\u00e1val, az ungv\u00e1ri p\u00fcsp\u00f6kkel. Minden\u00fctt sz\u00f3ba hozza, amit sz\u00f3ba kell hoznia: a g\u00f6r\u00f6gkatolikus egyh\u00e1z enged\u00e9lyez\u00e9s\u00e9t, a \u201em\u00e1lenkij robotra&#8221; elhurcolt magyarok erk\u00f6lcsi, anyagi k\u00e1rp\u00f3tl\u00e1s\u00e1t, a k\u00e1rp\u00e1taljai paphi\u00e1nyt, s azt\u00e1n \u2013 olaja t\u0171zre \u2013 megeml\u00edti, hogy Magyarorsz\u00e1gon megsz\u0171nik az Egyh\u00e1z\u00fcgyi hivatal. A sz\u00edv\u00e9lyesnek indult tal\u00e1lkoz\u00f3 a t\u00e1rgyal\u00f3 partnerei r\u00e9sz\u00e9r\u0151l h\u00e1bor\u00fav\u00e1 v\u00e1ltozik. A legv\u00e1ltozatosabb \u00e9s a legk\u00e9ptelenebb r\u00e1galom\u00f6z\u00f6nt z\u00fad\u00edtj\u00e1k a fej\u00e9re. Az ungv\u00e1ri sajt\u00f3t\u00e1j\u00e9koztat\u00f3n mindez megism\u00e9tl\u0151dik. Ott az ortodox p\u00fcsp\u00f6k \u00edgy utas\u00edtja rendre Paskai b\u00edborost: \u201ene k\u00f6pj a k\u00fatba, mert ut\u00e1na abb\u00f3l kell innod&#8221;. \u00c9s a b\u00edboros mindezekre hogy reag\u00e1l? Nem v\u00e1g vissza. Nem rend\u00fcl meg. Kedvesen mosolyog a r\u00e1 vicsorg\u00f3kra. Nem \u00edt\u00e9lkezik felett\u00fck, nem min\u0151s\u00edti \u0151ket. Nem riadozik, de nem is visszakozik. Minek? \u201eUrunk J\u00e9zus most itt van k\u00f6zt\u00fcnk&#8221;, r\u00e1 kell figyeln\u00fcnk, arra, hogy a k\u00fcldet\u00e9s\u00e9t teljes\u00edts\u00fck, nem a vad hull\u00e1mokra, akkor elvesz\u00fcnk. \u00c9s J\u00e9zus lecsendes\u00edtette a tengert. Ma K\u00e1rp\u00e1talj\u00e1nak egyh\u00e1zmegy\u00e9je, magyar p\u00fcsp\u00f6ke van, a g\u00f6r\u00f6gkatolikus testv\u00e9rek visszakapt\u00e1k szabads\u00e1gukat, sz\u00e9p sz\u00e1mmal vannak a hivat\u00e1sok, az egyh\u00e1z \u00e9l, eleven. Amikor Paskai b\u00edboros err\u0151l besz\u00e9lt, minden m\u00e1sodik mondat\u00e1ban Isten gondvisel\u0151 j\u00f3s\u00e1g\u00e1t dics\u0151\u00edtette.<br \/>Paskai b\u00edboros \u00far tiszt\u00e1ban volt azzal, hogy szolg\u00e1lata \u201egyarl\u00f3 szolg\u00e1lat&#8221;, gyarl\u00f3k vagyunk. Ennek al\u00e1zatos tudom\u00e1sul v\u00e9tele seg\u00edtette abban, hogy az \u0151t \u00e9rt t\u00e1mad\u00e1sokra soha nem v\u00e1gott vissza, nem reag\u00e1lt, nem v\u00e9dte mag\u00e1t, \u00e9s nem is \u00edt\u00e9lkezett. Cs\u00f6ndbe maradt. De nem s\u00e9rtetten, hanem der\u0171sen, t\u00e1rgyal\u00f3 partnereit tov\u00e1bbra is becs\u00fclve, n\u00e9ha t\u00falbecs\u00fclve. Mi a titka ennek a rend\u00edthetetlen b\u00e9k\u00e9nek? A b\u0171nb\u00e1n\u00f3, a bocs\u00e1natk\u00e9r\u0151 szeretet b\u00f6lcsess\u00e9ge, mely egyed\u00fcl Isten j\u00f3s\u00e1g\u00e1val m\u00e9ri \u00f6ssze mag\u00e1t, s \u00edgy l\u00e1tja b\u0171n\u00f6ss\u00e9ge m\u00e9lys\u00e9geit, l\u00e1tja, hogy irgalomra, k\u00f6ny\u00f6r\u00fcletre \u00e9s megbocs\u00e1t\u00e1sra szorul, de k\u00e9ts\u00e9gbe nem esik, mert tudja, hogy ez a j\u00f3s\u00e1g irgalom, k\u00f6ny\u00f6r\u00fclet \u00e9s megbocs\u00e1t\u00e1s. A b\u00edboros \u00far P\u00e1duai Szent Antal \u00fatmutat\u00e1s\u00e1t k\u00f6vette: \u201eAkkor viselj\u00fck el helyesen a kapott szidalmakat, mid\u0151n sz\u00edv\u00fcnk rejtek\u00e9ben tekint\u00fcnk vissza a hallott szavakra. Ilyenkor k\u00f6nny\u0171 bel\u00e1tni, hogy jogtalans\u00e1got szenved\u00fcnk ugyan, de azt is bel\u00e1tjuk, hogy rosszabbat \u00e9rdeml\u00fcnk. Ekkor a gyal\u00e1zkod\u00e1s nyom\u00e1ban ink\u00e1bb a kegyelem j\u00e1r, mint a harag.&#8221;<br \/>Paskai L\u00e1szl\u00f3 b\u00edboros \u00far \u00e9lete sz\u00e1munkra ezt a b\u00f6lcsess\u00e9get tan\u00edtotta. A sok p\u00e9ld\u00e1b\u00f3l most csak egyet eml\u00edtek. Sokan v\u00e1gt\u00e1k a fej\u00e9hez t\u00f6bbnyire a sajt\u00f3ban, h\u00e1tm\u00f6g\u00f6tti besz\u00e9lget\u00e9sekben, hogy mi\u00e9rt ragaszkodik a hatalomhoz, neki a rendszerv\u00e1ltoz\u00e1skor f\u00e9lre kellett volna \u00e1llnia, be kellett volna ny\u00fajtania a lemond\u00e1s\u00e1t a Szentaty\u00e1nak. \u0150 ezekr\u0151l a v\u00e1dakr\u00f3l tudott, de nem reag\u00e1lt r\u00e1juk, mik\u00f6zben ezek nyitott kapukat d\u00f6ngettek, \u00e9s alaptalanok voltak. Pacifik testv\u00e9r, a b\u00edboros \u00far, a hivatal\u00e1ra \u2013 Szent Ferenc k\u00f6vet\u0151jek\u00e9nt \u2013 \u00fagy tekintett, mint a \u201el\u00e1bmos\u00e1s hivatal\u00e1ra&#8221;. A rendszerv\u00e1ltoz\u00e1s hajnal\u00e1n azon nyomban beny\u00fajtotta lemond\u00e1s\u00e1t Szent II. J\u00e1nos P\u00e1l p\u00e1p\u00e1nak, aki ezt nem fogadta el, \u00e9s k\u00e9rte, hogy maradjon tov\u00e1bbra is hivatal\u00e1ban, a szolg\u00e1lat\u00e1ban. Mi\u00e9rt nem besz\u00e9lt err\u0151l? Mi\u00e9rt nem v\u00e9dte mag\u00e1t? Az a f\u00f6lszabadults\u00e1g, ahogyan fogadta Paskai b\u00edboros, hogy hetven\u00f6t \u00e9vesen megszabadulhatott hivatal\u00e1t\u00f3l, am\u00fagy is r\u00e1c\u00e1folt minden ilyen v\u00e1dra.<br \/>Paskai b\u00edboros \u00dar Isten megbocs\u00e1t\u00f3 j\u00f3s\u00e1gb\u00f3l \u00e9lt, h\u00e1l\u00e1val a sz\u00edv\u00e9ben ez\u00e9rt a megbocs\u00e1t\u00f3 szeretet\u00e9rt, az\u00e9rt, hogy J\u00e9zus elfogadta \u201egyarl\u00f3 szolg\u00e1lat\u00e1t&#8221;. A megbocs\u00e1t\u00e1sb\u00f3l \u00e9lt, ez\u00e9rt a megbocs\u00e1t\u00e1s embere volt. Ember a jav\u00e1b\u00f3l. Az az ember, aki\u00e9rt Assisi Szent Ferenc dics\u0151\u00edti az \u0151 j\u00f3 Ur\u00e1t, a Legf\u00f6ls\u00e9gesebbet: \u201eDics\u00e9rtess\u00e9l, \u00e9n Uram, azok\u00e9rt, kik megbocs\u00e1tanak a te szerelmed\u00e9rt, \u00e9s elviselnek betegs\u00e9get, zaklat\u00e1st&#8221;<\/p>\n<p>H\u00e1l\u00e1sak vagyunk szeretett b\u00edboros aty\u00e1nk minden l\u00e1togat\u00e1s\u00e1\u00e9rt, im\u00e1j\u00e1\u00e9rt \u00e9s K\u00e1rp\u00e1talja ir\u00e1nt tan\u00fas\u00edtott nagy szeretet\u00e9\u00e9rt.<br \/>Ezen a h\u00e9ten az egyh\u00e1zmegye minden templom\u00e1ban \u00fcnnep\u00e9lyes gy\u00e1szmis\u00e9t tartunk \u0151\u00e9rte.<\/p>\n<p>Isten adja meg neki az \u00f6r\u00f6k boldogs\u00e1g jutalm\u00e1t!<\/p>\n<p style=\"text-align: right;\"><em>Majnek Antal<\/em><br \/><em>megy\u00e9sp\u00fcsp\u00f6k<\/em><\/p>\n<p style=\"text-align: center;\"><strong><em>Paskai L\u00e1szl\u00f3 b\u00edboros atya el\u0151ad\u00e1sa, amelyet 2008. november 30-\u00e1n tartott<br \/>a k\u00e1rp\u00e1taljai misszi\u00f3 kezdeteinek megszervez\u00e9s\u00e9r\u0151l<br \/>a K\u00e1rp\u00e1taljai Ferences Misszi\u00f3 Alap\u00edtv\u00e1ny rendezv\u00e9ny\u00e9n:<br data-mce-bogus=\"1\" \/><\/em><\/strong><\/p>\n<p style=\"text-align: center;\"><em><strong>1. r\u00e9sz<\/strong><br \/>{saudioplayer}paskai1.mp3{\/saudioplayer}<br data-mce-bogus=\"1\" \/><\/em><\/p>\n<p style=\"text-align: center;\"><em><em><strong>2. r\u00e9sz<\/strong><br \/>{saudioplayer}paskai2.mp3{\/saudioplayer}<\/em><\/em><\/p>\n<p style=\"text-align: justify;\"><strong>T\u00f6rt\u00e9nelmi adatok Paskai L\u00e1szl\u00f3 b\u00edboros k\u00e1rp\u00e1taljai l\u00e1togat\u00e1sair\u00f3l<\/strong><\/p>\n<p style=\"text-align: justify;\">1988: a Kijevi Rusz megkeresztelked\u00e9s\u00e9nek ezer \u00e9ves \u00e9vfordul\u00f3ja alkalm\u00e1b\u00f3l az \u00e1llamilag szervezett \u00fcnneps\u00e9gekre sz\u00e1mos k\u00fclf\u00f6ldi f\u0151pap \u00e9rkezett. Paskai L\u00e1szl\u00f3 b\u00edboros a p\u00e1pai deleg\u00e1ci\u00f3 tagjak\u00e9nt volt jelen. Cs\u00e1ti J\u00f3zseffel ekkor tal\u00e1lkozott. Cs\u00e1ti atya megh\u00edvta K\u00e1rp\u00e1talj\u00e1ra a b\u00edborost. A l\u00e1togat\u00e1shoz \u00e1llami j\u00f3v\u00e1hagy\u00e1s kellett.<br \/>1989 tavasz\u00e1n Cs\u00e1ti J\u00f3zsef fogadta dr. Paskai L\u00e1szl\u00f3 esztergomi \u00e9rseket. Ett\u0151l az alkalomt\u00f3l \u00e9rezhet\u0151 pozit\u00edv v\u00e1ltoz\u00e1s \u00e1llt be a K\u00e1rp\u00e1taljai R\u00f3mai Katolikus Egyh\u00e1z \u00e9let\u00e9be. Ezzel kezd\u0151d\u00f6tt el az egyh\u00e1zunk \u00e9let\u00e9ben a tulajdonk\u00e9ppeni \u201erendszerv\u00e1lt\u00e1s&#8221;.<br \/>1989: Kijevi l\u00e1togat\u00e1s Filaret Kijevi \u00e9s Belorusziai Metropolita megh\u00edv\u00e1s\u00e1ra<br \/>m\u00e1jus 25: szentmis\u00e9t mutatott be Ungv\u00e1ron a Szt. Gy\u00f6rgy templomban<br \/>m\u00e1jus 26: szentmise Munk\u00e1cson a Szt. M\u00e1rton templomban. Ekkor 53 szem\u00e9lyt is megb\u00e9rm\u00e1lt<br \/>Mis\u00e9zett Beregsz\u00e1szon. Itt megl\u00e1togatta Forgon P\u00e1l reform\u00e1tus p\u00fcsp\u00f6k\u00f6t is.<br \/>Mis\u00e9zett tov\u00e1bb\u00e1: Huszton, Szolyv\u00e1n, Szeredny\u00e9n<\/p>\n<p>\u201eNem szeretek nagy kijelent\u00e9seket tenni. M\u00e9gis meg merem kock\u00e1ztatni, hogy a k\u00e1rp\u00e1taljai l\u00e1togat\u00e1som t\u00f6rt\u00e9nelmi jelent\u0151s\u00e9g\u0171 volt&#8230;&#8221; \u2013 nyilatkozta a sajt\u00f3nak Paskai L\u00e1szl\u00f3 b\u00edboros 1989. m\u00e1jus 25-\u00e9n Ungv\u00e1ron.<br \/>Tal\u00e1lkozott a h\u00edvekkel a k\u00f6vetkez\u0151 helyeken: Nagysz\u0151l\u0151s, Aknaszlatina, T\u00e9cs\u0151, \u00dajfalu, Mez\u0151kaszony, Fels\u0151-Domonya, Perecseny, Csap, Sz\u00fcrte.<br \/>Enged\u00e9lyt kapott a hat\u00f3s\u00e1gt\u00f3l, hogy megtekintse a bez\u00e1rva tartott templomot Nagysz\u0151l\u0151s\u00f6n \u00e9s Hlubok\u00e1n. Nem n\u00e9zhette meg viszont a t\u00e9gl\u00e1si \u00e9s \u0151rdarmai templomot.<br \/>Paskai l\u00e1togat\u00e1s\u00e1t k\u00f6vet\u0151en enged\u00e9lyezt\u00e9k, hogy \u00f6t magyarorsz\u00e1gi pap kezdje meg misszi\u00f3s munk\u00e1j\u00e1t K\u00e1rp\u00e1talj\u00e1n: Boh\u00e1n B\u00e9la SJ, Di\u00f3ssi Korn\u00e9l OP, Majnek Antal OFM, Radics D\u00e1vid OFM, Zatyk\u00f3 L\u00e1szl\u00f3 OFM.<\/p>\n<p><strong>Tov\u00e1bbi l\u00e1togat\u00e1sai K\u00e1rp\u00e1talj\u00e1n:<\/strong><br \/>1991. okt\u00f3ber 25-\u00e9n Huszton mutatott be szentmis\u00e9t \u00e9s b\u00e9rm\u00e1lt.<br \/>1991. okt\u00f3ber 26-\u00e1n meg\u00e1ldotta a fel\u00faj\u00edtott templomot Nagysz\u0151l\u0151s\u00f6n<br \/>1996. janu\u00e1r 14-\u00e9n Munk\u00e1cson r\u00e9szt vett Majnek Antal p\u00fcsp\u00f6k beiktat\u00e1s\u00e1n<br \/>1998. november 13-\u00e1n Bos\u00e1k N\u00e1ndor p\u00fcsp\u00f6kkel egy\u00fctt \u00e1rv\u00edzi seg\u00e9lyt hozott K\u00e1rp\u00e1talj\u00e1ra<br \/>2003. november 11-\u00e9n Munk\u00e1cson mutatott be b\u00facs\u00fai szentmis\u00e9t<\/p>\n<p>&nbsp;<\/p>\n","protected":false},"excerpt":{"rendered":"<p>A Gondvisel\u00e9s keze vezetett Dr. Paskai L\u00e1szl\u00f3 b\u00edboros els\u0151 k\u00e1rp\u00e1taljai l\u00e1togat\u00e1s\u00e1r\u00f3l \u00e9s annak el\u0151zm\u00e9nyeir\u0151l I. Az els\u0151 l\u00e9p\u00e9s: Moszkva \u00e9s Kijev 2008. november 20-\u00e1n Paskai L\u00e1szl\u00f3 b\u00edboros a K\u00e1rp\u00e1taljai Ferences Misszi\u00f3 Alap\u00edtv\u00e1ny felk\u00e9r\u00e9s\u00e9re el\u0151ad\u00e1st tartott az alap\u00edtv\u00e1ny bar\u00e1tainak 1989-es k\u00e1rp\u00e1taljai l\u00e1togat\u00e1s\u00e1r\u00f3l, valamint annak el\u0151zm\u00e9ny\u00e9r\u0151l, 1988-as moszkvai \u00e9s kijevi \u00fatj\u00e1r\u00f3l is. Mint mondta: eg\u00e9sz id\u0151 alatt [&hellip;]<\/p>\n","protected":false},"author":1,"featured_media":1298,"comment_status":"open","ping_status":"open","sticky":false,"template":"","format":"standard","meta":{"_acf_changed":false,"_et_pb_use_builder":"","_et_pb_old_content":"","_et_gb_content_width":"","footnotes":""},"categories":[10],"tags":[],"class_list":["post-1299","post","type-post","status-publish","format-standard","has-post-thumbnail","hentry","category-aktualis-hirek","et-has-post-format-content","et_post_format-et-post-format-standard"],"acf":[],"_links":{"self":[{"href":"https:\/\/munkacs-diocese.org\/hu\/wp-json\/wp\/v2\/posts\/1299"}],"collection":[{"href":"https:\/\/munkacs-diocese.org\/hu\/wp-json\/wp\/v2\/posts"}],"about":[{"href":"https:\/\/munkacs-diocese.org\/hu\/wp-json\/wp\/v2\/types\/post"}],"author":[{"embeddable":true,"href":"https:\/\/munkacs-diocese.org\/hu\/wp-json\/wp\/v2\/users\/1"}],"replies":[{"embeddable":true,"href":"https:\/\/munkacs-diocese.org\/hu\/wp-json\/wp\/v2\/comments?post=1299"}],"version-history":[{"count":0,"href":"https:\/\/munkacs-diocese.org\/hu\/wp-json\/wp\/v2\/posts\/1299\/revisions"}],"wp:featuredmedia":[{"embeddable":true,"href":"https:\/\/munkacs-diocese.org\/hu\/wp-json\/wp\/v2\/media\/1298"}],"wp:attachment":[{"href":"https:\/\/munkacs-diocese.org\/hu\/wp-json\/wp\/v2\/media?parent=1299"}],"wp:term":[{"taxonomy":"category","embeddable":true,"href":"https:\/\/munkacs-diocese.org\/hu\/wp-json\/wp\/v2\/categories?post=1299"},{"taxonomy":"post_tag","embeddable":true,"href":"https:\/\/munkacs-diocese.org\/hu\/wp-json\/wp\/v2\/tags?post=1299"}],"curies":[{"name":"wp","href":"https:\/\/api.w.org\/{rel}","templated":true}]}}