{"id":12816,"date":"2025-02-18T09:03:41","date_gmt":"2025-02-18T08:03:41","guid":{"rendered":"https:\/\/munkacs-diocese.org\/hu\/?p=12816"},"modified":"2025-02-18T09:08:34","modified_gmt":"2025-02-18T08:08:34","slug":"interjureszlet-olekszander-jazloveckij-kijev-zsitomiri-segedpuspokkel-ne-tekozoljuk-el-a-lehetosegeket-es-minden-lehetseges-modon-igyekezzunk-egyutt-eloltani-a-tuzet","status":"publish","type":"post","link":"https:\/\/munkacs-diocese.org\/hu\/2025\/02\/18\/interjureszlet-olekszander-jazloveckij-kijev-zsitomiri-segedpuspokkel-ne-tekozoljuk-el-a-lehetosegeket-es-minden-lehetseges-modon-igyekezzunk-egyutt-eloltani-a-tuzet\/","title":{"rendered":"Interj\u00far\u00e9szlet Olekszander Jazloveckij kijev-zsitomiri seg\u00e9dp\u00fcsp\u00f6kkel &#8211; \u201eNe t\u00e9kozoljuk el a lehet\u0151s\u00e9geket, \u00e9s minden lehets\u00e9ges m\u00f3don igyekezz\u00fcnk egy\u00fctt eloltani a t\u00fczet.\u201d"},"content":{"rendered":"<div id=\"fb-root\"><\/div>\n<p style=\"text-align: justify;\"><strong>Olekszander Jazloveckij kijev-zsitomiri seg\u00e9dp\u00fcsp\u00f6k, a Caritas-Spes Ucraina eln\u00f6ke besz\u00e9lt az AgenSIR h\u00edr\u00fcgyn\u00f6ks\u00e9gnek az Egyes\u00fclt \u00c1llamok \u00e9s Oroszorsz\u00e1g k\u00f6z\u00f6tt foly\u00f3 t\u00e1rgyal\u00e1sokr\u00f3l, \u00e9s arr\u00f3l, milyen lelki\u00e1llapotban van az ukr\u00e1n n\u00e9p a h\u00e1bor\u00fa kezdet\u00e9nek harmadik \u00e9vfordul\u00f3j\u00e1hoz k\u00f6zeledve.<\/strong><\/p>\n<p style=\"text-align: justify;\"><em>\u2013\u00a0<\/em><img loading=\"lazy\" decoding=\"async\" class=\"size-medium wp-image-12817 alignleft\" src=\"https:\/\/munkacs-diocese.org\/hu\/wp-content\/uploads\/2025\/02\/puspok-300x289.jpg\" alt=\"\" width=\"300\" height=\"289\" srcset=\"https:\/\/munkacs-diocese.org\/hu\/wp-content\/uploads\/2025\/02\/puspok-300x289.jpg 300w, https:\/\/munkacs-diocese.org\/hu\/wp-content\/uploads\/2025\/02\/puspok-768x739.jpg 768w, https:\/\/munkacs-diocese.org\/hu\/wp-content\/uploads\/2025\/02\/puspok.jpg 850w\" sizes=\"(max-width: 300px) 100vw, 300px\" \/><em>Hogy vannak most?<\/em><\/p>\n<p style=\"text-align: justify;\">\u2013 Az \u00e9let megy tov\u00e1bb. Hozz\u00e1szoktunk a bomb\u00e1z\u00e1sokhoz, mert minden \u00e9jjel megsz\u00f3lalnak a szir\u00e9n\u00e1k az eg\u00e9sz orsz\u00e1gban, egyszer, k\u00e9tszer, de ak\u00e1r h\u00e1romszor is egy \u00e9jszaka. Sz\u00e1nd\u00e9kosan csin\u00e1lj\u00e1k, hogy az embereket pszich\u00e9sen kif\u00e1rassz\u00e1k. A dr\u00f3nok az \u00e9p\u00fcletek k\u00f6z\u00f6tt haladnak el, \u00e9s l\u0151nek. Egyik \u00e9jjel filmre vettem egyet a mobiltelefonommal. Rombolnak, aut\u00f3k gyulladnak ki, de az emberek megszokt\u00e1k, \u00e9s m\u00e1r senki sem reag\u00e1l.<\/p>\n<p style=\"text-align: justify;\"><em>\u2013 Hogyan l\u00e1tj\u00e1k Trump nyilatkozatait \u00e9s a Putyinnal folytatott telefonbesz\u00e9lget\u00e9seit? Mit gondolnak az emberek ezekr\u0151l a fejlem\u00e9nyekr\u0151l a nemzetk\u00f6zi diplom\u00e1ci\u00e1ban?<\/em><\/p>\n<p style=\"text-align: justify;\">\u2013 Nek\u00fcnk \u00e1ll a legink\u00e1bb \u00e9rdek\u00fcnkben, hogy ennek a h\u00e1bor\u00fanak v\u00e9ge legyen, m\u00e9ghozz\u00e1 mihamarabb. Egyetlen olyan emberrel sem tal\u00e1lkoztam, legyen az civil vagy katona, aki azt mondan\u00e1, hogy folytatnunk kell. Mindenki rem\u00e9li, \u00e9s im\u00e1dkozik az\u00e9rt, hogy ez a h\u00e1bor\u00fa v\u00e9get \u00e9rjen. De igazs\u00e1gos b\u00e9k\u00e9vel \u00e9rjen v\u00e9get. Itt, Ukrajn\u00e1ban tal\u00e1n mindenki m\u00e1sn\u00e1l nagyobb \u00e9rdekl\u0151d\u00e9ssel k\u00f6vetj\u00fck a h\u00edreket. Minden r\u00e9szletr\u0151l t\u00e1j\u00e9koz\u00f3dunk. Mit mondott az eln\u00f6k\u00fcnk, mit mondott Trump, hogyan \u00e1ll hozz\u00e1 az EU. M\u00e9g a gyerekek is tiszt\u00e1ban vannak a legfrissebb h\u00edrekkel. R\u00e9szben az\u00e9rt, mert a t\u00e9v\u00e9ben hallanak r\u00f3la, r\u00e9szben az\u00e9rt, mert a feln\u0151ttekt\u0151l hallj\u00e1k, az iskol\u00e1ban vagy a csal\u00e1dban. Egyr\u00e9szr\u0151l rem\u00e9nyked\u00fcnk, de f\u00e9l\u00fcnk is, mert azt akarjuk, hogy ez a h\u00e1bor\u00fa ne csak v\u00e9get \u00e9rjen, hanem igazs\u00e1gos b\u00e9k\u00e9vel \u00e9s a j\u00f6v\u0151beni v\u00e9delem garanci\u00e1j\u00e1val \u00e9rjen v\u00e9get. Mert ha magunkra maradunk, hogyan tudunk szemben\u00e9zni egy olyan nagy orsz\u00e1ggal, mint Oroszorsz\u00e1g? Ma reggel hallottuk Trump szavait a Putyinnal folytatott hossz\u00fa telefonbesz\u00e9lget\u00e9se ut\u00e1n, de nem tette egy\u00e9rtelm\u0171v\u00e9, hogy Ukrajna milyen szerepet j\u00e1tszhat a t\u00e1rgyal\u00e1sokon. H\u00e1t ez az, ami aggaszt minket.<\/p>\n<p style=\"text-align: justify;\"><em>\u2013 \u00c9s mit k\u00e9rnek Eur\u00f3p\u00e1t\u00f3l?<\/em><\/p>\n<p style=\"text-align: justify;\">\u2013 Rem\u00e9lj\u00fck, hogy Eur\u00f3pa is r\u00e9szt vesz ebben az ukrajnai b\u00e9kefolyamatban. Az eur\u00f3pai orsz\u00e1gok, amelyek oly sokat seg\u00edtettek nek\u00fcnk, nem maradhatnak ki ezekb\u0151l a folyamatokb\u00f3l, mert \u0151k a sz\u00f6vets\u00e9geseink, a bar\u00e1taink. Kereszt\u00e9nyk\u00e9nt abban rem\u00e9nyked\u00fcnk, hogy Isten igazs\u00e1gos m\u00f3don fogja vezetni ezt a folyamatot.<\/p>\n<p style=\"text-align: justify;\"><em>\u2013 Milyen felh\u00edv\u00e1ssal fordulna a vil\u00e1g vezet\u0151ihez az ukr\u00e1n n\u00e9p nev\u00e9ben?<\/em><\/p>\n<p style=\"text-align: justify;\">\u2013 A felh\u00edv\u00e1som mindig ugyanaz. Azokhoz, akik hisznek Istenben, \u00e9s tudj\u00e1k, hogy minden Istent\u0151l f\u00fcgg, k\u00e9rem, im\u00e1dkozzanak \u00e9rt\u00fcnk. Azoknak, akik valamilyen m\u00f3don befoly\u00e1solni tudj\u00e1k a politikai folyamatokat, akik ismerik a h\u00e1bor\u00fa igazs\u00e1gtalans\u00e1g\u00e1t \u00e9s r\u00e9ms\u00e9g\u00e9t, \u00e9s akiknek megvan az akaratuk, hogy b\u00e9k\u00e9re t\u00f6rekedjenek, azt szeretn\u00e9m mondani, hogy Isten most egy es\u00e9lyt ad nek\u00fcnk. De a lehet\u0151s\u00e9gek nem tartanak \u00f6r\u00f6kk\u00e9, elsz\u00e1llhatnak, m\u00e9g miel\u0151tt cselekedhetn\u00e9nk \u00e9s v\u00e1ltoztathatn\u00e1nk valamit. \u00dagy t\u0171nik, el\u00e9rt\u00fck azt a pontot, amikor Isten es\u00e9lyt ad nek\u00fcnk, hogy v\u00e9get vess\u00fcnk ennek a h\u00e1bor\u00fanak, \u00e9s kioltsuk a t\u00fcz\u00e9t. Ez\u00e9rt azt k\u00e9rem, hogy ne t\u00e9kozoljuk el ezeket a lehet\u0151s\u00e9geket, \u00e9s minden lehets\u00e9ges m\u00f3don igyekezz\u00fcnk egy\u00fctt eloltani ezt a t\u00fczet.<\/p>\n<p style=\"text-align: right;\"><span style=\"font-size: 10pt;\"><em>Forr\u00e1s \u00e9s fot\u00f3: AgenSIR (Magyar Kur\u00edr ford\u00edt\u00e1s\u00e1ban)<\/em><\/span><\/p>\n<p style=\"text-align: right;\"><span style=\"font-size: 10pt;\"><em>Az interj\u00fat M. Chiara Biagioni k\u00e9sz\u00edtette\u00a0<\/em><em>a febru\u00e1r 13-ra virrad\u00f3 \u00e9jszaka folyam\u00e1n v\u00e9grehajtott nagyszab\u00e1s\u00fa orosz t\u00e1mad\u00e1st k\u00f6vet\u0151en<\/em><\/span><\/p>\n","protected":false},"excerpt":{"rendered":"<p>Olekszander Jazloveckij kijev-zsitomiri seg\u00e9dp\u00fcsp\u00f6k, a Caritas-Spes Ucraina eln\u00f6ke besz\u00e9lt az AgenSIR h\u00edr\u00fcgyn\u00f6ks\u00e9gnek az Egyes\u00fclt \u00c1llamok \u00e9s Oroszorsz\u00e1g k\u00f6z\u00f6tt foly\u00f3 t\u00e1rgyal\u00e1sokr\u00f3l, \u00e9s arr\u00f3l, milyen lelki\u00e1llapotban van az ukr\u00e1n n\u00e9p a h\u00e1bor\u00fa kezdet\u00e9nek harmadik \u00e9vfordul\u00f3j\u00e1hoz k\u00f6zeledve. \u2013\u00a0Hogy vannak most? \u2013 Az \u00e9let megy tov\u00e1bb. Hozz\u00e1szoktunk a bomb\u00e1z\u00e1sokhoz, mert minden \u00e9jjel megsz\u00f3lalnak a szir\u00e9n\u00e1k az eg\u00e9sz orsz\u00e1gban, egyszer, [&hellip;]<\/p>\n","protected":false},"author":4,"featured_media":12818,"comment_status":"open","ping_status":"open","sticky":false,"template":"","format":"standard","meta":{"_acf_changed":false,"_et_pb_use_builder":"","_et_pb_old_content":"","_et_gb_content_width":"","footnotes":""},"categories":[10,60],"tags":[],"class_list":["post-12816","post","type-post","status-publish","format-standard","has-post-thumbnail","hentry","category-aktualis-hirek","category-egyeb-egyhazi-hirek","et-has-post-format-content","et_post_format-et-post-format-standard"],"acf":[],"_links":{"self":[{"href":"https:\/\/munkacs-diocese.org\/hu\/wp-json\/wp\/v2\/posts\/12816"}],"collection":[{"href":"https:\/\/munkacs-diocese.org\/hu\/wp-json\/wp\/v2\/posts"}],"about":[{"href":"https:\/\/munkacs-diocese.org\/hu\/wp-json\/wp\/v2\/types\/post"}],"author":[{"embeddable":true,"href":"https:\/\/munkacs-diocese.org\/hu\/wp-json\/wp\/v2\/users\/4"}],"replies":[{"embeddable":true,"href":"https:\/\/munkacs-diocese.org\/hu\/wp-json\/wp\/v2\/comments?post=12816"}],"version-history":[{"count":2,"href":"https:\/\/munkacs-diocese.org\/hu\/wp-json\/wp\/v2\/posts\/12816\/revisions"}],"predecessor-version":[{"id":12820,"href":"https:\/\/munkacs-diocese.org\/hu\/wp-json\/wp\/v2\/posts\/12816\/revisions\/12820"}],"wp:featuredmedia":[{"embeddable":true,"href":"https:\/\/munkacs-diocese.org\/hu\/wp-json\/wp\/v2\/media\/12818"}],"wp:attachment":[{"href":"https:\/\/munkacs-diocese.org\/hu\/wp-json\/wp\/v2\/media?parent=12816"}],"wp:term":[{"taxonomy":"category","embeddable":true,"href":"https:\/\/munkacs-diocese.org\/hu\/wp-json\/wp\/v2\/categories?post=12816"},{"taxonomy":"post_tag","embeddable":true,"href":"https:\/\/munkacs-diocese.org\/hu\/wp-json\/wp\/v2\/tags?post=12816"}],"curies":[{"name":"wp","href":"https:\/\/api.w.org\/{rel}","templated":true}]}}