{"id":12808,"date":"2025-02-17T14:29:36","date_gmt":"2025-02-17T13:29:36","guid":{"rendered":"https:\/\/munkacs-diocese.org\/hu\/?p=12808"},"modified":"2025-02-17T14:29:36","modified_gmt":"2025-02-17T13:29:36","slug":"a-hazassag-hetenek-megunneplese-a-beregszaszi-egyhazkozsegben","status":"publish","type":"post","link":"https:\/\/munkacs-diocese.org\/hu\/2025\/02\/17\/a-hazassag-hetenek-megunneplese-a-beregszaszi-egyhazkozsegben\/","title":{"rendered":"A H\u00e1zass\u00e1g Het\u00e9nek meg\u00fcnnepl\u00e9se a Beregsz\u00e1szi egyh\u00e1zk\u00f6zs\u00e9gben"},"content":{"rendered":"<div id=\"fb-root\"><\/div>\n<p style=\"text-align: justify;\">Febru\u00e1r 9. \u00e9s 16. k\u00f6z\u00f6tt a H\u00e1zass\u00e1g Hete alkalm\u00e1b\u00f3l a h\u00e1zass\u00e1g szents\u00e9g\u00e9t m\u00e9ltatt\u00e1k vil\u00e1gszerte, amib\u0151l a Beregsz\u00e1szi R\u00f3mai Katolikus Egyh\u00e1zk\u00f6zs\u00e9g sem maradt ki. Az idei \u00e9v mott\u00f3ja a Besz\u00e9lgessetek a h\u00e1zass\u00e1gotok\u00e9rt volt, ez\u00e9rt a h\u00e1zasp\u00e1rokat vas\u00e1rnap este vacsor\u00e1val lept\u00e9k meg, mik\u00f6zben lehet\u0151s\u00e9g\u00fck ny\u00edlt a besz\u00e9lget\u00e9sre, a finom \u00e9telek megk\u00f3stol\u00e1s\u00e1ra, a k\u00f6z\u00f6ss\u00e9g \u00e9p\u00edt\u00e9s\u00e9re \u00e9s m\u00e9g egy kis j\u00e1t\u00e9kra is.<\/p>\n<p><img loading=\"lazy\" decoding=\"async\" class=\"alignnone size-full wp-image-12814\" src=\"https:\/\/munkacs-diocese.org\/hu\/wp-content\/uploads\/2025\/02\/hazassag-hete_Beregszasz05.jpg\" alt=\"\" width=\"2048\" height=\"1153\" srcset=\"https:\/\/munkacs-diocese.org\/hu\/wp-content\/uploads\/2025\/02\/hazassag-hete_Beregszasz05.jpg 2048w, https:\/\/munkacs-diocese.org\/hu\/wp-content\/uploads\/2025\/02\/hazassag-hete_Beregszasz05-300x169.jpg 300w, https:\/\/munkacs-diocese.org\/hu\/wp-content\/uploads\/2025\/02\/hazassag-hete_Beregszasz05-1024x577.jpg 1024w, https:\/\/munkacs-diocese.org\/hu\/wp-content\/uploads\/2025\/02\/hazassag-hete_Beregszasz05-768x432.jpg 768w, https:\/\/munkacs-diocese.org\/hu\/wp-content\/uploads\/2025\/02\/hazassag-hete_Beregszasz05-1536x865.jpg 1536w, https:\/\/munkacs-diocese.org\/hu\/wp-content\/uploads\/2025\/02\/hazassag-hete_Beregszasz05-1080x608.jpg 1080w\" sizes=\"(max-width: 2048px) 100vw, 2048px\" \/><\/p>\n<p style=\"text-align: justify;\">A vacsor\u00e1t Moln\u00e1r J\u00e1nos, beregsz\u00e1szi esperes-pl\u00e9b\u00e1nos nyitotta meg k\u00f6sz\u00f6nt\u0151 besz\u00e9d\u00e9vel. \u201eJ\u00e9zus els\u0151 csod\u00e1ja egy menyegz\u0151n t\u00f6rt\u00e9nt. Ez nem v\u00e9letlen, mert k\u00fcl\u00f6n\u00f6sen a mai vil\u00e1gban h\u0171s\u00e9gesen meg\u0151rizni a h\u00e1zass\u00e1g tiszta k\u00f6tel\u00e9k\u00e9t, egy Isteni csoda. Ma, amikor az \u00e9rt\u00e9kek labiliss\u00e1 v\u00e1lnak, amikor divatoss\u00e1 v\u00e1lik, hogy mindent megk\u00e9rd\u0151jeleznek, olyan \u00f6r\u00f6k \u00e9rt\u00e9keket, mint a csal\u00e1d, a h\u00e1zass\u00e1g, akkor nek\u00fcnk szil\u00e1rdan kell \u00e1llnunk k\u00e9t l\u00e1bbal ezekben a k\u00e9rd\u00e9sekben az evang\u00e9lium \u00e9s Krisztus tan\u00edt\u00e1s\u00e1nak a talaj\u00e1n. Nagyon \u00f6r\u00fcl\u00f6k, hogy vannak olyan h\u00e1zasp\u00e1rok, akik a h\u00e1zass\u00e1g het\u00e9ben b\u00e1tran kimondj\u00e1k azt, hogy a h\u00e1zass\u00e1g, a csal\u00e1d int\u00e9zm\u00e9nye az Isten \u00e1ltal akart, az Isten \u00e1ltal l\u00e9trehozott int\u00e9zm\u00e9ny\u201d \u2013 fejtette ki.<\/p>\n<p><img loading=\"lazy\" decoding=\"async\" class=\"alignnone size-full wp-image-12810\" src=\"https:\/\/munkacs-diocese.org\/hu\/wp-content\/uploads\/2025\/02\/hazassag-hete_Beregszasz01.jpg\" alt=\"\" width=\"2048\" height=\"1536\" srcset=\"https:\/\/munkacs-diocese.org\/hu\/wp-content\/uploads\/2025\/02\/hazassag-hete_Beregszasz01.jpg 2048w, https:\/\/munkacs-diocese.org\/hu\/wp-content\/uploads\/2025\/02\/hazassag-hete_Beregszasz01-300x225.jpg 300w, https:\/\/munkacs-diocese.org\/hu\/wp-content\/uploads\/2025\/02\/hazassag-hete_Beregszasz01-1024x768.jpg 1024w, https:\/\/munkacs-diocese.org\/hu\/wp-content\/uploads\/2025\/02\/hazassag-hete_Beregszasz01-768x576.jpg 768w, https:\/\/munkacs-diocese.org\/hu\/wp-content\/uploads\/2025\/02\/hazassag-hete_Beregszasz01-1536x1152.jpg 1536w, https:\/\/munkacs-diocese.org\/hu\/wp-content\/uploads\/2025\/02\/hazassag-hete_Beregszasz01-1080x810.jpg 1080w\" sizes=\"(max-width: 2048px) 100vw, 2048px\" \/><\/p>\n<p style=\"text-align: justify;\">A poh\u00e1rk\u00f6sz\u00f6nt\u0151t Bunda J\u00f3zsef, az egyh\u00e1zk\u00f6zs\u00e9g egyik tagja mondta, aki feles\u00e9g\u00e9vel id\u00e9n \u00fcnneplik 49. h\u00e1zass\u00e1gi \u00e9vfordul\u00f3jukat. Mint rangid\u0151s, tapasztalataib\u00f3l mer\u00edtve elmondta, hogy h\u00e1l\u00e1s a J\u00f3istennek az elm\u00falt k\u00f6zel f\u00e9l \u00e9vsz\u00e1zad minden \u00f6r\u00f6m\u00e9\u00e9rt \u00e9s neh\u00e9zs\u00e9g\u00e9\u00e9rt is. Felh\u00edvta a figyelmet a kereszt elvisel\u00e9s\u00e9nek \u00e9s hordoz\u00e1s\u00e1nak fontoss\u00e1g\u00e1ra a h\u00e1zass\u00e1gban, mert ha megpr\u00f3b\u00e1lunk r\u00f6vid\u00edteni rajta, akkor lehet, hogy egy nagyobb szakad\u00e9kn\u00e1l pont az a lev\u00e1gott r\u00e9sz hi\u00e1nyzik majd ahhoz, hogy \u00e1t\u00e9rj\u00fcnk a t\u00fals\u00f3 partra.<\/p>\n\n\t\t<style type=\"text\/css\">\n\t\t\t#gallery-1 {\n\t\t\t\tmargin: auto;\n\t\t\t}\n\t\t\t#gallery-1 .gallery-item {\n\t\t\t\tfloat: left;\n\t\t\t\tmargin-top: 10px;\n\t\t\t\ttext-align: center;\n\t\t\t\twidth: 50%;\n\t\t\t}\n\t\t\t#gallery-1 img {\n\t\t\t\tborder: 2px solid #cfcfcf;\n\t\t\t}\n\t\t\t#gallery-1 .gallery-caption {\n\t\t\t\tmargin-left: 0;\n\t\t\t}\n\t\t\t\/* see gallery_shortcode() in wp-includes\/media.php *\/\n\t\t<\/style>\n\t\t<div id='gallery-1' class='gallery galleryid-12808 gallery-columns-2 gallery-size-full'><dl class='gallery-item'>\n\t\t\t<dt class='gallery-icon landscape'>\n\t\t\t\t<a href='https:\/\/munkacs-diocese.org\/hu\/2025\/02\/17\/a-hazassag-hetenek-megunneplese-a-beregszaszi-egyhazkozsegben\/hazassag-hete_beregszasz02\/'><img loading=\"lazy\" decoding=\"async\" width=\"2048\" height=\"1536\" src=\"https:\/\/munkacs-diocese.org\/hu\/wp-content\/uploads\/2025\/02\/hazassag-hete_Beregszasz02.jpg\" class=\"attachment-full size-full\" alt=\"\" srcset=\"https:\/\/munkacs-diocese.org\/hu\/wp-content\/uploads\/2025\/02\/hazassag-hete_Beregszasz02.jpg 2048w, https:\/\/munkacs-diocese.org\/hu\/wp-content\/uploads\/2025\/02\/hazassag-hete_Beregszasz02-300x225.jpg 300w, https:\/\/munkacs-diocese.org\/hu\/wp-content\/uploads\/2025\/02\/hazassag-hete_Beregszasz02-1024x768.jpg 1024w, https:\/\/munkacs-diocese.org\/hu\/wp-content\/uploads\/2025\/02\/hazassag-hete_Beregszasz02-768x576.jpg 768w, https:\/\/munkacs-diocese.org\/hu\/wp-content\/uploads\/2025\/02\/hazassag-hete_Beregszasz02-1536x1152.jpg 1536w, https:\/\/munkacs-diocese.org\/hu\/wp-content\/uploads\/2025\/02\/hazassag-hete_Beregszasz02-1080x810.jpg 1080w\" sizes=\"(max-width: 2048px) 100vw, 2048px\" \/><\/a>\n\t\t\t<\/dt><\/dl><dl class='gallery-item'>\n\t\t\t<dt class='gallery-icon landscape'>\n\t\t\t\t<a href='https:\/\/munkacs-diocese.org\/hu\/2025\/02\/17\/a-hazassag-hetenek-megunneplese-a-beregszaszi-egyhazkozsegben\/hazassag-hete_beregszasz03\/'><img loading=\"lazy\" decoding=\"async\" width=\"2048\" height=\"1536\" src=\"https:\/\/munkacs-diocese.org\/hu\/wp-content\/uploads\/2025\/02\/hazassag-hete_Beregszasz03.jpg\" class=\"attachment-full size-full\" alt=\"\" srcset=\"https:\/\/munkacs-diocese.org\/hu\/wp-content\/uploads\/2025\/02\/hazassag-hete_Beregszasz03.jpg 2048w, https:\/\/munkacs-diocese.org\/hu\/wp-content\/uploads\/2025\/02\/hazassag-hete_Beregszasz03-300x225.jpg 300w, https:\/\/munkacs-diocese.org\/hu\/wp-content\/uploads\/2025\/02\/hazassag-hete_Beregszasz03-1024x768.jpg 1024w, https:\/\/munkacs-diocese.org\/hu\/wp-content\/uploads\/2025\/02\/hazassag-hete_Beregszasz03-768x576.jpg 768w, https:\/\/munkacs-diocese.org\/hu\/wp-content\/uploads\/2025\/02\/hazassag-hete_Beregszasz03-1536x1152.jpg 1536w, https:\/\/munkacs-diocese.org\/hu\/wp-content\/uploads\/2025\/02\/hazassag-hete_Beregszasz03-1080x810.jpg 1080w\" sizes=\"(max-width: 2048px) 100vw, 2048px\" \/><\/a>\n\t\t\t<\/dt><\/dl><br style=\"clear: both\" \/>\n\t\t<\/div>\n\n<p style=\"text-align: justify;\">A vacsora mellett fontos pillanata volt az \u00fcnnepnek a h\u00e1zasp\u00e1rok meg\u00e1ld\u00e1s\u00e1ra a templomban, mely a d\u00e9lel\u0151tti szentmise keret\u00e9ben t\u00f6rt\u00e9nt.<\/p>\n<p style=\"text-align: right;\"><span style=\"font-size: 10pt;\"><em>Feh\u00e9r Rita (K\u00e1rp\u00e1talja.ma)<\/em><\/span><\/p>\n","protected":false},"excerpt":{"rendered":"<p>Febru\u00e1r 9. \u00e9s 16. k\u00f6z\u00f6tt a H\u00e1zass\u00e1g Hete alkalm\u00e1b\u00f3l a h\u00e1zass\u00e1g szents\u00e9g\u00e9t m\u00e9ltatt\u00e1k vil\u00e1gszerte, amib\u0151l a Beregsz\u00e1szi R\u00f3mai Katolikus Egyh\u00e1zk\u00f6zs\u00e9g sem maradt ki. Az idei \u00e9v mott\u00f3ja a Besz\u00e9lgessetek a h\u00e1zass\u00e1gotok\u00e9rt volt, ez\u00e9rt a h\u00e1zasp\u00e1rokat vas\u00e1rnap este vacsor\u00e1val lept\u00e9k meg, mik\u00f6zben lehet\u0151s\u00e9g\u00fck ny\u00edlt a besz\u00e9lget\u00e9sre, a finom \u00e9telek megk\u00f3stol\u00e1s\u00e1ra, a k\u00f6z\u00f6ss\u00e9g \u00e9p\u00edt\u00e9s\u00e9re \u00e9s m\u00e9g egy [&hellip;]<\/p>\n","protected":false},"author":4,"featured_media":12809,"comment_status":"open","ping_status":"open","sticky":false,"template":"","format":"standard","meta":{"_acf_changed":false,"_et_pb_use_builder":"","_et_pb_old_content":"","_et_gb_content_width":"","footnotes":""},"categories":[10,59],"tags":[],"class_list":["post-12808","post","type-post","status-publish","format-standard","has-post-thumbnail","hentry","category-aktualis-hirek","category-egyhazmegyenk-hirei","et-has-post-format-content","et_post_format-et-post-format-standard"],"acf":[],"_links":{"self":[{"href":"https:\/\/munkacs-diocese.org\/hu\/wp-json\/wp\/v2\/posts\/12808"}],"collection":[{"href":"https:\/\/munkacs-diocese.org\/hu\/wp-json\/wp\/v2\/posts"}],"about":[{"href":"https:\/\/munkacs-diocese.org\/hu\/wp-json\/wp\/v2\/types\/post"}],"author":[{"embeddable":true,"href":"https:\/\/munkacs-diocese.org\/hu\/wp-json\/wp\/v2\/users\/4"}],"replies":[{"embeddable":true,"href":"https:\/\/munkacs-diocese.org\/hu\/wp-json\/wp\/v2\/comments?post=12808"}],"version-history":[{"count":1,"href":"https:\/\/munkacs-diocese.org\/hu\/wp-json\/wp\/v2\/posts\/12808\/revisions"}],"predecessor-version":[{"id":12815,"href":"https:\/\/munkacs-diocese.org\/hu\/wp-json\/wp\/v2\/posts\/12808\/revisions\/12815"}],"wp:featuredmedia":[{"embeddable":true,"href":"https:\/\/munkacs-diocese.org\/hu\/wp-json\/wp\/v2\/media\/12809"}],"wp:attachment":[{"href":"https:\/\/munkacs-diocese.org\/hu\/wp-json\/wp\/v2\/media?parent=12808"}],"wp:term":[{"taxonomy":"category","embeddable":true,"href":"https:\/\/munkacs-diocese.org\/hu\/wp-json\/wp\/v2\/categories?post=12808"},{"taxonomy":"post_tag","embeddable":true,"href":"https:\/\/munkacs-diocese.org\/hu\/wp-json\/wp\/v2\/tags?post=12808"}],"curies":[{"name":"wp","href":"https:\/\/api.w.org\/{rel}","templated":true}]}}