{"id":12699,"date":"2025-01-24T09:15:38","date_gmt":"2025-01-24T08:15:38","guid":{"rendered":"https:\/\/munkacs-diocese.org\/hu\/?p=12699"},"modified":"2025-01-24T09:15:38","modified_gmt":"2025-01-24T08:15:38","slug":"nok-szamara-szerveztek-lelkigyakorlatot-szinyakon","status":"publish","type":"post","link":"https:\/\/munkacs-diocese.org\/hu\/2025\/01\/24\/nok-szamara-szerveztek-lelkigyakorlatot-szinyakon\/","title":{"rendered":"N\u0151k sz\u00e1m\u00e1ra szerveztek lelkigyakorlatot Sziny\u00e1kon"},"content":{"rendered":"<div id=\"fb-root\"><\/div>\n<p style=\"text-align: center;\"><strong>Az \u00f3kori Rut \u00e9s a modern n\u0151<\/strong><\/p>\n<p style=\"text-align: justify;\"><strong>\u00a0<\/strong>\u201eKi vagy? A szolg\u00e1l\u00f3d vagyok, Rut\u201d (Rut 3,9) Ezen a h\u00e9tv\u00e9g\u00e9n a Sziny\u00e1kon megszervezett h\u00e1romnapos lelkigyakorlat alatt a Munk\u00e1csi egyh\u00e1zmegye n\u0151i tagjai sz\u00edv\u00e9ben az \u00f3kori k\u00f6nyv t\u00f6rt\u00e9nete kelt \u00e9letre. A t\u00f6rt\u00e9net \u201emegalkot\u00f3i\u201d a Szent J\u00f3zsef n\u0151v\u00e9rek rendj\u00e9b\u0151l val\u00f3 Timursina Krisztina n\u0151v\u00e9r, valamint Fizer Jevhen atya voltak.<\/p>\n<p style=\"text-align: justify;\">A lelkigyakorlaton 48 k\u00fcl\u00f6nb\u00f6z\u0151 koroszt\u00e1lyhoz tartoz\u00f3 n\u0151 vett r\u00e9szt, akik Munk\u00e1csr\u00f3l, Ungv\u00e1rr\u00f3l, Szolyv\u00e1r\u00f3l, T\u00e9cs\u0151r\u0151l, K\u00f6lcs\u00e9nyb\u0151l (Frigyesfalv\u00e1r\u00f3l) \u00e9rkeztek. A lelki h\u00e1tteret meger\u0151s\u00edt\u0151 szentmis\u00e9ket \u00e9s a szentgy\u00f3n\u00e1s szents\u00e9g\u00e9t Fizer Jevhen \u00e9s Holotyuk Jurij, munk\u00e1csi k\u00e1pl\u00e1nok, Gerz\u00e1nics Szerhij, irodaigazgat\u00f3, valamint a vas\u00e1rnap csatlakoz\u00f3 Nov\u00e1k Vitalij CM k\u00e1pl\u00e1n aty\u00e1k biztos\u00edtott\u00e1k.<\/p>\n<p style=\"text-align: justify;\">Az el\u0151ad\u00e1sok, elm\u00e9lked\u00e9sek, im\u00e1k, szents\u00e9gim\u00e1d\u00e1sok alatt Isten k\u00fcl\u00f6nb\u00f6z\u0151 \u00e9s m\u00f3don sz\u00f3l\u00edtotta meg a sz\u00edveket.<\/p>\n<p style=\"text-align: justify;\">Krisztina n\u0151v\u00e9r Rut k\u00f6nyv\u00e9t magyar\u00e1zva n\u00e9gy el\u0151ad\u00e1son \u00e1t m\u00e9ly\u00edtette el Isten szav\u00e1t a r\u00e9sztvev\u0151k sz\u00edv\u00e9ben. Emellett \u00e9rdekes t\u00f6rt\u00e9neteket osztott meg a n\u0151v\u00e9rek mindennapjaib\u00f3l mer\u00edtve. A kialakult testv\u00e9ri l\u00e9gk\u00f6r \u00e9s a dics\u0151\u00edt\u0151 im\u00e1k seg\u00edtett\u00e9k, hogy a sz\u00edvek megny\u00edljanak. Az elm\u00e9ly\u00fcl\u00e9s k\u00fcl\u00f6nleges m\u00f3dja, a fest\u00e9ssel egybek\u00f6t\u00f6tt elm\u00e9lked\u00e9s sokakat meg\u00e9rintett. A testet t\u00e1pl\u00e1l\u00f3 finoms\u00e1gok is nagy aj\u00e1nd\u00e9k volt a r\u00e9sztvev\u0151k sz\u00e1m\u00e1ra.<\/p>\n\n\t\t<style type=\"text\/css\">\n\t\t\t#gallery-1 {\n\t\t\t\tmargin: auto;\n\t\t\t}\n\t\t\t#gallery-1 .gallery-item {\n\t\t\t\tfloat: left;\n\t\t\t\tmargin-top: 10px;\n\t\t\t\ttext-align: center;\n\t\t\t\twidth: 33%;\n\t\t\t}\n\t\t\t#gallery-1 img {\n\t\t\t\tborder: 2px solid #cfcfcf;\n\t\t\t}\n\t\t\t#gallery-1 .gallery-caption {\n\t\t\t\tmargin-left: 0;\n\t\t\t}\n\t\t\t\/* see gallery_shortcode() in wp-includes\/media.php *\/\n\t\t<\/style>\n\t\t<div id='gallery-1' class='gallery galleryid-12699 gallery-columns-3 gallery-size-full'><dl class='gallery-item'>\n\t\t\t<dt class='gallery-icon landscape'>\n\t\t\t\t<a href='https:\/\/munkacs-diocese.org\/hu\/2025\/01\/24\/nok-szamara-szerveztek-lelkigyakorlatot-szinyakon\/lelkigyakorlat-noknek03\/'><img loading=\"lazy\" decoding=\"async\" width=\"2048\" height=\"1536\" src=\"https:\/\/munkacs-diocese.org\/hu\/wp-content\/uploads\/2025\/01\/lelkigyakorlat-noknek03.jpg\" class=\"attachment-full size-full\" alt=\"\" srcset=\"https:\/\/munkacs-diocese.org\/hu\/wp-content\/uploads\/2025\/01\/lelkigyakorlat-noknek03.jpg 2048w, https:\/\/munkacs-diocese.org\/hu\/wp-content\/uploads\/2025\/01\/lelkigyakorlat-noknek03-300x225.jpg 300w, https:\/\/munkacs-diocese.org\/hu\/wp-content\/uploads\/2025\/01\/lelkigyakorlat-noknek03-1024x768.jpg 1024w, https:\/\/munkacs-diocese.org\/hu\/wp-content\/uploads\/2025\/01\/lelkigyakorlat-noknek03-768x576.jpg 768w, https:\/\/munkacs-diocese.org\/hu\/wp-content\/uploads\/2025\/01\/lelkigyakorlat-noknek03-1536x1152.jpg 1536w, https:\/\/munkacs-diocese.org\/hu\/wp-content\/uploads\/2025\/01\/lelkigyakorlat-noknek03-1080x810.jpg 1080w\" sizes=\"(max-width: 2048px) 100vw, 2048px\" \/><\/a>\n\t\t\t<\/dt><\/dl><dl class='gallery-item'>\n\t\t\t<dt class='gallery-icon landscape'>\n\t\t\t\t<a href='https:\/\/munkacs-diocese.org\/hu\/2025\/01\/24\/nok-szamara-szerveztek-lelkigyakorlatot-szinyakon\/lelkigyakorlat-noknek02\/'><img loading=\"lazy\" decoding=\"async\" width=\"1600\" height=\"1200\" src=\"https:\/\/munkacs-diocese.org\/hu\/wp-content\/uploads\/2025\/01\/lelkigyakorlat-noknek02.jpg\" class=\"attachment-full size-full\" alt=\"\" srcset=\"https:\/\/munkacs-diocese.org\/hu\/wp-content\/uploads\/2025\/01\/lelkigyakorlat-noknek02.jpg 1600w, https:\/\/munkacs-diocese.org\/hu\/wp-content\/uploads\/2025\/01\/lelkigyakorlat-noknek02-300x225.jpg 300w, https:\/\/munkacs-diocese.org\/hu\/wp-content\/uploads\/2025\/01\/lelkigyakorlat-noknek02-1024x768.jpg 1024w, https:\/\/munkacs-diocese.org\/hu\/wp-content\/uploads\/2025\/01\/lelkigyakorlat-noknek02-768x576.jpg 768w, https:\/\/munkacs-diocese.org\/hu\/wp-content\/uploads\/2025\/01\/lelkigyakorlat-noknek02-1536x1152.jpg 1536w, https:\/\/munkacs-diocese.org\/hu\/wp-content\/uploads\/2025\/01\/lelkigyakorlat-noknek02-1080x810.jpg 1080w\" sizes=\"(max-width: 1600px) 100vw, 1600px\" \/><\/a>\n\t\t\t<\/dt><\/dl><dl class='gallery-item'>\n\t\t\t<dt class='gallery-icon landscape'>\n\t\t\t\t<a href='https:\/\/munkacs-diocese.org\/hu\/2025\/01\/24\/nok-szamara-szerveztek-lelkigyakorlatot-szinyakon\/lelkigyakorlat-noknek04\/'><img loading=\"lazy\" decoding=\"async\" width=\"2048\" height=\"1536\" src=\"https:\/\/munkacs-diocese.org\/hu\/wp-content\/uploads\/2025\/01\/lelkigyakorlat-noknek04.jpg\" class=\"attachment-full size-full\" alt=\"\" srcset=\"https:\/\/munkacs-diocese.org\/hu\/wp-content\/uploads\/2025\/01\/lelkigyakorlat-noknek04.jpg 2048w, https:\/\/munkacs-diocese.org\/hu\/wp-content\/uploads\/2025\/01\/lelkigyakorlat-noknek04-300x225.jpg 300w, https:\/\/munkacs-diocese.org\/hu\/wp-content\/uploads\/2025\/01\/lelkigyakorlat-noknek04-1024x768.jpg 1024w, https:\/\/munkacs-diocese.org\/hu\/wp-content\/uploads\/2025\/01\/lelkigyakorlat-noknek04-768x576.jpg 768w, https:\/\/munkacs-diocese.org\/hu\/wp-content\/uploads\/2025\/01\/lelkigyakorlat-noknek04-1536x1152.jpg 1536w, https:\/\/munkacs-diocese.org\/hu\/wp-content\/uploads\/2025\/01\/lelkigyakorlat-noknek04-1080x810.jpg 1080w\" sizes=\"(max-width: 2048px) 100vw, 2048px\" \/><\/a>\n\t\t\t<\/dt><\/dl><br style=\"clear: both\" \/>\n\t\t<\/div>\n\n<p style=\"text-align: justify;\">Az egy\u00fctt t\u00f6lt\u00f6tt id\u0151 alatt mindenki megtapasztalhatta, hogy milyen val\u00f3j\u00e1ban. Felismerhette gyenges\u00e9geit, az \u00f6nmag\u00e1r\u00f3l sz\u00f3l\u00f3 igazs\u00e1got. A k\u00f6nnyek \u00e9s a s\u00f6t\u00e9ts\u00e9g ter\u00e9be behatolt a F\u00e9ny, bel\u00e9pett Isten \u00e9s azt mondta: \u201eSz\u00e9p vagy\u201d. Olyan szavak ezek, melyre az eg\u00e9sz vil\u00e1g szomjazik manaps\u00e1g, k\u00fcl\u00f6n\u00f6sen a n\u0151i sz\u00edvek.<\/p>\n<p style=\"text-align: justify;\">A kiscsoportokban t\u00f6rt\u00e9n\u0151 megoszt\u00e1s lehet\u0151s\u00e9get adott arra, hogy a r\u00e9sztvev\u0151k megnyiss\u00e1k sz\u00edv\u00fcket \u00e9s megossz\u00e1k m\u00e9ly f\u00e1jdalmaikat is.<\/p>\n<p style=\"text-align: justify;\">A napi evang\u00e9liumok \u2013 mint Istent\u0151l kapott jel \u2013 k\u00fcl\u00f6n\u00f6s m\u00f3don kapcsol\u00f3dtak a lelkigyakorlat el\u0151ad\u00e1saiban hallott t\u00e9m\u00e1val. Mintha az \u00dar eml\u00e9keztetett volna arra, amit hallottak \u00e9s m\u00e9g egyszer elmondta, hogy mennyire szeret mindenkit.<\/p>\n<p style=\"text-align: justify;\">\u00c9lm\u00e9nyekkel teli, felejthetetlen napok voltak, szeretet tartalommal megt\u00f6lt\u00f6tt id\u0151, melyben helyet kapott a nevet\u00e9s, a bar\u00e1ti \u00f6lel\u00e9s \u00e9s mosoly, a kiny\u00fajtott kar is, s melyek sok\u00e1ig megmaradnak a r\u00e9sztvev\u0151k eml\u00e9keiben.<\/p>\n<p style=\"text-align: right;\"><span style=\"font-size: 10pt;\"><em>Juricsko Irina \u00edr\u00e1sa alapj\u00e1n<\/em><\/span><\/p>\n<p style=\"text-align: right;\"><span style=\"font-size: 10pt;\"><em>Fot\u00f3k: Fizer Jevhen atya<\/em><\/span><\/p>\n","protected":false},"excerpt":{"rendered":"<p>Az \u00f3kori Rut \u00e9s a modern n\u0151 \u00a0\u201eKi vagy? A szolg\u00e1l\u00f3d vagyok, Rut\u201d (Rut 3,9) Ezen a h\u00e9tv\u00e9g\u00e9n a Sziny\u00e1kon megszervezett h\u00e1romnapos lelkigyakorlat alatt a Munk\u00e1csi egyh\u00e1zmegye n\u0151i tagjai sz\u00edv\u00e9ben az \u00f3kori k\u00f6nyv t\u00f6rt\u00e9nete kelt \u00e9letre. A t\u00f6rt\u00e9net \u201emegalkot\u00f3i\u201d a Szent J\u00f3zsef n\u0151v\u00e9rek rendj\u00e9b\u0151l val\u00f3 Timursina Krisztina n\u0151v\u00e9r, valamint Fizer Jevhen atya voltak. A lelkigyakorlaton [&hellip;]<\/p>\n","protected":false},"author":4,"featured_media":12700,"comment_status":"open","ping_status":"open","sticky":false,"template":"","format":"standard","meta":{"_acf_changed":false,"_et_pb_use_builder":"","_et_pb_old_content":"","_et_gb_content_width":"","footnotes":""},"categories":[10,59],"tags":[],"class_list":["post-12699","post","type-post","status-publish","format-standard","has-post-thumbnail","hentry","category-aktualis-hirek","category-egyhazmegyenk-hirei","et-has-post-format-content","et_post_format-et-post-format-standard"],"acf":[],"_links":{"self":[{"href":"https:\/\/munkacs-diocese.org\/hu\/wp-json\/wp\/v2\/posts\/12699"}],"collection":[{"href":"https:\/\/munkacs-diocese.org\/hu\/wp-json\/wp\/v2\/posts"}],"about":[{"href":"https:\/\/munkacs-diocese.org\/hu\/wp-json\/wp\/v2\/types\/post"}],"author":[{"embeddable":true,"href":"https:\/\/munkacs-diocese.org\/hu\/wp-json\/wp\/v2\/users\/4"}],"replies":[{"embeddable":true,"href":"https:\/\/munkacs-diocese.org\/hu\/wp-json\/wp\/v2\/comments?post=12699"}],"version-history":[{"count":2,"href":"https:\/\/munkacs-diocese.org\/hu\/wp-json\/wp\/v2\/posts\/12699\/revisions"}],"predecessor-version":[{"id":12705,"href":"https:\/\/munkacs-diocese.org\/hu\/wp-json\/wp\/v2\/posts\/12699\/revisions\/12705"}],"wp:featuredmedia":[{"embeddable":true,"href":"https:\/\/munkacs-diocese.org\/hu\/wp-json\/wp\/v2\/media\/12700"}],"wp:attachment":[{"href":"https:\/\/munkacs-diocese.org\/hu\/wp-json\/wp\/v2\/media?parent=12699"}],"wp:term":[{"taxonomy":"category","embeddable":true,"href":"https:\/\/munkacs-diocese.org\/hu\/wp-json\/wp\/v2\/categories?post=12699"},{"taxonomy":"post_tag","embeddable":true,"href":"https:\/\/munkacs-diocese.org\/hu\/wp-json\/wp\/v2\/tags?post=12699"}],"curies":[{"name":"wp","href":"https:\/\/api.w.org\/{rel}","templated":true}]}}