{"id":12519,"date":"2024-11-18T12:57:13","date_gmt":"2024-11-18T11:57:13","guid":{"rendered":"https:\/\/munkacs-diocese.org\/hu\/?p=12519"},"modified":"2024-11-18T12:57:13","modified_gmt":"2024-11-18T11:57:13","slug":"az-ukran-puspoki-konferencia-bernacki-puspok-temetesi-szertartasara-vonatkozo-kozlemenye","status":"publish","type":"post","link":"https:\/\/munkacs-diocese.org\/hu\/2024\/11\/18\/az-ukran-puspoki-konferencia-bernacki-puspok-temetesi-szertartasara-vonatkozo-kozlemenye\/","title":{"rendered":"Az Ukr\u00e1n P\u00fcsp\u00f6ki Konferencia Bernacki p\u00fcsp\u00f6k temet\u00e9si szertart\u00e1s\u00e1ra vonatkoz\u00f3 k\u00f6zlem\u00e9nye"},"content":{"rendered":"<div id=\"fb-root\"><\/div>\n<p><strong>Vitalij Szkomarovszkij, Ukrajna R\u00f3mai Katolikus P\u00fcsp\u00f6ki Konferenci\u00e1j\u00e1nak eln\u00f6ke Bronis\u0142aw Bernacki p\u00fcsp\u00f6k temet\u00e9si szertart\u00e1s\u00e1ra vonatkoz\u00f3 k\u00f6zlem\u00e9ny\u00e9t adott ki.<\/strong><\/p>\n<p>M\u00e9ly f\u00e1jdalommal \u00e9s a kereszt\u00e9ny hitbe vetett bizalommal adjuk h\u00edr\u00fcl, hogy Bronis\u0142aw Bernacki, az Odessza-Szimferopoli Egyh\u00e1zmegye nyugalmazott p\u00fcsp\u00f6ke 2024. november 12-\u00e9n 11 \u00f3rakor a vinnicjai k\u00f3rh\u00e1zban visszaadta lelk\u00e9t a Mennyei Aty\u00e1nak.<\/p>\n<p>1944. szeptember 30-\u00e1n sz\u00fcletett a Vinnicja megyei Murafa telep\u00fcl\u00e9sen. 1966 \u00e9s 1972 k\u00f6z\u00f6tt a Rigai Szemin\u00e1riumban v\u00e9gezte tanulm\u00e1nyait. 1972. m\u00e1jus 28-\u00e1n Juli\u00e1n Vajvodsz szentelte papp\u00e1 Rig\u00e1ban. Szentel\u00e9se ut\u00e1n B\u00e1r v\u00e1rosban \u00e9s a szomsz\u00e9dos pl\u00e9b\u00e1ni\u00e1kon szolg\u00e1lt. 1995-t\u0151l sz\u00fcl\u0151faluj\u00e1nak pl\u00e9b\u00e1nosa \u00e9s a Kamjanec-Podilszkij Egyh\u00e1zmegye \u00e1ltal\u00e1nos helyn\u00f6ke volt.<\/p>\n<p>2002. m\u00e1jus 4-\u00e9n a Szentsz\u00e9k megalap\u00edtotta az Odesszai- Szimferopoli Egyh\u00e1zmegy\u00e9t, mely az Odessza, Mikol\u00e1jiv, Herszon, Kirovogr\u00e1d megy\u00e9ket \u00e9s a Kr\u00edm-f\u00e9lszigetet foglalja mag\u00e1ba. Bronis\u0142aw Bernacki aty\u00e1t nevezt\u00e9k ki az \u00fajonnan megalakult egyh\u00e1zmegye \u00e9l\u00e9re.<\/p>\n<p>2002. j\u00falius 4-\u00e9n szentelt\u00e9k p\u00fcsp\u00f6kk\u00e9 Kamjanec-Podilskban. Az \u00fcnnep\u00e9lyes beiktat\u00e1s\u00e1ra 2002. j\u00falius 13-\u00e1n ker\u00fclt sor az odesszai sz\u00e9kesegyh\u00e1zban. P\u00fcsp\u00f6ki jelmondata: \u201eM\u00e1ria \u00e1ltal J\u00e9zushoz\u201d.<\/p>\n<p style=\"text-align: justify;\">Bronis\u0142aw Bernacki p\u00fcsp\u00f6k az Ukrajnai R\u00f3mai Katolikus P\u00fcsp\u00f6ki Konferencia tagjak\u00e9nt a h\u00edvek \u00fcgyei\u00e9rt felel\u0151s bizotts\u00e1got ir\u00e1ny\u00edtotta, 2018-2020-ig a Konferencia eln\u00f6ke volt.<\/p>\n<p>2020. febru\u00e1r 18-\u00e1n Ferenc p\u00e1pa elfogadta lemond\u00e1s\u00e1t, miut\u00e1n az Odesszai-Szimferopoli Egyh\u00e1zmegye \u00e9l\u00e9re Sztaniszl\u00e1v Sirokoradjuk OFM ker\u00fclt.<\/p>\n<p>2020. febru\u00e1r 18-t\u00f3l 2024. november 12-ig Bronis\u0142aw Bernacki nyugalmazott p\u00fcsp\u00f6k sz\u00fcl\u0151faluj\u00e1ban, a Vinnicja megy\u00e9ben tal\u00e1lhat\u00f3 Murafa telep\u00fcl\u00e9sen \u00e9lt \u00e9s a helyi pl\u00e9b\u00e1ni\u00e1n szolg\u00e1lt.<\/p>\n<p style=\"text-align: justify;\">Bronis\u0142aw Bernacki p\u00fcsp\u00f6k temet\u00e9si szertart\u00e1s\u00e1nak menete a k\u00f6vetkez\u0151:<\/p>\n<p style=\"text-align: justify;\">&#8211; november 15-\u00e9n, p\u00e9nteken d\u00e9lut\u00e1n a temet\u00e9si menet az odesszai sz\u00e9kesegyh\u00e1zhoz \u00e9rkezik;<\/p>\n<p style=\"text-align: justify;\">&#8211; november 16-\u00e1n, szombaton 9 \u00f3rakor Sztaniszl\u00e1v Sirikoradjuk p\u00fcsp\u00f6k szentmis\u00e9t mutat be az Odesszai-Szimferopoli Egyh\u00e1zmegye papjaival \u00e9s szerzeteseivel egy\u00fctt;<\/p>\n<p style=\"text-align: justify;\">&#8211; szombaton este a temet\u00e9si menet a Vinnicja megyei B\u00e1r v\u00e1ros\u00e1ban tal\u00e1lhat\u00f3 Szent Anna-templomhoz \u00e9rkezik, melynek oldalk\u00e1poln\u00e1j\u00e1ban ravatalozz\u00e1k fel az elhunytat, ahol h\u00e9tf\u0151ig marad;<\/p>\n<p style=\"text-align: justify;\">&#8211; november 17-\u00e9n, vas\u00e1rnap 14 \u00f3rakor Leon Dubr\u00e1vszkij p\u00fcsp\u00f6k mutat be szentmis\u00e9t B\u00e1r v\u00e1ros \u00e9s k\u00f6rny\u00e9ke h\u00edveinek jelenl\u00e9t\u00e9ben. A szertart\u00e1son m\u00e1s felekezetek k\u00e9pvisel\u0151i is r\u00e9szt vesznek;<\/p>\n<p style=\"text-align: justify;\">&#8211; november 18-\u00e1n, h\u00e9tf\u0151n, a temet\u00e9si menet Muraf\u00e1ra, a Szepl\u0151telen Fogantat\u00e1s templomhoz \u00e9rkezik;<\/p>\n<p style=\"text-align: justify;\">&#8211; november 19-\u00e9n, kedden 10 \u00f3rakor Muraf\u00e1n Visvaldas Kulbokas \u00e9rsek mutat be szentmis\u00e9t az Ukrajnai P\u00fcsp\u00f6ki Konferencia tagjainak r\u00e9szv\u00e9tel\u00e9vel.<\/p>\n<p style=\"text-align: justify;\">Ezut\u00e1n a temet\u00e9si menet a murafai helyi temet\u0151be k\u00eds\u00e9ri az elhunytat, ahol a v\u00e9grendelete szerint \u00f6r\u00f6k nyugalomra helyezik a p\u00fcsp\u00f6k\u00f6t.<\/p>\n<p style=\"text-align: justify;\">\u201eAdj, Urunk, \u00f6r\u00f6k nyugodalmat neki, \u00e9s az \u00d6r\u00f6k Vil\u00e1goss\u00e1g f\u00e9nyeskedj\u00e9k neki!\u201d<\/p>\n<p>&nbsp;<\/p>\n<p>+ Vitalij Szkomarovszkij<\/p>\n<p>Az Ukrajnai R\u00f3mai Katolikus P\u00fcsp\u00f6ki Konferencia eln\u00f6ke<\/p>\n","protected":false},"excerpt":{"rendered":"<p>Vitalij Szkomarovszkij, Ukrajna R\u00f3mai Katolikus P\u00fcsp\u00f6ki Konferenci\u00e1j\u00e1nak eln\u00f6ke Bronis\u0142aw Bernacki p\u00fcsp\u00f6k temet\u00e9si szertart\u00e1s\u00e1ra vonatkoz\u00f3 k\u00f6zlem\u00e9ny\u00e9t adott ki. M\u00e9ly f\u00e1jdalommal \u00e9s a kereszt\u00e9ny hitbe vetett bizalommal adjuk h\u00edr\u00fcl, hogy Bronis\u0142aw Bernacki, az Odessza-Szimferopoli Egyh\u00e1zmegye nyugalmazott p\u00fcsp\u00f6ke 2024. november 12-\u00e9n 11 \u00f3rakor a vinnicjai k\u00f3rh\u00e1zban visszaadta lelk\u00e9t a Mennyei Aty\u00e1nak. 1944. szeptember 30-\u00e1n sz\u00fcletett a Vinnicja megyei [&hellip;]<\/p>\n","protected":false},"author":4,"featured_media":12520,"comment_status":"open","ping_status":"open","sticky":false,"template":"","format":"standard","meta":{"_acf_changed":false,"_et_pb_use_builder":"","_et_pb_old_content":"","_et_gb_content_width":"","footnotes":""},"categories":[10,60],"tags":[],"class_list":["post-12519","post","type-post","status-publish","format-standard","has-post-thumbnail","hentry","category-aktualis-hirek","category-egyeb-egyhazi-hirek","et-has-post-format-content","et_post_format-et-post-format-standard"],"acf":[],"_links":{"self":[{"href":"https:\/\/munkacs-diocese.org\/hu\/wp-json\/wp\/v2\/posts\/12519"}],"collection":[{"href":"https:\/\/munkacs-diocese.org\/hu\/wp-json\/wp\/v2\/posts"}],"about":[{"href":"https:\/\/munkacs-diocese.org\/hu\/wp-json\/wp\/v2\/types\/post"}],"author":[{"embeddable":true,"href":"https:\/\/munkacs-diocese.org\/hu\/wp-json\/wp\/v2\/users\/4"}],"replies":[{"embeddable":true,"href":"https:\/\/munkacs-diocese.org\/hu\/wp-json\/wp\/v2\/comments?post=12519"}],"version-history":[{"count":2,"href":"https:\/\/munkacs-diocese.org\/hu\/wp-json\/wp\/v2\/posts\/12519\/revisions"}],"predecessor-version":[{"id":12522,"href":"https:\/\/munkacs-diocese.org\/hu\/wp-json\/wp\/v2\/posts\/12519\/revisions\/12522"}],"wp:featuredmedia":[{"embeddable":true,"href":"https:\/\/munkacs-diocese.org\/hu\/wp-json\/wp\/v2\/media\/12520"}],"wp:attachment":[{"href":"https:\/\/munkacs-diocese.org\/hu\/wp-json\/wp\/v2\/media?parent=12519"}],"wp:term":[{"taxonomy":"category","embeddable":true,"href":"https:\/\/munkacs-diocese.org\/hu\/wp-json\/wp\/v2\/categories?post=12519"},{"taxonomy":"post_tag","embeddable":true,"href":"https:\/\/munkacs-diocese.org\/hu\/wp-json\/wp\/v2\/tags?post=12519"}],"curies":[{"name":"wp","href":"https:\/\/api.w.org\/{rel}","templated":true}]}}