{"id":12344,"date":"2024-09-24T11:19:06","date_gmt":"2024-09-24T09:19:06","guid":{"rendered":"https:\/\/munkacs-diocese.org\/hu\/?p=12344"},"modified":"2024-09-24T11:25:06","modified_gmt":"2024-09-24T09:25:06","slug":"ministrans-avatas-a-munkacsi-szekesegyhazban","status":"publish","type":"post","link":"https:\/\/munkacs-diocese.org\/hu\/2024\/09\/24\/ministrans-avatas-a-munkacsi-szekesegyhazban\/","title":{"rendered":"Ministr\u00e1ns avat\u00e1s a Munk\u00e1csi sz\u00e9kesegyh\u00e1zban"},"content":{"rendered":"<div id=\"fb-root\"><\/div>\n<p style=\"text-align: justify;\"><strong>Szeptember 22-\u00e9n, vas\u00e1rnap, a Munk\u00e1csi sz\u00e9kesegyh\u00e1zban, a magyar nyelv\u0171 szentmis\u00e9n \u00fcnnep\u00e9lyes keretek k\u00f6z\u00f6tt n\u00e9gy \u00faj ministr\u00e1ns fi\u00fat avattak fel. <\/strong><\/p>\n<p style=\"text-align: justify;\">A ministr\u00e1ns sz\u00f3 a latin ministrare, vagyis \u201eszolg\u00e1lni\u201d sz\u00f3b\u00f3l ered. A ministr\u00e1l\u00e1s teh\u00e1t szolg\u00e1lat, seg\u00e9dkez\u00e9s. A pap mellett kisebb szolg\u00e1latokat v\u00e9geznek a mise, a szents\u00e9gek kiszolg\u00e1ltat\u00e1sa \u00e9s egy\u00e9b szertart\u00e1sok sor\u00e1n. A ministr\u00e1ns avat\u00e1s egy nagyon sz\u00e9p szertart\u00e1s, melynek keret\u00e9ben az arra felk\u00e9sz\u00fcltek a k\u00f6z\u00f6ss\u00e9g el\u0151tt \u00fcnnep\u00e9lyes \u00edg\u00e9retet tesznek \u00e9s be\u00f6lt\u00f6znek az olt\u00e1rszolg\u00e1latra.<\/p>\n<p style=\"text-align: justify;\">A n\u00e9gy kis ministr\u00e1ns \u00e9letkoruknak megfelel\u0151en nagyon komolyan vette a felk\u00e9sz\u00fcl\u00e9st, \u00e9s \u00f6r\u00f6mmel p\u00e1rosult megillet\u0151d\u00e9ssel vettek r\u00e9szt a felavat\u00f3 szentmis\u00e9n, melyen sz\u00fcleik \u00e9s az eg\u00e9sz kereszt\u00e9ny k\u00f6z\u00f6ss\u00e9g el\u0151tt v\u00e1llalt\u00e1k a szolg\u00e1latot.<\/p>\n<p style=\"text-align: justify;\">A szentmis\u00e9n sok gyermek vett r\u00e9szt, hiszen ez egyben az \u0151 di\u00e1kmis\u00e9j\u00fck is volt. Szeptember 8-\u00e1n tartott\u00e1k meg az \u00fcnnep\u00e9lyes \u201eVeni Sancte\u201d mis\u00e9t, melyen \u0151k is r\u00e9szt v\u00e1llaltak az \u00e9nek\u00fckkel, k\u00f6ny\u00f6rg\u00e9seikkel \u00e9s az adom\u00e1nyok felhozatal\u00e1val. K\u00e9t h\u00e9tre r\u00e1, a ministr\u00e1ns avat\u00e1ssal egybek\u00f6t\u00f6tt szentmis\u00e9n pedig mindny\u00e1jan tan\u00fai voltak t\u00e1rsaik v\u00e1llal\u00e1s\u00e1nak, \u00e9s vel\u00fck egy\u00fctt osztoztak \u00f6r\u00f6m\u00fckben.<\/p>\n\n\t\t<style type=\"text\/css\">\n\t\t\t#gallery-1 {\n\t\t\t\tmargin: auto;\n\t\t\t}\n\t\t\t#gallery-1 .gallery-item {\n\t\t\t\tfloat: left;\n\t\t\t\tmargin-top: 10px;\n\t\t\t\ttext-align: center;\n\t\t\t\twidth: 33%;\n\t\t\t}\n\t\t\t#gallery-1 img {\n\t\t\t\tborder: 2px solid #cfcfcf;\n\t\t\t}\n\t\t\t#gallery-1 .gallery-caption {\n\t\t\t\tmargin-left: 0;\n\t\t\t}\n\t\t\t\/* see gallery_shortcode() in wp-includes\/media.php *\/\n\t\t<\/style>\n\t\t<div id='gallery-1' class='gallery galleryid-12344 gallery-columns-3 gallery-size-full'><dl class='gallery-item'>\n\t\t\t<dt class='gallery-icon portrait'>\n\t\t\t\t<a href='https:\/\/munkacs-diocese.org\/hu\/2024\/09\/24\/ministrans-avatas-a-munkacsi-szekesegyhazban\/ministransok-avatasa04\/'><img loading=\"lazy\" decoding=\"async\" width=\"1920\" height=\"2560\" src=\"https:\/\/munkacs-diocese.org\/hu\/wp-content\/uploads\/2024\/09\/ministransok-avatasa04-scaled.jpg\" class=\"attachment-full size-full\" alt=\"\" srcset=\"https:\/\/munkacs-diocese.org\/hu\/wp-content\/uploads\/2024\/09\/ministransok-avatasa04-scaled.jpg 1920w, https:\/\/munkacs-diocese.org\/hu\/wp-content\/uploads\/2024\/09\/ministransok-avatasa04-225x300.jpg 225w, https:\/\/munkacs-diocese.org\/hu\/wp-content\/uploads\/2024\/09\/ministransok-avatasa04-768x1024.jpg 768w, https:\/\/munkacs-diocese.org\/hu\/wp-content\/uploads\/2024\/09\/ministransok-avatasa04-1152x1536.jpg 1152w, https:\/\/munkacs-diocese.org\/hu\/wp-content\/uploads\/2024\/09\/ministransok-avatasa04-1536x2048.jpg 1536w, https:\/\/munkacs-diocese.org\/hu\/wp-content\/uploads\/2024\/09\/ministransok-avatasa04-1080x1440.jpg 1080w\" sizes=\"(max-width: 1920px) 100vw, 1920px\" \/><\/a>\n\t\t\t<\/dt><\/dl><dl class='gallery-item'>\n\t\t\t<dt class='gallery-icon portrait'>\n\t\t\t\t<a href='https:\/\/munkacs-diocese.org\/hu\/2024\/09\/24\/ministrans-avatas-a-munkacsi-szekesegyhazban\/ministransok-avatasa06\/'><img loading=\"lazy\" decoding=\"async\" width=\"720\" height=\"960\" src=\"https:\/\/munkacs-diocese.org\/hu\/wp-content\/uploads\/2024\/09\/ministransok-avatasa06.jpg\" class=\"attachment-full size-full\" alt=\"\" srcset=\"https:\/\/munkacs-diocese.org\/hu\/wp-content\/uploads\/2024\/09\/ministransok-avatasa06.jpg 720w, https:\/\/munkacs-diocese.org\/hu\/wp-content\/uploads\/2024\/09\/ministransok-avatasa06-225x300.jpg 225w\" sizes=\"(max-width: 720px) 100vw, 720px\" \/><\/a>\n\t\t\t<\/dt><\/dl><dl class='gallery-item'>\n\t\t\t<dt class='gallery-icon portrait'>\n\t\t\t\t<a href='https:\/\/munkacs-diocese.org\/hu\/2024\/09\/24\/ministrans-avatas-a-munkacsi-szekesegyhazban\/ministransok-avatasa05\/'><img loading=\"lazy\" decoding=\"async\" width=\"720\" height=\"960\" src=\"https:\/\/munkacs-diocese.org\/hu\/wp-content\/uploads\/2024\/09\/ministransok-avatasa05.jpg\" class=\"attachment-full size-full\" alt=\"\" srcset=\"https:\/\/munkacs-diocese.org\/hu\/wp-content\/uploads\/2024\/09\/ministransok-avatasa05.jpg 720w, https:\/\/munkacs-diocese.org\/hu\/wp-content\/uploads\/2024\/09\/ministransok-avatasa05-225x300.jpg 225w\" sizes=\"(max-width: 720px) 100vw, 720px\" \/><\/a>\n\t\t\t<\/dt><\/dl><br style=\"clear: both\" \/>\n\t\t<\/div>\n\n<p style=\"text-align: justify;\">Hortob\u00e1gyi Arnold OSB atya a pr\u00e9dik\u00e1ci\u00f3ban t\u00f6bbek k\u00f6z\u00f6tt megosztotta saj\u00e1t gyermekkori \u00e9lm\u00e9ny\u00e9t az olt\u00e1r szolg\u00e1lata k\u00f6r\u00fcl, \u00e9s kiemelte, hogy \u00fagy, ahogyan J\u00e9zus tette, vegy\u00fck \u00e9szre a gyerekekben azt a j\u00f3t, ami benn\u00fck van, \u00e9s l\u00e1ssuk meg benn\u00fck a j\u00f6v\u0151t.<\/p>\n<p style=\"text-align: justify;\">A felavat\u00f3 szertart\u00e1sra a szentbesz\u00e9d ut\u00e1n ker\u00fclt sor. A ministr\u00e1nsvezet\u0151 el\u0151sz\u00f6r felk\u00e9rte a papot, hogy a jelenl\u00e9v\u0151 gyermekeket ministr\u00e1nss\u00e1 be\u00f6lt\u00f6ztetni sz\u00edveskedj\u00e9k. Miut\u00e1n a gyerekek el\u0151re l\u00e9ptek, az atya megk\u00e9rdezte, hogy m\u00e9lt\u00f3k-e a szolg\u00e1latra. Az igenl\u0151 v\u00e1lasz ut\u00e1n az atya kijelentette: \u201e\u00dcdv\u00f6z\u00edt\u0151nk J\u00e9zus Krisztus seg\u00edts\u00e9g\u00e9vel kiv\u00e1lasztjuk ezeket a testv\u00e9reinket a megtisztel\u0151 ministr\u00e1ns szolg\u00e1latra.\u201d Ezut\u00e1n k\u00f6vetkezett az \u00edg\u00e9ret t\u00e9tel.<\/p>\n\n\t\t<style type=\"text\/css\">\n\t\t\t#gallery-2 {\n\t\t\t\tmargin: auto;\n\t\t\t}\n\t\t\t#gallery-2 .gallery-item {\n\t\t\t\tfloat: left;\n\t\t\t\tmargin-top: 10px;\n\t\t\t\ttext-align: center;\n\t\t\t\twidth: 33%;\n\t\t\t}\n\t\t\t#gallery-2 img {\n\t\t\t\tborder: 2px solid #cfcfcf;\n\t\t\t}\n\t\t\t#gallery-2 .gallery-caption {\n\t\t\t\tmargin-left: 0;\n\t\t\t}\n\t\t\t\/* see gallery_shortcode() in wp-includes\/media.php *\/\n\t\t<\/style>\n\t\t<div id='gallery-2' class='gallery galleryid-12344 gallery-columns-3 gallery-size-full'><dl class='gallery-item'>\n\t\t\t<dt class='gallery-icon landscape'>\n\t\t\t\t<a href='https:\/\/munkacs-diocese.org\/hu\/2024\/09\/24\/ministrans-avatas-a-munkacsi-szekesegyhazban\/ministransok-avatasa07\/'><img loading=\"lazy\" decoding=\"async\" width=\"2560\" height=\"1920\" src=\"https:\/\/munkacs-diocese.org\/hu\/wp-content\/uploads\/2024\/09\/ministransok-avatasa07-scaled.jpg\" class=\"attachment-full size-full\" alt=\"\" srcset=\"https:\/\/munkacs-diocese.org\/hu\/wp-content\/uploads\/2024\/09\/ministransok-avatasa07-scaled.jpg 2560w, https:\/\/munkacs-diocese.org\/hu\/wp-content\/uploads\/2024\/09\/ministransok-avatasa07-300x225.jpg 300w, https:\/\/munkacs-diocese.org\/hu\/wp-content\/uploads\/2024\/09\/ministransok-avatasa07-1024x768.jpg 1024w, https:\/\/munkacs-diocese.org\/hu\/wp-content\/uploads\/2024\/09\/ministransok-avatasa07-768x576.jpg 768w, https:\/\/munkacs-diocese.org\/hu\/wp-content\/uploads\/2024\/09\/ministransok-avatasa07-1536x1152.jpg 1536w, https:\/\/munkacs-diocese.org\/hu\/wp-content\/uploads\/2024\/09\/ministransok-avatasa07-2048x1536.jpg 2048w, https:\/\/munkacs-diocese.org\/hu\/wp-content\/uploads\/2024\/09\/ministransok-avatasa07-1080x810.jpg 1080w\" sizes=\"(max-width: 2560px) 100vw, 2560px\" \/><\/a>\n\t\t\t<\/dt><\/dl><dl class='gallery-item'>\n\t\t\t<dt class='gallery-icon landscape'>\n\t\t\t\t<a href='https:\/\/munkacs-diocese.org\/hu\/2024\/09\/24\/ministrans-avatas-a-munkacsi-szekesegyhazban\/ministransok-avatasa03\/'><img loading=\"lazy\" decoding=\"async\" width=\"1920\" height=\"1462\" src=\"https:\/\/munkacs-diocese.org\/hu\/wp-content\/uploads\/2024\/09\/ministransok-avatasa03-scaled-e1727169447292.jpg\" class=\"attachment-full size-full\" alt=\"\" srcset=\"https:\/\/munkacs-diocese.org\/hu\/wp-content\/uploads\/2024\/09\/ministransok-avatasa03-scaled-e1727169447292.jpg 1920w, https:\/\/munkacs-diocese.org\/hu\/wp-content\/uploads\/2024\/09\/ministransok-avatasa03-scaled-e1727169447292-300x228.jpg 300w, https:\/\/munkacs-diocese.org\/hu\/wp-content\/uploads\/2024\/09\/ministransok-avatasa03-scaled-e1727169447292-1024x780.jpg 1024w, https:\/\/munkacs-diocese.org\/hu\/wp-content\/uploads\/2024\/09\/ministransok-avatasa03-scaled-e1727169447292-768x585.jpg 768w, https:\/\/munkacs-diocese.org\/hu\/wp-content\/uploads\/2024\/09\/ministransok-avatasa03-scaled-e1727169447292-1536x1170.jpg 1536w, https:\/\/munkacs-diocese.org\/hu\/wp-content\/uploads\/2024\/09\/ministransok-avatasa03-scaled-e1727169447292-1080x822.jpg 1080w\" sizes=\"(max-width: 1920px) 100vw, 1920px\" \/><\/a>\n\t\t\t<\/dt><\/dl><dl class='gallery-item'>\n\t\t\t<dt class='gallery-icon landscape'>\n\t\t\t\t<a href='https:\/\/munkacs-diocese.org\/hu\/2024\/09\/24\/ministrans-avatas-a-munkacsi-szekesegyhazban\/ministransok-avatasa02\/'><img loading=\"lazy\" decoding=\"async\" width=\"2560\" height=\"1920\" src=\"https:\/\/munkacs-diocese.org\/hu\/wp-content\/uploads\/2024\/09\/ministransok-avatasa02-scaled.jpg\" class=\"attachment-full size-full\" alt=\"\" srcset=\"https:\/\/munkacs-diocese.org\/hu\/wp-content\/uploads\/2024\/09\/ministransok-avatasa02-scaled.jpg 2560w, https:\/\/munkacs-diocese.org\/hu\/wp-content\/uploads\/2024\/09\/ministransok-avatasa02-300x225.jpg 300w, https:\/\/munkacs-diocese.org\/hu\/wp-content\/uploads\/2024\/09\/ministransok-avatasa02-1024x768.jpg 1024w, https:\/\/munkacs-diocese.org\/hu\/wp-content\/uploads\/2024\/09\/ministransok-avatasa02-768x576.jpg 768w, https:\/\/munkacs-diocese.org\/hu\/wp-content\/uploads\/2024\/09\/ministransok-avatasa02-1536x1152.jpg 1536w, https:\/\/munkacs-diocese.org\/hu\/wp-content\/uploads\/2024\/09\/ministransok-avatasa02-2048x1536.jpg 2048w, https:\/\/munkacs-diocese.org\/hu\/wp-content\/uploads\/2024\/09\/ministransok-avatasa02-1080x810.jpg 1080w\" sizes=\"(max-width: 2560px) 100vw, 2560px\" \/><\/a>\n\t\t\t<\/dt><\/dl><br style=\"clear: both\" \/>\n\t\t<\/div>\n\n<p style=\"text-align: justify;\">Az atya h\u00e1rom komoly k\u00e9rd\u00e9st tett fel a ministr\u00e1ns jel\u00f6lteknek: \u201e\u00cdg\u00e9ritek-e, hogy komolyan, \u00e1h\u00edtatosan \u00e9s p\u00e9ld\u00e1s fegyelemmel igyekeztek a Szentmis\u00e9n Istennek szolg\u00e1lni? \u00cdg\u00e9ritek-e, hogy igyekeztek elsaj\u00e1t\u00edtani mindazt, ami a ministr\u00e1ns szolg\u00e1lattal egy\u00fctt j\u00e1r, \u00e9s mindent megtesztek az\u00e9rt, hogy a templomi szolg\u00e1latot szebb\u00e9 tegy\u00e9tek? V\u00e1llalj\u00e1tok-e mindazokat a k\u00f6teless\u00e9geket, melyek a ministr\u00e1nsokra v\u00e1rnak: a komoly lelki\u00e9letet, pontoss\u00e1got \u00e9s seg\u00edt\u0151k\u00e9sz szeretetet?\u201d<\/p>\n<p><img loading=\"lazy\" decoding=\"async\" class=\"alignnone size-full wp-image-12353\" src=\"https:\/\/munkacs-diocese.org\/hu\/wp-content\/uploads\/2024\/09\/ministransok-avatasa08.jpg\" alt=\"\" width=\"1600\" height=\"1200\" srcset=\"https:\/\/munkacs-diocese.org\/hu\/wp-content\/uploads\/2024\/09\/ministransok-avatasa08.jpg 1600w, https:\/\/munkacs-diocese.org\/hu\/wp-content\/uploads\/2024\/09\/ministransok-avatasa08-300x225.jpg 300w, https:\/\/munkacs-diocese.org\/hu\/wp-content\/uploads\/2024\/09\/ministransok-avatasa08-1024x768.jpg 1024w, https:\/\/munkacs-diocese.org\/hu\/wp-content\/uploads\/2024\/09\/ministransok-avatasa08-768x576.jpg 768w, https:\/\/munkacs-diocese.org\/hu\/wp-content\/uploads\/2024\/09\/ministransok-avatasa08-1536x1152.jpg 1536w, https:\/\/munkacs-diocese.org\/hu\/wp-content\/uploads\/2024\/09\/ministransok-avatasa08-1080x810.jpg 1080w\" sizes=\"(max-width: 1600px) 100vw, 1600px\" \/><\/p>\n<p style=\"text-align: justify;\">A v\u00e1laszok ut\u00e1n pedig \u00edgy sz\u00f3lt: \u201eIsten tegye teljess\u00e9 a j\u00f3t, amit megkezdett bennetek.\u201d Ezut\u00e1n k\u00f6vetkezett a ministr\u00e1ns ruh\u00e1k meg\u00e1ld\u00e1sa, majd a be\u00f6lt\u00f6ztet\u00e9s.<\/p>\n<p style=\"text-align: justify;\">A szertart\u00e1s ut\u00e1n a szokott m\u00f3don folytat\u00f3dott a szentmise az \u00fajonnan felavatott ministr\u00e1nsok szolg\u00e1lat\u00e1val.<\/p>\n<p><iframe loading=\"lazy\" title=\"Ministr\u00e1ns-avat\u00e1s 2024\" width=\"1080\" height=\"608\" src=\"https:\/\/www.youtube.com\/embed\/oUGxbnCau04?feature=oembed\" frameborder=\"0\" allow=\"accelerometer; autoplay; clipboard-write; encrypted-media; gyroscope; picture-in-picture; web-share\" referrerpolicy=\"strict-origin-when-cross-origin\" allowfullscreen><\/iframe><\/p>\n<p style=\"text-align: right;\"><span style=\"font-size: 10pt;\"><em>Sz\u00f6veg: Moln\u00e1r M. Katalin<\/em><\/span><\/p>\n<p style=\"text-align: right;\"><span style=\"font-size: 10pt;\"><em>Fot\u00f3k \u00e9s kisfilm: Kiss Erika<\/em><\/span><\/p>\n","protected":false},"excerpt":{"rendered":"<p>Szeptember 22-\u00e9n, vas\u00e1rnap, a Munk\u00e1csi sz\u00e9kesegyh\u00e1zban, a magyar nyelv\u0171 szentmis\u00e9n \u00fcnnep\u00e9lyes keretek k\u00f6z\u00f6tt n\u00e9gy \u00faj ministr\u00e1ns fi\u00fat avattak fel. A ministr\u00e1ns sz\u00f3 a latin ministrare, vagyis \u201eszolg\u00e1lni\u201d sz\u00f3b\u00f3l ered. A ministr\u00e1l\u00e1s teh\u00e1t szolg\u00e1lat, seg\u00e9dkez\u00e9s. A pap mellett kisebb szolg\u00e1latokat v\u00e9geznek a mise, a szents\u00e9gek kiszolg\u00e1ltat\u00e1sa \u00e9s egy\u00e9b szertart\u00e1sok sor\u00e1n. A ministr\u00e1ns avat\u00e1s egy nagyon sz\u00e9p [&hellip;]<\/p>\n","protected":false},"author":4,"featured_media":12345,"comment_status":"open","ping_status":"open","sticky":false,"template":"","format":"standard","meta":{"_acf_changed":false,"_et_pb_use_builder":"","_et_pb_old_content":"","_et_gb_content_width":"","footnotes":""},"categories":[10,59],"tags":[],"class_list":["post-12344","post","type-post","status-publish","format-standard","has-post-thumbnail","hentry","category-aktualis-hirek","category-egyhazmegyenk-hirei","et-has-post-format-content","et_post_format-et-post-format-standard"],"acf":[],"_links":{"self":[{"href":"https:\/\/munkacs-diocese.org\/hu\/wp-json\/wp\/v2\/posts\/12344"}],"collection":[{"href":"https:\/\/munkacs-diocese.org\/hu\/wp-json\/wp\/v2\/posts"}],"about":[{"href":"https:\/\/munkacs-diocese.org\/hu\/wp-json\/wp\/v2\/types\/post"}],"author":[{"embeddable":true,"href":"https:\/\/munkacs-diocese.org\/hu\/wp-json\/wp\/v2\/users\/4"}],"replies":[{"embeddable":true,"href":"https:\/\/munkacs-diocese.org\/hu\/wp-json\/wp\/v2\/comments?post=12344"}],"version-history":[{"count":3,"href":"https:\/\/munkacs-diocese.org\/hu\/wp-json\/wp\/v2\/posts\/12344\/revisions"}],"predecessor-version":[{"id":12356,"href":"https:\/\/munkacs-diocese.org\/hu\/wp-json\/wp\/v2\/posts\/12344\/revisions\/12356"}],"wp:featuredmedia":[{"embeddable":true,"href":"https:\/\/munkacs-diocese.org\/hu\/wp-json\/wp\/v2\/media\/12345"}],"wp:attachment":[{"href":"https:\/\/munkacs-diocese.org\/hu\/wp-json\/wp\/v2\/media?parent=12344"}],"wp:term":[{"taxonomy":"category","embeddable":true,"href":"https:\/\/munkacs-diocese.org\/hu\/wp-json\/wp\/v2\/categories?post=12344"},{"taxonomy":"post_tag","embeddable":true,"href":"https:\/\/munkacs-diocese.org\/hu\/wp-json\/wp\/v2\/tags?post=12344"}],"curies":[{"name":"wp","href":"https:\/\/api.w.org\/{rel}","templated":true}]}}