{"id":1229,"date":"2015-01-06T06:05:43","date_gmt":"2015-01-06T04:05:43","guid":{"rendered":"http:\/\/munkacs-diocese.org\/hu\/2015\/01\/06\/karpataljai-eletved-beszamolo-2014\/"},"modified":"2015-01-06T06:05:43","modified_gmt":"2015-01-06T04:05:43","slug":"karpataljai-eletved-beszamolo-2014","status":"publish","type":"post","link":"https:\/\/munkacs-diocese.org\/hu\/2015\/01\/06\/karpataljai-eletved-beszamolo-2014\/","title":{"rendered":"K\u00e1rp\u00e1taljai \u00e9letv\u00e9d\u0151 besz\u00e1mol\u00f3 2014"},"content":{"rendered":"<div id=\"fb-root\"><\/div>\n<p style=\"text-align: center;\"><span style=\"font-size: 12pt;\"><strong>K\u00e1rp\u00e1taljai \u00e9letv\u00e9d\u0151 besz\u00e1mol\u00f3 2014<\/strong><\/span><\/p>\n<p><img loading=\"lazy\" decoding=\"async\" class=\" alignleft size-full wp-image-1228\" style=\"float: left;\" alt=\"magyar\" src=\"https:\/\/munkacs-diocese.org\/hu\/wp-content\/uploads\/2015\/01\/magyar.JPG\" height=\"96\" width=\"129\" srcset=\"https:\/\/munkacs-diocese.org\/hu\/wp-content\/uploads\/2015\/01\/magyar.JPG 800w, https:\/\/munkacs-diocese.org\/hu\/wp-content\/uploads\/2015\/01\/magyar-300x224.jpg 300w, https:\/\/munkacs-diocese.org\/hu\/wp-content\/uploads\/2015\/01\/magyar-768x574.jpg 768w, https:\/\/munkacs-diocese.org\/hu\/wp-content\/uploads\/2015\/01\/magyar-510x382.jpg 510w\" sizes=\"(max-width: 129px) 100vw, 129px\" \/>Kedves Bar\u00e1taink!<\/p>\n<p>Rem\u00e9lj\u00fck, sz\u00e9pen telt a kar\u00e1csony! A h\u00e1tral\u00e9v\u0151 \u00fcnnepnapokra \u00e9s az \u00faj \u00e9vre sok kegyelmet \u00e9s er\u0151t k\u00edv\u00e1nunk mindegyik\u0151t\u00f6knek!<\/p>\n<p>\u00c9v v\u00e9ge l\u00e9v\u00e9n, szeretn\u00e9nk besz\u00e1molni az egyh\u00e1zmegye \u00e9letv\u00e9d\u0151 csoportj\u00e1nak ez \u00e9vi tev\u00e9kenys\u00e9g\u00e9r\u0151l eg\u00e9szen r\u00f6viden, valamit p\u00e1r sz\u00f3val arr\u00f3l is, mi t\u00f6rt\u00e9nt id\u00e9n a vil\u00e1gban ezen a ter\u00fcleten. <!--more--> <\/p>\n<p>Volt 3 lelkigyakorlatunk abortuszon \u00e1tesett n\u0151k sz\u00e1m\u00e1ra, ebb\u0151l egy Vinnic\u00e1ban (Bels\u0151-Ukrajna), ahov\u00e1 visszav\u00e1rnak minket. Ezen k\u00edv\u00fcl tartottunk egy t\u00f6bbnapos lelkigyakorlatot a g\u00f6r\u00f6g katolikus papn\u00e9knak, a Caritas dolgoz\u00f3inak (ennek utols\u00f3 napj\u00e1t a Kez\u00fcnkben a J\u00f6v\u0151 Egyes\u00fclet), kett\u0151t ukr\u00e1n nyelv\u0171 fiataloknak a tisztas\u00e1g kapcs\u00e1n, \u00f6sszess\u00e9g\u00e9ben nagyon sok el\u0151ad\u00e1st iskol\u00e1kban, nevel\u0151sz\u00fcl\u0151knek, egyh\u00e1zk\u00f6zs\u00e9gek feln\u0151ttjeinek, papoknak, fiataloknak stb., Munk\u00e1cson pedig a &#8222;Csal\u00e1di napok&#8221; keret\u00e9ben n\u00e9pszer\u0171s\u00edtett\u00fck a csal\u00e1di \u00e9rt\u00e9keket.<\/p>\n<p>Id\u00e9n \u00fajra volt egy nagyszab\u00e1s\u00fa plak\u00e1tkamp\u00e1nyunk, t\u00f6bb mint 40 \u00f3ri\u00e1splak\u00e1tot siker\u00fclt kihelyezni, nagyr\u00e9szt d\u00edjmentesen, t\u00f6bbet h\u00f3napokra. Ezen k\u00edv\u00fcl sz\u00e1mtalan citylight, kisebb-nagyobb plak\u00e1t \u00e9s sz\u00f3r\u00f3lap ker\u00fclt ki, ebben sokan k\u00f6zrem\u0171k\u00f6dtek!<br \/>Azt l\u00e1tjuk, hogy a plak\u00e1tok igen er\u0151teljes eszk\u00f6z\u00f6k ebben a szolg\u00e1latban, \u00e9s jelent\u0151sen hozz\u00e1j\u00e1rulnak a t\u00e1rsadalmi gondolkod\u00e1s form\u00e1l\u00e1s\u00e1hoz is.<\/p>\n<p>M\u00e1s m\u00f3don is jelen voltunk a m\u00e9di\u00e1ban: sok TV- \u00e9s r\u00e1di\u00f3m\u0171sor, \u00fajs\u00e1gcikk seg\u00edtette az \u00e9letv\u00e9d\u0151 mentalit\u00e1s terjeszt\u00e9s\u00e9t. M\u0171k\u00f6dik Facebook- \u00e9s internetes oldalunk is, ezek karbantart\u00e1s\u00e1hoz, fejleszt\u00e9s\u00e9hez sz\u00edvesen elfogadn\u00e1nk seg\u00edts\u00e9get!<\/p>\n<p>R\u00e9szt vett\u00fcnk a jegyesp\u00e1rok h\u00e1zass\u00e1gra val\u00f3 felk\u00e9sz\u00edt\u00e9s\u00e9ben a term\u00e9szetes csal\u00e1dtervez\u00e9s oktat\u00e1s\u00e1val, \u00e9s &#8211; \u00faj feljlem\u00e9nyk\u00e9nt &#8211; egy szak\u00e9rt\u0151 elkezdett n\u00e1lunk foglalkozni medd\u0151s\u00e9ggel k\u00fczd\u0151 h\u00e1zasp\u00e1rokkal is. A NaPro-technol\u00f3gi\u00e1t, amely hat\u00e9konyabb a lombik-programn\u00e1l, az Egyh\u00e1z t\u00e1mogat\u00e1s\u00e1val dolgozt\u00e1k ki. A konzult\u00e1ci\u00f3k Ungv\u00e1ron \u00e9s Munk\u00e1cson is el\u00e9rhet\u0151k, k\u00e9r\u00e9sre megadjuk az el\u00e9rhet\u0151s\u00e9geket &#8211; terjessz\u00e9tek az inform\u00e1ci\u00f3t!<\/p>\n<p>Ebben az \u00e9vben egyre er\u0151s\u00f6d\u00f6tt a csoportunk lelkigondoz\u00f3i profilja, egyre t\u00f6bb az ilyen jelleg\u0171 megkeres\u00e9s, b\u00e1r m\u00e9g nem hirdetj\u00fck ny\u00edltan ezt a szolg\u00e1latot (tal\u00e1n majd szeptembert\u0151l). H\u00e1rman id\u00e9n fejezz\u00fck be a budapesti Orvosi Egyetem lelkigondoz\u00f3i szak\u00e1t, ketten az \u00f6nk\u00e9ntesek k\u00f6z\u00fcl id\u00e9n kezdt\u00e9k el ugyanitt a ment\u00e1lhigi\u00e9n\u00e9s k\u00e9pz\u00e9st.<br \/>A h\u00edrek szerint lesz hasonl\u00f3 k\u00e9pz\u00e9s a beregsz\u00e1szi f\u0151iskol\u00e1n is, mindenkit b\u00e1tor\u00edtunk, aki ind\u00edt\u00e1st \u00e9rez arra, hogy emberek lelk\u00e9vel foglalkozzon, hogy jelentkezzen!<\/p>\n<p>H\u00e1rman k\u00f6z\u00fcl\u00fcnk id\u00e9n elv\u00e9geztek egy \u00f6ngyilkoss\u00e1g-intervenci\u00f3s programot is.<br \/>Egyik munk\u00e1csi munkat\u00e1rsunk pedig elkezdte a k\u00f3rh\u00e1zi lelkigondoz\u00e1st, k\u00fcl\u00f6n\u00f6s tekintettel az alkoholbetegekre.<\/p>\n<p>Nagy \u00f6r\u00f6m sz\u00e1munkra, hogy \u2013 az \u00f6nk\u00e9ntesek k\u00f6zrem\u0171k\u00f6d\u00e9s\u00e9vel is! &#8211; j\u00f3 n\u00e9h\u00e1ny kisbab\u00e1nak siker\u00fclt megsz\u00fcletni. T\u00f6bbek k\u00f6z\u00f6tt egy nyitott gerinc\u0171, j\u00e1rni nem tud\u00f3 kismama is \u00e9letet adott egy eg\u00e9szs\u00e9ges kisbab\u00e1nak, akinek a megsz\u00fclet\u00e9s\u00e9t sokan lehetetlennek tartott\u00e1k.<\/p>\n<p>Egy kisbab\u00e1t pedig a tavaly \u00e9v v\u00e9g\u00e9n felszentelt \u00c9let Ablakban tal\u00e1ltak meg a k\u00f3rh\u00e1z dolgoz\u00f3i, a bab\u00e1t az\u00f3ta m\u00e1r befogadta egy gyermekre v\u00e1r\u00f3 h\u00e1zasp\u00e1r.<\/p>\n<p>Mindez a tev\u00e9kenys\u00e9g term\u00e9szetesen sok-sok adminisztrat\u00edv munk\u00e1val, szervez\u00e9ssel, p\u00e1ly\u00e1zat\u00edr\u00e1ssal, k\u00e9sz\u00fclettel j\u00e1rt.<\/p>\n<p>Lehet, hogy a besz\u00e1mol\u00f3 hangulat\u00e1b\u00f3l \u00fagy t\u0171nik, minden sz\u00e9p \u00e9s j\u00f3, milyen l\u00e1tv\u00e1nyos munka is ez \u2013 de ez egy akad\u00e1lyokkal \u00e9s neh\u00e9zs\u00e9gekkel teli \u00fat, amelyen \u00fajra \u00e9s \u00fajra meg kell fogalmazni magunknak, mi\u00e9rt fontos ez a munka. Egy szerzetesn\u0151v\u00e9r, aki m\u00e1r 20 \u00e9ve foglalkozik az \u00e9let v\u00e9delm\u00e9vel, mondta nek\u00fcnk, hogy az a legnehezebb ebben, hogy nem l\u00e1tv\u00e1nyosak a gy\u00fcm\u00f6lcs\u00f6k, sokszor csak hossz\u00fa t\u00e1von l\u00e1that\u00f3ak, vagy majd a mennyorsz\u00e1gb\u00f3l. Ez\u00e9rt nagyon fontos az \u00e1llhatatoss\u00e1g. M\u00e1sok arra figyelmeztettek, hogy mivel az \u00e9let \u00fcgye, a lelkek \u00fcgye \u2013 Isten \u00fcgye, ez\u00e9rt sz\u00e1m\u00edtani lehet neh\u00e9zs\u00e9gekre, t\u00e1mad\u00e1sokra, ahogy ezeket tapasztaljuk is.<\/p>\n<p>M\u00e9gis, legf\u0151k\u00e9ppen az im\u00e1ds\u00e1gos h\u00e1tt\u00e9r \u00e9s az ebb\u0151l fakad\u00f3 sok-sok kegyelem az, ami el\u0151re vitte ezt a munk\u00e1t, ez\u00e9rt nagyon k\u00e9r\u00fcnk Titeket, ne hagyj\u00e1tok abba az im\u00e1ds\u00e1got, \u00faj\u00edts\u00e1tok meg \u00fajra \u00e9s \u00fajra az ez ir\u00e1nti elk\u00f6telezetts\u00e9geteket! Nagy sz\u00fcks\u00e9g van r\u00e1, higgy\u00e9tek el!<\/p>\n<p>Egy kicsit a vil\u00e1gr\u00f3l, amelyben \u00e9l\u00fcnk:<br \/>\u00dagy t\u0171nik, id\u00e9n is folytat\u00f3dott a tendencia, hogy a fejlett vil\u00e1gban mindenkinek joga van mindenhez, b\u00e1rmilyen erk\u00f6lcs- vagy t\u00e1rsadalomellenes dologr\u00f3l legyen is sz\u00f3, csak a meg nem sz\u00fcletett gyermeknek nincs joga az \u00e9lethez. A liberalizmus diktat\u00far\u00e1ja most m\u00e1r komolyan vesz\u00e9lyezteti a lelkiismereti szabads\u00e1got \u2013 b\u00edr\u00f3s\u00e1gi d\u00f6nt\u00e9sek sora mutatja ezt. Utolj\u00e1ra a napokban Angli\u00e1ban hozott a legfels\u0151bb b\u00edr\u00f3s\u00e1g olyan d\u00f6nt\u00e9st, hogy a sz\u00fcl\u00e9szn\u0151knek nincs joguk lelkiismereti okokb\u00f3l visszautas\u00edtani az abortuszban val\u00f3 k\u00f6zrem\u0171k\u00f6d\u00e9st, elbocs\u00e1that\u00f3k az \u00e1ll\u00e1sukb\u00f3l, ha nem akarnak r\u00e9szt venni benne.<br \/>Ott tartunk, hogy a nemzetk\u00f6zi f\u00f3rumokon az \u00e9let- \u00e9s csal\u00e1dv\u00e9d\u0151 orsz\u00e1gok szinte kiz\u00e1r\u00f3lag a fejl\u0151d\u0151 orsz\u00e1gok k\u00f6z\u00fcl ker\u00fclnek ki (\u00fcd\u00edt\u0151 kiv\u00e9tel \u00e9ppen Magyarorsz\u00e1g!), a Nyugat komoly nyom\u00e1st gyakorol az abortusz \u00e9s az er\u0151ltetett, korai szexu\u00e1lis oktat\u00e1s \u00e9s a melegjogok elfogad\u00e1sa kapcs\u00e1n ezekre az orsz\u00e1gokra, pl. a seg\u00e9lyek foly\u00f3s\u00edt\u00e1s\u00e1t ezekhez k\u00f6ti.<\/p>\n<p>Mindek\u00f6zben egyre t\u00f6bb tanulm\u00e1ny jelenik meg az abortusz lelki eg\u00e9szs\u00e9gre gyakorolt hat\u00e1s\u00e1r\u00f3l annak ellen\u00e9re, hogy az AB-lobbi mindent megtesz, hogy ilyen adatok ne ker\u00fclhessenek nyilv\u00e1noss\u00e1gra. M\u00e9gis, t\u00f6bb orsz\u00e1gban okoz m\u00e1r aggodalmat, hogy eg\u00e9szen nyilv\u00e1nval\u00f3 az \u00f6sszef\u00fcgg\u00e9s az \u00f6ngyilkoss\u00e1gi adatok, a pszich\u00e9s megbeteged\u00e9sek \u00e9s az abortusz k\u00f6z\u00f6tt. Van, ahol \u00fagy pr\u00f3b\u00e1lj\u00e1k megoldani ezt a probl\u00e9m\u00e1t, hogy az abortusz ut\u00e1n egy id\u0151vel visszarendelik a n\u0151t pszichol\u00f3giai konzult\u00e1ci\u00f3ra \u2013 mik\u00f6zben l\u00e1tjuk, hogy a probl\u00e9ma nagyobbr\u00e9szt nem azonnal, hanem k\u00e9sleltetetten jelentkezik!<\/p>\n<p>Ami az ukrajnai helyzetet illeti, komolyan lehet att\u00f3l tartani, hogy a radik\u00e1lisan megromlott gazdas\u00e1gi \u00e9s politikai helyzet, a l\u00e9tbizonytalans\u00e1g arra k\u00e9sztet sok sz\u00fcl\u0151t, hogy ne merje elv\u00e1llalni a sz\u00fcletend\u0151 gyermek\u00e9t. Ebben a helyzetben k\u00fcl\u00f6n\u00f6sen fontoss\u00e1 v\u00e1lik az im\u00e1ds\u00e1g \u00e9s az ez ir\u00e1ny\u00fa munka. K\u00e9r\u00fcnk Titeket, hogy seg\u00edtsetek ebben!<\/p>\n<p>K\u00f6sz\u00f6n\u00fcnk mindenkinek minden seg\u00edts\u00e9get, im\u00e1t, j\u00f3 sz\u00f3t, t\u00e1mogat\u00e1st.<br \/>Adjon mindannyiunknak az \u00dar Isten b\u00e9k\u00e9s \u00faj \u00e9vet, sok kegyelmet, \u00e1ld\u00e1st.<\/p>\n<p style=\"text-align: right;\"><em>Petenko Miron atya<\/em><br \/><em>Popovicsn\u00e9 Palojtay M\u00e1rta<\/em><br \/><em>Email: nem.itellek.el@gmail.com<\/em><\/p>\n<p>&nbsp;<\/p>\n","protected":false},"excerpt":{"rendered":"<p>K\u00e1rp\u00e1taljai \u00e9letv\u00e9d\u0151 besz\u00e1mol\u00f3 2014 Kedves Bar\u00e1taink! Rem\u00e9lj\u00fck, sz\u00e9pen telt a kar\u00e1csony! A h\u00e1tral\u00e9v\u0151 \u00fcnnepnapokra \u00e9s az \u00faj \u00e9vre sok kegyelmet \u00e9s er\u0151t k\u00edv\u00e1nunk mindegyik\u0151t\u00f6knek! \u00c9v v\u00e9ge l\u00e9v\u00e9n, szeretn\u00e9nk besz\u00e1molni az egyh\u00e1zmegye \u00e9letv\u00e9d\u0151 csoportj\u00e1nak ez \u00e9vi tev\u00e9kenys\u00e9g\u00e9r\u0151l eg\u00e9szen r\u00f6viden, valamit p\u00e1r sz\u00f3val arr\u00f3l is, mi t\u00f6rt\u00e9nt id\u00e9n a vil\u00e1gban ezen a ter\u00fcleten.<\/p>\n","protected":false},"author":1,"featured_media":1228,"comment_status":"open","ping_status":"open","sticky":false,"template":"","format":"standard","meta":{"_acf_changed":false,"_et_pb_use_builder":"","_et_pb_old_content":"","_et_gb_content_width":"","footnotes":""},"categories":[10],"tags":[],"class_list":["post-1229","post","type-post","status-publish","format-standard","has-post-thumbnail","hentry","category-aktualis-hirek","et-has-post-format-content","et_post_format-et-post-format-standard"],"acf":[],"_links":{"self":[{"href":"https:\/\/munkacs-diocese.org\/hu\/wp-json\/wp\/v2\/posts\/1229"}],"collection":[{"href":"https:\/\/munkacs-diocese.org\/hu\/wp-json\/wp\/v2\/posts"}],"about":[{"href":"https:\/\/munkacs-diocese.org\/hu\/wp-json\/wp\/v2\/types\/post"}],"author":[{"embeddable":true,"href":"https:\/\/munkacs-diocese.org\/hu\/wp-json\/wp\/v2\/users\/1"}],"replies":[{"embeddable":true,"href":"https:\/\/munkacs-diocese.org\/hu\/wp-json\/wp\/v2\/comments?post=1229"}],"version-history":[{"count":0,"href":"https:\/\/munkacs-diocese.org\/hu\/wp-json\/wp\/v2\/posts\/1229\/revisions"}],"wp:featuredmedia":[{"embeddable":true,"href":"https:\/\/munkacs-diocese.org\/hu\/wp-json\/wp\/v2\/media\/1228"}],"wp:attachment":[{"href":"https:\/\/munkacs-diocese.org\/hu\/wp-json\/wp\/v2\/media?parent=1229"}],"wp:term":[{"taxonomy":"category","embeddable":true,"href":"https:\/\/munkacs-diocese.org\/hu\/wp-json\/wp\/v2\/categories?post=1229"},{"taxonomy":"post_tag","embeddable":true,"href":"https:\/\/munkacs-diocese.org\/hu\/wp-json\/wp\/v2\/tags?post=1229"}],"curies":[{"name":"wp","href":"https:\/\/api.w.org\/{rel}","templated":true}]}}