{"id":12275,"date":"2024-07-30T10:11:13","date_gmt":"2024-07-30T08:11:13","guid":{"rendered":"https:\/\/munkacs-diocese.org\/hu\/?p=12275"},"modified":"2024-09-06T10:11:42","modified_gmt":"2024-09-06T08:11:42","slug":"ezustmise-nagyszoloson","status":"publish","type":"post","link":"https:\/\/munkacs-diocese.org\/hu\/2024\/07\/30\/ezustmise-nagyszoloson\/","title":{"rendered":"Ez\u00fcstmise Nagysz\u0151l\u0151s\u00f6n"},"content":{"rendered":"<div id=\"fb-root\"><\/div>\n<p style=\"text-align: justify;\">\u00dcnnepi szentmis\u00e9re h\u00edvtak mindenkit az Urunk Mennybemenetele pl\u00e9b\u00e1niatemplom harangjai Nagysz\u0151l\u0151s\u00f6n j\u00falius 17-\u00e9n, hogy egy\u00fctt adjunk h\u00e1l\u00e1t M\u00e1ri\u00f3 aty\u00e1val papp\u00e1szentel\u00e9s\u00e9nek 25-ik \u00e9vfordul\u00f3ja alkalm\u00e1b\u00f3l. K\u00f6sz\u00f6netet mondani j\u00f6tt\u00fcnk mindazok\u00e9rt a kegyelmek\u00e9rt, amelyeket az \u00dart\u00f3l kaptunk M\u00e1ri\u00f3 atya hivat\u00e1sa \u00e1ltal. Az ez\u00fcstmise sz\u00f3noka Hid\u00e1sz Ferenc atya volt, aki Szombathelyr\u0151l \u00e9rkezett hozz\u00e1nk. Az \u00fcnnep \u00f6r\u00f6m\u00e9ben osztoztak a Budapestr\u0151l \u00e9rkezett vend\u00e9gek, a tartom\u00e1nyf\u0151n\u00f6k atya Berhidai Piusz OFM, Papp Tiham\u00e9r OFM, Magyar Gergely OFM, Lengyel Don\u00e1t OFM \u00e9s Hern\u00e1di Lehel OFM Zalaegerszegr\u0151l. A misszi\u00f3ban szolg\u00e1l\u00f3 aty\u00e1k, B\u00e1n J\u00f3n\u00e1s OFM \u00e9s Hajas \u00c1mosz OFM, valamint R\u00e1cz Istv\u00e1n benei pl\u00e9b\u00e1nos az \u00fcnnepelttel egy\u00fctt mutatt\u00e1k be a szentmis\u00e9t. K\u00fcl\u00f6n \u00f6r\u00f6m \u00e9s a Gondvisel\u00e9s nagy aj\u00e1nd\u00e9ka volt az is, hogy egy\u00fctt adhattunk h\u00e1l\u00e1t azokkal a papjainkkal, akik az elm\u00falt 25 \u00e9vben pl\u00e9b\u00e1nosaink voltak.<\/p>\n<p><img loading=\"lazy\" decoding=\"async\" class=\"alignnone size-full wp-image-12276\" src=\"https:\/\/munkacs-diocese.org\/hu\/wp-content\/uploads\/2024\/09\/Mario-atya-ezustmiseje-scaled.jpg\" alt=\"\" width=\"2560\" height=\"1920\" srcset=\"https:\/\/munkacs-diocese.org\/hu\/wp-content\/uploads\/2024\/09\/Mario-atya-ezustmiseje-scaled.jpg 2560w, https:\/\/munkacs-diocese.org\/hu\/wp-content\/uploads\/2024\/09\/Mario-atya-ezustmiseje-300x225.jpg 300w, https:\/\/munkacs-diocese.org\/hu\/wp-content\/uploads\/2024\/09\/Mario-atya-ezustmiseje-1024x768.jpg 1024w, https:\/\/munkacs-diocese.org\/hu\/wp-content\/uploads\/2024\/09\/Mario-atya-ezustmiseje-768x576.jpg 768w, https:\/\/munkacs-diocese.org\/hu\/wp-content\/uploads\/2024\/09\/Mario-atya-ezustmiseje-1536x1152.jpg 1536w, https:\/\/munkacs-diocese.org\/hu\/wp-content\/uploads\/2024\/09\/Mario-atya-ezustmiseje-2048x1536.jpg 2048w, https:\/\/munkacs-diocese.org\/hu\/wp-content\/uploads\/2024\/09\/Mario-atya-ezustmiseje-1080x810.jpg 1080w\" sizes=\"(max-width: 2560px) 100vw, 2560px\" \/><\/p>\n<p style=\"text-align: justify;\">A szentmis\u00e9re sz\u00e9p sz\u00e1mmal \u00e9rkeztek zar\u00e1ndokok is, hogy ez\u00fcstmis\u00e9s \u00e1ld\u00e1sban r\u00e9szes\u00fcljenek: a csal\u00e1d \u00e9s a rokonok Husztr\u00f3l, Munk\u00e1csr\u00f3l, a ferences vil\u00e1gi rendhez tartoz\u00f3k, valamint \u00e9rkeztek zar\u00e1ndokokTisza\u00fajlakr\u00f3l, Kir\u00e1lyh\u00e1z\u00e1r\u00f3l, Fancsik\u00e1r\u00f3l, Nevetlenb\u0151l, \u00e9s S\u00e1roszoroszib\u00f3l is.<\/p>\n<p style=\"text-align: justify;\">Ferenc atya pr\u00e9dik\u00e1ci\u00f3j\u00e1ban elhangzott, hogy \u201eHitvall\u00f3k k\u00f6z\u00f6tt n\u0151tt fel M\u00e1ri\u00f3 atya\u201d. Ebben az egy mondatban benne foglaltatik, hogy mennyire fontos egy-egy hivat\u00e1s sz\u00fclet\u00e9s\u00e9n\u00e9l, hogy legyen egy olyan h\u00e1tt\u00e9r, amely az im\u00e1ds\u00e1g mellett \u00e9letp\u00e9ld\u00e1j\u00e1val r\u00e1mutat a helyes \u00fatra, \u00e9s arra, hogy meg\u00e9ri j\u00f3nak lenni, m\u00e9g ha oly sokszor neh\u00e9z is.<\/p>\n<p style=\"text-align: justify;\">A k\u00f6sz\u00f6nt\u00e9sek ut\u00e1n k\u00f6z\u00f6sen el\u00e9nekelt\u00fck a Te Deumot, majd ez\u00fcstmis\u00e9s \u00e1ld\u00e1sban r\u00e9szes\u00fclhett\u00fcnk. \u00dcnnep\u00fcnk ezzel m\u00e9g nem \u00e9rt v\u00e9get, mert a szentmis\u00e9t agap\u00e9 k\u00f6vette, ahol a k\u00f6tetlen besz\u00e9lget\u00e9sek \u00e9s egym\u00e1s megvend\u00e9gel\u00e9se is hozz\u00e1j\u00e1rult ez\u00fcstmis\u00e9s lelkip\u00e1sztorunk\u00e9rt kifejezett h\u00e1l\u00e1nkhoz.<\/p>\n<p style=\"text-align: right;\"><span style=\"font-size: 10pt;\"><em>Szviscsu Marina Nagysz\u0151l\u0151sr\u0151l<\/em><\/span><\/p>\n","protected":false},"excerpt":{"rendered":"<p>\u00dcnnepi szentmis\u00e9re h\u00edvtak mindenkit az Urunk Mennybemenetele pl\u00e9b\u00e1niatemplom harangjai Nagysz\u0151l\u0151s\u00f6n j\u00falius 17-\u00e9n, hogy egy\u00fctt adjunk h\u00e1l\u00e1t M\u00e1ri\u00f3 aty\u00e1val papp\u00e1szentel\u00e9s\u00e9nek 25-ik \u00e9vfordul\u00f3ja alkalm\u00e1b\u00f3l. K\u00f6sz\u00f6netet mondani j\u00f6tt\u00fcnk mindazok\u00e9rt a kegyelmek\u00e9rt, amelyeket az \u00dart\u00f3l kaptunk M\u00e1ri\u00f3 atya hivat\u00e1sa \u00e1ltal. Az ez\u00fcstmise sz\u00f3noka Hid\u00e1sz Ferenc atya volt, aki Szombathelyr\u0151l \u00e9rkezett hozz\u00e1nk. Az \u00fcnnep \u00f6r\u00f6m\u00e9ben osztoztak a Budapestr\u0151l \u00e9rkezett vend\u00e9gek, [&hellip;]<\/p>\n","protected":false},"author":4,"featured_media":12277,"comment_status":"open","ping_status":"open","sticky":false,"template":"","format":"standard","meta":{"_acf_changed":false,"_et_pb_use_builder":"","_et_pb_old_content":"","_et_gb_content_width":"","footnotes":""},"categories":[10,59],"tags":[],"class_list":["post-12275","post","type-post","status-publish","format-standard","has-post-thumbnail","hentry","category-aktualis-hirek","category-egyhazmegyenk-hirei","et-has-post-format-content","et_post_format-et-post-format-standard"],"acf":[],"_links":{"self":[{"href":"https:\/\/munkacs-diocese.org\/hu\/wp-json\/wp\/v2\/posts\/12275"}],"collection":[{"href":"https:\/\/munkacs-diocese.org\/hu\/wp-json\/wp\/v2\/posts"}],"about":[{"href":"https:\/\/munkacs-diocese.org\/hu\/wp-json\/wp\/v2\/types\/post"}],"author":[{"embeddable":true,"href":"https:\/\/munkacs-diocese.org\/hu\/wp-json\/wp\/v2\/users\/4"}],"replies":[{"embeddable":true,"href":"https:\/\/munkacs-diocese.org\/hu\/wp-json\/wp\/v2\/comments?post=12275"}],"version-history":[{"count":1,"href":"https:\/\/munkacs-diocese.org\/hu\/wp-json\/wp\/v2\/posts\/12275\/revisions"}],"predecessor-version":[{"id":12278,"href":"https:\/\/munkacs-diocese.org\/hu\/wp-json\/wp\/v2\/posts\/12275\/revisions\/12278"}],"wp:featuredmedia":[{"embeddable":true,"href":"https:\/\/munkacs-diocese.org\/hu\/wp-json\/wp\/v2\/media\/12277"}],"wp:attachment":[{"href":"https:\/\/munkacs-diocese.org\/hu\/wp-json\/wp\/v2\/media?parent=12275"}],"wp:term":[{"taxonomy":"category","embeddable":true,"href":"https:\/\/munkacs-diocese.org\/hu\/wp-json\/wp\/v2\/categories?post=12275"},{"taxonomy":"post_tag","embeddable":true,"href":"https:\/\/munkacs-diocese.org\/hu\/wp-json\/wp\/v2\/tags?post=12275"}],"curies":[{"name":"wp","href":"https:\/\/api.w.org\/{rel}","templated":true}]}}