{"id":1214,"date":"2014-12-24T13:17:38","date_gmt":"2014-12-24T11:17:38","guid":{"rendered":"http:\/\/munkacs-diocese.org\/hu\/2014\/12\/24\/karacsonyi-koeszoent\/"},"modified":"2014-12-24T13:17:38","modified_gmt":"2014-12-24T11:17:38","slug":"karacsonyi-koeszoent","status":"publish","type":"post","link":"https:\/\/munkacs-diocese.org\/hu\/2014\/12\/24\/karacsonyi-koeszoent\/","title":{"rendered":"Kar\u00e1csonyi k\u00f6sz\u00f6nt\u0151"},"content":{"rendered":"<div id=\"fb-root\"><\/div>\n<p style=\"text-align: center;\"><span style=\"font-size: 12pt; background-color: #ffffff; color: #800000;\"><strong>Kedves Testv\u00e9rek!<\/strong><\/span><\/p>\n<p><img loading=\"lazy\" decoding=\"async\" class=\" alignleft size-full wp-image-1213\" style=\"float: left;\" alt=\"karacsony\" src=\"https:\/\/munkacs-diocese.org\/hu\/wp-content\/uploads\/2014\/12\/karacsony.jpg\" height=\"220\" width=\"125\" \/>Az emberis\u00e9g t\u00f6rt\u00e9nete K\u00e1in \u00f3ta tele van veszeked\u00e9ssel, h\u00e1bor\u00fas\u00e1ggal. Rengeteg fesz\u00fclts\u00e9g tapasztalhat\u00f3 m\u00e9g a b\u00e9k\u00e9snek l\u00e1tsz\u00f3 orsz\u00e1gokban \u00e9s n\u00e9pek k\u00f6z\u00f6tt, de m\u00e9g egy csal\u00e1don bel\u00fcl is. Mi ezeknek az oka?<\/p>\n<p>Az ember a sz\u00edv\u00e9ben vesz\u00edtette el a b\u00e9k\u00e9t. Hogyan kaphatn\u00e1 vissza? Mivel Isten saj\u00e1t k\u00e9p\u00e9re \u00e9s hasonlatoss\u00e1g\u00e1ra teremtette \u0151t, el\u0151sz\u00f6r ki kell b\u00e9k\u00fclnie Teremt\u0151j\u00e9vel \u00e9s felebar\u00e1taival. Az ember pr\u00f3b\u00e1lkoz\u00e1sai t\u00f6rt\u00e9nelme sor\u00e1n ritk\u00e1n \u00e9s gy\u00f6ng\u00e9n siker\u00fcltek, ez\u00e9rt \u0151sid\u0151k \u00f3ta v\u00e1gyik egy olyan kir\u00e1lyra (vezet\u0151re), aki b\u00e9k\u00e9t teremt. A zsid\u00f3 pr\u00f3f\u00e9t\u00e1k err\u0151l az \u00e9rkez\u0151 Messi\u00e1sr\u00f3l besz\u00e9lnek j\u00f6vend\u00f6l\u00e9seikben; mindannyian elmondanak r\u00f3la egy-egy dolgot, s \u00edgy egyre jobban kirajzol\u00f3dik a v\u00e1rva v\u00e1rt Kir\u00e1ly arca, mint ahogy a mozaik kock\u00e1ib\u00f3l lassan \u00f6ssze\u00e1ll a teljes k\u00e9p. Izaj\u00e1s pr\u00f3f\u00e9ta \u00edgy \u00edr r\u00f3la j\u00f6vend\u00f6l\u00e9seiben: \u201eMert gyermek sz\u00fcletik nek\u00fcnk, fi\u00fa adatik nek\u00fcnk. Az \u0151 v\u00e1ll\u00e1ra ker\u00fcl az uralom. \u00cdgy fogj\u00e1k nevezni: Csod\u00e1latos Tan\u00e1csad\u00f3, Er\u0151s Isten, \u00d6r\u00f6kk\u00e9val\u00f3 Atya, <em>B\u00e9kess\u00e9g Fejedelme<\/em>! Uralma n\u00f6veked\u00e9s\u00e9nek <em>\u00e9s a b\u00e9k\u00e9nek nem lesz v\u00e9ge<\/em>!\u201d<\/p>\n<p>  <!--more-->  <\/p>\n<p>&nbsp;<\/p>\n<p>Az id\u0151k beteljesed\u00e9sekor val\u00f3ban megsz\u00fcletett, a f\u00f6ldre \u00e9rkezett J\u00fade\u00e1ban az Isten Fia. Az angyalok \u00e9neke hangzik a betlehemi ist\u00e1ll\u00f3 f\u00f6l\u00f6tt: \u201eDics\u0151s\u00e9g a magass\u00e1gban Istennek, <em>b\u00e9kess\u00e9g<\/em> a f\u00f6ld\u00f6n a j\u00f3sz\u00e1nd\u00e9k\u00fa embereknek!\u201d Val\u00f3ban megtapasztalhatta az\u00f3ta minden h\u00edv\u0151, hogy J\u00e9zus a Krisztus, aki k\u00e9pes kiengesztelni minket Istennel \u00e9s egym\u00e1ssal. Hogy ez megval\u00f3suljon, annak viszont van egy felt\u00e9tele: b\u0171nb\u00e1natot kell tartanunk. Nem csak Istent\u0151l, de emberekt\u0151l is bocs\u00e1natot kell k\u00e9rn\u00fcnk, ha ez sz\u00fcks\u00e9ges: \u201eAmikor f\u00f6laj\u00e1nlod adom\u00e1nyodat az olt\u00e1ron, \u00e9s ott eszedbe jut, hogy testv\u00e9rednek valami panasza van ellened, hagyd ott az adom\u00e1nyodat az olt\u00e1r el\u0151tt, \u00e9s el\u0151sz\u00f6r menj, b\u00e9k\u00fclj ki testv\u00e9reddel, s csak akkor menj \u00e9s aj\u00e1nld fel adom\u00e1nyodat\u201d (Mt 5,23-24).<\/p>\n<p>Kedves Testv\u00e9rek! Valljuk be, hogy minden ember c\u00e9lja, legf\u0151bb v\u00e1gya: boldogan \u00e9s b\u00e9k\u00e9ben \u00e9lni. Azok, akik Isten seg\u00edts\u00e9g\u00e9vel m\u00e1r eljutottak ide, \u0151rizz\u00e9k ezt a lelki kincset az \u00dar J\u00e9zus \u00e1ltal megadott \u00faton-m\u00f3don: \u201eHa valaki ut\u00e1nam akar j\u00f6nni, tagadja meg \u00f6nmag\u00e1t, vegye f\u00f6l a keresztj\u00e9t \u00e9s k\u00f6vessen engem. Mert aki meg akarja menteni \u00e9let\u00e9t, elvesz\u00edti azt, aki pedig elvesz\u00edti \u00e9let\u00e9t \u00e9n\u00e9rtem, megtal\u00e1lja azt\u201d (Mt 16,24-25).<\/p>\n<p>A b\u00e9kess\u00e9gre eljut\u00f3 j\u00f3sz\u00e1nd\u00e9k\u00fa embereknek ezut\u00e1n m\u00e1r feladatuk, hogy tov\u00e1bbadj\u00e1k a b\u00e9kess\u00e9get. Ezt gyakorolta J\u00e9zus is a k\u00f6sz\u00f6nt\u00e9s\u00e9vel (shalom, vagyis \u201eb\u00e9kess\u00e9g nektek!\u201d). Ezt kell nek\u00fcnk is gyakorolnunk: b\u00e9kess\u00e9get \u00e9p\u00edteni, Isten \u00e1ld\u00e1s\u00e1t k\u00e9rni (\u00e1ld\u00e1s, b\u00e9kess\u00e9g).<\/p>\n<p>Ne felejts\u00fck el, hogy mi rontja el a b\u00e9k\u00e9nket. Jakab apostol azt \u00edrja, hogy a benn\u00fcnk viaskod\u00f3 b\u0171n\u00f6s v\u00e1gyak miatt kezd\u0151dik a veszeked\u00e9s, vereked\u00e9s (v\u00f6. Jak 4,1-2). Ne keress\u00fck a hib\u00e1t m\u00e1sokban, ink\u00e1bb el\u0151sz\u00f6r magunkban. Fedezz\u00fck fel teh\u00e1t mindazokat a negat\u00edv v\u00e1gyakat, indulatokat, haragv\u00e1sokat, gy\u0171l\u00f6lk\u00f6d\u00e9seket, melyeket meg kell tagadnunk, \u00e9s amelyekt\u0151l meg kell szabadulnunk. J\u00e9zus seg\u00edt ebben. Az Aty\u00e1hoz sz\u00f3l\u00f3 legf\u0151bb im\u00e1nkat (Miaty\u00e1nk) is csak \u00edgy tudjuk \u0151szint\u00e9n mondani, ha m\u00e9g az ellen\u00fcnk v\u00e9tkez\u0151nek is megbocs\u00e1tunk.<\/p>\n<p>A Megv\u00e1lt\u00f3 J\u00e9zus most is, kar\u00e1csony ut\u00e1n is folytonosan meg akar sz\u00fcletni a sz\u00edv\u00fcnkben, hogy felismerhess\u00fck b\u0171neinket \u00e9s megszabadulhassunk t\u0151l\u00fck, kiengesztel\u0151dj\u00fcnk Istennel \u00e9s embert\u00e1rsainkkal; hogy a benn\u00fcnk n\u00f6vekv\u0151 szeretet legy\u0151zhesse a benn\u00fcnk lappang\u00f3 gy\u0171l\u00f6letet, s \u00edgy megsz\u00fclessen benn\u00fcnk \u00e9s egyre t\u00f6bb embert\u00e1rsunkban a b\u00e9ke. A b\u00e9ke, mely \u00edgy kicsiben, benn\u00fcnk kezd\u0151dik, s ut\u00e1na terjedhet ki az eg\u00e9sz orsz\u00e1gra, az eg\u00e9sz vil\u00e1gra. Ha viszont benn\u00fcnk nem sz\u00fcletik meg, az orsz\u00e1gban, a vil\u00e1gban sem tud megval\u00f3sulni. K\u00e9rj\u00fck teh\u00e1t a megsz\u00fclet\u0151 B\u00e9ke Fejedelm\u00e9t: \u201eUram, adj nek\u00fcnk b\u00e9k\u00e9t, add nek\u00fcnk a Te b\u00e9k\u00e9det!\u201d<\/p>\n<p>Minden Olvas\u00f3nak szeretettel k\u00edv\u00e1nok Istent\u0151l meg\u00e1ldott, sz\u00e9p, <em>b\u00e9k\u00e9s<\/em> kar\u00e1csonyt!<\/p>\n<p style=\"text-align: right;\"><strong><em>Majnek Antal<\/em><\/strong><br \/><strong><em>munk\u00e1csi r\u00f3mai katolikus megy\u00e9sp\u00fcsp\u00f6k<\/em><\/strong><\/p>\n","protected":false},"excerpt":{"rendered":"<p>Kedves Testv\u00e9rek! Az emberis\u00e9g t\u00f6rt\u00e9nete K\u00e1in \u00f3ta tele van veszeked\u00e9ssel, h\u00e1bor\u00fas\u00e1ggal. Rengeteg fesz\u00fclts\u00e9g tapasztalhat\u00f3 m\u00e9g a b\u00e9k\u00e9snek l\u00e1tsz\u00f3 orsz\u00e1gokban \u00e9s n\u00e9pek k\u00f6z\u00f6tt, de m\u00e9g egy csal\u00e1don bel\u00fcl is. Mi ezeknek az oka? Az ember a sz\u00edv\u00e9ben vesz\u00edtette el a b\u00e9k\u00e9t. Hogyan kaphatn\u00e1 vissza? Mivel Isten saj\u00e1t k\u00e9p\u00e9re \u00e9s hasonlatoss\u00e1g\u00e1ra teremtette \u0151t, el\u0151sz\u00f6r ki kell b\u00e9k\u00fclnie [&hellip;]<\/p>\n","protected":false},"author":1,"featured_media":1213,"comment_status":"open","ping_status":"open","sticky":false,"template":"","format":"standard","meta":{"_acf_changed":false,"_et_pb_use_builder":"","_et_pb_old_content":"","_et_gb_content_width":"","footnotes":""},"categories":[10],"tags":[],"class_list":["post-1214","post","type-post","status-publish","format-standard","has-post-thumbnail","hentry","category-aktualis-hirek","et-has-post-format-content","et_post_format-et-post-format-standard"],"acf":[],"_links":{"self":[{"href":"https:\/\/munkacs-diocese.org\/hu\/wp-json\/wp\/v2\/posts\/1214"}],"collection":[{"href":"https:\/\/munkacs-diocese.org\/hu\/wp-json\/wp\/v2\/posts"}],"about":[{"href":"https:\/\/munkacs-diocese.org\/hu\/wp-json\/wp\/v2\/types\/post"}],"author":[{"embeddable":true,"href":"https:\/\/munkacs-diocese.org\/hu\/wp-json\/wp\/v2\/users\/1"}],"replies":[{"embeddable":true,"href":"https:\/\/munkacs-diocese.org\/hu\/wp-json\/wp\/v2\/comments?post=1214"}],"version-history":[{"count":0,"href":"https:\/\/munkacs-diocese.org\/hu\/wp-json\/wp\/v2\/posts\/1214\/revisions"}],"wp:featuredmedia":[{"embeddable":true,"href":"https:\/\/munkacs-diocese.org\/hu\/wp-json\/wp\/v2\/media\/1213"}],"wp:attachment":[{"href":"https:\/\/munkacs-diocese.org\/hu\/wp-json\/wp\/v2\/media?parent=1214"}],"wp:term":[{"taxonomy":"category","embeddable":true,"href":"https:\/\/munkacs-diocese.org\/hu\/wp-json\/wp\/v2\/categories?post=1214"},{"taxonomy":"post_tag","embeddable":true,"href":"https:\/\/munkacs-diocese.org\/hu\/wp-json\/wp\/v2\/tags?post=1214"}],"curies":[{"name":"wp","href":"https:\/\/api.w.org\/{rel}","templated":true}]}}