{"id":12124,"date":"2024-07-22T12:22:00","date_gmt":"2024-07-22T10:22:00","guid":{"rendered":"https:\/\/munkacs-diocese.org\/hu\/?p=12124"},"modified":"2024-07-22T12:22:00","modified_gmt":"2024-07-22T10:22:00","slug":"mindenhato-isten-aldd-meg-ukrajnat-es-adj-neki-beket-zarandoklat-es-unnepi-szentmise-a-vatikani-allamtitkarral-berdicsivben-ukrajna-nemzeti-kegyhelyen","status":"publish","type":"post","link":"https:\/\/munkacs-diocese.org\/hu\/2024\/07\/22\/mindenhato-isten-aldd-meg-ukrajnat-es-adj-neki-beket-zarandoklat-es-unnepi-szentmise-a-vatikani-allamtitkarral-berdicsivben-ukrajna-nemzeti-kegyhelyen\/","title":{"rendered":"\u201eMindenhat\u00f3 Isten, \u00e1ldd meg Ukrajn\u00e1t \u00e9s adj neki b\u00e9k\u00e9t!\u201d &#8211; Zar\u00e1ndoklat \u00e9s \u00fcnnepi szentmise a vatik\u00e1ni \u00e1llamtitk\u00e1rral Berdicsivben, Ukrajna nemzeti kegyhely\u00e9n"},"content":{"rendered":"<div id=\"fb-root\"><\/div>\n<p style=\"text-align: justify;\"><strong>Az id\u00e9n k\u00fcl\u00f6n\u00f6s jelent\u0151s\u00e9get kapott Ukrajna nemzeti kegyhely\u00e9n, Berdicsivben, a K\u00e1rmelhegyi Sz\u0171zanya \u00fcnnep\u00e9hez kapcsol\u00f3d\u00f3 zar\u00e1ndoklat \u00e9s szentmise. J\u00falius 13-\u00e1n Ferenc p\u00e1pa latin nyelv\u0171 megb\u00edz\u00f3lev\u00e9lben kinevezte Pietro Parolin b\u00edboros-\u00e1llamtitk\u00e1rt, hogy k\u00e9pviselje a Szentaty\u00e1t j\u00falius 21-\u00e9n az ukrajnai Berdicsiv M\u00e1ria-kegyhely\u00e9n, a latin r\u00edtus\u00fa h\u00edvek zar\u00e1ndoklat\u00e1n. <\/strong><\/p>\n<p style=\"text-align: justify;\">Az \u00e9szak-ukrajnai kegyhelyre szervezett zar\u00e1ndoklatot j\u00falius 21-\u00e9n z\u00e1rt\u00e1k le \u00fcnnep\u00e9lyesen. A b\u00edborost Ruszlan Mihalkiv, a Kijev-Zsitomiri Egyh\u00e1zmegye szemin\u00e1rium\u00e1nak rektora \u00e9s Andrij Lehovics, a lvivi latin r\u00edtus\u00fa \u00e9rsek titk\u00e1ra k\u00eds\u00e9rte el az \u00fatra.<\/p>\n<p style=\"text-align: justify;\">Ma, a h\u00e1bor\u00fa \u00e9s az er\u0151szak szomor\u00fa, gy\u00e1sszal teli id\u0151szak\u00e1ban Ukrajna a Sz\u0171zanya k\u00f6zbenj\u00e1r\u00e1s\u00e1t k\u00e9ri a b\u00e9ke kegyelm\u00e9\u00e9rt. A lev\u00e9l v\u00e9g\u00e9n Ferenc p\u00e1pa arra k\u00e9ri k\u00f6vet\u00e9t, vigye el az \u0151 \u00e1ld\u00e1s\u00e1t, j\u00f3akarat\u00e1t \u00e9s k\u00f6zels\u00e9g\u00e9t ebben a k\u00fcl\u00f6n\u00f6sen neh\u00e9z helyzetben a szeretett ukrajnai n\u00e9pnek.<\/p>\n<p style=\"text-align: justify;\">A vatik\u00e1ni \u00e1llamtitk\u00e1r j\u00falius 19-\u00e9n \u00e9rkezett Ukrajn\u00e1ba. A vatik\u00e1ni \u00e1llamtitk\u00e1r els\u0151 programja az egyh\u00e1zi \u00e9s polg\u00e1ri hat\u00f3s\u00e1gok k\u00e9pvisel\u0151ivel folytatott tal\u00e1lkoz\u00f3 volt. J\u00falius 19-\u00e9n, p\u00e9nteken Parolin b\u00edboros az ukrajnai apostoli nuncius, Visvaldas Kulbokas \u00e9rsek k\u00eds\u00e9ret\u00e9ben a k\u00e9s\u0151 d\u00e9lut\u00e1ni \u00f3r\u00e1kban meg\u00e9rkezett a lvivi r\u00f3mai katolikus \u00e9rseks\u00e9g k\u00fari\u00e1j\u00e1ra, ahol Mieczys\u0142aw Mokrzycki metropolita, valamint Edward Kava \u00e9s Leon Mali seg\u00e9dp\u00fcsp\u00f6k\u00f6k fogadt\u00e1k. A tal\u00e1lkoz\u00f3n r\u00e9szt vett Volodimir Hrutsa, a g\u00f6r\u00f6gkatolikus egyh\u00e1z lvivi f\u0151eparchi\u00e1j\u00e1nak seg\u00e9dp\u00fcsp\u00f6ke is. Jelen volt Makszim Kozickij, a lvivi region\u00e1lis \u00f6nkorm\u00e1nyzat vezet\u0151je \u00e9s Andrij Szadovij, Lviv polg\u00e1rmestere.<\/p>\n<p style=\"text-align: justify;\">\u201eA l\u00e1togat\u00e1s a berdicsivi M\u00e1ria-kegyhelyen tartand\u00f3 szertart\u00e1shoz k\u00f6t\u0151dik. Ez\u00e9rt a Szentatya a latin r\u00edtus\u00fa p\u00fcsp\u00f6k\u00f6k k\u00e9r\u00e9s\u00e9re engem k\u00fcld\u00f6tt k\u00fcl\u00f6nleges k\u00fcld\u00f6ttek\u00e9nt a kegyhely basilica minor rangra emel\u00e9s\u00e9re \u2013 hangs\u00falyozta Parolin b\u00edboros. \u2013 Teh\u00e1t az els\u0151 c\u00e9l pontosan az lesz, hogy osztozzunk a h\u00edvekkel ebben az \u00fcnnepben \u00e9s az im\u00e1ban, ami term\u00e9szetesen mindenekel\u0151tt a b\u00e9k\u00e9\u00e9rt sz\u00f3l. K\u00f6z\u00f6s ima, amelyet Isten Anyj\u00e1hoz int\u00e9z\u00fcnk, hogy v\u00e9gre adja meg a b\u00e9k\u00e9t ennek az orsz\u00e1gnak, amelyet a Szentatya mindig \u00bbmeggy\u00f6t\u00f6rtnek\u00ab, a \u00bbmeggy\u00f6t\u00f6rt Ukrajn\u00e1nak\u00ab nevez. Term\u00e9szetesen ez az esem\u00e9ny lehet\u0151s\u00e9get k\u00edn\u00e1l arra is, hogy tal\u00e1lkozzam az orsz\u00e1g hat\u00f3s\u00e1gaival, mert m\u00e1r egy ideje kaptam megh\u00edv\u00e1st, hogy j\u00f6jjek el Ukrajn\u00e1ba ebben a k\u00fcl\u00f6nleges h\u00e1bor\u00fas helyzetben. \u00cdgy a vas\u00e1rnapi szentmise ut\u00e1n lehet\u0151s\u00e9gem lesz tal\u00e1lkozni a hat\u00f3s\u00e1gokkal, \u00e9s \u00fagy gondolom az eln\u00f6kkel is. A b\u00e9k\u00e9r\u0151l fogunk besz\u00e9lni, hogy melyek a b\u00e9ke lehets\u00e9ges kil\u00e1t\u00e1sai\u201d \u2013 nyilatkozta a vatik\u00e1ni \u00e1llamtitk\u00e1r.<\/p>\n\n\t\t<style type=\"text\/css\">\n\t\t\t#gallery-1 {\n\t\t\t\tmargin: auto;\n\t\t\t}\n\t\t\t#gallery-1 .gallery-item {\n\t\t\t\tfloat: left;\n\t\t\t\tmargin-top: 10px;\n\t\t\t\ttext-align: center;\n\t\t\t\twidth: 50%;\n\t\t\t}\n\t\t\t#gallery-1 img {\n\t\t\t\tborder: 2px solid #cfcfcf;\n\t\t\t}\n\t\t\t#gallery-1 .gallery-caption {\n\t\t\t\tmargin-left: 0;\n\t\t\t}\n\t\t\t\/* see gallery_shortcode() in wp-includes\/media.php *\/\n\t\t<\/style>\n\t\t<div id='gallery-1' class='gallery galleryid-12124 gallery-columns-2 gallery-size-full'><dl class='gallery-item'>\n\t\t\t<dt class='gallery-icon landscape'>\n\t\t\t\t<a href='https:\/\/munkacs-diocese.org\/hu\/2024\/07\/22\/mindenhato-isten-aldd-meg-ukrajnat-es-adj-neki-beket-zarandoklat-es-unnepi-szentmise-a-vatikani-allamtitkarral-berdicsivben-ukrajna-nemzeti-kegyhelyen\/parolin-osesszaban\/'><img loading=\"lazy\" decoding=\"async\" width=\"750\" height=\"422\" src=\"https:\/\/munkacs-diocese.org\/hu\/wp-content\/uploads\/2024\/07\/Parolin-Osesszaban.jpeg\" class=\"attachment-full size-full\" alt=\"\" srcset=\"https:\/\/munkacs-diocese.org\/hu\/wp-content\/uploads\/2024\/07\/Parolin-Osesszaban.jpeg 750w, https:\/\/munkacs-diocese.org\/hu\/wp-content\/uploads\/2024\/07\/Parolin-Osesszaban-300x169.jpeg 300w\" sizes=\"(max-width: 750px) 100vw, 750px\" \/><\/a>\n\t\t\t<\/dt><\/dl><dl class='gallery-item'>\n\t\t\t<dt class='gallery-icon landscape'>\n\t\t\t\t<a href='https:\/\/munkacs-diocese.org\/hu\/2024\/07\/22\/mindenhato-isten-aldd-meg-ukrajnat-es-adj-neki-beket-zarandoklat-es-unnepi-szentmise-a-vatikani-allamtitkarral-berdicsivben-ukrajna-nemzeti-kegyhelyen\/parolin01\/'><img loading=\"lazy\" decoding=\"async\" width=\"750\" height=\"422\" src=\"https:\/\/munkacs-diocese.org\/hu\/wp-content\/uploads\/2024\/07\/Parolin01.jpeg\" class=\"attachment-full size-full\" alt=\"\" srcset=\"https:\/\/munkacs-diocese.org\/hu\/wp-content\/uploads\/2024\/07\/Parolin01.jpeg 750w, https:\/\/munkacs-diocese.org\/hu\/wp-content\/uploads\/2024\/07\/Parolin01-300x169.jpeg 300w\" sizes=\"(max-width: 750px) 100vw, 750px\" \/><\/a>\n\t\t\t<\/dt><\/dl><br style=\"clear: both\" \/>\n\t\t<\/div>\n\n<p style=\"text-align: justify;\">A b\u00edboros j\u00falius 20-\u00e1n, szombaton Odessz\u00e1ban, a Nagyboldogasszony r\u00f3mai katolikus sz\u00e9kesegyh\u00e1z\u00e1ban a p\u00fcsp\u00f6kkel \u00e9s papokkal, az ukr\u00e1n ortodox egyh\u00e1z k\u00e9pvisel\u0151ivel, a korm\u00e1ny k\u00e9pvisel\u0151ivel \u00e9s a v\u00e1ros katolikus k\u00f6z\u00f6ss\u00e9g\u00e9nek tagjaival tal\u00e1lkozott. A tal\u00e1lkoz\u00f3 a sz\u00e9kesegyh\u00e1zban alkalmas id\u0151 volt arra, hogy osztozzon a f\u00e1jdalomban, \u00e9s a helyi katolikus p\u00fcsp\u00f6kkel gyerty\u00e1t gy\u00fajtott az ukrajnai h\u00e1bor\u00faban elhunytak eml\u00e9k\u00e9re. Parolin b\u00edboros elmondta, hogy fontos eml\u00e9kezn\u00fcnk \u201eazok f\u00e1jdalm\u00e1ra, akik elvesztett\u00e9k szeretteiket, akik megsebes\u00fcltek, \u00e9s azok\u00e9ra, akik minden\u00fcket elvesztett\u00e9k, akik k\u00e9nytelenek voltak elhagyni az orsz\u00e1got \u00e9s m\u00e1shol keresnek mened\u00e9ket\u201d. A b\u00edboros hangs\u00falyozta, hogy a tal\u00e1lkoz\u00f3 a rem\u00e9ny megoszt\u00e1s\u00e1nak pillanata is volt. \u201eKereszt\u00e9nyk\u00e9nt nem szabad elvesz\u00edten\u00fcnk a rem\u00e9nyt\u201d \u2013 mutatott r\u00e1 az \u00e1llamtitk\u00e1r \u2013 \u00e9s ebbe beletartozik az a rem\u00e9ny, hogy az \u00dar kegyelme \u00e1ltal, aki k\u00e9pes meg\u00e9rinteni m\u00e9g a legkem\u00e9nyebb sz\u00edveket is, megtal\u00e1lhatjuk az igazs\u00e1gos b\u00e9k\u00e9hez vezet\u0151 utat\u201d.<\/p>\n\n\t\t<style type=\"text\/css\">\n\t\t\t#gallery-2 {\n\t\t\t\tmargin: auto;\n\t\t\t}\n\t\t\t#gallery-2 .gallery-item {\n\t\t\t\tfloat: left;\n\t\t\t\tmargin-top: 10px;\n\t\t\t\ttext-align: center;\n\t\t\t\twidth: 50%;\n\t\t\t}\n\t\t\t#gallery-2 img {\n\t\t\t\tborder: 2px solid #cfcfcf;\n\t\t\t}\n\t\t\t#gallery-2 .gallery-caption {\n\t\t\t\tmargin-left: 0;\n\t\t\t}\n\t\t\t\/* see gallery_shortcode() in wp-includes\/media.php *\/\n\t\t<\/style>\n\t\t<div id='gallery-2' class='gallery galleryid-12124 gallery-columns-2 gallery-size-full'><dl class='gallery-item'>\n\t\t\t<dt class='gallery-icon landscape'>\n\t\t\t\t<a href='https:\/\/munkacs-diocese.org\/hu\/2024\/07\/22\/mindenhato-isten-aldd-meg-ukrajnat-es-adj-neki-beket-zarandoklat-es-unnepi-szentmise-a-vatikani-allamtitkarral-berdicsivben-ukrajna-nemzeti-kegyhelyen\/parolin-odesszaban2\/'><img loading=\"lazy\" decoding=\"async\" width=\"750\" height=\"422\" src=\"https:\/\/munkacs-diocese.org\/hu\/wp-content\/uploads\/2024\/07\/Parolin-Odesszaban2.jpg\" class=\"attachment-full size-full\" alt=\"\" srcset=\"https:\/\/munkacs-diocese.org\/hu\/wp-content\/uploads\/2024\/07\/Parolin-Odesszaban2.jpg 750w, https:\/\/munkacs-diocese.org\/hu\/wp-content\/uploads\/2024\/07\/Parolin-Odesszaban2-300x169.jpg 300w\" sizes=\"(max-width: 750px) 100vw, 750px\" \/><\/a>\n\t\t\t<\/dt><\/dl><dl class='gallery-item'>\n\t\t\t<dt class='gallery-icon landscape'>\n\t\t\t\t<a href='https:\/\/munkacs-diocese.org\/hu\/2024\/07\/22\/mindenhato-isten-aldd-meg-ukrajnat-es-adj-neki-beket-zarandoklat-es-unnepi-szentmise-a-vatikani-allamtitkarral-berdicsivben-ukrajna-nemzeti-kegyhelyen\/parolin-odesszaban\/'><img loading=\"lazy\" decoding=\"async\" width=\"750\" height=\"422\" src=\"https:\/\/munkacs-diocese.org\/hu\/wp-content\/uploads\/2024\/07\/Parolin-Odesszaban.png\" class=\"attachment-full size-full\" alt=\"\" srcset=\"https:\/\/munkacs-diocese.org\/hu\/wp-content\/uploads\/2024\/07\/Parolin-Odesszaban.png 750w, https:\/\/munkacs-diocese.org\/hu\/wp-content\/uploads\/2024\/07\/Parolin-Odesszaban-300x169.png 300w\" sizes=\"(max-width: 750px) 100vw, 750px\" \/><\/a>\n\t\t\t<\/dt><\/dl><br style=\"clear: both\" \/>\n\t\t<\/div>\n\n<p style=\"text-align: justify;\">Az odesszai Nagyboldogasszony r\u00f3mai katolikus sz\u00e9kesegyh\u00e1zban tartott tal\u00e1lkoz\u00f3 ut\u00e1n Parolin b\u00edboros megl\u00e1togatta a v\u00e1ros ortodox sz\u00e9kesegyh\u00e1z\u00e1t \u2013 amely tavaly egy orosz rak\u00e9tat\u00e1mad\u00e1s sor\u00e1n s\u00falyosan megrong\u00e1l\u00f3dott \u2013 \u00e9s a Szent Mih\u00e1ly g\u00f6r\u00f6gkatolikus par\u00f3ki\u00e1t is.<\/p>\n<p style=\"text-align: justify;\">Pietro Parolin b\u00edboros \u00e1llamtitk\u00e1r p\u00e1pai leg\u00e1tusk\u00e9nt tett l\u00e1togat\u00e1s\u00e1nak harmadik napj\u00e1n Visvaldas Kulbokas nuncius k\u00eds\u00e9ret\u00e9ben \u00e9rkezett meg a nemzeti kegyhelly\u00e9 nyilv\u00e1n\u00edtott, Zsitomir r\u00e9gi\u00f3ban tal\u00e1lhat\u00f3 k\u00e1rmelita kolostorba, ahol a hat\u00f3s\u00e1gok \u00e9s a diplom\u00e1ciai test\u00fclet k\u00e9pvisel\u0151i, Ukrajna k\u00fcl\u00f6nb\u00f6z\u0151 r\u00e9szeib\u0151l \u00e9rkez\u0151 zar\u00e1ndokok \u00e9s k\u00fclf\u00f6ldi k\u00fcld\u00f6tts\u00e9gek v\u00e1rt\u00e1k.<\/p>\n\n\t\t<style type=\"text\/css\">\n\t\t\t#gallery-3 {\n\t\t\t\tmargin: auto;\n\t\t\t}\n\t\t\t#gallery-3 .gallery-item {\n\t\t\t\tfloat: left;\n\t\t\t\tmargin-top: 10px;\n\t\t\t\ttext-align: center;\n\t\t\t\twidth: 50%;\n\t\t\t}\n\t\t\t#gallery-3 img {\n\t\t\t\tborder: 2px solid #cfcfcf;\n\t\t\t}\n\t\t\t#gallery-3 .gallery-caption {\n\t\t\t\tmargin-left: 0;\n\t\t\t}\n\t\t\t\/* see gallery_shortcode() in wp-includes\/media.php *\/\n\t\t<\/style>\n\t\t<div id='gallery-3' class='gallery galleryid-12124 gallery-columns-2 gallery-size-full'><dl class='gallery-item'>\n\t\t\t<dt class='gallery-icon landscape'>\n\t\t\t\t<a href='https:\/\/munkacs-diocese.org\/hu\/2024\/07\/22\/mindenhato-isten-aldd-meg-ukrajnat-es-adj-neki-beket-zarandoklat-es-unnepi-szentmise-a-vatikani-allamtitkarral-berdicsivben-ukrajna-nemzeti-kegyhelyen\/parolin-berdicsivben07\/'><img loading=\"lazy\" decoding=\"async\" width=\"844\" height=\"457\" src=\"https:\/\/munkacs-diocese.org\/hu\/wp-content\/uploads\/2024\/07\/Parolin-Berdicsivben07-e1721643570144.jpg\" class=\"attachment-full size-full\" alt=\"\" srcset=\"https:\/\/munkacs-diocese.org\/hu\/wp-content\/uploads\/2024\/07\/Parolin-Berdicsivben07-e1721643570144.jpg 844w, https:\/\/munkacs-diocese.org\/hu\/wp-content\/uploads\/2024\/07\/Parolin-Berdicsivben07-e1721643570144-300x162.jpg 300w, https:\/\/munkacs-diocese.org\/hu\/wp-content\/uploads\/2024\/07\/Parolin-Berdicsivben07-e1721643570144-768x416.jpg 768w\" sizes=\"(max-width: 844px) 100vw, 844px\" \/><\/a>\n\t\t\t<\/dt><\/dl><dl class='gallery-item'>\n\t\t\t<dt class='gallery-icon landscape'>\n\t\t\t\t<a href='https:\/\/munkacs-diocese.org\/hu\/2024\/07\/22\/mindenhato-isten-aldd-meg-ukrajnat-es-adj-neki-beket-zarandoklat-es-unnepi-szentmise-a-vatikani-allamtitkarral-berdicsivben-ukrajna-nemzeti-kegyhelyen\/parolin-berdicsivben05\/'><img loading=\"lazy\" decoding=\"async\" width=\"750\" height=\"403\" src=\"https:\/\/munkacs-diocese.org\/hu\/wp-content\/uploads\/2024\/07\/Parolin-Berdicsivben05-e1721643597227.jpeg\" class=\"attachment-full size-full\" alt=\"\" srcset=\"https:\/\/munkacs-diocese.org\/hu\/wp-content\/uploads\/2024\/07\/Parolin-Berdicsivben05-e1721643597227.jpeg 750w, https:\/\/munkacs-diocese.org\/hu\/wp-content\/uploads\/2024\/07\/Parolin-Berdicsivben05-e1721643597227-300x161.jpeg 300w\" sizes=\"(max-width: 750px) 100vw, 750px\" \/><\/a>\n\t\t\t<\/dt><\/dl><br style=\"clear: both\" \/>\n\t\t<\/div>\n\n<p style=\"text-align: justify;\">A szentbesz\u00e9dben, amelyet Edward Kawa, lembergi seg\u00e9dp\u00fcsp\u00f6k ford\u00edtott &#8211; Parolin b\u00edboros az els\u0151 csod\u00e1ra eml\u00e9keztetett, amely f\u00e9mjelezte ennek az istentiszteleti helynek a t\u00f6rt\u00e9net\u00e9t. Ez 1627-ben t\u00f6rt\u00e9nt, amikor Janusz Tyszkiewicz, Kijev \u00e9s Zsitom\u00edr f\u00f6ldj\u00e9nek korm\u00e1nyz\u00f3ja a tat\u00e1rok elleni csat\u00e1ban fogs\u00e1gba esett. Megl\u00e1ncolva meg\u00edg\u00e9rte, hogy ha elnyeri szabads\u00e1g\u00e1t, valamilyen j\u00f3cselekedetet tesz Isten \u00e9s Sz\u0171z M\u00e1ria tisztelet\u00e9re. Mik\u00f6zben aludt, ismeretlen szerzetesek jelentek meg neki, akik Istenhez \u00e9s a Sz\u0171zany\u00e1hoz im\u00e1dkoztak a szabadul\u00e1s\u00e1\u00e9rt. Miut\u00e1n kiszabadult, elhat\u00e1rozta, hogy Berdicsivben kolostort \u00e9p\u00edttet az \u00e1lm\u00e1ban l\u00e1tott szerzeteseknek, akiket h\u00e1rom \u00e9vvel k\u00e9s\u0151bb a lublini karmelit\u00e1kban ismert fel. A templomot 1642-ben szentelt\u00e9k fel. 1642-ben a f\u0151olt\u00e1rra helyezt\u00e9k a Havas Boldogasszony ikonj\u00e1t, amely a r\u00f3mai Santa Maria Maggiore bazilik\u00e1ban \u0151rz\u00f6tt, a Salus Populi Romani n\u00e9ven ismert ikon m\u00e1solat\u00e1t. A m\u00e1solatot maga Tyszkiewicz adom\u00e1nyozta, aki kor\u00e1bban csal\u00e1dj\u00e1n\u00e1l \u0151rizte, \u00e9s 1647-ben az akkori kijevi p\u00fcsp\u00f6k &#8211; aki meggy\u00f3gyult, miut\u00e1n el\u0151tte im\u00e1dkozott &#8211; csodat\u00e9v\u0151nek nyilv\u00e1n\u00edtotta.<\/p>\n\n\t\t<style type=\"text\/css\">\n\t\t\t#gallery-4 {\n\t\t\t\tmargin: auto;\n\t\t\t}\n\t\t\t#gallery-4 .gallery-item {\n\t\t\t\tfloat: left;\n\t\t\t\tmargin-top: 10px;\n\t\t\t\ttext-align: center;\n\t\t\t\twidth: 50%;\n\t\t\t}\n\t\t\t#gallery-4 img {\n\t\t\t\tborder: 2px solid #cfcfcf;\n\t\t\t}\n\t\t\t#gallery-4 .gallery-caption {\n\t\t\t\tmargin-left: 0;\n\t\t\t}\n\t\t\t\/* see gallery_shortcode() in wp-includes\/media.php *\/\n\t\t<\/style>\n\t\t<div id='gallery-4' class='gallery galleryid-12124 gallery-columns-2 gallery-size-full'><dl class='gallery-item'>\n\t\t\t<dt class='gallery-icon landscape'>\n\t\t\t\t<a href='https:\/\/munkacs-diocese.org\/hu\/2024\/07\/22\/mindenhato-isten-aldd-meg-ukrajnat-es-adj-neki-beket-zarandoklat-es-unnepi-szentmise-a-vatikani-allamtitkarral-berdicsivben-ukrajna-nemzeti-kegyhelyen\/parolin-berdicsivben10\/'><img loading=\"lazy\" decoding=\"async\" width=\"950\" height=\"633\" src=\"https:\/\/munkacs-diocese.org\/hu\/wp-content\/uploads\/2024\/07\/Parolin-Berdicsivben10.jpg\" class=\"attachment-full size-full\" alt=\"\" srcset=\"https:\/\/munkacs-diocese.org\/hu\/wp-content\/uploads\/2024\/07\/Parolin-Berdicsivben10.jpg 950w, https:\/\/munkacs-diocese.org\/hu\/wp-content\/uploads\/2024\/07\/Parolin-Berdicsivben10-300x200.jpg 300w, https:\/\/munkacs-diocese.org\/hu\/wp-content\/uploads\/2024\/07\/Parolin-Berdicsivben10-768x512.jpg 768w\" sizes=\"(max-width: 950px) 100vw, 950px\" \/><\/a>\n\t\t\t<\/dt><\/dl><dl class='gallery-item'>\n\t\t\t<dt class='gallery-icon landscape'>\n\t\t\t\t<a href='https:\/\/munkacs-diocese.org\/hu\/2024\/07\/22\/mindenhato-isten-aldd-meg-ukrajnat-es-adj-neki-beket-zarandoklat-es-unnepi-szentmise-a-vatikani-allamtitkarral-berdicsivben-ukrajna-nemzeti-kegyhelyen\/parolin-berdicsivben11\/'><img loading=\"lazy\" decoding=\"async\" width=\"950\" height=\"633\" src=\"https:\/\/munkacs-diocese.org\/hu\/wp-content\/uploads\/2024\/07\/Parolin-Berdicsivben11.jpg\" class=\"attachment-full size-full\" alt=\"\" srcset=\"https:\/\/munkacs-diocese.org\/hu\/wp-content\/uploads\/2024\/07\/Parolin-Berdicsivben11.jpg 950w, https:\/\/munkacs-diocese.org\/hu\/wp-content\/uploads\/2024\/07\/Parolin-Berdicsivben11-300x200.jpg 300w, https:\/\/munkacs-diocese.org\/hu\/wp-content\/uploads\/2024\/07\/Parolin-Berdicsivben11-768x512.jpg 768w\" sizes=\"(max-width: 950px) 100vw, 950px\" \/><\/a>\n\t\t\t<\/dt><\/dl><br style=\"clear: both\" \/>\n\t\t<\/div>\n\n<p style=\"text-align: justify;\">\u201eSoha ne vesz\u00edts\u00fck el az Istenbe vetett bizalmat \u00e9s rem\u00e9nyt, k\u00fcl\u00f6n\u00f6sen ma, amikor \u00fagy t\u0171nik, hogy a gonosz kerekedik fel\u00fcl, amikor a h\u00e1bor\u00fa borzalmai, a sok \u00e1ldozat f\u00e1jdalma \u00e9s a hatalmas puszt\u00edt\u00e1s al\u00e1\u00e1ssa az isteni j\u00f3s\u00e1gba vetett hitet, amikor a karunk leesik, \u00e9s m\u00e1r im\u00e1dkozni sincs er\u0151nk\u201d. \u00cdgy folytatja a hom\u00edlia, arra h\u00edvva benn\u00fcnket, hogy tekints\u00fcnk a megfesz\u00edtett Krisztusra: azon a nagyp\u00e9nteken, amikor a b\u0171n gy\u0151zedelmeskedni l\u00e1tszott, \u00e9s Isten \u00fcdv\u00f6z\u00edt\u0151 k\u00fcldet\u00e9se kudarcot vallott, \u00e9ppen akkor t\u00f6rt fel a h\u00fasv\u00e9t ragyog\u00f3 hajnala. Nem a hal\u00e1l\u00e9 az utols\u00f3 sz\u00f3, m\u00e9g akkor sem, ha az ember nehezen l\u00e1tja a felt\u00e1mad\u00e1s horizontj\u00e1t.\u201d<\/p>\n<p style=\"text-align: justify;\">A b\u00edboros hom\u00edli\u00e1j\u00e1nak utols\u00f3 r\u00e9sz\u00e9t a Sz\u0171zany\u00e1nak, az Istenany\u00e1nak szentelte, aki mellett\u00fcnk \u00e1ll szem\u00e9lyes keresztjeink f\u00e1radalmaiban, \u00e9s \u201egyeng\u00e9den k\u00eds\u00e9r minket\u201d.\u00a0 A gyeng\u00e9ds\u00e9g \u00e9s a szeretet szimb\u00f3luma, \u201e\u0151 a hajnal h\u00edrn\u00f6ke\u201d, J\u00e9zus\u00e9, aki a F\u00e9ny. \u0150 vigaszt \u00e9s biztons\u00e1gos mened\u00e9ket ny\u00fajt a szomor\u00fas\u00e1gban. \u201eIsteni Fi\u00e1hoz int\u00e9zz\u00fck k\u00f6ny\u00f6rg\u00e9seinket a meggy\u00f6t\u00f6rt ukr\u00e1n n\u00e9p\u00e9rt\u201d &#8211; mondta Parolin b\u00edboros, aki egy csod\u00e1latos im\u00e1val z\u00e1rta le besz\u00e9d\u00e9t: \u201e\u00d3, Sz\u0171zanya, add, hogy a gyermekeknek \u00e9s a fiataloknak der\u0171s \u00e9s biztos j\u00f6v\u0151j\u00fck legyen, hogy a csal\u00e1dok a szeretet meleg\u00e1gyai legyenek, hogy az id\u0151sek \u00e9s a betegek vigaszt \u00e9s enyh\u00fcl\u00e9st kapjanak szenved\u00e9seikben, hogy a haz\u00e1jukat v\u00e9d\u0151k v\u00e9dve legyenek a gonosz t\u00e1mad\u00e1sait\u00f3l, hogy a hadifoglyok visszat\u00e9rhessenek szeretteik \u00f6lel\u00e9s\u00e9be, \u00e9s hogy az \u00e1ldozatok befogad\u00e1sra ker\u00fcljenek a mennyek orsz\u00e1g\u00e1ba\u201d.<\/p>\n<p style=\"text-align: justify;\">V\u00e9g\u00fcl a b\u00edboros a K\u00e1rmel-hegyi Sz\u0171zanya egyik legfontosabb \u00e9s legismertebb jelz\u0151j\u00e9t id\u00e9zte fel, a \u201eFlos Carmeli\u201d-t, K\u00e1rmel vir\u00e1g\u00e1t, amelyet hagyom\u00e1nyosan Simon Stock angol remete szentnek tulajdon\u00edtanak. \u201eK\u00e1rmel vir\u00e1ga, vir\u00e1gz\u00f3 sz\u0151l\u0151, mennyei pompa, egyed\u00fcl te vagy Sz\u0171z Anya. Harcosok er\u0151s p\u00e1nc\u00e9lja, h\u00e1bor\u00fa d\u00fal, tedd a skapul\u00e1r\u00e9t v\u00e9delmez\u00e9s\u00fcl. \u00d3, Paradicsom kulcsa \u00e9s kapuja, menj\u00fcnk oda, ahol t\u00e9ged dics\u0151s\u00e9ggel koron\u00e1znak!\u201d \u00c1men.<\/p>\n<p style=\"text-align: justify;\">A v\u00e9gs\u0151 \u00e1ld\u00e1s ut\u00e1n Pavlo Honcsaruk, Harkiv-Zaporizzsja egyh\u00e1zmegye p\u00fcsp\u00f6ke felolvasta az im\u00e1t, amellyel a jelenl\u00e9v\u0151k M\u00e1ria Szepl\u0151telen Sz\u00edv\u00e9nek szentelt\u00e9k Ukrajn\u00e1t, \u00e9s k\u00e9rte a megt\u00e9r\u00e9st, valamint annak aj\u00e1nd\u00e9k\u00e1t, hogy \u00a0n\u00f6vekedjenek a b\u00e9ke megteremt\u00e9s\u00e9\u00e9rt tett er\u0151fesz\u00edt\u00e9sek. A p\u00e1pai leg\u00e1tus ezut\u00e1n egy r\u00f3zsaf\u00fcz\u00e9rf\u00fcz\u00e9rt adott \u00e1t a kegyhely igazgat\u00f3j\u00e1nak, Vitalij Kozak aty\u00e1nak, \u201emindannyiunk elk\u00f6telezetts\u00e9ge jel\u00e9\u00fcl, hogy tov\u00e1bbra is im\u00e1dkozzunk, hogy a Sz\u0171zanya teljes\u00edtse sz\u00e1nd\u00e9kainkat, sz\u00fcks\u00e9gleteinket \u00e9s ig\u00e9nyeinket\u201d &#8211; mondta a b\u00edboros.<\/p>\n\n\t\t<style type=\"text\/css\">\n\t\t\t#gallery-5 {\n\t\t\t\tmargin: auto;\n\t\t\t}\n\t\t\t#gallery-5 .gallery-item {\n\t\t\t\tfloat: left;\n\t\t\t\tmargin-top: 10px;\n\t\t\t\ttext-align: center;\n\t\t\t\twidth: 50%;\n\t\t\t}\n\t\t\t#gallery-5 img {\n\t\t\t\tborder: 2px solid #cfcfcf;\n\t\t\t}\n\t\t\t#gallery-5 .gallery-caption {\n\t\t\t\tmargin-left: 0;\n\t\t\t}\n\t\t\t\/* see gallery_shortcode() in wp-includes\/media.php *\/\n\t\t<\/style>\n\t\t<div id='gallery-5' class='gallery galleryid-12124 gallery-columns-2 gallery-size-full'><dl class='gallery-item'>\n\t\t\t<dt class='gallery-icon landscape'>\n\t\t\t\t<a href='https:\/\/munkacs-diocese.org\/hu\/2024\/07\/22\/mindenhato-isten-aldd-meg-ukrajnat-es-adj-neki-beket-zarandoklat-es-unnepi-szentmise-a-vatikani-allamtitkarral-berdicsivben-ukrajna-nemzeti-kegyhelyen\/parolin-berdicsivben12\/'><img loading=\"lazy\" decoding=\"async\" width=\"2560\" height=\"1707\" src=\"https:\/\/munkacs-diocese.org\/hu\/wp-content\/uploads\/2024\/07\/Parolin-Berdicsivben12.webp\" class=\"attachment-full size-full\" alt=\"\" srcset=\"https:\/\/munkacs-diocese.org\/hu\/wp-content\/uploads\/2024\/07\/Parolin-Berdicsivben12.webp 2560w, https:\/\/munkacs-diocese.org\/hu\/wp-content\/uploads\/2024\/07\/Parolin-Berdicsivben12-300x200.webp 300w, https:\/\/munkacs-diocese.org\/hu\/wp-content\/uploads\/2024\/07\/Parolin-Berdicsivben12-1024x683.webp 1024w, https:\/\/munkacs-diocese.org\/hu\/wp-content\/uploads\/2024\/07\/Parolin-Berdicsivben12-768x512.webp 768w, https:\/\/munkacs-diocese.org\/hu\/wp-content\/uploads\/2024\/07\/Parolin-Berdicsivben12-1536x1024.webp 1536w, https:\/\/munkacs-diocese.org\/hu\/wp-content\/uploads\/2024\/07\/Parolin-Berdicsivben12-2048x1366.webp 2048w, https:\/\/munkacs-diocese.org\/hu\/wp-content\/uploads\/2024\/07\/Parolin-Berdicsivben12-1080x720.webp 1080w\" sizes=\"(max-width: 2560px) 100vw, 2560px\" \/><\/a>\n\t\t\t<\/dt><\/dl><dl class='gallery-item'>\n\t\t\t<dt class='gallery-icon landscape'>\n\t\t\t\t<a href='https:\/\/munkacs-diocese.org\/hu\/2024\/07\/22\/mindenhato-isten-aldd-meg-ukrajnat-es-adj-neki-beket-zarandoklat-es-unnepi-szentmise-a-vatikani-allamtitkarral-berdicsivben-ukrajna-nemzeti-kegyhelyen\/parolin-berdicsivben13\/'><img loading=\"lazy\" decoding=\"async\" width=\"2560\" height=\"1706\" src=\"https:\/\/munkacs-diocese.org\/hu\/wp-content\/uploads\/2024\/07\/Parolin-Berdicsivben13.webp\" class=\"attachment-full size-full\" alt=\"\" srcset=\"https:\/\/munkacs-diocese.org\/hu\/wp-content\/uploads\/2024\/07\/Parolin-Berdicsivben13.webp 2560w, https:\/\/munkacs-diocese.org\/hu\/wp-content\/uploads\/2024\/07\/Parolin-Berdicsivben13-300x200.webp 300w, https:\/\/munkacs-diocese.org\/hu\/wp-content\/uploads\/2024\/07\/Parolin-Berdicsivben13-1024x682.webp 1024w, https:\/\/munkacs-diocese.org\/hu\/wp-content\/uploads\/2024\/07\/Parolin-Berdicsivben13-768x512.webp 768w, https:\/\/munkacs-diocese.org\/hu\/wp-content\/uploads\/2024\/07\/Parolin-Berdicsivben13-1536x1024.webp 1536w, https:\/\/munkacs-diocese.org\/hu\/wp-content\/uploads\/2024\/07\/Parolin-Berdicsivben13-2048x1365.webp 2048w, https:\/\/munkacs-diocese.org\/hu\/wp-content\/uploads\/2024\/07\/Parolin-Berdicsivben13-1080x720.webp 1080w\" sizes=\"(max-width: 2560px) 100vw, 2560px\" \/><\/a>\n\t\t\t<\/dt><\/dl><br style=\"clear: both\" \/>\n\t\t<\/div>\n\n<p style=\"text-align: justify;\">A kegyhely udvar\u00e1n a b\u00edboros meg\u00e1ldotta a Szent Mih\u00e1ly arkangyal szobrokat, amelyeket Szkomarovszkij p\u00fcsp\u00f6k hozott az olaszorsz\u00e1gi Gargano-hegyen l\u00e9v\u0151 Szent Mih\u00e1ly arkangyal kegyhelyr\u0151l minden ukr\u00e1n egyh\u00e1zmegye sz\u00e1m\u00e1ra. \u201eA rem\u00e9ny \u00e9s a gonosz elleni k\u00fczdelemben val\u00f3 er\u0151 jelek\u00e9nt hagyom a h\u00e1bor\u00fa kegyetlens\u00e9ge \u00e1ltal pr\u00f3b\u00e1ra tett egyh\u00e1zatoknak. Uralkodj\u00e9k bennetek a b\u00e9ke, hogy uralkodj\u00e9k haz\u00e1tokban is. Mindenhat\u00f3 Isten, \u00e1ldd meg Ukrajn\u00e1t \u00e9s adj neki b\u00e9k\u00e9t\u201d &#8211; hangzottak a b\u00edboros z\u00e1r\u00f3 szavai.<\/p>\n<p style=\"text-align: right;\"><span style=\"font-size: 10pt;\"><em>Felhaszn\u00e1lt forr\u00e1s: Vatican News<\/em><\/span><\/p>\n<p style=\"text-align: right;\">\n","protected":false},"excerpt":{"rendered":"<p>Az id\u00e9n k\u00fcl\u00f6n\u00f6s jelent\u0151s\u00e9get kapott Ukrajna nemzeti kegyhely\u00e9n, Berdicsivben, a K\u00e1rmelhegyi Sz\u0171zanya \u00fcnnep\u00e9hez kapcsol\u00f3d\u00f3 zar\u00e1ndoklat \u00e9s szentmise. J\u00falius 13-\u00e1n Ferenc p\u00e1pa latin nyelv\u0171 megb\u00edz\u00f3lev\u00e9lben kinevezte Pietro Parolin b\u00edboros-\u00e1llamtitk\u00e1rt, hogy k\u00e9pviselje a Szentaty\u00e1t j\u00falius 21-\u00e9n az ukrajnai Berdicsiv M\u00e1ria-kegyhely\u00e9n, a latin r\u00edtus\u00fa h\u00edvek zar\u00e1ndoklat\u00e1n. Az \u00e9szak-ukrajnai kegyhelyre szervezett zar\u00e1ndoklatot j\u00falius 21-\u00e9n z\u00e1rt\u00e1k le \u00fcnnep\u00e9lyesen. A b\u00edborost [&hellip;]<\/p>\n","protected":false},"author":4,"featured_media":12127,"comment_status":"open","ping_status":"open","sticky":false,"template":"","format":"standard","meta":{"_acf_changed":false,"_et_pb_use_builder":"","_et_pb_old_content":"","_et_gb_content_width":"","footnotes":""},"categories":[10,60],"tags":[],"class_list":["post-12124","post","type-post","status-publish","format-standard","has-post-thumbnail","hentry","category-aktualis-hirek","category-egyeb-egyhazi-hirek","et-has-post-format-content","et_post_format-et-post-format-standard"],"acf":[],"_links":{"self":[{"href":"https:\/\/munkacs-diocese.org\/hu\/wp-json\/wp\/v2\/posts\/12124"}],"collection":[{"href":"https:\/\/munkacs-diocese.org\/hu\/wp-json\/wp\/v2\/posts"}],"about":[{"href":"https:\/\/munkacs-diocese.org\/hu\/wp-json\/wp\/v2\/types\/post"}],"author":[{"embeddable":true,"href":"https:\/\/munkacs-diocese.org\/hu\/wp-json\/wp\/v2\/users\/4"}],"replies":[{"embeddable":true,"href":"https:\/\/munkacs-diocese.org\/hu\/wp-json\/wp\/v2\/comments?post=12124"}],"version-history":[{"count":1,"href":"https:\/\/munkacs-diocese.org\/hu\/wp-json\/wp\/v2\/posts\/12124\/revisions"}],"predecessor-version":[{"id":12145,"href":"https:\/\/munkacs-diocese.org\/hu\/wp-json\/wp\/v2\/posts\/12124\/revisions\/12145"}],"wp:featuredmedia":[{"embeddable":true,"href":"https:\/\/munkacs-diocese.org\/hu\/wp-json\/wp\/v2\/media\/12127"}],"wp:attachment":[{"href":"https:\/\/munkacs-diocese.org\/hu\/wp-json\/wp\/v2\/media?parent=12124"}],"wp:term":[{"taxonomy":"category","embeddable":true,"href":"https:\/\/munkacs-diocese.org\/hu\/wp-json\/wp\/v2\/categories?post=12124"},{"taxonomy":"post_tag","embeddable":true,"href":"https:\/\/munkacs-diocese.org\/hu\/wp-json\/wp\/v2\/tags?post=12124"}],"curies":[{"name":"wp","href":"https:\/\/api.w.org\/{rel}","templated":true}]}}