{"id":12041,"date":"2024-06-30T15:37:18","date_gmt":"2024-06-30T13:37:18","guid":{"rendered":"https:\/\/munkacs-diocese.org\/hu\/?p=12041"},"modified":"2024-07-02T15:37:44","modified_gmt":"2024-07-02T13:37:44","slug":"az-europai-puspoki-konferenciak-plenaris-ulese-belgradban","status":"publish","type":"post","link":"https:\/\/munkacs-diocese.org\/hu\/2024\/06\/30\/az-europai-puspoki-konferenciak-plenaris-ulese-belgradban\/","title":{"rendered":"Az Eur\u00f3pai P\u00fcsp\u00f6ki Konferenci\u00e1k plen\u00e1ris \u00fcl\u00e9se Belgr\u00e1dban"},"content":{"rendered":"<div id=\"fb-root\"><\/div>\n<p style=\"text-align: justify;\"><strong>A belgr\u00e1di \u00e9rseks\u00e9g 100 \u00e9ves fenn\u00e1ll\u00e1sa alkalm\u00e1b\u00f3l, j\u00fanius 24. \u00e9s 27. k\u00f6z\u00f6tt a szerb f\u0151v\u00e1rosban rendezt\u00e9k meg az Eur\u00f3pai P\u00fcsp\u00f6ki Konferenci\u00e1k (CCEE) \u00e9ves plen\u00e1ris \u00fcl\u00e9s\u00e9t <em>A rem\u00e9ny zar\u00e1ndokai \u2013 Egy szinod\u00e1lis \u00e9s misszi\u00f3s Egyh\u00e1z\u00e9rt<\/em> c\u00edmmel.<\/strong><\/p>\n<p style=\"text-align: justify;\">Az ukr\u00e1n p\u00fcsp\u00f6ki kart Vitalij Szkomarovszkij lucki megy\u00e9sp\u00fcsp\u00f6k k\u00e9pviselte. A tan\u00e1cskoz\u00e1son jelen volt N\u00edl Luscsak g\u00f6r\u00f6gkatolikus p\u00fcsp\u00f6k is.<\/p>\n\n\t\t<style type=\"text\/css\">\n\t\t\t#gallery-1 {\n\t\t\t\tmargin: auto;\n\t\t\t}\n\t\t\t#gallery-1 .gallery-item {\n\t\t\t\tfloat: left;\n\t\t\t\tmargin-top: 10px;\n\t\t\t\ttext-align: center;\n\t\t\t\twidth: 50%;\n\t\t\t}\n\t\t\t#gallery-1 img {\n\t\t\t\tborder: 2px solid #cfcfcf;\n\t\t\t}\n\t\t\t#gallery-1 .gallery-caption {\n\t\t\t\tmargin-left: 0;\n\t\t\t}\n\t\t\t\/* see gallery_shortcode() in wp-includes\/media.php *\/\n\t\t<\/style>\n\t\t<div id='gallery-1' class='gallery galleryid-12041 gallery-columns-2 gallery-size-full'><dl class='gallery-item'>\n\t\t\t<dt class='gallery-icon landscape'>\n\t\t\t\t<a href='https:\/\/munkacs-diocese.org\/hu\/2024\/06\/30\/az-europai-puspoki-konferenciak-plenaris-ulese-belgradban\/ccee02\/'><img loading=\"lazy\" decoding=\"async\" width=\"1024\" height=\"624\" src=\"https:\/\/munkacs-diocese.org\/hu\/wp-content\/uploads\/2024\/07\/ccee02.jpg\" class=\"attachment-full size-full\" alt=\"\" srcset=\"https:\/\/munkacs-diocese.org\/hu\/wp-content\/uploads\/2024\/07\/ccee02.jpg 1024w, https:\/\/munkacs-diocese.org\/hu\/wp-content\/uploads\/2024\/07\/ccee02-300x183.jpg 300w, https:\/\/munkacs-diocese.org\/hu\/wp-content\/uploads\/2024\/07\/ccee02-768x468.jpg 768w\" sizes=\"(max-width: 1024px) 100vw, 1024px\" \/><\/a>\n\t\t\t<\/dt><\/dl><dl class='gallery-item'>\n\t\t\t<dt class='gallery-icon landscape'>\n\t\t\t\t<a href='https:\/\/munkacs-diocese.org\/hu\/2024\/06\/30\/az-europai-puspoki-konferenciak-plenaris-ulese-belgradban\/ccee03\/'><img loading=\"lazy\" decoding=\"async\" width=\"1024\" height=\"624\" src=\"https:\/\/munkacs-diocese.org\/hu\/wp-content\/uploads\/2024\/07\/ccee03.jpg\" class=\"attachment-full size-full\" alt=\"\" srcset=\"https:\/\/munkacs-diocese.org\/hu\/wp-content\/uploads\/2024\/07\/ccee03.jpg 1024w, https:\/\/munkacs-diocese.org\/hu\/wp-content\/uploads\/2024\/07\/ccee03-300x183.jpg 300w, https:\/\/munkacs-diocese.org\/hu\/wp-content\/uploads\/2024\/07\/ccee03-768x468.jpg 768w\" sizes=\"(max-width: 1024px) 100vw, 1024px\" \/><\/a>\n\t\t\t<\/dt><\/dl><br style=\"clear: both\" \/>\n\t\t<\/div>\n\n<p style=\"text-align: justify;\">A tan\u00e1cskoz\u00e1s N\u00e9met L\u00e1szl\u00f3 belgr\u00e1di \u00e9rsek, valamint Santo Gangemi \u00e9rsek, Szerbia apostoli nunciusa k\u00f6sz\u00f6nt\u0151j\u00e9vel kezd\u0151d\u00f6tt, \u00e9s a jelenlegi eur\u00f3pai helyzet vizsg\u00e1lat\u00e1val folytat\u00f3dott, amelyr\u0151l Mariano Crociata latina-terracina-sezze-privern\u00f3i megy\u00e9sp\u00fcsp\u00f6k, az Eur\u00f3pai Uni\u00f3 P\u00fcsp\u00f6ki Konferenci\u00e1inak Bizotts\u00e1ga (COMECE) eln\u00f6ke; No\u00ebl Treanor, az Eur\u00f3pai Uni\u00f3 apostoli nunciusa, valamint Marco Ganci, az Eur\u00f3pa Tan\u00e1cs szentsz\u00e9ki \u00e1lland\u00f3 megfigyel\u0151je tartott besz\u00e1mol\u00f3t.<\/p>\n<p style=\"text-align: justify;\">Ezt k\u00f6vet\u0151en a CCEE bizotts\u00e1gainak eln\u00f6kei bemutatt\u00e1k az egyes bizotts\u00e1gok tev\u00e9kenys\u00e9geit \u00e9s programjait.<\/p>\n<p style=\"text-align: justify;\">Gintaras Gru\u0161as vilniusi \u00e9rsek, a CCEE eln\u00f6ke besz\u00e1molt a tan\u00e1cs \u00faj, r\u00f3mai sz\u00e9khely\u00e9nek megnyit\u00e1s\u00e1r\u00f3l*, amelynek c\u00e9lja, hogy el\u0151seg\u00edtse az eur\u00f3pai p\u00fcsp\u00f6k\u00f6k egy\u00fcttm\u0171k\u00f6d\u00e9s\u00e9t \u00e9s p\u00e1rbesz\u00e9d\u00e9t egym\u00e1ssal \u00e9s a Szentsz\u00e9kkel, valamint hogy \u00faj lelkip\u00e1sztori \u00e9s \u00f6kumenikus lend\u00fcletet adjon, k\u00fcl\u00f6n\u00f6sen a szent\u00e9vben \u00e9s a szinod\u00e1lis \u00fat sor\u00e1n.<\/p>\n<p style=\"text-align: justify;\">K\u00e9sz\u00fclve a szinodalit\u00e1sr\u00f3l sz\u00f3l\u00f3 p\u00fcsp\u00f6ki szin\u00f3dus m\u00e1sodik \u00fcl\u00e9sszak\u00e1ra, amelyre ez \u00e9v okt\u00f3ber\u00e9ben ker\u00fcl sor, Gintaras Gru\u0161as eln\u00f6k arr\u00f3l is besz\u00e9lt, hogy az eur\u00f3pai p\u00fcsp\u00f6ki test\u00fcletek \u00e9s az egyes p\u00fcsp\u00f6ki konferenci\u00e1k milyen szerepet j\u00e1tszanak a szinodalit\u00e1s meg\u00e9l\u00e9s\u00e9ben \u00e9s n\u00f6veked\u00e9s\u00e9ben.<\/p>\n<p style=\"text-align: justify;\">Bemutatta tov\u00e1bb\u00e1 a CCEE \u00f6kumenikus kezdem\u00e9nyez\u00e9seit. Sz\u00f3lt az Eur\u00f3pai Egyh\u00e1zak Konferenci\u00e1j\u00e1val 2001-ben al\u00e1\u00edrt \u00d6kumenikus charta aktualiz\u00e1l\u00e1s\u00e1r\u00f3l; a dokumentum \u00faj v\u00e1ltozat\u00e1t v\u00e1rhat\u00f3an az isteni irgalmass\u00e1g vas\u00e1rnapj\u00e1n \u00edrj\u00e1k al\u00e1 2025-ben, abban az \u00e9vben, amikor minden kereszt\u00e9ny egy napon \u00fcnnepli a h\u00fasv\u00e9tot. Emellett besz\u00e1molt az els\u0151 tal\u00e1lkoz\u00f3r\u00f3l az Eur\u00f3pai Keleti Ortodox Egyh\u00e1zak \u00c1lland\u00f3 Konferenci\u00e1j\u00e1nak k\u00f6zponti tan\u00e1cs\u00e1val.<\/p>\n<p style=\"text-align: justify;\">V\u00e9g\u00fcl arra k\u00e9rte az eur\u00f3pai p\u00fcsp\u00f6k\u00f6ket, hogy k\u00e9sz\u00fcljenek fel a k\u00f6zelg\u0151 szent\u00e9vre, hogy az \u201ekegyelmi esem\u00e9ny legyen k\u00f6z\u00f6ss\u00e9geink \u00e9s orsz\u00e1gaink sz\u00e1m\u00e1ra, \u00e9s lehet\u0151s\u00e9g arra, hogy tan\u00fas\u00e1got tegy\u00fcnk arr\u00f3l, hogy Krisztus az emberis\u00e9g egyetlen rem\u00e9nye\u201d.<\/p>\n<p style=\"text-align: justify;\">Robert Francis Prevost b\u00edboros, a P\u00fcsp\u00f6ki Dikaszt\u00e9rium prefektusa <em>Az Egyh\u00e1z evangeliz\u00e1ci\u00f3s \u00e9s misszi\u00f3s dimenzi\u00f3ja Eur\u00f3p\u00e1ban<\/em> c\u00edmmel tartott el\u0151ad\u00e1st. Besz\u00e9d\u00e9nek kiindul\u00f3pontja az elm\u00falt hetek esem\u00e9nyei voltak, mint az eur\u00f3pai parlamenti v\u00e1laszt\u00e1sok \u00e9s a vil\u00e1gm\u00e9ret\u0171 v\u00e1ls\u00e1gok, bele\u00e9rtve az ukrajnai \u00e9s k\u00f6zel-keleti h\u00e1bor\u00fakat.<\/p>\n<p style=\"text-align: justify;\">Josef Sayer pasztor\u00e1lteol\u00f3gus <em>Praedicate Evangelium \u2013 Hat\u00e1sok \u00e9s k\u00f6vetkezm\u00e9nyek a p\u00fcsp\u00f6ki konferenci\u00e1k \u00e9s az eur\u00f3pai test\u00fcletek sz\u00e1m\u00e1ra<\/em> c\u00edmmel tartott el\u0151ad\u00e1st. A Ferenc p\u00e1pa \u00e1ltal 2022-ben kihirdetett, a R\u00f3mai K\u00fari\u00e1r\u00f3l sz\u00f3l\u00f3 apostoli konstit\u00faci\u00f3 sz\u00f6veg\u00e9t elemezve Josef Sayer ismertette a p\u00fcsp\u00f6ki konferenci\u00e1k \u00faj szerep\u00e9t; a dikaszt\u00e9riumoknak rendszeresebben kellene egy\u00fcttm\u0171k\u00f6dni\u00fck a konferenci\u00e1kkal, s\u0151t egyes kezdem\u00e9nyez\u00e9seiket \u00e1t is kellene venni\u00fck.<\/p>\n\n\t\t<style type=\"text\/css\">\n\t\t\t#gallery-2 {\n\t\t\t\tmargin: auto;\n\t\t\t}\n\t\t\t#gallery-2 .gallery-item {\n\t\t\t\tfloat: left;\n\t\t\t\tmargin-top: 10px;\n\t\t\t\ttext-align: center;\n\t\t\t\twidth: 50%;\n\t\t\t}\n\t\t\t#gallery-2 img {\n\t\t\t\tborder: 2px solid #cfcfcf;\n\t\t\t}\n\t\t\t#gallery-2 .gallery-caption {\n\t\t\t\tmargin-left: 0;\n\t\t\t}\n\t\t\t\/* see gallery_shortcode() in wp-includes\/media.php *\/\n\t\t<\/style>\n\t\t<div id='gallery-2' class='gallery galleryid-12041 gallery-columns-2 gallery-size-full'><dl class='gallery-item'>\n\t\t\t<dt class='gallery-icon landscape'>\n\t\t\t\t<a href='https:\/\/munkacs-diocese.org\/hu\/2024\/06\/30\/az-europai-puspoki-konferenciak-plenaris-ulese-belgradban\/ccee04\/'><img loading=\"lazy\" decoding=\"async\" width=\"1024\" height=\"624\" src=\"https:\/\/munkacs-diocese.org\/hu\/wp-content\/uploads\/2024\/07\/ccee04.jpg\" class=\"attachment-full size-full\" alt=\"\" srcset=\"https:\/\/munkacs-diocese.org\/hu\/wp-content\/uploads\/2024\/07\/ccee04.jpg 1024w, https:\/\/munkacs-diocese.org\/hu\/wp-content\/uploads\/2024\/07\/ccee04-300x183.jpg 300w, https:\/\/munkacs-diocese.org\/hu\/wp-content\/uploads\/2024\/07\/ccee04-768x468.jpg 768w\" sizes=\"(max-width: 1024px) 100vw, 1024px\" \/><\/a>\n\t\t\t<\/dt><\/dl><dl class='gallery-item'>\n\t\t\t<dt class='gallery-icon landscape'>\n\t\t\t\t<a href='https:\/\/munkacs-diocese.org\/hu\/2024\/06\/30\/az-europai-puspoki-konferenciak-plenaris-ulese-belgradban\/ccee01\/'><img loading=\"lazy\" decoding=\"async\" width=\"1024\" height=\"624\" src=\"https:\/\/munkacs-diocese.org\/hu\/wp-content\/uploads\/2024\/07\/ccee01.jpg\" class=\"attachment-full size-full\" alt=\"\" srcset=\"https:\/\/munkacs-diocese.org\/hu\/wp-content\/uploads\/2024\/07\/ccee01.jpg 1024w, https:\/\/munkacs-diocese.org\/hu\/wp-content\/uploads\/2024\/07\/ccee01-300x183.jpg 300w, https:\/\/munkacs-diocese.org\/hu\/wp-content\/uploads\/2024\/07\/ccee01-768x468.jpg 768w\" sizes=\"(max-width: 1024px) 100vw, 1024px\" \/><\/a>\n\t\t\t<\/dt><\/dl><br style=\"clear: both\" \/>\n\t\t<\/div>\n\n<p style=\"text-align: justify;\">Az \u00fcl\u00e9s sor\u00e1n a p\u00fcsp\u00f6k\u00f6k Antonio Ammiratit, a CCEE eddigi f\u0151titk\u00e1rhelyettes\u00e9t \u00e9s sz\u00f3viv\u0151j\u00e9t megv\u00e1lasztott\u00e1k a tan\u00e1cs \u00faj f\u0151titk\u00e1r\u00e1v\u00e1 \u00f6t \u00e9vre. Martin Michali\u010dekt\u0151l veszi \u00e1t a tiszts\u00e9get, aki 2018-t\u00f3l volt f\u0151titk\u00e1r. A p\u00fcsp\u00f6k\u00f6k k\u00f6sz\u00f6net\u00fcket fejezt\u00e9k ki Martin Michali\u010deknek az \u00e9vek sor\u00e1n az eur\u00f3pai egyh\u00e1zak szolg\u00e1lat\u00e1ban v\u00e9gzett munk\u00e1j\u00e1\u00e9rt.<\/p>\n<p style=\"text-align: justify;\">Fontos pillanat volt a CCEE tagjainak tal\u00e1lkoz\u00f3ja a Szerb Ortodox Egyh\u00e1z vezet\u0151j\u00e9vel, Porfirije p\u00e1tri\u00e1rk\u00e1val.<\/p>\n<p><img loading=\"lazy\" decoding=\"async\" class=\"size-full wp-image-12051 aligncenter\" src=\"https:\/\/munkacs-diocese.org\/hu\/wp-content\/uploads\/2024\/07\/ccee08.jpg\" alt=\"\" width=\"1024\" height=\"624\" srcset=\"https:\/\/munkacs-diocese.org\/hu\/wp-content\/uploads\/2024\/07\/ccee08.jpg 1024w, https:\/\/munkacs-diocese.org\/hu\/wp-content\/uploads\/2024\/07\/ccee08-300x183.jpg 300w, https:\/\/munkacs-diocese.org\/hu\/wp-content\/uploads\/2024\/07\/ccee08-768x468.jpg 768w\" sizes=\"(max-width: 1024px) 100vw, 1024px\" \/><\/p>\n<p><strong>2024. szeptember 21-\u00e9re, a b\u00e9ke ENSZ \u00e1ltal kijel\u00f6lt vil\u00e1gnapj\u00e1ra az eur\u00f3pai p\u00fcsp\u00f6k\u00f6k imanapot hirdetnek a h\u00e1bor\u00fak \u00e1ldozatai\u00e9rt, valamint a b\u00e9k\u00e9\u00e9rt Ukrajn\u00e1ban, a Szentf\u00f6ld\u00f6n \u00e9s Szud\u00e1nban.<\/strong><\/p>\n<p style=\"text-align: justify;\">A CCEE k\u00f6vetkez\u0151 plen\u00e1ris \u00fcl\u00e9s\u00e9t 2025. okt\u00f3ber 8. \u00e9s 10. k\u00f6z\u00f6tt tartj\u00e1k Lisszabonban.<\/p>\n\n\t\t<style type=\"text\/css\">\n\t\t\t#gallery-3 {\n\t\t\t\tmargin: auto;\n\t\t\t}\n\t\t\t#gallery-3 .gallery-item {\n\t\t\t\tfloat: left;\n\t\t\t\tmargin-top: 10px;\n\t\t\t\ttext-align: center;\n\t\t\t\twidth: 50%;\n\t\t\t}\n\t\t\t#gallery-3 img {\n\t\t\t\tborder: 2px solid #cfcfcf;\n\t\t\t}\n\t\t\t#gallery-3 .gallery-caption {\n\t\t\t\tmargin-left: 0;\n\t\t\t}\n\t\t\t\/* see gallery_shortcode() in wp-includes\/media.php *\/\n\t\t<\/style>\n\t\t<div id='gallery-3' class='gallery galleryid-12041 gallery-columns-2 gallery-size-full'><dl class='gallery-item'>\n\t\t\t<dt class='gallery-icon landscape'>\n\t\t\t\t<a href='https:\/\/munkacs-diocese.org\/hu\/2024\/06\/30\/az-europai-puspoki-konferenciak-plenaris-ulese-belgradban\/ccee07\/'><img loading=\"lazy\" decoding=\"async\" width=\"1024\" height=\"624\" src=\"https:\/\/munkacs-diocese.org\/hu\/wp-content\/uploads\/2024\/07\/ccee07.jpg\" class=\"attachment-full size-full\" alt=\"\" srcset=\"https:\/\/munkacs-diocese.org\/hu\/wp-content\/uploads\/2024\/07\/ccee07.jpg 1024w, https:\/\/munkacs-diocese.org\/hu\/wp-content\/uploads\/2024\/07\/ccee07-300x183.jpg 300w, https:\/\/munkacs-diocese.org\/hu\/wp-content\/uploads\/2024\/07\/ccee07-768x468.jpg 768w\" sizes=\"(max-width: 1024px) 100vw, 1024px\" \/><\/a>\n\t\t\t<\/dt><\/dl><dl class='gallery-item'>\n\t\t\t<dt class='gallery-icon landscape'>\n\t\t\t\t<a href='https:\/\/munkacs-diocese.org\/hu\/2024\/06\/30\/az-europai-puspoki-konferenciak-plenaris-ulese-belgradban\/ccee06\/'><img loading=\"lazy\" decoding=\"async\" width=\"1024\" height=\"627\" src=\"https:\/\/munkacs-diocese.org\/hu\/wp-content\/uploads\/2024\/07\/ccee06.jpg\" class=\"attachment-full size-full\" alt=\"\" srcset=\"https:\/\/munkacs-diocese.org\/hu\/wp-content\/uploads\/2024\/07\/ccee06.jpg 1024w, https:\/\/munkacs-diocese.org\/hu\/wp-content\/uploads\/2024\/07\/ccee06-300x184.jpg 300w, https:\/\/munkacs-diocese.org\/hu\/wp-content\/uploads\/2024\/07\/ccee06-768x470.jpg 768w\" sizes=\"(max-width: 1024px) 100vw, 1024px\" \/><\/a>\n\t\t\t<\/dt><\/dl><br style=\"clear: both\" \/>\n\t\t<\/div>\n\n<p style=\"text-align: justify;\">* Az Eur\u00f3pai P\u00fcsp\u00f6ki Konferenci\u00e1k Tan\u00e1cs\u00e1nak sz\u00e9khelye, mely 53 \u00e9vig Sv\u00e1jcban, eleinte Churban, majd 47 \u00e9vig St. Gallenben volt, \u00e1tk\u00f6lt\u00f6z\u00f6tt R\u00f3m\u00e1ba. Pietro Parolin b\u00edboros-\u00e1llamtitk\u00e1r 2024. j\u00fanius 20-\u00e1n \u00e1ldotta meg a szervezet \u00faj k\u00f6zpontj\u00e1t a Via della Pigna 13. sz\u00e1m alatt.<\/p>\n<p style=\"text-align: right;\"><span style=\"font-size: 10pt;\"><em>Forr\u00e1s \u00e9s fot\u00f3: CCEE,<\/em> <em>kc.org.rs<\/em><\/span><\/p>\n","protected":false},"excerpt":{"rendered":"<p>A belgr\u00e1di \u00e9rseks\u00e9g 100 \u00e9ves fenn\u00e1ll\u00e1sa alkalm\u00e1b\u00f3l, j\u00fanius 24. \u00e9s 27. k\u00f6z\u00f6tt a szerb f\u0151v\u00e1rosban rendezt\u00e9k meg az Eur\u00f3pai P\u00fcsp\u00f6ki Konferenci\u00e1k (CCEE) \u00e9ves plen\u00e1ris \u00fcl\u00e9s\u00e9t A rem\u00e9ny zar\u00e1ndokai \u2013 Egy szinod\u00e1lis \u00e9s misszi\u00f3s Egyh\u00e1z\u00e9rt c\u00edmmel. Az ukr\u00e1n p\u00fcsp\u00f6ki kart Vitalij Szkomarovszkij lucki megy\u00e9sp\u00fcsp\u00f6k k\u00e9pviselte. A tan\u00e1cskoz\u00e1son jelen volt N\u00edl Luscsak g\u00f6r\u00f6gkatolikus p\u00fcsp\u00f6k is. A tan\u00e1cskoz\u00e1s [&hellip;]<\/p>\n","protected":false},"author":4,"featured_media":12043,"comment_status":"open","ping_status":"open","sticky":false,"template":"","format":"standard","meta":{"_acf_changed":false,"_et_pb_use_builder":"","_et_pb_old_content":"","_et_gb_content_width":"","footnotes":""},"categories":[10,60],"tags":[],"class_list":["post-12041","post","type-post","status-publish","format-standard","has-post-thumbnail","hentry","category-aktualis-hirek","category-egyeb-egyhazi-hirek","et-has-post-format-content","et_post_format-et-post-format-standard"],"acf":[],"_links":{"self":[{"href":"https:\/\/munkacs-diocese.org\/hu\/wp-json\/wp\/v2\/posts\/12041"}],"collection":[{"href":"https:\/\/munkacs-diocese.org\/hu\/wp-json\/wp\/v2\/posts"}],"about":[{"href":"https:\/\/munkacs-diocese.org\/hu\/wp-json\/wp\/v2\/types\/post"}],"author":[{"embeddable":true,"href":"https:\/\/munkacs-diocese.org\/hu\/wp-json\/wp\/v2\/users\/4"}],"replies":[{"embeddable":true,"href":"https:\/\/munkacs-diocese.org\/hu\/wp-json\/wp\/v2\/comments?post=12041"}],"version-history":[{"count":1,"href":"https:\/\/munkacs-diocese.org\/hu\/wp-json\/wp\/v2\/posts\/12041\/revisions"}],"predecessor-version":[{"id":12052,"href":"https:\/\/munkacs-diocese.org\/hu\/wp-json\/wp\/v2\/posts\/12041\/revisions\/12052"}],"wp:featuredmedia":[{"embeddable":true,"href":"https:\/\/munkacs-diocese.org\/hu\/wp-json\/wp\/v2\/media\/12043"}],"wp:attachment":[{"href":"https:\/\/munkacs-diocese.org\/hu\/wp-json\/wp\/v2\/media?parent=12041"}],"wp:term":[{"taxonomy":"category","embeddable":true,"href":"https:\/\/munkacs-diocese.org\/hu\/wp-json\/wp\/v2\/categories?post=12041"},{"taxonomy":"post_tag","embeddable":true,"href":"https:\/\/munkacs-diocese.org\/hu\/wp-json\/wp\/v2\/tags?post=12041"}],"curies":[{"name":"wp","href":"https:\/\/api.w.org\/{rel}","templated":true}]}}