{"id":11971,"date":"2024-06-10T09:00:28","date_gmt":"2024-06-10T07:00:28","guid":{"rendered":"https:\/\/munkacs-diocese.org\/hu\/?p=11971"},"modified":"2024-06-12T15:08:36","modified_gmt":"2024-06-12T13:08:36","slug":"ulesezett-a-kommunikacios-es-media-bizottsag","status":"publish","type":"post","link":"https:\/\/munkacs-diocese.org\/hu\/2024\/06\/10\/ulesezett-a-kommunikacios-es-media-bizottsag\/","title":{"rendered":"\u00dcl\u00e9sezett a kommunik\u00e1ci\u00f3s \u00e9s m\u00e9dia bizotts\u00e1g"},"content":{"rendered":"<div id=\"fb-root\"><\/div>\n<p style=\"text-align: justify;\">Megtartotta \u00fcl\u00e9s\u00e9t az Ukrajnai P\u00fcsp\u00f6ki Konferencia Kommunik\u00e1ci\u00f3s \u00e9s m\u00e9diabizotts\u00e1ga. A tal\u00e1lkoz\u00f3ra, melynek t\u00e9m\u00e1ja a katolikus m\u00e9dia kapcs\u00e1n felmer\u00fclt aktu\u00e1lis k\u00e9rd\u00e9sek megbesz\u00e9l\u00e9se volt, j\u00fanius 6-7-\u00e9n ker\u00fclt sor a Munk\u00e1cs k\u00f6zeli Sziny\u00e1kon.<\/p>\n<p style=\"text-align: justify;\">Ukrajn\u00e1ban j\u00fanius 6-\u00e1n tartj\u00e1k az \u00dajs\u00e1g\u00edr\u00f3k napj\u00e1t. A bizotts\u00e1g tagjai ezen a napon a szentmis\u00e9ben \u00e9s a szents\u00e9gim\u00e1d\u00e1son im\u00e1dkoztak mindazok\u00e9rt, akik a m\u00e9di\u00e1ban dolgoznak, valamint az\u00e9rt, hogy \u00f6sszej\u00f6vetel\u00fck eredm\u00e9nyes legyen. Az egy\u00fctt t\u00f6lt\u00f6tt napok lehet\u0151s\u00e9get adtak arra, hogy a r\u00e9sztvev\u0151k megoszthass\u00e1k egym\u00e1ssal a munk\u00e1juk \u00e9s a hit ter\u00e9n meg\u00e9lt tapasztalataikat.\u00a0A gy\u00f6ny\u00f6r\u0171 k\u00f6rnyezet, mely helyet adott a lelki &#8211; \u00e9s munkatal\u00e1lkoz\u00f3nak, lehet\u0151s\u00e9get biztos\u00edtott a testi fel\u00fcd\u00fcl\u00e9sre is.<\/p>\n\n\t\t<style type=\"text\/css\">\n\t\t\t#gallery-1 {\n\t\t\t\tmargin: auto;\n\t\t\t}\n\t\t\t#gallery-1 .gallery-item {\n\t\t\t\tfloat: left;\n\t\t\t\tmargin-top: 10px;\n\t\t\t\ttext-align: center;\n\t\t\t\twidth: 25%;\n\t\t\t}\n\t\t\t#gallery-1 img {\n\t\t\t\tborder: 2px solid #cfcfcf;\n\t\t\t}\n\t\t\t#gallery-1 .gallery-caption {\n\t\t\t\tmargin-left: 0;\n\t\t\t}\n\t\t\t\/* see gallery_shortcode() in wp-includes\/media.php *\/\n\t\t<\/style>\n\t\t<div id='gallery-1' class='gallery galleryid-11971 gallery-columns-4 gallery-size-full'><dl class='gallery-item'>\n\t\t\t<dt class='gallery-icon portrait'>\n\t\t\t\t<a href='https:\/\/munkacs-diocese.org\/hu\/2024\/06\/10\/ulesezett-a-kommunikacios-es-media-bizottsag\/mediatalalkozo02\/'><img loading=\"lazy\" decoding=\"async\" width=\"960\" height=\"1280\" src=\"https:\/\/munkacs-diocese.org\/hu\/wp-content\/uploads\/2024\/06\/mediatalalkozo02.jpg\" class=\"attachment-full size-full\" alt=\"\" srcset=\"https:\/\/munkacs-diocese.org\/hu\/wp-content\/uploads\/2024\/06\/mediatalalkozo02.jpg 960w, https:\/\/munkacs-diocese.org\/hu\/wp-content\/uploads\/2024\/06\/mediatalalkozo02-225x300.jpg 225w, https:\/\/munkacs-diocese.org\/hu\/wp-content\/uploads\/2024\/06\/mediatalalkozo02-768x1024.jpg 768w\" sizes=\"(max-width: 960px) 100vw, 960px\" \/><\/a>\n\t\t\t<\/dt><\/dl><dl class='gallery-item'>\n\t\t\t<dt class='gallery-icon portrait'>\n\t\t\t\t<a href='https:\/\/munkacs-diocese.org\/hu\/2024\/06\/10\/ulesezett-a-kommunikacios-es-media-bizottsag\/mediatalalkozo01\/'><img loading=\"lazy\" decoding=\"async\" width=\"960\" height=\"1280\" src=\"https:\/\/munkacs-diocese.org\/hu\/wp-content\/uploads\/2024\/06\/mediatalalkozo01.jpg\" class=\"attachment-full size-full\" alt=\"\" srcset=\"https:\/\/munkacs-diocese.org\/hu\/wp-content\/uploads\/2024\/06\/mediatalalkozo01.jpg 960w, https:\/\/munkacs-diocese.org\/hu\/wp-content\/uploads\/2024\/06\/mediatalalkozo01-225x300.jpg 225w, https:\/\/munkacs-diocese.org\/hu\/wp-content\/uploads\/2024\/06\/mediatalalkozo01-768x1024.jpg 768w\" sizes=\"(max-width: 960px) 100vw, 960px\" \/><\/a>\n\t\t\t<\/dt><\/dl><dl class='gallery-item'>\n\t\t\t<dt class='gallery-icon portrait'>\n\t\t\t\t<a href='https:\/\/munkacs-diocese.org\/hu\/2024\/06\/10\/ulesezett-a-kommunikacios-es-media-bizottsag\/mediatalalkozo04\/'><img loading=\"lazy\" decoding=\"async\" width=\"894\" height=\"1192\" src=\"https:\/\/munkacs-diocese.org\/hu\/wp-content\/uploads\/2024\/06\/mediatalalkozo04.jpg\" class=\"attachment-full size-full\" alt=\"\" srcset=\"https:\/\/munkacs-diocese.org\/hu\/wp-content\/uploads\/2024\/06\/mediatalalkozo04.jpg 894w, https:\/\/munkacs-diocese.org\/hu\/wp-content\/uploads\/2024\/06\/mediatalalkozo04-225x300.jpg 225w, https:\/\/munkacs-diocese.org\/hu\/wp-content\/uploads\/2024\/06\/mediatalalkozo04-768x1024.jpg 768w\" sizes=\"(max-width: 894px) 100vw, 894px\" \/><\/a>\n\t\t\t<\/dt><\/dl><dl class='gallery-item'>\n\t\t\t<dt class='gallery-icon portrait'>\n\t\t\t\t<a href='https:\/\/munkacs-diocese.org\/hu\/2024\/06\/10\/ulesezett-a-kommunikacios-es-media-bizottsag\/mediatalalkozo03\/'><img loading=\"lazy\" decoding=\"async\" width=\"960\" height=\"1280\" src=\"https:\/\/munkacs-diocese.org\/hu\/wp-content\/uploads\/2024\/06\/mediatalalkozo03.jpg\" class=\"attachment-full size-full\" alt=\"\" srcset=\"https:\/\/munkacs-diocese.org\/hu\/wp-content\/uploads\/2024\/06\/mediatalalkozo03.jpg 960w, https:\/\/munkacs-diocese.org\/hu\/wp-content\/uploads\/2024\/06\/mediatalalkozo03-225x300.jpg 225w, https:\/\/munkacs-diocese.org\/hu\/wp-content\/uploads\/2024\/06\/mediatalalkozo03-768x1024.jpg 768w\" sizes=\"(max-width: 960px) 100vw, 960px\" \/><\/a>\n\t\t\t<\/dt><\/dl><br style=\"clear: both\" \/>\n\t\t<\/div>\n\n<p style=\"text-align: justify;\">2023. m\u00e1rcius 17-t\u0151l a P\u00fcsp\u00f6ki Konferencia Kommunik\u00e1ci\u00f3s \u00e9s M\u00e9dia Bizotts\u00e1g\u00e1t Lucsok P\u00e9ter Mikl\u00f3s OP munk\u00e1csi megy\u00e9sp\u00fcsp\u00f6k vezeti. A bizotts\u00e1g tagjai az ukrajnai r\u00f3mai katolikus egyh\u00e1z valamelyik m\u00e9dia megjelen\u00e9s\u00e9ben dolgoznak. Az \u00fcl\u00e9sen jelen voltak J\u00falia Zavadszka, Mikola Misovszkij \u00e9s Franciska Tumanevics n\u0151v\u00e9r a CREDO-t\u00f3l, Weiss Vikt\u00f3ria \u00e9s Cserep\u00e1nya Karina a VERITAS-t\u00f3l. Jelen voltak tov\u00e1bb\u00e1 P. Olekszandr Zelinszkij OMI \u00e9s Andrij Havlics OMI az EWTN-t\u0151l, Alina Petrauszk\u00e1jte SCM a Katolikus M\u00e9diak\u00f6zpontb\u00f3l \u00e9s Olekszij Szamszonov a M\u00e1ria R\u00e1di\u00f3t\u00f3l. Az \u00edrott sajt\u00f3t a Szent P\u00e1l Kiad\u00f3t\u00f3l M\u00e1rius Kraviec SSP, \u201eAz Ige k\u00f6z\u00f6tt\u00fcnk \u00e9lt\u201d foly\u00f3irat szerkeszt\u0151s\u00e9g\u00e9b\u0151l pedig Mikol\u00e1j Bjelicsev MIC k\u00e9pviselt\u00e9k.<\/p>\n<p style=\"text-align: right;\"><em>\u00a0<\/em><span style=\"font-size: 10pt;\"><em>Forr\u00e1s: rkc.org.ua<\/em><\/span><\/p>\n","protected":false},"excerpt":{"rendered":"<p>Megtartotta \u00fcl\u00e9s\u00e9t az Ukrajnai P\u00fcsp\u00f6ki Konferencia Kommunik\u00e1ci\u00f3s \u00e9s m\u00e9diabizotts\u00e1ga. A tal\u00e1lkoz\u00f3ra, melynek t\u00e9m\u00e1ja a katolikus m\u00e9dia kapcs\u00e1n felmer\u00fclt aktu\u00e1lis k\u00e9rd\u00e9sek megbesz\u00e9l\u00e9se volt, j\u00fanius 6-7-\u00e9n ker\u00fclt sor a Munk\u00e1cs k\u00f6zeli Sziny\u00e1kon. Ukrajn\u00e1ban j\u00fanius 6-\u00e1n tartj\u00e1k az \u00dajs\u00e1g\u00edr\u00f3k napj\u00e1t. A bizotts\u00e1g tagjai ezen a napon a szentmis\u00e9ben \u00e9s a szents\u00e9gim\u00e1d\u00e1son im\u00e1dkoztak mindazok\u00e9rt, akik a m\u00e9di\u00e1ban dolgoznak, valamint [&hellip;]<\/p>\n","protected":false},"author":4,"featured_media":11972,"comment_status":"open","ping_status":"open","sticky":false,"template":"","format":"standard","meta":{"_acf_changed":false,"_et_pb_use_builder":"","_et_pb_old_content":"","_et_gb_content_width":"","footnotes":""},"categories":[10,60],"tags":[],"class_list":["post-11971","post","type-post","status-publish","format-standard","has-post-thumbnail","hentry","category-aktualis-hirek","category-egyeb-egyhazi-hirek","et-has-post-format-content","et_post_format-et-post-format-standard"],"acf":[],"_links":{"self":[{"href":"https:\/\/munkacs-diocese.org\/hu\/wp-json\/wp\/v2\/posts\/11971"}],"collection":[{"href":"https:\/\/munkacs-diocese.org\/hu\/wp-json\/wp\/v2\/posts"}],"about":[{"href":"https:\/\/munkacs-diocese.org\/hu\/wp-json\/wp\/v2\/types\/post"}],"author":[{"embeddable":true,"href":"https:\/\/munkacs-diocese.org\/hu\/wp-json\/wp\/v2\/users\/4"}],"replies":[{"embeddable":true,"href":"https:\/\/munkacs-diocese.org\/hu\/wp-json\/wp\/v2\/comments?post=11971"}],"version-history":[{"count":1,"href":"https:\/\/munkacs-diocese.org\/hu\/wp-json\/wp\/v2\/posts\/11971\/revisions"}],"predecessor-version":[{"id":11979,"href":"https:\/\/munkacs-diocese.org\/hu\/wp-json\/wp\/v2\/posts\/11971\/revisions\/11979"}],"wp:featuredmedia":[{"embeddable":true,"href":"https:\/\/munkacs-diocese.org\/hu\/wp-json\/wp\/v2\/media\/11972"}],"wp:attachment":[{"href":"https:\/\/munkacs-diocese.org\/hu\/wp-json\/wp\/v2\/media?parent=11971"}],"wp:term":[{"taxonomy":"category","embeddable":true,"href":"https:\/\/munkacs-diocese.org\/hu\/wp-json\/wp\/v2\/categories?post=11971"},{"taxonomy":"post_tag","embeddable":true,"href":"https:\/\/munkacs-diocese.org\/hu\/wp-json\/wp\/v2\/tags?post=11971"}],"curies":[{"name":"wp","href":"https:\/\/api.w.org\/{rel}","templated":true}]}}