{"id":11913,"date":"2024-05-19T13:17:25","date_gmt":"2024-05-19T11:17:25","guid":{"rendered":"https:\/\/munkacs-diocese.org\/hu\/?p=11913"},"modified":"2024-05-27T13:18:04","modified_gmt":"2024-05-27T11:18:04","slug":"boldog-scheffler-janos-templombucsut-unnepeltek-beregdedan","status":"publish","type":"post","link":"https:\/\/munkacs-diocese.org\/hu\/2024\/05\/19\/boldog-scheffler-janos-templombucsut-unnepeltek-beregdedan\/","title":{"rendered":"Boldog Scheffler J\u00e1nos templomb\u00facs\u00fat \u00fcnnepeltek Beregd\u00e9d\u00e1n"},"content":{"rendered":"<div id=\"fb-root\"><\/div>\n<p style=\"text-align: justify;\">Boldog Scheffler J\u00e1nos szatm\u00e1ri p\u00fcsp\u00f6k \u00e9s v\u00e9rtan\u00fa lett a n\u00e9vad\u00f3ja \u00e9s v\u00e9d\u0151szentje annak a r\u00f3mai katolikus templomnak, mely n\u00e9h\u00e1ny \u00e9vvel ezel\u0151tt \u00e9p\u00fclt fel Beregd\u00e9d\u00e1ban. A templomb\u00facs\u00far\u00f3l id\u00e9n is m\u00e1jus 17-\u00e9n eml\u00e9keztek meg a helyi h\u00edvek \u00e9s az \u00fcnnepre \u00e9rkezett zar\u00e1ndokok.<\/p>\n<p><img loading=\"lazy\" decoding=\"async\" class=\"alignnone size-full wp-image-11915\" src=\"https:\/\/munkacs-diocese.org\/hu\/wp-content\/uploads\/2024\/05\/Beregdeda-bucsu2.jpg\" alt=\"\" width=\"2048\" height=\"1153\" srcset=\"https:\/\/munkacs-diocese.org\/hu\/wp-content\/uploads\/2024\/05\/Beregdeda-bucsu2.jpg 2048w, https:\/\/munkacs-diocese.org\/hu\/wp-content\/uploads\/2024\/05\/Beregdeda-bucsu2-300x169.jpg 300w, https:\/\/munkacs-diocese.org\/hu\/wp-content\/uploads\/2024\/05\/Beregdeda-bucsu2-1024x577.jpg 1024w, https:\/\/munkacs-diocese.org\/hu\/wp-content\/uploads\/2024\/05\/Beregdeda-bucsu2-768x432.jpg 768w, https:\/\/munkacs-diocese.org\/hu\/wp-content\/uploads\/2024\/05\/Beregdeda-bucsu2-1536x865.jpg 1536w, https:\/\/munkacs-diocese.org\/hu\/wp-content\/uploads\/2024\/05\/Beregdeda-bucsu2-1080x608.jpg 1080w\" sizes=\"(max-width: 2048px) 100vw, 2048px\" \/><\/p>\n<p style=\"text-align: justify;\">Moln\u00e1r J\u00e1nos, az egyh\u00e1zk\u00f6zs\u00e9g lelkip\u00e1sztora nagy szeretettel k\u00f6sz\u00f6nt\u00f6tte az egybegy\u0171lteket, k\u00fcl\u00f6n\u00f6sk\u00e9ppen a messzebbr\u0151l \u00e9rkezett vend\u00e9geket. Ez alkalommal a szentmise sz\u00f3noka M\u00f3rocz Tam\u00e1s, a Bodajki Seg\u00edt\u0151 Sz\u0171z M\u00e1ria Pl\u00e9b\u00e1nia pl\u00e9b\u00e1nosa volt. Tam\u00e1s atya Magyarorsz\u00e1g legr\u00e9gebbi kegyhely\u00e9r\u0151l \u00e9rkezett k\u00e9t papt\u00e1rs\u00e1val egy\u00fctt, hogy a k\u00e1rp\u00e1taljai h\u00edvekkel egy\u00fctt \u00fcnnepeljenek, megossz\u00e1k vel\u00fck \u00f6r\u00f6meiket, neh\u00e9zs\u00e9geiket.<\/p>\n<p style=\"text-align: justify;\">\u201eScheffler J\u00e1nos p\u00fcsp\u00f6k igazi p\u00e1sztora volt a n\u00e9pnek, aki \u00e9let\u00e9t adta \u00e9rt\u00fck\u201d \u2013 mondta besz\u00e9d\u00e9nek elej\u00e9n Tam\u00e1s atya. Hangs\u00falyozta, hogy Scheffler J\u00e1nos p\u00fcsp\u00f6kh\u00f6z hasonl\u00f3an mi is neh\u00e9z id\u0151ket \u00e9l\u00fcnk, hiszen \u0151 is h\u00e1bor\u00fa idej\u00e9n teljes\u00edtette szolg\u00e1lat\u00e1t. Mi is ugyan\u00fagy agg\u00f3dunk amiatt, hogy megmaradunk-e. Bevallotta, hogy noha Magyarorsz\u00e1gon nincs h\u00e1bor\u00fa, sajnos ott is sokszor ez a k\u00e9rd\u00e9s mer\u00fcl fel benne \u00e9s az egyh\u00e1zban.<\/p>\n<p style=\"text-align: justify;\">\u201eNagyon vigy\u00e1znom kell arra, hogy az Anyaorsz\u00e1gb\u00f3l j\u00f6vet ne mondjak olyan nagy szavakat, hogy b\u00edzzatok meg rem\u00e9ljetek, mert h\u00e1t onnan k\u00f6nny\u0171 besz\u00e9lni. De higgy\u00e9tek el, a mi aggodalmunk sem jelent\u00e9ktelen. Mi lesz a fiataljainkkal, mi lesz a j\u00f6v\u0151nkkel? Mi lesz az eur\u00f3painak mondott kereszt\u00e9nys\u00e9ggel? Mert m\u00e9lyebb hitet tal\u00e1l itt K\u00e1rp\u00e1talj\u00e1n az ember, mint a saj\u00e1t vil\u00e1gunkban, ahol lehet, hogy egy kicsit k\u00f6nnyebb az \u00e9let, de nem biztos, hogy egy p\u00e9ntek esti szentmis\u00e9re megtelne a templom h\u00edvekkel. J\u00f3 l\u00e1tni a hiteteket, az \u00f6sszefog\u00e1st, mert ez az egyetlen rem\u00e9ny\u00fcnk\u201d \u2013 mondta biztatva a jelenl\u00e9v\u0151ket.<\/p>\n<p style=\"text-align: justify;\">A szentlecke szavait id\u00e9zve, Tam\u00e1s atya felh\u00edvta a figyelmet, hogy 2024-ben is ugyanolyan aktualit\u00e1ssal b\u00edrnak a Szent\u00edr\u00e1s szavai: \u201eMindenfel\u0151l szorongatnak minket, de agyon nem nyomnak; bizonytalans\u00e1gban vagyunk, de nem es\u00fcnk k\u00e9ts\u00e9gbe; \u00fcld\u00f6z\u00e9st szenved\u00fcnk, de elhagyatottak nem vagyunk; f\u00f6ldre ter\u00edtenek, de el nem vesz\u00fcnk; \u00e1lland\u00f3an hordozzuk test\u00fcnkben J\u00e9zus hal\u00e1l\u00e1t, hogy J\u00e9zus \u00e9lete is nyilv\u00e1nval\u00f3 legyen test\u00fcnkben.\u201d (2Kor 8-10)<\/p>\n<p style=\"text-align: justify;\">Scheffler J\u00e1nosr\u00f3l elmondta, hogy p\u00fcsp\u00f6ki \u00e9vei alatt v\u00e9gig szenvedett, de k\u00f6zben a h\u00edvei\u00e9rt \u00e9s a papjai\u00e9rt \u00e9lt. Tam\u00e1s atya felh\u00edvta a figyelmet arra is, hogy most ez egy j\u00f3 alkalom, hogy v\u00e1laszoljunk neki: \u201eItt vagyunk, adj er\u0151t, mert ugyanolyan neh\u00e9zs\u00e9geink vannak!\u201d<\/p>\n<p style=\"text-align: justify;\">Amikor Scheffler J\u00e1nossal mindenf\u00e9le megalkuv\u00f3 dokumentumot akartak al\u00e1\u00edrattatni, \u0151 csak annyit mondott: \u201eNem tehetem\u201d. Annak ellen\u00e9re, hogy tudta, hova vezet ez a v\u00e1lasz. Tudta nagyon j\u00f3l, hogy mi lesz ennek a v\u00e9ge. Ezzel a magatart\u00e1s\u00e1val nagyon sok er\u0151t adott papjainak ahhoz, hogy tartsanak ki.<\/p>\n<p style=\"text-align: justify;\">V\u00e9g\u00fcl S\u00edk S\u00e1ndor Ac\u00e9lember c\u00edm\u0171 vers\u00e9vel fejezte be a szentbesz\u00e9det, mely Scheffler J\u00e1nos kitart\u00e1s\u00e1t t\u00fckr\u00f6zte, \u00e9s egy\u00fattal ir\u00e1nyt \u00e9s p\u00e9ld\u00e1t mutatott a h\u00edveknek.<\/p>\n<p style=\"text-align: justify;\">\u201eTestv\u00e9r \u2013 mondja az ac\u00e9lpillanat \u2013<\/p>\n<p style=\"text-align: justify;\">Tudom: gyeng\u00e9nek lenni nem szabad.<\/p>\n<p style=\"text-align: justify;\">Tudom, a mi t\u00f6rv\u00e9ny\u00fcnk \u00e1llani:<\/p>\n<p style=\"text-align: justify;\">Mi vagyunk a Vezet\u00e9k v\u00e1rai.<\/p>\n<p style=\"text-align: justify;\">Nem tudjuk honnan, nem tudjuk kinek,<\/p>\n<p style=\"text-align: justify;\">De rajtunk megyen \u00e1t az \u00dczenet.<\/p>\n<p style=\"text-align: justify;\">Az ismeretlen Ig\u00e9t hordja v\u00e1llunk.<\/p>\n<p style=\"text-align: justify;\">Benn\u00fcnket ide\u00e1ll\u00edtottak. \u00c1llunk.\u201d<\/p>\n<p style=\"text-align: justify;\">A jelenl\u00e9v\u0151k sok er\u0151t mer\u00edtettek a pr\u00e9dik\u00e1ci\u00f3b\u00f3l, mely betekint\u00e9st adott a szent\u00e9let\u0171 p\u00fcsp\u00f6k \u00e9let\u00e9be. A szentmise ut\u00e1ni \u00e1ld\u00e1st k\u00f6vet\u0151en l\u00e9lekben meger\u0151s\u00f6dve j\u00f6ttek ki a templomb\u00f3l, ahol szeretetvend\u00e9gs\u00e9g v\u00e1rta a zar\u00e1ndokokat \u00e9s minden jelenl\u00e9v\u0151t. A templomb\u00facs\u00fa j\u00f3 alkalom volt arra, hogy a h\u00edvek felk\u00e9sz\u00fcljenek a P\u00fcnk\u00f6sdre, az egyh\u00e1z egyik legnagyobb \u00fcnnep\u00e9re.<\/p>\n<p><iframe loading=\"lazy\" title=\"Szeress\u00fck az Egyh\u00e1zunkat, azaz egym\u00e1st. M\u00f3rocz Tam\u00e1s pr\u00e9dik\u00e1ci\u00f3ja .\" width=\"1080\" height=\"608\" src=\"https:\/\/www.youtube.com\/embed\/87xqpgI0zSo?feature=oembed\" frameborder=\"0\" allow=\"accelerometer; autoplay; clipboard-write; encrypted-media; gyroscope; picture-in-picture; web-share\" referrerpolicy=\"strict-origin-when-cross-origin\" allowfullscreen><\/iframe><\/p>\n<p><em>\u00a0<\/em><\/p>\n<p style=\"text-align: right;\"><span style=\"font-size: 10pt;\"><em>Feh\u00e9r Rita<\/em><em> (Forr\u00e1s: <\/em><em>K\u00e1rp\u00e1talja.ma<\/em><em>)<\/em><\/span><\/p>\n<p style=\"text-align: right;\"><span style=\"font-size: 10pt;\"><em>Vide\u00f3: Veritas<\/em><\/span><\/p>\n","protected":false},"excerpt":{"rendered":"<p>Boldog Scheffler J\u00e1nos szatm\u00e1ri p\u00fcsp\u00f6k \u00e9s v\u00e9rtan\u00fa lett a n\u00e9vad\u00f3ja \u00e9s v\u00e9d\u0151szentje annak a r\u00f3mai katolikus templomnak, mely n\u00e9h\u00e1ny \u00e9vvel ezel\u0151tt \u00e9p\u00fclt fel Beregd\u00e9d\u00e1ban. A templomb\u00facs\u00far\u00f3l id\u00e9n is m\u00e1jus 17-\u00e9n eml\u00e9keztek meg a helyi h\u00edvek \u00e9s az \u00fcnnepre \u00e9rkezett zar\u00e1ndokok. Moln\u00e1r J\u00e1nos, az egyh\u00e1zk\u00f6zs\u00e9g lelkip\u00e1sztora nagy szeretettel k\u00f6sz\u00f6nt\u00f6tte az egybegy\u0171lteket, k\u00fcl\u00f6n\u00f6sk\u00e9ppen a messzebbr\u0151l \u00e9rkezett vend\u00e9geket. [&hellip;]<\/p>\n","protected":false},"author":4,"featured_media":11914,"comment_status":"open","ping_status":"open","sticky":false,"template":"","format":"standard","meta":{"_acf_changed":false,"_et_pb_use_builder":"","_et_pb_old_content":"","_et_gb_content_width":"","footnotes":""},"categories":[10,59],"tags":[],"class_list":["post-11913","post","type-post","status-publish","format-standard","has-post-thumbnail","hentry","category-aktualis-hirek","category-egyhazmegyenk-hirei","et-has-post-format-content","et_post_format-et-post-format-standard"],"acf":[],"_links":{"self":[{"href":"https:\/\/munkacs-diocese.org\/hu\/wp-json\/wp\/v2\/posts\/11913"}],"collection":[{"href":"https:\/\/munkacs-diocese.org\/hu\/wp-json\/wp\/v2\/posts"}],"about":[{"href":"https:\/\/munkacs-diocese.org\/hu\/wp-json\/wp\/v2\/types\/post"}],"author":[{"embeddable":true,"href":"https:\/\/munkacs-diocese.org\/hu\/wp-json\/wp\/v2\/users\/4"}],"replies":[{"embeddable":true,"href":"https:\/\/munkacs-diocese.org\/hu\/wp-json\/wp\/v2\/comments?post=11913"}],"version-history":[{"count":1,"href":"https:\/\/munkacs-diocese.org\/hu\/wp-json\/wp\/v2\/posts\/11913\/revisions"}],"predecessor-version":[{"id":11916,"href":"https:\/\/munkacs-diocese.org\/hu\/wp-json\/wp\/v2\/posts\/11913\/revisions\/11916"}],"wp:featuredmedia":[{"embeddable":true,"href":"https:\/\/munkacs-diocese.org\/hu\/wp-json\/wp\/v2\/media\/11914"}],"wp:attachment":[{"href":"https:\/\/munkacs-diocese.org\/hu\/wp-json\/wp\/v2\/media?parent=11913"}],"wp:term":[{"taxonomy":"category","embeddable":true,"href":"https:\/\/munkacs-diocese.org\/hu\/wp-json\/wp\/v2\/categories?post=11913"},{"taxonomy":"post_tag","embeddable":true,"href":"https:\/\/munkacs-diocese.org\/hu\/wp-json\/wp\/v2\/tags?post=11913"}],"curies":[{"name":"wp","href":"https:\/\/api.w.org\/{rel}","templated":true}]}}