{"id":11850,"date":"2024-04-24T10:19:55","date_gmt":"2024-04-24T08:19:55","guid":{"rendered":"https:\/\/munkacs-diocese.org\/hu\/?p=11850"},"modified":"2024-05-02T10:24:04","modified_gmt":"2024-05-02T08:24:04","slug":"miert-vagyok-ministrans-lelkinap-az-egyhazmegye-ukran-ajku-ministransai-szamara","status":"publish","type":"post","link":"https:\/\/munkacs-diocese.org\/hu\/2024\/04\/24\/miert-vagyok-ministrans-lelkinap-az-egyhazmegye-ukran-ajku-ministransai-szamara\/","title":{"rendered":"Mi\u00e9rt vagyok ministr\u00e1ns? Lelkinap az egyh\u00e1zmegye ukr\u00e1n ajk\u00fa ministr\u00e1nsai sz\u00e1m\u00e1ra"},"content":{"rendered":"<div id=\"fb-root\"><\/div>\n<p style=\"text-align: justify;\">Lelkinapot tartottak az egyh\u00e1zmegye ukr\u00e1n ajk\u00fa ministr\u00e1nsai sz\u00e1m\u00e1ra \u00e1prilis 20-\u00e1n, Munk\u00e1cson. Az esem\u00e9nyen 45 fi\u00fa vett r\u00e9szt. A ministr\u00e1nsok K\u00e1rp\u00e1talja k\u00fcl\u00f6nb\u00f6z\u0151 telep\u00fcl\u00e9s\u00e9r\u0151l \u00e9rkeztek: Munk\u00e1csr\u00f3l, Ungv\u00e1rr\u00f3l, Szolyv\u00e1r\u00f3l, K\u0151r\u00f6smez\u0151r\u0151l, Szeredny\u00e9r\u0151l, Antal\u00f3cr\u00f3l, V\u00e1rkulcs\u00e1r\u00f3l.<\/p>\n<p style=\"text-align: justify;\">A lelkinap programja rendk\u00edv\u00fcl sz\u00ednes volt. Jurij Holotyuk, a Munk\u00e1csi Egyh\u00e1zmegye ifj\u00fas\u00e1gi pasztor\u00e1ci\u00f3 felel\u0151s\u00e9nek el\u0151ad\u00e1s\u00e1val kezd\u0151d\u00f6tt, melynek c\u00edme: \u201eA ministr\u00e1ns szolg\u00e1lat\u00e1nak fontoss\u00e1ga \u00e9s szempontjai.\u201d<\/p>\n<p style=\"text-align: justify;\">Ezut\u00e1n a fi\u00fak kiscsoportokban dolgoztak azon elm\u00e9lkedve, hogy a ministr\u00e1ns szolg\u00e1lat csup\u00e1n a mis\u00e9re korl\u00e1toz\u00f3dik, vagy jelent\u0151s\u00e9ge van a h\u00e9tk\u00f6znapi \u00e9letben is. A kiscsoportos besz\u00e9lget\u00e9seket Jaroszl\u00e1v Sztehnej, egyh\u00e1zmegy\u00e9nk kispapja koordin\u00e1lta.<\/p>\n\n\t\t<style type=\"text\/css\">\n\t\t\t#gallery-1 {\n\t\t\t\tmargin: auto;\n\t\t\t}\n\t\t\t#gallery-1 .gallery-item {\n\t\t\t\tfloat: left;\n\t\t\t\tmargin-top: 10px;\n\t\t\t\ttext-align: center;\n\t\t\t\twidth: 33%;\n\t\t\t}\n\t\t\t#gallery-1 img {\n\t\t\t\tborder: 2px solid #cfcfcf;\n\t\t\t}\n\t\t\t#gallery-1 .gallery-caption {\n\t\t\t\tmargin-left: 0;\n\t\t\t}\n\t\t\t\/* see gallery_shortcode() in wp-includes\/media.php *\/\n\t\t<\/style>\n\t\t<div id='gallery-1' class='gallery galleryid-11850 gallery-columns-3 gallery-size-full'><dl class='gallery-item'>\n\t\t\t<dt class='gallery-icon landscape'>\n\t\t\t\t<a href='https:\/\/munkacs-diocese.org\/hu\/2024\/04\/22\/a-beke-egy-allapot-parbeszedben-a-puspok-atyaval\/2024-04-20-ministranty-002\/'><img loading=\"lazy\" decoding=\"async\" width=\"1600\" height=\"1200\" src=\"https:\/\/munkacs-diocese.org\/hu\/wp-content\/uploads\/2024\/05\/2024.04.20-ministranty-002.jpg\" class=\"attachment-full size-full\" alt=\"\" srcset=\"https:\/\/munkacs-diocese.org\/hu\/wp-content\/uploads\/2024\/05\/2024.04.20-ministranty-002.jpg 1600w, https:\/\/munkacs-diocese.org\/hu\/wp-content\/uploads\/2024\/05\/2024.04.20-ministranty-002-300x225.jpg 300w, https:\/\/munkacs-diocese.org\/hu\/wp-content\/uploads\/2024\/05\/2024.04.20-ministranty-002-1024x768.jpg 1024w, https:\/\/munkacs-diocese.org\/hu\/wp-content\/uploads\/2024\/05\/2024.04.20-ministranty-002-768x576.jpg 768w, https:\/\/munkacs-diocese.org\/hu\/wp-content\/uploads\/2024\/05\/2024.04.20-ministranty-002-1536x1152.jpg 1536w, https:\/\/munkacs-diocese.org\/hu\/wp-content\/uploads\/2024\/05\/2024.04.20-ministranty-002-1080x810.jpg 1080w\" sizes=\"(max-width: 1600px) 100vw, 1600px\" \/><\/a>\n\t\t\t<\/dt><\/dl><dl class='gallery-item'>\n\t\t\t<dt class='gallery-icon landscape'>\n\t\t\t\t<a href='https:\/\/munkacs-diocese.org\/hu\/2024\/04\/22\/a-beke-egy-allapot-parbeszedben-a-puspok-atyaval\/2024-04-20-ministranty-003\/'><img loading=\"lazy\" decoding=\"async\" width=\"1600\" height=\"1200\" src=\"https:\/\/munkacs-diocese.org\/hu\/wp-content\/uploads\/2024\/05\/2024.04.20-ministranty-003.jpg\" class=\"attachment-full size-full\" alt=\"\" srcset=\"https:\/\/munkacs-diocese.org\/hu\/wp-content\/uploads\/2024\/05\/2024.04.20-ministranty-003.jpg 1600w, https:\/\/munkacs-diocese.org\/hu\/wp-content\/uploads\/2024\/05\/2024.04.20-ministranty-003-300x225.jpg 300w, https:\/\/munkacs-diocese.org\/hu\/wp-content\/uploads\/2024\/05\/2024.04.20-ministranty-003-1024x768.jpg 1024w, https:\/\/munkacs-diocese.org\/hu\/wp-content\/uploads\/2024\/05\/2024.04.20-ministranty-003-768x576.jpg 768w, https:\/\/munkacs-diocese.org\/hu\/wp-content\/uploads\/2024\/05\/2024.04.20-ministranty-003-1536x1152.jpg 1536w, https:\/\/munkacs-diocese.org\/hu\/wp-content\/uploads\/2024\/05\/2024.04.20-ministranty-003-1080x810.jpg 1080w\" sizes=\"(max-width: 1600px) 100vw, 1600px\" \/><\/a>\n\t\t\t<\/dt><\/dl><dl class='gallery-item'>\n\t\t\t<dt class='gallery-icon landscape'>\n\t\t\t\t<a href='https:\/\/munkacs-diocese.org\/hu\/2024\/04\/22\/a-beke-egy-allapot-parbeszedben-a-puspok-atyaval\/2024-04-20-ministranty-004\/'><img loading=\"lazy\" decoding=\"async\" width=\"1600\" height=\"1200\" src=\"https:\/\/munkacs-diocese.org\/hu\/wp-content\/uploads\/2024\/05\/2024.04.20-ministranty-004.jpg\" class=\"attachment-full size-full\" alt=\"\" srcset=\"https:\/\/munkacs-diocese.org\/hu\/wp-content\/uploads\/2024\/05\/2024.04.20-ministranty-004.jpg 1600w, https:\/\/munkacs-diocese.org\/hu\/wp-content\/uploads\/2024\/05\/2024.04.20-ministranty-004-300x225.jpg 300w, https:\/\/munkacs-diocese.org\/hu\/wp-content\/uploads\/2024\/05\/2024.04.20-ministranty-004-1024x768.jpg 1024w, https:\/\/munkacs-diocese.org\/hu\/wp-content\/uploads\/2024\/05\/2024.04.20-ministranty-004-768x576.jpg 768w, https:\/\/munkacs-diocese.org\/hu\/wp-content\/uploads\/2024\/05\/2024.04.20-ministranty-004-1536x1152.jpg 1536w, https:\/\/munkacs-diocese.org\/hu\/wp-content\/uploads\/2024\/05\/2024.04.20-ministranty-004-1080x810.jpg 1080w\" sizes=\"(max-width: 1600px) 100vw, 1600px\" \/><\/a>\n\t\t\t<\/dt><\/dl><br style=\"clear: both\" \/>\n\t\t<\/div>\n\n<p style=\"text-align: justify;\">A ministr\u00e1nsok \u00fcnnepi szentmis\u00e9j\u00e9nek f\u0151celebr\u00e1nsa Lucsok P\u00e9ter Mikl\u00f3s OP megy\u00e9sp\u00fcsp\u00f6k volt, akivel Pavlo Sevcsuk OFM, szerednyei pl\u00e9b\u00e1nos, Jevhen Fizer munk\u00e1csi k\u00e1pl\u00e1n, valamint Jurij Holotyuk rah\u00f3i k\u00e1pl\u00e1n mis\u00e9zett egy\u00fctt.<\/p>\n<p style=\"text-align: justify;\">A pr\u00e9dik\u00e1ci\u00f3 alatt a p\u00fcsp\u00f6k arra biztatta a ministr\u00e1nsokat, hogy v\u00e1laszoljanak saj\u00e1t maguknak erre a k\u00e9rd\u00e9sre: \u201eMi\u00e9rt vagyok ministr\u00e1ns?\u201d Felh\u00edvta a figyelmet arra is, hogy a szentmis\u00e9n ne csak fizikailag legyenek jelen, hanem els\u0151sorban l\u00e9lekben.<\/p>\n\n\t\t<style type=\"text\/css\">\n\t\t\t#gallery-2 {\n\t\t\t\tmargin: auto;\n\t\t\t}\n\t\t\t#gallery-2 .gallery-item {\n\t\t\t\tfloat: left;\n\t\t\t\tmargin-top: 10px;\n\t\t\t\ttext-align: center;\n\t\t\t\twidth: 33%;\n\t\t\t}\n\t\t\t#gallery-2 img {\n\t\t\t\tborder: 2px solid #cfcfcf;\n\t\t\t}\n\t\t\t#gallery-2 .gallery-caption {\n\t\t\t\tmargin-left: 0;\n\t\t\t}\n\t\t\t\/* see gallery_shortcode() in wp-includes\/media.php *\/\n\t\t<\/style>\n\t\t<div id='gallery-2' class='gallery galleryid-11850 gallery-columns-3 gallery-size-full'><dl class='gallery-item'>\n\t\t\t<dt class='gallery-icon landscape'>\n\t\t\t\t<a href='https:\/\/munkacs-diocese.org\/hu\/2024\/04\/22\/a-beke-egy-allapot-parbeszedben-a-puspok-atyaval\/2024-04-20-ministranty-005\/'><img loading=\"lazy\" decoding=\"async\" width=\"1600\" height=\"1200\" src=\"https:\/\/munkacs-diocese.org\/hu\/wp-content\/uploads\/2024\/05\/2024.04.20-ministranty-005.jpg\" class=\"attachment-full size-full\" alt=\"\" srcset=\"https:\/\/munkacs-diocese.org\/hu\/wp-content\/uploads\/2024\/05\/2024.04.20-ministranty-005.jpg 1600w, https:\/\/munkacs-diocese.org\/hu\/wp-content\/uploads\/2024\/05\/2024.04.20-ministranty-005-300x225.jpg 300w, https:\/\/munkacs-diocese.org\/hu\/wp-content\/uploads\/2024\/05\/2024.04.20-ministranty-005-1024x768.jpg 1024w, https:\/\/munkacs-diocese.org\/hu\/wp-content\/uploads\/2024\/05\/2024.04.20-ministranty-005-768x576.jpg 768w, https:\/\/munkacs-diocese.org\/hu\/wp-content\/uploads\/2024\/05\/2024.04.20-ministranty-005-1536x1152.jpg 1536w, https:\/\/munkacs-diocese.org\/hu\/wp-content\/uploads\/2024\/05\/2024.04.20-ministranty-005-1080x810.jpg 1080w\" sizes=\"(max-width: 1600px) 100vw, 1600px\" \/><\/a>\n\t\t\t<\/dt><\/dl><dl class='gallery-item'>\n\t\t\t<dt class='gallery-icon landscape'>\n\t\t\t\t<a href='https:\/\/munkacs-diocese.org\/hu\/2024\/04\/22\/a-beke-egy-allapot-parbeszedben-a-puspok-atyaval\/2024-04-20-ministranty-006\/'><img loading=\"lazy\" decoding=\"async\" width=\"1600\" height=\"1200\" src=\"https:\/\/munkacs-diocese.org\/hu\/wp-content\/uploads\/2024\/05\/2024.04.20-ministranty-006.jpg\" class=\"attachment-full size-full\" alt=\"\" srcset=\"https:\/\/munkacs-diocese.org\/hu\/wp-content\/uploads\/2024\/05\/2024.04.20-ministranty-006.jpg 1600w, https:\/\/munkacs-diocese.org\/hu\/wp-content\/uploads\/2024\/05\/2024.04.20-ministranty-006-300x225.jpg 300w, https:\/\/munkacs-diocese.org\/hu\/wp-content\/uploads\/2024\/05\/2024.04.20-ministranty-006-1024x768.jpg 1024w, https:\/\/munkacs-diocese.org\/hu\/wp-content\/uploads\/2024\/05\/2024.04.20-ministranty-006-768x576.jpg 768w, https:\/\/munkacs-diocese.org\/hu\/wp-content\/uploads\/2024\/05\/2024.04.20-ministranty-006-1536x1152.jpg 1536w, https:\/\/munkacs-diocese.org\/hu\/wp-content\/uploads\/2024\/05\/2024.04.20-ministranty-006-1080x810.jpg 1080w\" sizes=\"(max-width: 1600px) 100vw, 1600px\" \/><\/a>\n\t\t\t<\/dt><\/dl><dl class='gallery-item'>\n\t\t\t<dt class='gallery-icon landscape'>\n\t\t\t\t<a href='https:\/\/munkacs-diocese.org\/hu\/2024\/04\/22\/a-beke-egy-allapot-parbeszedben-a-puspok-atyaval\/2024-04-20-ministranty-007\/'><img loading=\"lazy\" decoding=\"async\" width=\"1600\" height=\"1200\" src=\"https:\/\/munkacs-diocese.org\/hu\/wp-content\/uploads\/2024\/05\/2024.04.20-ministranty-007.jpg\" class=\"attachment-full size-full\" alt=\"\" srcset=\"https:\/\/munkacs-diocese.org\/hu\/wp-content\/uploads\/2024\/05\/2024.04.20-ministranty-007.jpg 1600w, https:\/\/munkacs-diocese.org\/hu\/wp-content\/uploads\/2024\/05\/2024.04.20-ministranty-007-300x225.jpg 300w, https:\/\/munkacs-diocese.org\/hu\/wp-content\/uploads\/2024\/05\/2024.04.20-ministranty-007-1024x768.jpg 1024w, https:\/\/munkacs-diocese.org\/hu\/wp-content\/uploads\/2024\/05\/2024.04.20-ministranty-007-768x576.jpg 768w, https:\/\/munkacs-diocese.org\/hu\/wp-content\/uploads\/2024\/05\/2024.04.20-ministranty-007-1536x1152.jpg 1536w, https:\/\/munkacs-diocese.org\/hu\/wp-content\/uploads\/2024\/05\/2024.04.20-ministranty-007-1080x810.jpg 1080w\" sizes=\"(max-width: 1600px) 100vw, 1600px\" \/><\/a>\n\t\t\t<\/dt><\/dl><br style=\"clear: both\" \/>\n\t\t<\/div>\n\n<p style=\"text-align: justify;\">A liturgia ut\u00e1n a fi\u00faknak lehet\u0151s\u00e9g\u00fck volt besz\u00e9lget\u00e9sre \u00e9s k\u00f6z\u00f6s j\u00e1t\u00e9kra. A lelkinap egy z\u00e1r\u00f3k\u00f6rrel fejez\u0151d\u00f6tt be, melyen mindenki elmondhatta, hogy mi\u00e9rt lett ministr\u00e1ns. V\u00e9g\u00fcl egy k\u00f6z\u00f6s szents\u00e9gim\u00e1d\u00e1son adtak h\u00e1l\u00e1t Istennek a ministr\u00e1l\u00e1s szolg\u00e1lat\u00e1\u00e9rt.<\/p>\n","protected":false},"excerpt":{"rendered":"<p>Lelkinapot tartottak az egyh\u00e1zmegye ukr\u00e1n ajk\u00fa ministr\u00e1nsai sz\u00e1m\u00e1ra \u00e1prilis 20-\u00e1n, Munk\u00e1cson. Az esem\u00e9nyen 45 fi\u00fa vett r\u00e9szt. A ministr\u00e1nsok K\u00e1rp\u00e1talja k\u00fcl\u00f6nb\u00f6z\u0151 telep\u00fcl\u00e9s\u00e9r\u0151l \u00e9rkeztek: Munk\u00e1csr\u00f3l, Ungv\u00e1rr\u00f3l, Szolyv\u00e1r\u00f3l, K\u0151r\u00f6smez\u0151r\u0151l, Szeredny\u00e9r\u0151l, Antal\u00f3cr\u00f3l, V\u00e1rkulcs\u00e1r\u00f3l. A lelkinap programja rendk\u00edv\u00fcl sz\u00ednes volt. Jurij Holotyuk, a Munk\u00e1csi Egyh\u00e1zmegye ifj\u00fas\u00e1gi pasztor\u00e1ci\u00f3 felel\u0151s\u00e9nek el\u0151ad\u00e1s\u00e1val kezd\u0151d\u00f6tt, melynek c\u00edme: \u201eA ministr\u00e1ns szolg\u00e1lat\u00e1nak fontoss\u00e1ga \u00e9s szempontjai.\u201d Ezut\u00e1n [&hellip;]<\/p>\n","protected":false},"author":4,"featured_media":11837,"comment_status":"open","ping_status":"open","sticky":false,"template":"","format":"standard","meta":{"_acf_changed":false,"_et_pb_use_builder":"","_et_pb_old_content":"","_et_gb_content_width":"","footnotes":""},"categories":[10,59],"tags":[],"class_list":["post-11850","post","type-post","status-publish","format-standard","has-post-thumbnail","hentry","category-aktualis-hirek","category-egyhazmegyenk-hirei","et-has-post-format-content","et_post_format-et-post-format-standard"],"acf":[],"_links":{"self":[{"href":"https:\/\/munkacs-diocese.org\/hu\/wp-json\/wp\/v2\/posts\/11850"}],"collection":[{"href":"https:\/\/munkacs-diocese.org\/hu\/wp-json\/wp\/v2\/posts"}],"about":[{"href":"https:\/\/munkacs-diocese.org\/hu\/wp-json\/wp\/v2\/types\/post"}],"author":[{"embeddable":true,"href":"https:\/\/munkacs-diocese.org\/hu\/wp-json\/wp\/v2\/users\/4"}],"replies":[{"embeddable":true,"href":"https:\/\/munkacs-diocese.org\/hu\/wp-json\/wp\/v2\/comments?post=11850"}],"version-history":[{"count":1,"href":"https:\/\/munkacs-diocese.org\/hu\/wp-json\/wp\/v2\/posts\/11850\/revisions"}],"predecessor-version":[{"id":11851,"href":"https:\/\/munkacs-diocese.org\/hu\/wp-json\/wp\/v2\/posts\/11850\/revisions\/11851"}],"wp:featuredmedia":[{"embeddable":true,"href":"https:\/\/munkacs-diocese.org\/hu\/wp-json\/wp\/v2\/media\/11837"}],"wp:attachment":[{"href":"https:\/\/munkacs-diocese.org\/hu\/wp-json\/wp\/v2\/media?parent=11850"}],"wp:term":[{"taxonomy":"category","embeddable":true,"href":"https:\/\/munkacs-diocese.org\/hu\/wp-json\/wp\/v2\/categories?post=11850"},{"taxonomy":"post_tag","embeddable":true,"href":"https:\/\/munkacs-diocese.org\/hu\/wp-json\/wp\/v2\/tags?post=11850"}],"curies":[{"name":"wp","href":"https:\/\/api.w.org\/{rel}","templated":true}]}}