{"id":11625,"date":"2024-03-19T09:23:34","date_gmt":"2024-03-19T08:23:34","guid":{"rendered":"https:\/\/munkacs-diocese.org\/hu\/?p=11625"},"modified":"2024-03-19T09:23:34","modified_gmt":"2024-03-19T08:23:34","slug":"kozossegben-megelt-szeretetkapcsolodas-lelkinap-kepviselo-testuleti-tagoknak","status":"publish","type":"post","link":"https:\/\/munkacs-diocese.org\/hu\/2024\/03\/19\/kozossegben-megelt-szeretetkapcsolodas-lelkinap-kepviselo-testuleti-tagoknak\/","title":{"rendered":"K\u00f6z\u00f6ss\u00e9gben meg\u00e9lt szeretetkapcsol\u00f3d\u00e1s &#8211; lelkinap k\u00e9pvisel\u0151 test\u00fcleti tagoknak"},"content":{"rendered":"<div id=\"fb-root\"><\/div>\n<p style=\"text-align: justify;\">H\u00e1bor\u00fa d\u00fal Ukrajn\u00e1ban \u00e9s a vil\u00e1g t\u00f6bb mint 30 orsz\u00e1g\u00e1ban. Indulatok, gy\u0171l\u00f6let, harag, fegyverkez\u00e9s, gazdas\u00e1gi kr\u00edzis, eszement d\u00f6nt\u00e9sek, korrupci\u00f3, hal\u00e1l, puszt\u00edt\u00e1s,\u00a0 pusztul\u00e1s. B\u00e1rmerre n\u00e9z\u00fcnk,\u00a0 b\u00e1rhov\u00e1 kapcsolunk &#8211; \u00f6mlik a m\u00e9di\u00e1b\u00f3l a v\u00e9r, a szenny, a pesszimizmus, a rem\u00e9nyvesztetts\u00e9g. Pedig az ember csak szeretetre, b\u00e9k\u00e9re \u00e9s egy kis nyugalomra v\u00e1gyik. Arra, hogy egy picit kikapcsolhassa az agy\u00e1t, takar\u00e9kra tehesse a sok \u201ecsin\u00e1l\u00e1st\u201d, \u00e9s \u00edgy lecsendesedve befel\u00e9 figyelhessen. Arra v\u00e1gyunk, hogy eljussunk\u00a0 legm\u00e9lyebb \u00f6nmagunkba, \u00e9s ott a csendben tal\u00e1lkozhassunk a Teremt\u0151 Szeretettel.<\/p>\n<p style=\"text-align: justify;\">Tal\u00e1n\u00a0 P\u00e9ter Thurz\u00f3\u00a0 aty\u00e1t is ezek a gondolatok motiv\u00e1lt\u00e1k, hogy megszervezze ezt a mai lelki napot munkat\u00e1rsainak, a k\u00e9pvisel\u0151 test\u00fclet tagjainak. Az esem\u00e9nyen a Csapi, T\u00e9gl\u00e1si, Salamoni \u00e9s\u00a0 R\u00e1ti Egyh\u00e1zk\u00f6zs\u00e9gekb\u0151l vettek r\u00e9szt\u00a0 az egyh\u00e1zi szolg\u00e1latben seg\u00edt\u0151 h\u00edvek. A kora d\u00e9lel\u0151tti\u00a0 \u00f3r\u00e1kban indult a zar\u00e1ndoklat Beregsz\u00e1szba, ahol a P\u00e1sztor Ferenc nev\u00e9t\u00a0 visel\u0151 k\u00f6z\u00f6ss\u00e9gi h\u00e1zban a h\u00e1zigazd\u00e1k forr\u00f3 te\u00e1val, k\u00e1v\u00e9val \u00e9s friss pog\u00e1cs\u00e1val v\u00e1rtak minket.<\/p>\n<p style=\"text-align: justify;\">A program els\u0151 r\u00e9sz\u00e9ben Moln\u00e1r J\u00e1nos atya el\u0151ad\u00e1s\u00e1t hallgattuk, melynek t\u00e9m\u00e1ja a b\u00f6jt volt. Az el\u0151ad\u00e1s mindannyiunk tetsz\u00e9s\u00e9t elnyerte, hisz nagyon aktu\u00e1lis\u00a0 t\u00e9m\u00e1t boncolgatott. Az egyh\u00e1zi el\u0151\u00edr\u00e1sokat \u00e9s\u00a0 szab\u00e1lyokat \u00f6sszekapcsolta a mindennapi \u00e9let lehet\u0151s\u00e9geivel. \u00c9l\u0151 p\u00e9ld\u00e1kkal szeml\u00e9ltette a modern kor kih\u00edv\u00e1saival k\u00fczd\u0151 ember gyenge pontjait. A Szent\u00edr\u00e1sb\u00f3l vett t\u00f6rt\u00e9neteken kereszt\u00fcl bemutatta a b\u00f6jti cselekm\u00e9nyek konkr\u00e9t form\u00e1it, tiszt\u00e1zta az ezzel kapcsolatos fogalomrendszer pontatlans\u00e1g\u00e1t.<\/p>\n<p style=\"text-align: justify;\">Az el\u0151ad\u00e1s ut\u00e1n kiscsoportokban besz\u00e9lt\u00fck meg a hallottakat, mindenki \u0151szint\u00e9n elmondhatta gondolatait, v\u00e9lem\u00e9ny\u00e9t. Bemutathatta\u00a0 sajat praktik\u00e1it, megoszthattuk egym\u00e1ssal azokat a dolgokat, amelyek seg\u00edtenek tov\u00e1bb lend\u00fclni, megmaradni Isten k\u00f6zel\u00e9ben a h\u00e9tk\u00f6znapi teend\u0151k forgatag\u00e1ban is. \u00a0A k\u00f6vetkez\u0151 feladat az im\u00e1val kapcsolatos elm\u00e9lked\u00e9s volt: sok-sok defin\u00edci\u00f3 \u00e9s\u00a0 \u00e1ll\u00edt\u00e1s k\u00f6z\u00fcl mindenki kiv\u00e1laszthatta azokat a gondolatokat, amelyek legink\u00e1bb kifejezik jelenlegi lelki \u00e9retts\u00e9gi szintj\u00fcket.<\/p>\n<p style=\"text-align: justify;\"><img loading=\"lazy\" decoding=\"async\" class=\"alignnone size-full wp-image-11631\" src=\"https:\/\/munkacs-diocese.org\/hu\/wp-content\/uploads\/2024\/03\/lelkinap-csap06.jpg\" alt=\"\" width=\"2048\" height=\"1153\" srcset=\"https:\/\/munkacs-diocese.org\/hu\/wp-content\/uploads\/2024\/03\/lelkinap-csap06.jpg 2048w, https:\/\/munkacs-diocese.org\/hu\/wp-content\/uploads\/2024\/03\/lelkinap-csap06-300x169.jpg 300w, https:\/\/munkacs-diocese.org\/hu\/wp-content\/uploads\/2024\/03\/lelkinap-csap06-1024x577.jpg 1024w, https:\/\/munkacs-diocese.org\/hu\/wp-content\/uploads\/2024\/03\/lelkinap-csap06-768x432.jpg 768w, https:\/\/munkacs-diocese.org\/hu\/wp-content\/uploads\/2024\/03\/lelkinap-csap06-1536x865.jpg 1536w, https:\/\/munkacs-diocese.org\/hu\/wp-content\/uploads\/2024\/03\/lelkinap-csap06-1080x608.jpg 1080w\" sizes=\"(max-width: 2048px) 100vw, 2048px\" \/>A lelkinap vezetett szents\u00e9gim\u00e1d\u00e1ssal folytat\u00f3dott a templomban, ahol lehet\u0151s\u00e9g\u00fcnk volt a csendben elm\u00e9ly\u00fclni, im\u00e1dkozni, lelk\u00fcnket szeretettel J\u00e9zushoz kapcsolni, el\u00e9 vinni h\u00e1l\u00e1nkat, probl\u00e9m\u00e1inkat,\u00a0 betegs\u00e9geinket, k\u00e9rni\u00a0 aj\u00e1nd\u00e9kait, vezet\u00e9s\u00e9t \u00e9let\u00fcnkre. J\u00f3 volt egyszer\u0171en,\u00a0 levetve minden k\u00fcls\u0151 k\u00e9nyszert \u00e9s m\u00e1zt, csak jelen lenni\u00a0 J\u00e9zussal\u00a0 bens\u0151s\u00e9gesen. Ha nyitott a sz\u00edv\u00fcnk, hogy \u0150t keress\u00fck \u00e9s befogadjuk, akkor meg is tal\u00e1ljuk: magunkban, a m\u00e1sik emberben, a mellett\u00fcnk l\u00e9v\u0151k szeretet\u00e9ben, a csod\u00e1latos term\u00e9szet minden sz\u00e9ps\u00e9g\u00e9ben. Ha keress\u00fck \u0150t, akkor megtal\u00e1ljuk m\u00e9g a minket gy\u0171l\u00f6l\u0151kben vagy haragosainkban is, hisz \u0151k szembes\u00edtenek \u00f6nmagunkkal, a benn\u00fcnk d\u00fal\u00f3 harcokra ir\u00e1ny\u00edtj\u00e1k a figyelm\u00fcnket. Ha r\u00e1\u00e9bred\u00fcnk \u00e9s bel\u00e1tjuk, hogy a m\u00e1sik embert soha nem tudjuk megv\u00e1ltoztatni, csak a saj\u00e1t hozz\u00e1\u00e1ll\u00e1sunkat \u00e9s\u00a0 saj\u00e1t magunkat, akkor sokkal egyszer\u0171bb lesz\u00a0 az \u00e9let\u00fcnk. Elenged\u00fcnk olyan dolgokat, helyzeteket\u00a0 \u00e9s embereket, amelyek \u00e9s akik m\u00e1r\u00a0 nem a mi hat\u00e1sk\u00f6r\u00fcnkbe tartoznak. Amint megtanuljuk ezeket odaadni Istennek, sokkal k\u00f6nnyebb lesz a terh\u00fcnk. Ez nem k\u00f6nny\u0171 munka, hisz saj\u00e1t magunkat megv\u00e1ltoztatni a legnagyobb kih\u00edv\u00e1s. Csend \u00e9s \u00e1telm\u00e9lkedett im\u00e1ds\u00e1g kell hozz\u00e1.<\/p>\n<p style=\"text-align: justify;\">A szents\u00e9gim\u00e1d\u00e1s ut\u00e1n finom h\u00e1romfog\u00e1sos eb\u00e9ddel kedveskedtek nek\u00fcnk a h\u00e1zigazd\u00e1k. M\u00e9g\u00a0 a Beregsz\u00e1sz k\u00f6rny\u00e9ki bor\u00e1szatok finom ned\u0171ib\u0151l is kaptunk k\u00f3stol\u00f3t.<\/p>\n<p>&nbsp;<\/p>\n<p style=\"text-align: justify;\"><img loading=\"lazy\" decoding=\"async\" class=\"alignnone size-full wp-image-11626\" src=\"https:\/\/munkacs-diocese.org\/hu\/wp-content\/uploads\/2024\/03\/lelkinap-csao01.jpg\" alt=\"\" width=\"2048\" height=\"1152\" srcset=\"https:\/\/munkacs-diocese.org\/hu\/wp-content\/uploads\/2024\/03\/lelkinap-csao01.jpg 2048w, https:\/\/munkacs-diocese.org\/hu\/wp-content\/uploads\/2024\/03\/lelkinap-csao01-300x169.jpg 300w, https:\/\/munkacs-diocese.org\/hu\/wp-content\/uploads\/2024\/03\/lelkinap-csao01-1024x576.jpg 1024w, https:\/\/munkacs-diocese.org\/hu\/wp-content\/uploads\/2024\/03\/lelkinap-csao01-768x432.jpg 768w, https:\/\/munkacs-diocese.org\/hu\/wp-content\/uploads\/2024\/03\/lelkinap-csao01-1536x864.jpg 1536w, https:\/\/munkacs-diocese.org\/hu\/wp-content\/uploads\/2024\/03\/lelkinap-csao01-1080x608.jpg 1080w\" sizes=\"(max-width: 2048px) 100vw, 2048px\" \/><\/p>\n<p style=\"text-align: justify;\">A finom \u00e9s b\u0151s\u00e9ges eb\u00e9d ut\u00e1n egy k\u00fcl\u00f6nleges kereszt\u00fati \u00e1jtatoss\u00e1gon vett\u00fcnk r\u00e9szt. A 15 st\u00e1ci\u00f3t a Beregsz\u00e1szot \u00f6lel\u0151 hegyen j\u00e1rtuk v\u00e9gig, ahol egyre feljebb\u00a0 kapaszkodva egyre gy\u00f6ny\u00f6r\u0171bb l\u00e1tv\u00e1ny t\u00e1rult\u00a0 el\u00e9nk. L\u00e1bunk alatt a csendes kisv\u00e1ros, k\u00f6r\u00f6s-k\u00f6r\u00fcl az \u00e9bred\u0151, vir\u00e1gban pomp\u00e1z\u00f3 tavaszi term\u00e9szet, a hegytet\u0151n pedig, \u00e9g \u00e9s f\u00f6ld k\u00f6z\u00f6tt, J\u00e9zus szeret\u0151, kit\u00e1rt karja v\u00e1rt minket. Az egyes st\u00e1ci\u00f3k im\u00e1ds\u00e1gai, elm\u00e9lked\u00e9sei sem voltak hagyom\u00e1nyosak. A megszokott golgotai t\u00f6rt\u00e9n\u00e9sek feleleven\u00edt\u00e9se mellett nagy hangs\u00falyt kapott az,\u00a0 hogy a mai ember k\u00fczdelmein, probl\u00e9m\u00e1in kereszt\u00fcl \u00e9rintette meg a sz\u00edv\u00fcnket, hisz ezekkel mindannyian szembeker\u00fcl\u00fcnk, \u00e9s &#8211; \u00e9pp ez\u00e9rt &#8211; azonosulni tudunk.<\/p>\n\n\t\t<style type=\"text\/css\">\n\t\t\t#gallery-1 {\n\t\t\t\tmargin: auto;\n\t\t\t}\n\t\t\t#gallery-1 .gallery-item {\n\t\t\t\tfloat: left;\n\t\t\t\tmargin-top: 10px;\n\t\t\t\ttext-align: center;\n\t\t\t\twidth: 50%;\n\t\t\t}\n\t\t\t#gallery-1 img {\n\t\t\t\tborder: 2px solid #cfcfcf;\n\t\t\t}\n\t\t\t#gallery-1 .gallery-caption {\n\t\t\t\tmargin-left: 0;\n\t\t\t}\n\t\t\t\/* see gallery_shortcode() in wp-includes\/media.php *\/\n\t\t<\/style>\n\t\t<div id='gallery-1' class='gallery galleryid-11625 gallery-columns-2 gallery-size-full'><dl class='gallery-item'>\n\t\t\t<dt class='gallery-icon portrait'>\n\t\t\t\t<a href='https:\/\/munkacs-diocese.org\/hu\/2024\/03\/19\/kozossegben-megelt-szeretetkapcsolodas-lelkinap-kepviselo-testuleti-tagoknak\/lelkinap-csap03\/'><img loading=\"lazy\" decoding=\"async\" width=\"1153\" height=\"2048\" src=\"https:\/\/munkacs-diocese.org\/hu\/wp-content\/uploads\/2024\/03\/lelkinap-csap03.jpg\" class=\"attachment-full size-full\" alt=\"\" srcset=\"https:\/\/munkacs-diocese.org\/hu\/wp-content\/uploads\/2024\/03\/lelkinap-csap03.jpg 1153w, https:\/\/munkacs-diocese.org\/hu\/wp-content\/uploads\/2024\/03\/lelkinap-csap03-169x300.jpg 169w, https:\/\/munkacs-diocese.org\/hu\/wp-content\/uploads\/2024\/03\/lelkinap-csap03-577x1024.jpg 577w, https:\/\/munkacs-diocese.org\/hu\/wp-content\/uploads\/2024\/03\/lelkinap-csap03-768x1364.jpg 768w, https:\/\/munkacs-diocese.org\/hu\/wp-content\/uploads\/2024\/03\/lelkinap-csap03-865x1536.jpg 865w, https:\/\/munkacs-diocese.org\/hu\/wp-content\/uploads\/2024\/03\/lelkinap-csap03-1080x1918.jpg 1080w\" sizes=\"(max-width: 1153px) 100vw, 1153px\" \/><\/a>\n\t\t\t<\/dt><\/dl><dl class='gallery-item'>\n\t\t\t<dt class='gallery-icon portrait'>\n\t\t\t\t<a href='https:\/\/munkacs-diocese.org\/hu\/2024\/03\/19\/kozossegben-megelt-szeretetkapcsolodas-lelkinap-kepviselo-testuleti-tagoknak\/lelkinap-csap04\/'><img loading=\"lazy\" decoding=\"async\" width=\"1153\" height=\"2048\" src=\"https:\/\/munkacs-diocese.org\/hu\/wp-content\/uploads\/2024\/03\/lelkinap-csap04.jpg\" class=\"attachment-full size-full\" alt=\"\" srcset=\"https:\/\/munkacs-diocese.org\/hu\/wp-content\/uploads\/2024\/03\/lelkinap-csap04.jpg 1153w, https:\/\/munkacs-diocese.org\/hu\/wp-content\/uploads\/2024\/03\/lelkinap-csap04-169x300.jpg 169w, https:\/\/munkacs-diocese.org\/hu\/wp-content\/uploads\/2024\/03\/lelkinap-csap04-577x1024.jpg 577w, https:\/\/munkacs-diocese.org\/hu\/wp-content\/uploads\/2024\/03\/lelkinap-csap04-768x1364.jpg 768w, https:\/\/munkacs-diocese.org\/hu\/wp-content\/uploads\/2024\/03\/lelkinap-csap04-865x1536.jpg 865w, https:\/\/munkacs-diocese.org\/hu\/wp-content\/uploads\/2024\/03\/lelkinap-csap04-1080x1918.jpg 1080w\" sizes=\"(max-width: 1153px) 100vw, 1153px\" \/><\/a>\n\t\t\t<\/dt><\/dl><br style=\"clear: both\" \/>\n\t\t<\/div>\n\n<p><img loading=\"lazy\" decoding=\"async\" class=\"alignnone size-full wp-image-11627\" src=\"https:\/\/munkacs-diocese.org\/hu\/wp-content\/uploads\/2024\/03\/lelkinap-csap02.jpg\" alt=\"\" width=\"2048\" height=\"1152\" srcset=\"https:\/\/munkacs-diocese.org\/hu\/wp-content\/uploads\/2024\/03\/lelkinap-csap02.jpg 2048w, https:\/\/munkacs-diocese.org\/hu\/wp-content\/uploads\/2024\/03\/lelkinap-csap02-300x169.jpg 300w, https:\/\/munkacs-diocese.org\/hu\/wp-content\/uploads\/2024\/03\/lelkinap-csap02-1024x576.jpg 1024w, https:\/\/munkacs-diocese.org\/hu\/wp-content\/uploads\/2024\/03\/lelkinap-csap02-768x432.jpg 768w, https:\/\/munkacs-diocese.org\/hu\/wp-content\/uploads\/2024\/03\/lelkinap-csap02-1536x864.jpg 1536w, https:\/\/munkacs-diocese.org\/hu\/wp-content\/uploads\/2024\/03\/lelkinap-csap02-1080x608.jpg 1080w\" sizes=\"(max-width: 2048px) 100vw, 2048px\" \/><\/p>\n<p style=\"text-align: justify;\">A nap esem\u00e9nyeit \u00f6sszefoglalva, rengeteg aj\u00e1nd\u00e9k\u00e1t \u00e9s Isten kegyelm\u00e9t befogadva, elmondhatom, hogy nagy-nagy h\u00e1la van a sz\u00edvemben, Megk\u00f6sz\u00f6n\u00f6m mindenkinek az egy\u00fctt t\u00f6lt\u00f6tt \u00e9rt\u00e9kes id\u0151t, a m\u00e9ly \u00e9s\u00a0 sz\u00edvb\u0151l j\u00f6v\u0151 gondolatokat, a k\u00f6z\u00f6ss\u00e9gben meg\u00e9lt szeretetkapcsol\u00f3d\u00e1st. V\u00e9g\u00fcl\u00a0 mindenki nev\u00e9ben k\u00f6sz\u00f6n\u00f6m a szervez\u00f6knek \u00e9s k\u00f6zrem\u0171k\u00f6d\u0151knek, Thurz\u00f3 P\u00e9ter \u00e9s Moln\u00e1r J\u00e1nos aty\u00e1knak!<\/p>\n<p style=\"text-align: right;\">Alica Fekete<\/p>\n<p style=\"text-align: right;\"><span style=\"font-size: 10pt;\"><em>Forr\u00e1s \u00e9s fot\u00f3k: a Csapi R\u00f3mai Katolikus Pl\u00e9b\u00e1nia fb oldala<\/em><\/span><\/p>\n","protected":false},"excerpt":{"rendered":"<p>H\u00e1bor\u00fa d\u00fal Ukrajn\u00e1ban \u00e9s a vil\u00e1g t\u00f6bb mint 30 orsz\u00e1g\u00e1ban. Indulatok, gy\u0171l\u00f6let, harag, fegyverkez\u00e9s, gazdas\u00e1gi kr\u00edzis, eszement d\u00f6nt\u00e9sek, korrupci\u00f3, hal\u00e1l, puszt\u00edt\u00e1s,\u00a0 pusztul\u00e1s. B\u00e1rmerre n\u00e9z\u00fcnk,\u00a0 b\u00e1rhov\u00e1 kapcsolunk &#8211; \u00f6mlik a m\u00e9di\u00e1b\u00f3l a v\u00e9r, a szenny, a pesszimizmus, a rem\u00e9nyvesztetts\u00e9g. Pedig az ember csak szeretetre, b\u00e9k\u00e9re \u00e9s egy kis nyugalomra v\u00e1gyik. Arra, hogy egy picit kikapcsolhassa az [&hellip;]<\/p>\n","protected":false},"author":4,"featured_media":11630,"comment_status":"open","ping_status":"open","sticky":false,"template":"","format":"standard","meta":{"_acf_changed":false,"_et_pb_use_builder":"","_et_pb_old_content":"","_et_gb_content_width":"","footnotes":""},"categories":[10,59],"tags":[],"class_list":["post-11625","post","type-post","status-publish","format-standard","has-post-thumbnail","hentry","category-aktualis-hirek","category-egyhazmegyenk-hirei","et-has-post-format-content","et_post_format-et-post-format-standard"],"acf":[],"_links":{"self":[{"href":"https:\/\/munkacs-diocese.org\/hu\/wp-json\/wp\/v2\/posts\/11625"}],"collection":[{"href":"https:\/\/munkacs-diocese.org\/hu\/wp-json\/wp\/v2\/posts"}],"about":[{"href":"https:\/\/munkacs-diocese.org\/hu\/wp-json\/wp\/v2\/types\/post"}],"author":[{"embeddable":true,"href":"https:\/\/munkacs-diocese.org\/hu\/wp-json\/wp\/v2\/users\/4"}],"replies":[{"embeddable":true,"href":"https:\/\/munkacs-diocese.org\/hu\/wp-json\/wp\/v2\/comments?post=11625"}],"version-history":[{"count":7,"href":"https:\/\/munkacs-diocese.org\/hu\/wp-json\/wp\/v2\/posts\/11625\/revisions"}],"predecessor-version":[{"id":11638,"href":"https:\/\/munkacs-diocese.org\/hu\/wp-json\/wp\/v2\/posts\/11625\/revisions\/11638"}],"wp:featuredmedia":[{"embeddable":true,"href":"https:\/\/munkacs-diocese.org\/hu\/wp-json\/wp\/v2\/media\/11630"}],"wp:attachment":[{"href":"https:\/\/munkacs-diocese.org\/hu\/wp-json\/wp\/v2\/media?parent=11625"}],"wp:term":[{"taxonomy":"category","embeddable":true,"href":"https:\/\/munkacs-diocese.org\/hu\/wp-json\/wp\/v2\/categories?post=11625"},{"taxonomy":"post_tag","embeddable":true,"href":"https:\/\/munkacs-diocese.org\/hu\/wp-json\/wp\/v2\/tags?post=11625"}],"curies":[{"name":"wp","href":"https:\/\/api.w.org\/{rel}","templated":true}]}}