{"id":11482,"date":"2024-02-13T11:27:19","date_gmt":"2024-02-13T10:27:19","guid":{"rendered":"https:\/\/munkacs-diocese.org\/hu\/?p=11482"},"modified":"2024-02-13T11:27:19","modified_gmt":"2024-02-13T10:27:19","slug":"maradj-velunk-hitoktatok-es-pasztoralis-tanacstagok-lelkigyakorlata","status":"publish","type":"post","link":"https:\/\/munkacs-diocese.org\/hu\/2024\/02\/13\/maradj-velunk-hitoktatok-es-pasztoralis-tanacstagok-lelkigyakorlata\/","title":{"rendered":"\u201eMaradj vel\u00fcnk!\u201d &#8211; Hitoktat\u00f3k \u00e9s pasztor\u00e1lis tan\u00e1cstagok lelkigyakorlata"},"content":{"rendered":"<div id=\"fb-root\"><\/div>\n<p style=\"text-align: justify;\">2024. janu\u00e1r 26. \u00e9s 28. k\u00f6z\u00f6tt tartott lelkigyakorlatot Lucsok Mikl\u00f3s p\u00fcsp\u00f6k hitoktat\u00f3k \u00e9s pasztor\u00e1lis tan\u00e1cstagok sz\u00e1m\u00e1ra Sziny\u00e1kon. A r\u00e9sztvev\u0151k az egyh\u00e1zmegye k\u00fcl\u00f6nb\u00f6z\u0151 pontjair\u00f3l \u00e9rkeztek, Aknaszlatin\u00e1t\u00f3l eg\u00e9szen Sz\u00fcrt\u00e9ig. A rendezv\u00e9ny c\u00e9lja a tal\u00e1lkoz\u00e1s, a k\u00f6z\u00f6ss\u00e9gi \u00e9lm\u00e9ny meg\u00e9l\u00e9se \u00e9s az egy\u00fcttl\u00e9t volt.<\/p>\n<p style=\"text-align: justify;\">A p\u00fcsp\u00f6k atya el\u0151ad\u00e1s\u00e1ban kiemelte, hogy mindig a k\u00f6z\u00f6ss\u00e9g, az egy\u00fcttl\u00e9t az els\u0151, nem a szolg\u00e1lat. Ha nincs az a forr\u00e1s, amihez vissza-vissza terh\u00e9t\u00fcnk, mer\u00edthet\u00fcnk bel\u0151le, akkor a ki\u00e9g\u00e9s vesz\u00e9lye fenyeget, a szolg\u00e1latnak t\u0171n\u0151 feladatok pedig koloncc\u00e1 v\u00e1lnak. Krisztus el\u0151sz\u00f6r megh\u00edvja, \u00f6sszegy\u0171jti a tan\u00edtv\u00e1nyokat, egy\u00fctt van vel\u00fck, \u00e9s csak miut\u00e1n megfelel\u0151 felk\u00e9sz\u00edt\u00e9st, meger\u0151s\u00edt\u00e9st kapnak, k\u00fcldi \u0151ket az \u00f6r\u00f6mh\u00edr hirdet\u00e9s\u00e9re.<\/p>\n<p style=\"text-align: justify;\">Mikl\u00f3s p\u00fcsp\u00f6k arra is reflekt\u00e1lt, hogy fontos tudni mi\u00e9rt tartozom egy meghat\u00e1rozott k\u00f6z\u00f6ss\u00e9ghez. Mi vagy ki az \u00f6sszek\u00f6t\u0151 kapocs, kivel akarok tal\u00e1lkozni, egy\u00fctt lenni? Ebben kulcsfontoss\u00e1g\u00fa a Szentl\u00e9lek m\u0171k\u00f6d\u00e9se. K\u00e9rni, meghallani \u00e9s r\u00e1hagyatkozni.<\/p>\n<p style=\"text-align: justify;\">Meghat\u00e1roz\u00f3 k\u00e9rd\u00e9s volt a lelkigyakorlaton bel\u00fcl az, hogyan tudom el\u00e9rni Krisztus jelenl\u00e9t\u00e9t, mi sz\u00fcks\u00e9ges ahhoz, hogy az \u00dar megtapasztalhat\u00f3 m\u00f3don k\u00f6zt\u00fcnk legyen. Izgalmas \u00e9s egyben neh\u00e9z k\u00e9rd\u00e9snek bizonyult. \u00c1ltal\u00e1ban evidens m\u00f3don azzal a szent\u00edr\u00e1si id\u00e9zettel v\u00e1laszolunk, hogy \u201eAhol ketten vagy h\u00e1rman \u00f6sszegy\u0171lnek a nevemben, ott vagyok k\u00f6z\u00f6tt\u00fck.\u201d (Mt. 18, 20). J\u00e9zus nev\u00e9ben \u00f6sszegy\u0171lni nem a fizikai jelenl\u00e9tben mer\u00fcl ki. Viszont megny\u00edlni J\u00e9zus jelenl\u00e9t\u00e9re ann\u00e1l ink\u00e1bb kih\u00edv\u00e1s. \u0150 sz\u00fcntelen\u00fcl v\u00e1gyik a velem val\u00f3 tal\u00e1lkoz\u00e1sra, csakis rajtam m\u00falik, hogy v\u00e1laszolok-e a h\u00edv\u00e1s\u00e1ra.<\/p>\n<p style=\"text-align: justify;\">Ebben nyilv\u00e1n rengeteg dolog akad\u00e1lyoz benn\u00fcnket: feladatok, probl\u00e9m\u00e1k, f\u00e9lelmek. A gonoszl\u00e9lek feladata, hogy sz\u00e9tsz\u00f3rjon, sz\u00e9tzil\u00e1ljon, megakad\u00e1lyozza a tal\u00e1lkoz\u00e1st Istennel. Ezt a tal\u00e1lkoz\u00e1st \u00e1ltal\u00e1ban mindig egy er\u0151s bels\u0151 ellen\u00e1ll\u00e1s el\u0151zi meg, m\u00e1r az \u00e9bred\u00e9s pillanat\u00e1ban is. Ez\u00e9rt nem mindegy hogyan kezdem a napom: Istenre koncentr\u00e1ltan vagy feladat\/probl\u00e9ma koncentr\u00e1ltan. Amikor m\u00e1r reggel azzal \u00e9bredek, hogy mik a feladataim, hogyan oldjam meg ezt vagy azt a probl\u00e9m\u00e1t, \u00e9s ahhoz k\u00e9rem az Isten seg\u00edts\u00e9g\u00e9t, akkor bizony abba a hib\u00e1ba esem, hogy Istent a c\u00e9ljaim el\u00e9r\u00e9s\u00e9re akarom \u201efelhasznalni\u201d. Els\u0151re mintha nem is lenne ezzel gond, viszont hol van ebben az Isten akarata, az \u0150 terve? Az \u0150 dics\u0151s\u00e9g\u00e9re cselekedni \u00e9s az \u0150 jelenl\u00e9t\u00e9t keresni m\u00e1r reggelt\u0151l, hogy \u201esz\u00edvem els\u0151 gondolata\u201d val\u00f3ban Hozz\u00e1 sz\u00e1lljon fel. Ez\u00e9rt kiemelked\u0151 fontoss\u00e1g\u00fa a napkezd\u00e9s, amihez nagy seg\u00edts\u00e9get ny\u00fajt a reggeli ima \u00e9s Szent\u00edr\u00e1s olvas\u00e1sa, az azon val\u00f3 elm\u00e9lked\u00e9s. P\u00fcsp\u00f6k atya kihangs\u00falyozta, hogy a tegnapi ima \u00e9s a tegnapi Krisztus-keres\u00e9s nem \u00e9rv\u00e9nyes a m\u00e1ra. Minden nap \u00e9s minden pillanatban \u00fajra kell kezdeni a kapcsolat\u00e9p\u00edt\u00e9st, annak m\u00e9ly\u00edt\u00e9s\u00e9t.<\/p>\n<p><img loading=\"lazy\" decoding=\"async\" class=\"alignnone size-full wp-image-11485\" src=\"https:\/\/munkacs-diocese.org\/hu\/wp-content\/uploads\/2024\/02\/Lelkigyakorlat03.jpg\" alt=\"\" width=\"1600\" height=\"1200\" srcset=\"https:\/\/munkacs-diocese.org\/hu\/wp-content\/uploads\/2024\/02\/Lelkigyakorlat03.jpg 1600w, https:\/\/munkacs-diocese.org\/hu\/wp-content\/uploads\/2024\/02\/Lelkigyakorlat03-300x225.jpg 300w, https:\/\/munkacs-diocese.org\/hu\/wp-content\/uploads\/2024\/02\/Lelkigyakorlat03-1024x768.jpg 1024w, https:\/\/munkacs-diocese.org\/hu\/wp-content\/uploads\/2024\/02\/Lelkigyakorlat03-768x576.jpg 768w, https:\/\/munkacs-diocese.org\/hu\/wp-content\/uploads\/2024\/02\/Lelkigyakorlat03-1536x1152.jpg 1536w, https:\/\/munkacs-diocese.org\/hu\/wp-content\/uploads\/2024\/02\/Lelkigyakorlat03-1080x810.jpg 1080w\" sizes=\"(max-width: 1600px) 100vw, 1600px\" \/><\/p>\n<p style=\"text-align: justify;\">A r\u00e9sztvev\u0151knek lehet\u0151s\u00e9g\u00fck volt kisebb csoportokban megosztani a szent\u00edr\u00e1si r\u00e9szekben fellelt szem\u00e9lyes \u00fczenetet, illetve a megtapasztalt J\u00e9zust. Nem v\u00e9letlen, hogy legal\u00e1bb h\u00e1romszor \u00e9rdemes elolvasni ugyanazt a bibliai r\u00e9szt, hogy ne csup\u00e1n mag\u00e1t a t\u00f6rt\u00e9netet \u00e9rtelmezzem, hanem kezdjen el dolgozni bennem az \u00e9l\u0151 Ige. Megd\u00f6bbent\u0151 volt, hogy ugyanaz a n\u00e9h\u00e1ny mondat mindenkiben m\u00e1sk\u00e9ppen bontakozott ki a Szentl\u00e9lek hat\u00e1s\u00e1ra, ugyanakkor \u00faj m\u00f3don tan\u00edtotta meg\u00e9lni a m\u00e1sikra val\u00f3 odafigyel\u00e9st, a m\u00e1sikra val\u00f3 nyitotts\u00e1got, \u0151szintes\u00e9get.<\/p>\n<p style=\"text-align: justify;\">A lelkigyakorlat az Eucharisztikus \u00e9lm\u00e9nyekben cs\u00facsosodott ki. A szentmis\u00e9k, a Szents\u00e9gim\u00e1d\u00e1s \u00e9s a k\u00f6z\u00f6s dics\u0151\u00edt\u00e9s hihetetlen \u00f6sszefon\u00f3d\u00e1st, lelki k\u00f6z\u00f6ss\u00e9get eredm\u00e9nyezett. Igen, J\u00e9zus m\u00e1r csak \u00edgy m\u0171k\u00f6dik.<\/p>\n<p><img loading=\"lazy\" decoding=\"async\" class=\"wp-image-11483 size-full aligncenter\" src=\"https:\/\/munkacs-diocese.org\/hu\/wp-content\/uploads\/2024\/02\/Lelkigyakorlat01-e1707819995846.jpg\" alt=\"\" width=\"1200\" height=\"1124\" srcset=\"https:\/\/munkacs-diocese.org\/hu\/wp-content\/uploads\/2024\/02\/Lelkigyakorlat01-e1707819995846.jpg 1200w, https:\/\/munkacs-diocese.org\/hu\/wp-content\/uploads\/2024\/02\/Lelkigyakorlat01-e1707819995846-300x281.jpg 300w, https:\/\/munkacs-diocese.org\/hu\/wp-content\/uploads\/2024\/02\/Lelkigyakorlat01-e1707819995846-1024x959.jpg 1024w, https:\/\/munkacs-diocese.org\/hu\/wp-content\/uploads\/2024\/02\/Lelkigyakorlat01-e1707819995846-768x719.jpg 768w, https:\/\/munkacs-diocese.org\/hu\/wp-content\/uploads\/2024\/02\/Lelkigyakorlat01-e1707819995846-1080x1012.jpg 1080w\" sizes=\"(max-width: 1200px) 100vw, 1200px\" \/><\/p>\n<p style=\"text-align: justify;\">A z\u00e1r\u00f3napon a r\u00e9sztvev\u0151k az emmauszi tan\u00edtv\u00e1nyok felt\u00e1madt Krisztussal val\u00f3 tal\u00e1lkoz\u00e1s\u00e1nak esem\u00e9nyein elm\u00e9lkedtek (Lk 24, 13-35). \u201e\u00d3, ti balg\u00e1k,..\u201d modja J\u00e9zus a szem\u00fck lepl\u00e9vel k\u00fczd\u0151 \u00e9s l\u00e9lekben megt\u00f6rt tan\u00edtv\u00e1nyoknak. Ezek ut\u00e1n bontakozik ki az a besz\u00e9lget\u00e9s, amit\u0151l megny\u00edlik a szem\u00fck \u00e9s l\u00e1ngol a sz\u00edv\u00fck. Felismerve a Megv\u00e1lt\u00f3t csak egyet k\u00e9rnek: \u201eMaradj vel\u00fcnk&#8230;\u201d. Igen, J\u00e9zus m\u00e1r csak \u00edgy m\u0171k\u00f6dik: v\u00e1rja, hogy megh\u00edvjam az \u00e9letembe, a napomba, a kapcsolataimba. \u00c9s ha bet\u00e9r hozz\u00e1m, akkor arra k\u00e9r, hogy ragaszkodjak Hozz\u00e1 \u00e9s ne kergessem el.<\/p>\n<p style=\"text-align: justify;\">H\u00e1latelt sz\u00edvvel az Isten, a L\u00e9lek \u00e1ltal vezetett p\u00fcsp\u00f6k atya \u00e9s a szervez\u0151k ir\u00e1nt, \u00e9s t\u00e1n komolyabb elhat\u00e1roz\u00e1ssal Isten Ig\u00e9j\u00e9nek olvas\u00e1sa \u00e9s jelenl\u00e9t\u00e9nek meg\u00e9l\u00e9se tekintet\u00e9ben t\u00e9rt\u00fcnk haza, b\u00edzva az \u00fajb\u00f3li tal\u00e1lkoz\u00e1sban.<\/p>\n<p style=\"text-align: right;\"><em>Revallo Nikoletta<\/em><\/p>\n","protected":false},"excerpt":{"rendered":"<p>2024. janu\u00e1r 26. \u00e9s 28. k\u00f6z\u00f6tt tartott lelkigyakorlatot Lucsok Mikl\u00f3s p\u00fcsp\u00f6k hitoktat\u00f3k \u00e9s pasztor\u00e1lis tan\u00e1cstagok sz\u00e1m\u00e1ra Sziny\u00e1kon. A r\u00e9sztvev\u0151k az egyh\u00e1zmegye k\u00fcl\u00f6nb\u00f6z\u0151 pontjair\u00f3l \u00e9rkeztek, Aknaszlatin\u00e1t\u00f3l eg\u00e9szen Sz\u00fcrt\u00e9ig. A rendezv\u00e9ny c\u00e9lja a tal\u00e1lkoz\u00e1s, a k\u00f6z\u00f6ss\u00e9gi \u00e9lm\u00e9ny meg\u00e9l\u00e9se \u00e9s az egy\u00fcttl\u00e9t volt. A p\u00fcsp\u00f6k atya el\u0151ad\u00e1s\u00e1ban kiemelte, hogy mindig a k\u00f6z\u00f6ss\u00e9g, az egy\u00fcttl\u00e9t az els\u0151, nem a [&hellip;]<\/p>\n","protected":false},"author":4,"featured_media":11484,"comment_status":"open","ping_status":"open","sticky":false,"template":"","format":"standard","meta":{"_acf_changed":false,"_et_pb_use_builder":"","_et_pb_old_content":"","_et_gb_content_width":"","footnotes":""},"categories":[10,59],"tags":[],"class_list":["post-11482","post","type-post","status-publish","format-standard","has-post-thumbnail","hentry","category-aktualis-hirek","category-egyhazmegyenk-hirei","et-has-post-format-content","et_post_format-et-post-format-standard"],"acf":[],"_links":{"self":[{"href":"https:\/\/munkacs-diocese.org\/hu\/wp-json\/wp\/v2\/posts\/11482"}],"collection":[{"href":"https:\/\/munkacs-diocese.org\/hu\/wp-json\/wp\/v2\/posts"}],"about":[{"href":"https:\/\/munkacs-diocese.org\/hu\/wp-json\/wp\/v2\/types\/post"}],"author":[{"embeddable":true,"href":"https:\/\/munkacs-diocese.org\/hu\/wp-json\/wp\/v2\/users\/4"}],"replies":[{"embeddable":true,"href":"https:\/\/munkacs-diocese.org\/hu\/wp-json\/wp\/v2\/comments?post=11482"}],"version-history":[{"count":1,"href":"https:\/\/munkacs-diocese.org\/hu\/wp-json\/wp\/v2\/posts\/11482\/revisions"}],"predecessor-version":[{"id":11486,"href":"https:\/\/munkacs-diocese.org\/hu\/wp-json\/wp\/v2\/posts\/11482\/revisions\/11486"}],"wp:featuredmedia":[{"embeddable":true,"href":"https:\/\/munkacs-diocese.org\/hu\/wp-json\/wp\/v2\/media\/11484"}],"wp:attachment":[{"href":"https:\/\/munkacs-diocese.org\/hu\/wp-json\/wp\/v2\/media?parent=11482"}],"wp:term":[{"taxonomy":"category","embeddable":true,"href":"https:\/\/munkacs-diocese.org\/hu\/wp-json\/wp\/v2\/categories?post=11482"},{"taxonomy":"post_tag","embeddable":true,"href":"https:\/\/munkacs-diocese.org\/hu\/wp-json\/wp\/v2\/tags?post=11482"}],"curies":[{"name":"wp","href":"https:\/\/api.w.org\/{rel}","templated":true}]}}