{"id":1130,"date":"2014-09-23T00:00:00","date_gmt":"2014-09-22T21:00:00","guid":{"rendered":"http:\/\/munkacs-diocese.org\/hu\/2014\/09\/23\/templombucsu-terebesfeherpatakon\/"},"modified":"2014-09-23T00:00:00","modified_gmt":"2014-09-22T21:00:00","slug":"templombucsu-terebesfeherpatakon","status":"publish","type":"post","link":"https:\/\/munkacs-diocese.org\/hu\/2014\/09\/23\/templombucsu-terebesfeherpatakon\/","title":{"rendered":"Templomb\u00facs\u00fa Terebesfeh\u00e9rpatakon"},"content":{"rendered":"<div id=\"fb-root\"><\/div>\n<p style=\"text-align: center;\"><span style=\"font-size: 12pt;\"><strong>Templomb\u00facs\u00fa Terebesfeh\u00e9rpatakon<\/strong><\/span><\/p>\n<p><em><img loading=\"lazy\" decoding=\"async\" class=\" alignleft size-full wp-image-1128\" style=\"float: left;\" src=\"https:\/\/munkacs-diocese.org\/hu\/wp-content\/uploads\/2014\/09\/009.jpg\" height=\"87\" width=\"132\" srcset=\"https:\/\/munkacs-diocese.org\/hu\/wp-content\/uploads\/2014\/09\/009.jpg 800w, https:\/\/munkacs-diocese.org\/hu\/wp-content\/uploads\/2014\/09\/009-300x200.jpg 300w, https:\/\/munkacs-diocese.org\/hu\/wp-content\/uploads\/2014\/09\/009-768x511.jpg 768w\" sizes=\"(max-width: 132px) 100vw, 132px\" \/>&#8222;R\u00e1bizta Isten a b\u00e9ke sz\u00f6vets\u00e9get, n\u00e9pe fejedelm\u00e9v\u00e9 tette \u0151t \u00f6r\u00f6k papi m\u00e9lt\u00f3s\u00e1gban r\u00e9szes\u00edtette&#8221; (Sir 45, 30)<\/em><\/p>\n<p>A Fels\u0151-Tiszavid\u00e9ki Terebesen, a Szt. Pi\u00f3 aty\u00e1r\u00f3l nevezett templom egy\u00e9ves templomb\u00facs\u00faj\u00e1t \u00fcnnepelte szeptember 21-\u00e9n. Az \u00fcnnepi szentmis\u00e9t megh\u00edvott vend\u00e9g\u00fcnk, Bab\u00e1ly Andr\u00e1s ny\u00edrb\u00e1tori pl\u00e9b\u00e1nos mutatta be, koncelebr\u00e1lt Mikuly\u00e1k L\u00e1szl\u00f3 rah\u00f3i esperespl\u00e9b\u00e1nos, valamint Mankovics S\u00e1ndor \u00e9s B\u00e9res Istv\u00e1n aty\u00e1k is.<\/p>\n<p>  <!--more-->  <\/p>\n<p><img loading=\"lazy\" decoding=\"async\" class=\" alignright size-full wp-image-1129\" style=\"float: right;\" src=\"https:\/\/munkacs-diocese.org\/hu\/wp-content\/uploads\/2014\/09\/004.jpg\" alt=\"\" height=\"86\" width=\"130\" srcset=\"https:\/\/munkacs-diocese.org\/hu\/wp-content\/uploads\/2014\/09\/004.jpg 800w, https:\/\/munkacs-diocese.org\/hu\/wp-content\/uploads\/2014\/09\/004-300x200.jpg 300w, https:\/\/munkacs-diocese.org\/hu\/wp-content\/uploads\/2014\/09\/004-768x511.jpg 768w\" sizes=\"(max-width: 130px) 100vw, 130px\" \/> Andr\u00e1s atya testv\u00e9regyh\u00e1zk\u00f6zs\u00e9gnek nevezte a k\u00e1rp\u00e1taljai Terebesfeh\u00e9rpatakot, hiszen lassan \u00e9p\u00fcl ki egy kapcsolat a ny\u00edrcs\u00e1sz\u00e1ri Szt. Pi\u00f3 atya templom k\u00f6z\u00f6ss\u00e9g\u00e9vel. A pr\u00e9dik\u00e1ci\u00f3 nagyon sz\u00e9p volt, Andr\u00e1s atya az ima fontoss\u00e1g\u00e1r\u00f3l besz\u00e9lt: az Atya ereje, a Fi\u00fa szeretete \u00e9s a Szentl\u00e9lek m\u0171k\u00f6d\u00e9se legyen vel\u00fcnk im\u00e1ds\u00e1g k\u00f6zben. R\u00e1vezetett benn\u00fcnket arra, hogy val\u00f3j\u00e1ban milyen fontos az ember \u00e9let\u00e9ben az ima valamint hogyan \u00e9s mik\u00e9ppen im\u00e1dkozzunk. Minden szeretetb\u0151l fakadjon, semmi sem k\u00e9nyszer\u00edtve. Minden kereszt\u00e9ny ember J\u00e9zus Krisztus tan\u00edt\u00e1sa szerint im\u00e1dkozzon, ahogy J\u00e9zus tan\u00edtott meg benn\u00fcnket a Miaty\u00e1nkra. Mindny\u00e1jan az \u0151 teljess\u00e9g\u00e9b\u0151l r\u00e9szes\u00fclt\u00fcnk, kegyelmet-kegyelemre halmozva. Szent Pi\u00f3 atya mennyei <img loading=\"lazy\" decoding=\"async\" class=\" alignleft size-full wp-image-300\" style=\"float: left;\" src=\"https:\/\/munkacs-diocese.org\/hu\/wp-content\/uploads\/2011\/04\/001.jpg\" alt=\"\" height=\"86\" width=\"130\" \/>b\u00f6lcsess\u00e9ggel \u00e9s apostoli er\u0151vel t\u00f6lt\u00f6tte \u00e9let\u00e9t, hogy v\u00e9delmezze a katolikus hitet \u00e9s minden meg\u00faj\u00edtson Krisztusban.<\/p>\n<p>&nbsp;<\/p>\n<p>A szentmise v\u00e9g\u00e9n h\u00e1l\u00e1t adva a kapott kegyelmek\u00e9rt &#8211; az \u00dar J\u00e9zus Krisztus jelenl\u00e9t\u00e9ben &#8211; szents\u00e9gim\u00e1d\u00e1sban volt r\u00e9sz\u00fcnk, majd el\u00e9nekelt\u00fck a Te Deum h\u00e1laad\u00f3 himnuszt. Az \u00fcnnepi szentmise ut\u00e1n L\u00e1szl\u00f3 atya minden vend\u00e9get \u00e9s zar\u00e1ndokot az \u00fcnnepi asztalhoz h\u00edvott.<\/p>\n<p style=\"text-align: right;\">Besz\u00e1mol\u00f3 egy aknaszlatinai zar\u00e1ndokt\u00f3l, Leneki Val\u00e9ri\u00e1t\u00f3l<\/p>\n","protected":false},"excerpt":{"rendered":"<p>Templomb\u00facs\u00fa Terebesfeh\u00e9rpatakon &#8222;R\u00e1bizta Isten a b\u00e9ke sz\u00f6vets\u00e9get, n\u00e9pe fejedelm\u00e9v\u00e9 tette \u0151t \u00f6r\u00f6k papi m\u00e9lt\u00f3s\u00e1gban r\u00e9szes\u00edtette&#8221; (Sir 45, 30) A Fels\u0151-Tiszavid\u00e9ki Terebesen, a Szt. Pi\u00f3 aty\u00e1r\u00f3l nevezett templom egy\u00e9ves templomb\u00facs\u00faj\u00e1t \u00fcnnepelte szeptember 21-\u00e9n. Az \u00fcnnepi szentmis\u00e9t megh\u00edvott vend\u00e9g\u00fcnk, Bab\u00e1ly Andr\u00e1s ny\u00edrb\u00e1tori pl\u00e9b\u00e1nos mutatta be, koncelebr\u00e1lt Mikuly\u00e1k L\u00e1szl\u00f3 rah\u00f3i esperespl\u00e9b\u00e1nos, valamint Mankovics S\u00e1ndor \u00e9s B\u00e9res Istv\u00e1n aty\u00e1k [&hellip;]<\/p>\n","protected":false},"author":1,"featured_media":1128,"comment_status":"open","ping_status":"open","sticky":false,"template":"","format":"standard","meta":{"_acf_changed":false,"_et_pb_use_builder":"","_et_pb_old_content":"","_et_gb_content_width":"","footnotes":""},"categories":[10],"tags":[],"class_list":["post-1130","post","type-post","status-publish","format-standard","has-post-thumbnail","hentry","category-aktualis-hirek","et-has-post-format-content","et_post_format-et-post-format-standard"],"acf":[],"_links":{"self":[{"href":"https:\/\/munkacs-diocese.org\/hu\/wp-json\/wp\/v2\/posts\/1130"}],"collection":[{"href":"https:\/\/munkacs-diocese.org\/hu\/wp-json\/wp\/v2\/posts"}],"about":[{"href":"https:\/\/munkacs-diocese.org\/hu\/wp-json\/wp\/v2\/types\/post"}],"author":[{"embeddable":true,"href":"https:\/\/munkacs-diocese.org\/hu\/wp-json\/wp\/v2\/users\/1"}],"replies":[{"embeddable":true,"href":"https:\/\/munkacs-diocese.org\/hu\/wp-json\/wp\/v2\/comments?post=1130"}],"version-history":[{"count":0,"href":"https:\/\/munkacs-diocese.org\/hu\/wp-json\/wp\/v2\/posts\/1130\/revisions"}],"wp:featuredmedia":[{"embeddable":true,"href":"https:\/\/munkacs-diocese.org\/hu\/wp-json\/wp\/v2\/media\/1128"}],"wp:attachment":[{"href":"https:\/\/munkacs-diocese.org\/hu\/wp-json\/wp\/v2\/media?parent=1130"}],"wp:term":[{"taxonomy":"category","embeddable":true,"href":"https:\/\/munkacs-diocese.org\/hu\/wp-json\/wp\/v2\/categories?post=1130"},{"taxonomy":"post_tag","embeddable":true,"href":"https:\/\/munkacs-diocese.org\/hu\/wp-json\/wp\/v2\/tags?post=1130"}],"curies":[{"name":"wp","href":"https:\/\/api.w.org\/{rel}","templated":true}]}}