{"id":11237,"date":"2023-12-20T12:54:31","date_gmt":"2023-12-20T11:54:31","guid":{"rendered":"https:\/\/munkacs-diocese.org\/hu\/?p=11237"},"modified":"2023-12-20T12:56:48","modified_gmt":"2023-12-20T11:56:48","slug":"az-ujonnan-beiktatott-megyespuspok-kinevezesekkel-kapcsolatos-elso-rendelkezesei","status":"publish","type":"post","link":"https:\/\/munkacs-diocese.org\/hu\/2023\/12\/20\/az-ujonnan-beiktatott-megyespuspok-kinevezesekkel-kapcsolatos-elso-rendelkezesei\/","title":{"rendered":"Az \u00fajonnan beiktatott megy\u00e9sp\u00fcsp\u00f6k kinevez\u00e9sekkel kapcsolatos els\u0151 rendelkez\u00e9sei\u00a0"},"content":{"rendered":"<div id=\"fb-root\"><\/div>\n<p style=\"text-align: justify;\">December 17-\u00e9n Lucsok Mikl\u00f3s OP p\u00fcsp\u00f6k meg\u00faj\u00edtotta a Munk\u00e1csi R\u00f3mai Katolikus Egyh\u00e1zmegye \u00e1ltal\u00e1nos helyn\u00f6k\u00e9nek \u00e9s p\u00fcsp\u00f6ki helyn\u00f6keinek kinevez\u00e9s\u00e9t.<\/p>\n<p style=\"text-align: justify;\"><span style=\"font-weight: 400;\">A k\u00e1nonjog szerint\u00a0 a sede vacante, vagyis a sz\u00e9k\u00fcresed\u00e9s id\u0151szaka n\u00e9h\u00e1ny fontos egyh\u00e1zmegyei vezet\u0151test\u00fclet elt\u00f6rl\u00e9s\u00e9t eredm\u00e9nyezte. A K\u00e1nonjogi k\u00f3dex 481. k\u00e1nonja \u00e9rtelm\u00e9ben az \u00e1ltal\u00e1nos helyn\u00f6k \u00e9s a p\u00fcsp\u00f6ki helyn\u00f6k\u00f6k kinevez\u00e9se \u00e9rv\u00e9nytelenn\u00e9 v\u00e1lt. Az apostoli korm\u00e1nyz\u00f3 m\u00e1r kinevezte a megfelel\u0151 szem\u00e9lyeket, de most, mint megy\u00e9sp\u00fcsp\u00f6k a sz\u00fcks\u00e9ges rendeletekkel meger\u0151s\u00edtette d\u00f6nt\u00e9s\u00e9t. Az \u00e1ltal\u00e1nos helyn\u00f6k feladatait Zsarkovszkij P\u00e9ter aty\u00e1ra b\u00edzta, Moln\u00e1r J\u00e1nost pedig a magyarajk\u00fa h\u00edvek sz\u00e1m\u00e1ra p\u00fcsp\u00f6ki helyn\u00f6kk\u00e9 v\u00e1lasztotta.<\/span><\/p>\n\n\t\t<style type=\"text\/css\">\n\t\t\t#gallery-1 {\n\t\t\t\tmargin: auto;\n\t\t\t}\n\t\t\t#gallery-1 .gallery-item {\n\t\t\t\tfloat: left;\n\t\t\t\tmargin-top: 10px;\n\t\t\t\ttext-align: center;\n\t\t\t\twidth: 33%;\n\t\t\t}\n\t\t\t#gallery-1 img {\n\t\t\t\tborder: 2px solid #cfcfcf;\n\t\t\t}\n\t\t\t#gallery-1 .gallery-caption {\n\t\t\t\tmargin-left: 0;\n\t\t\t}\n\t\t\t\/* see gallery_shortcode() in wp-includes\/media.php *\/\n\t\t<\/style>\n\t\t<div id='gallery-1' class='gallery galleryid-11237 gallery-columns-3 gallery-size-full'><dl class='gallery-item'>\n\t\t\t<dt class='gallery-icon portrait'>\n\t\t\t\t<a href='https:\/\/munkacs-diocese.org\/hu\/wp-content\/uploads\/2023\/12\/Mukachivska-kuriya-004-scaled-1.jpg'><img loading=\"lazy\" decoding=\"async\" width=\"1920\" height=\"2560\" src=\"https:\/\/munkacs-diocese.org\/hu\/wp-content\/uploads\/2023\/12\/Mukachivska-kuriya-004-scaled-1.jpg\" class=\"attachment-full size-full\" alt=\"\" srcset=\"https:\/\/munkacs-diocese.org\/hu\/wp-content\/uploads\/2023\/12\/Mukachivska-kuriya-004-scaled-1.jpg 1920w, https:\/\/munkacs-diocese.org\/hu\/wp-content\/uploads\/2023\/12\/Mukachivska-kuriya-004-scaled-1-225x300.jpg 225w, https:\/\/munkacs-diocese.org\/hu\/wp-content\/uploads\/2023\/12\/Mukachivska-kuriya-004-scaled-1-768x1024.jpg 768w, https:\/\/munkacs-diocese.org\/hu\/wp-content\/uploads\/2023\/12\/Mukachivska-kuriya-004-scaled-1-1152x1536.jpg 1152w, https:\/\/munkacs-diocese.org\/hu\/wp-content\/uploads\/2023\/12\/Mukachivska-kuriya-004-scaled-1-1536x2048.jpg 1536w, https:\/\/munkacs-diocese.org\/hu\/wp-content\/uploads\/2023\/12\/Mukachivska-kuriya-004-scaled-1-1080x1440.jpg 1080w\" sizes=\"(max-width: 1920px) 100vw, 1920px\" \/><\/a>\n\t\t\t<\/dt><\/dl><dl class='gallery-item'>\n\t\t\t<dt class='gallery-icon portrait'>\n\t\t\t\t<a href='https:\/\/munkacs-diocese.org\/hu\/wp-content\/uploads\/2023\/12\/Mukachivska-kuriya-005.jpg'><img loading=\"lazy\" decoding=\"async\" width=\"768\" height=\"1024\" src=\"https:\/\/munkacs-diocese.org\/hu\/wp-content\/uploads\/2023\/12\/Mukachivska-kuriya-005.jpg\" class=\"attachment-full size-full\" alt=\"\" srcset=\"https:\/\/munkacs-diocese.org\/hu\/wp-content\/uploads\/2023\/12\/Mukachivska-kuriya-005.jpg 768w, https:\/\/munkacs-diocese.org\/hu\/wp-content\/uploads\/2023\/12\/Mukachivska-kuriya-005-225x300.jpg 225w\" sizes=\"(max-width: 768px) 100vw, 768px\" \/><\/a>\n\t\t\t<\/dt><\/dl><dl class='gallery-item'>\n\t\t\t<dt class='gallery-icon portrait'>\n\t\t\t\t<a href='https:\/\/munkacs-diocese.org\/hu\/wp-content\/uploads\/2023\/12\/Mukachivska-kuriya-006.jpg'><img loading=\"lazy\" decoding=\"async\" width=\"768\" height=\"1024\" src=\"https:\/\/munkacs-diocese.org\/hu\/wp-content\/uploads\/2023\/12\/Mukachivska-kuriya-006.jpg\" class=\"attachment-full size-full\" alt=\"\" srcset=\"https:\/\/munkacs-diocese.org\/hu\/wp-content\/uploads\/2023\/12\/Mukachivska-kuriya-006.jpg 768w, https:\/\/munkacs-diocese.org\/hu\/wp-content\/uploads\/2023\/12\/Mukachivska-kuriya-006-225x300.jpg 225w\" sizes=\"(max-width: 768px) 100vw, 768px\" \/><\/a>\n\t\t\t<\/dt><\/dl><br style=\"clear: both\" \/>\n\t\t<\/div>\n\n<p style=\"text-align: justify;\"><span style=\"font-weight: 400;\">A sz\u00e9k\u00fcresed\u00e9ssel a Presbiteri Tan\u00e1cs is megsz\u0171nt. Az\u00f3ta a jogk\u00f6r\u00e9t a Tan\u00e1csad\u00f3 Test\u00fclet gyakorolta. 2023. december 18-\u00e1n \u00fajra \u00f6ssze\u00fclt a test\u00fclet, mely a sz\u00e9k\u00fcresed\u00e9s id\u0151szak\u00e1ban egy\u00fcttm\u0171k\u00f6d\u00f6tt az apostoli korm\u00e1nyz\u00f3val.\u00a0 \u00d6sszegezt\u00e9k tev\u00e9kenys\u00e9g\u00fck eredm\u00e9nyeit, tov\u00e1bb\u00e1 megvitatt\u00e1k a p\u00fcsp\u00f6ki hivatal fejleszt\u00e9s\u00e9nek k\u00f6vetkez\u0151 l\u00e9p\u00e9seit.<\/span><\/p>\n\n\t\t<style type=\"text\/css\">\n\t\t\t#gallery-2 {\n\t\t\t\tmargin: auto;\n\t\t\t}\n\t\t\t#gallery-2 .gallery-item {\n\t\t\t\tfloat: left;\n\t\t\t\tmargin-top: 10px;\n\t\t\t\ttext-align: center;\n\t\t\t\twidth: 50%;\n\t\t\t}\n\t\t\t#gallery-2 img {\n\t\t\t\tborder: 2px solid #cfcfcf;\n\t\t\t}\n\t\t\t#gallery-2 .gallery-caption {\n\t\t\t\tmargin-left: 0;\n\t\t\t}\n\t\t\t\/* see gallery_shortcode() in wp-includes\/media.php *\/\n\t\t<\/style>\n\t\t<div id='gallery-2' class='gallery galleryid-11237 gallery-columns-2 gallery-size-full'><dl class='gallery-item'>\n\t\t\t<dt class='gallery-icon landscape'>\n\t\t\t\t<a href='https:\/\/munkacs-diocese.org\/hu\/wp-content\/uploads\/2023\/12\/kuriya-003.jpg'><img loading=\"lazy\" decoding=\"async\" width=\"1024\" height=\"768\" src=\"https:\/\/munkacs-diocese.org\/hu\/wp-content\/uploads\/2023\/12\/kuriya-003.jpg\" class=\"attachment-full size-full\" alt=\"\" srcset=\"https:\/\/munkacs-diocese.org\/hu\/wp-content\/uploads\/2023\/12\/kuriya-003.jpg 1024w, https:\/\/munkacs-diocese.org\/hu\/wp-content\/uploads\/2023\/12\/kuriya-003-300x225.jpg 300w, https:\/\/munkacs-diocese.org\/hu\/wp-content\/uploads\/2023\/12\/kuriya-003-768x576.jpg 768w\" sizes=\"(max-width: 1024px) 100vw, 1024px\" \/><\/a>\n\t\t\t<\/dt><\/dl><dl class='gallery-item'>\n\t\t\t<dt class='gallery-icon landscape'>\n\t\t\t\t<a href='https:\/\/munkacs-diocese.org\/hu\/wp-content\/uploads\/2023\/12\/kuriya-002.jpg'><img loading=\"lazy\" decoding=\"async\" width=\"1024\" height=\"768\" src=\"https:\/\/munkacs-diocese.org\/hu\/wp-content\/uploads\/2023\/12\/kuriya-002.jpg\" class=\"attachment-full size-full\" alt=\"\" srcset=\"https:\/\/munkacs-diocese.org\/hu\/wp-content\/uploads\/2023\/12\/kuriya-002.jpg 1024w, https:\/\/munkacs-diocese.org\/hu\/wp-content\/uploads\/2023\/12\/kuriya-002-300x225.jpg 300w, https:\/\/munkacs-diocese.org\/hu\/wp-content\/uploads\/2023\/12\/kuriya-002-768x576.jpg 768w\" sizes=\"(max-width: 1024px) 100vw, 1024px\" \/><\/a>\n\t\t\t<\/dt><\/dl><br style=\"clear: both\" \/>\n\t\t<\/div>\n\n<p><span style=\"text-align: justify;\">Az \u00fcl\u00e9s v\u00e9g\u00e9n az \u00fajonnan kinevezett helyn\u00f6k\u00f6k megvallott\u00e1k hit\u00fcket \u00e9s h\u0171s\u00e9gesk\u00fct tettek a 833. k\u00e1non 5. pontja szerint.<\/span><\/p>\n<p><b><i>Gerz\u00e1nics Szergej, <\/i><\/b><\/p>\n<p style=\"text-align: left;\"><b><i>p\u00fcsp\u00f6ki irodaigazgat\u00f3<\/i><\/b><\/p>\n","protected":false},"excerpt":{"rendered":"<p>December 17-\u00e9n Lucsok Mikl\u00f3s OP p\u00fcsp\u00f6k meg\u00faj\u00edtotta a Munk\u00e1csi R\u00f3mai Katolikus Egyh\u00e1zmegye \u00e1ltal\u00e1nos helyn\u00f6k\u00e9nek \u00e9s p\u00fcsp\u00f6ki helyn\u00f6keinek kinevez\u00e9s\u00e9t. A k\u00e1nonjog szerint\u00a0 a sede vacante, vagyis a sz\u00e9k\u00fcresed\u00e9s id\u0151szaka n\u00e9h\u00e1ny fontos egyh\u00e1zmegyei vezet\u0151test\u00fclet elt\u00f6rl\u00e9s\u00e9t eredm\u00e9nyezte. A K\u00e1nonjogi k\u00f3dex 481. k\u00e1nonja \u00e9rtelm\u00e9ben az \u00e1ltal\u00e1nos helyn\u00f6k \u00e9s a p\u00fcsp\u00f6ki helyn\u00f6k\u00f6k kinevez\u00e9se \u00e9rv\u00e9nytelenn\u00e9 v\u00e1lt. Az apostoli korm\u00e1nyz\u00f3 m\u00e1r kinevezte [&hellip;]<\/p>\n","protected":false},"author":4,"featured_media":11250,"comment_status":"open","ping_status":"open","sticky":false,"template":"","format":"standard","meta":{"_acf_changed":false,"_et_pb_use_builder":"","_et_pb_old_content":"","_et_gb_content_width":"","footnotes":""},"categories":[10,59],"tags":[],"class_list":["post-11237","post","type-post","status-publish","format-standard","has-post-thumbnail","hentry","category-aktualis-hirek","category-egyhazmegyenk-hirei","et-has-post-format-content","et_post_format-et-post-format-standard"],"acf":[],"_links":{"self":[{"href":"https:\/\/munkacs-diocese.org\/hu\/wp-json\/wp\/v2\/posts\/11237"}],"collection":[{"href":"https:\/\/munkacs-diocese.org\/hu\/wp-json\/wp\/v2\/posts"}],"about":[{"href":"https:\/\/munkacs-diocese.org\/hu\/wp-json\/wp\/v2\/types\/post"}],"author":[{"embeddable":true,"href":"https:\/\/munkacs-diocese.org\/hu\/wp-json\/wp\/v2\/users\/4"}],"replies":[{"embeddable":true,"href":"https:\/\/munkacs-diocese.org\/hu\/wp-json\/wp\/v2\/comments?post=11237"}],"version-history":[{"count":4,"href":"https:\/\/munkacs-diocese.org\/hu\/wp-json\/wp\/v2\/posts\/11237\/revisions"}],"predecessor-version":[{"id":11249,"href":"https:\/\/munkacs-diocese.org\/hu\/wp-json\/wp\/v2\/posts\/11237\/revisions\/11249"}],"wp:featuredmedia":[{"embeddable":true,"href":"https:\/\/munkacs-diocese.org\/hu\/wp-json\/wp\/v2\/media\/11250"}],"wp:attachment":[{"href":"https:\/\/munkacs-diocese.org\/hu\/wp-json\/wp\/v2\/media?parent=11237"}],"wp:term":[{"taxonomy":"category","embeddable":true,"href":"https:\/\/munkacs-diocese.org\/hu\/wp-json\/wp\/v2\/categories?post=11237"},{"taxonomy":"post_tag","embeddable":true,"href":"https:\/\/munkacs-diocese.org\/hu\/wp-json\/wp\/v2\/tags?post=11237"}],"curies":[{"name":"wp","href":"https:\/\/api.w.org\/{rel}","templated":true}]}}