{"id":1111,"date":"2014-09-10T12:39:18","date_gmt":"2014-09-10T09:39:18","guid":{"rendered":"http:\/\/munkacs-diocese.org\/hu\/2014\/09\/10\/ratzinger-uj-eneket\/"},"modified":"2019-05-10T15:40:23","modified_gmt":"2019-05-10T13:40:23","slug":"ratzinger-uj-eneket","status":"publish","type":"post","link":"https:\/\/munkacs-diocese.org\/hu\/2014\/09\/10\/ratzinger-uj-eneket\/","title":{"rendered":"Ratzinger &#8211; \u00daj \u00c9neket"},"content":{"rendered":"<div id=\"fb-root\"><\/div>\n<p>&nbsp;<\/p>\n<h1 style=\"font-size: 18px; text-align: center;\"><span style=\"font-size: 12pt;\"><strong>Jozef Ratzinger: \u00daj \u00e9neket az \u00darnak!<\/strong><\/span><\/h1>\n<p><em><strong>Joseph (XVI. Benedek P\u00e1pa) Ratzinger<\/strong><\/em><\/p>\n<p>A liturgia az Istent\u0151l teremtett embernek \u00e9s a vil\u00e1gnak meg\u00e9rt\u00e9s\u00e9r\u0151l, az embernek Krisztushoz, az Egyh\u00e1zhoz \u00e9s saj\u00e1t mag\u00e1hoz val\u00f3 viszony\u00e1r\u00f3l sz\u00f3l. XVI. Benedek p\u00e1p\u00e1nak b\u00edboros kor\u00e1ban \u00edrt k\u00f6nyve az istentisztelet teol\u00f3gi\u00e1j\u00e1nak alapjait t\u00e1rja el\u00e9nk, az istentisztelet val\u00f3s\u00e1g\u00e1t illet\u0151 meggondol\u00e1sok krisztol\u00f3giai perspekt\u00edv\u00e1j\u00e1t nyitja meg, valamint behat\u00f3an \u00e9s \u00fatmutat\u00f3 m\u00f3don fejti ki a liturgia gyakorlat\u00e1t&#8230;<\/p>\n<p>&nbsp;<\/p>\n<p style=\"text-align: center;\">9. oldalt\u00f3l:<\/p>\n<!--[if lt IE 9]><script>document.createElement('audio');<\/script><![endif]-->\n<audio class=\"wp-audio-shortcode\" id=\"audio-1111-1\" preload=\"none\" style=\"width: 100%;\" controls=\"controls\"><source type=\"audio\/mpeg\" src=\"https:\/\/munkacs-diocese.org\/hu\/wp-content\/uploads\/2014\/09\/9-.mp3?_=1\" \/><a href=\"https:\/\/munkacs-diocese.org\/hu\/wp-content\/uploads\/2014\/09\/9-.mp3\">https:\/\/munkacs-diocese.org\/hu\/wp-content\/uploads\/2014\/09\/9-.mp3<\/a><\/audio>\n<p>&nbsp;<\/p>\n<p style=\"text-align: center;\">11. oldalt\u00f3l:<\/p>\n<audio class=\"wp-audio-shortcode\" id=\"audio-1111-2\" preload=\"none\" style=\"width: 100%;\" controls=\"controls\"><source type=\"audio\/mpeg\" src=\"https:\/\/munkacs-diocese.org\/hu\/wp-content\/uploads\/2014\/09\/11-.mp3?_=2\" \/><a href=\"https:\/\/munkacs-diocese.org\/hu\/wp-content\/uploads\/2014\/09\/11-.mp3\">https:\/\/munkacs-diocese.org\/hu\/wp-content\/uploads\/2014\/09\/11-.mp3<\/a><\/audio>\n<p>&nbsp;<\/p>\n<p style=\"text-align: center;\">13. oldalt\u00f3l:<\/p>\n<audio class=\"wp-audio-shortcode\" id=\"audio-1111-3\" preload=\"none\" style=\"width: 100%;\" controls=\"controls\"><source type=\"audio\/mpeg\" src=\"https:\/\/munkacs-diocese.org\/hu\/wp-content\/uploads\/2014\/09\/13-.mp3?_=3\" \/><a href=\"https:\/\/munkacs-diocese.org\/hu\/wp-content\/uploads\/2014\/09\/13-.mp3\">https:\/\/munkacs-diocese.org\/hu\/wp-content\/uploads\/2014\/09\/13-.mp3<\/a><\/audio>\n<p>&nbsp;<\/p>\n<p style=\"text-align: center;\">21. oldalt\u00f3l:<\/p>\n<audio class=\"wp-audio-shortcode\" id=\"audio-1111-4\" preload=\"none\" style=\"width: 100%;\" controls=\"controls\"><source type=\"audio\/mpeg\" src=\"https:\/\/munkacs-diocese.org\/hu\/wp-content\/uploads\/2014\/09\/21-.mp3?_=4\" \/><a href=\"https:\/\/munkacs-diocese.org\/hu\/wp-content\/uploads\/2014\/09\/21-.mp3\">https:\/\/munkacs-diocese.org\/hu\/wp-content\/uploads\/2014\/09\/21-.mp3<\/a><\/audio>\n<p>&nbsp;<\/p>\n<p style=\"text-align: center;\">26. oldalt\u00f3l:<\/p>\n<audio class=\"wp-audio-shortcode\" id=\"audio-1111-5\" preload=\"none\" style=\"width: 100%;\" controls=\"controls\"><source type=\"audio\/mpeg\" src=\"https:\/\/munkacs-diocese.org\/hu\/wp-content\/uploads\/2014\/09\/26-.mp3?_=5\" \/><a href=\"https:\/\/munkacs-diocese.org\/hu\/wp-content\/uploads\/2014\/09\/26-.mp3\">https:\/\/munkacs-diocese.org\/hu\/wp-content\/uploads\/2014\/09\/26-.mp3<\/a><\/audio>\n<p>&nbsp;<\/p>\n<p style=\"text-align: center;\">35. oldalt\u00f3l:<\/p>\n<audio class=\"wp-audio-shortcode\" id=\"audio-1111-6\" preload=\"none\" style=\"width: 100%;\" controls=\"controls\"><source type=\"audio\/mpeg\" src=\"https:\/\/munkacs-diocese.org\/hu\/wp-content\/uploads\/2014\/09\/35-.mp3?_=6\" \/><a href=\"https:\/\/munkacs-diocese.org\/hu\/wp-content\/uploads\/2014\/09\/35-.mp3\">https:\/\/munkacs-diocese.org\/hu\/wp-content\/uploads\/2014\/09\/35-.mp3<\/a><\/audio>\n<p>&nbsp;<\/p>\n<p style=\"text-align: center;\">43. oldalt\u00f3l:<\/p>\n<audio class=\"wp-audio-shortcode\" id=\"audio-1111-7\" preload=\"none\" style=\"width: 100%;\" controls=\"controls\"><source type=\"audio\/mpeg\" src=\"https:\/\/munkacs-diocese.org\/hu\/wp-content\/uploads\/2014\/09\/43-.mp3?_=7\" \/><a href=\"https:\/\/munkacs-diocese.org\/hu\/wp-content\/uploads\/2014\/09\/43-.mp3\">https:\/\/munkacs-diocese.org\/hu\/wp-content\/uploads\/2014\/09\/43-.mp3<\/a><\/audio>\n<p>&nbsp;<\/p>\n<p style=\"text-align: center;\">47. oldalt\u00f3l:<\/p>\n<audio class=\"wp-audio-shortcode\" id=\"audio-1111-8\" preload=\"none\" style=\"width: 100%;\" controls=\"controls\"><source type=\"audio\/mpeg\" src=\"https:\/\/munkacs-diocese.org\/hu\/wp-content\/uploads\/2014\/09\/47-.mp3?_=8\" \/><a href=\"https:\/\/munkacs-diocese.org\/hu\/wp-content\/uploads\/2014\/09\/47-.mp3\">https:\/\/munkacs-diocese.org\/hu\/wp-content\/uploads\/2014\/09\/47-.mp3<\/a><\/audio>\n<p>&nbsp;<\/p>\n<p style=\"text-align: center;\">58. oldalt\u00f3l:<\/p>\n<audio class=\"wp-audio-shortcode\" id=\"audio-1111-9\" preload=\"none\" style=\"width: 100%;\" controls=\"controls\"><source type=\"audio\/mpeg\" src=\"https:\/\/munkacs-diocese.org\/hu\/wp-content\/uploads\/2014\/09\/58-.mp3?_=9\" \/><a href=\"https:\/\/munkacs-diocese.org\/hu\/wp-content\/uploads\/2014\/09\/58-.mp3\">https:\/\/munkacs-diocese.org\/hu\/wp-content\/uploads\/2014\/09\/58-.mp3<\/a><\/audio>\n<p>&nbsp;<\/p>\n<p style=\"text-align: center;\">70. oldalt\u00f3l:<\/p>\n<audio class=\"wp-audio-shortcode\" id=\"audio-1111-10\" preload=\"none\" style=\"width: 100%;\" controls=\"controls\"><source type=\"audio\/mpeg\" src=\"https:\/\/munkacs-diocese.org\/hu\/wp-content\/uploads\/2014\/09\/70-.mp3?_=10\" \/><a href=\"https:\/\/munkacs-diocese.org\/hu\/wp-content\/uploads\/2014\/09\/70-.mp3\">https:\/\/munkacs-diocese.org\/hu\/wp-content\/uploads\/2014\/09\/70-.mp3<\/a><\/audio>\n<p>&nbsp;<\/p>\n<p style=\"text-align: center;\">75. oldalt\u00f3l:<\/p>\n<audio class=\"wp-audio-shortcode\" id=\"audio-1111-11\" preload=\"none\" style=\"width: 100%;\" controls=\"controls\"><source type=\"audio\/mpeg\" src=\"https:\/\/munkacs-diocese.org\/hu\/wp-content\/uploads\/2014\/09\/75-.mp3?_=11\" \/><a href=\"https:\/\/munkacs-diocese.org\/hu\/wp-content\/uploads\/2014\/09\/75-.mp3\">https:\/\/munkacs-diocese.org\/hu\/wp-content\/uploads\/2014\/09\/75-.mp3<\/a><\/audio>\n<p>&nbsp;<\/p>\n<p style=\"text-align: center;\">79. oldalt\u00f3l:<\/p>\n<audio class=\"wp-audio-shortcode\" id=\"audio-1111-12\" preload=\"none\" style=\"width: 100%;\" controls=\"controls\"><source type=\"audio\/mpeg\" src=\"https:\/\/munkacs-diocese.org\/hu\/wp-content\/uploads\/2014\/09\/79-.mp3?_=12\" \/><a href=\"https:\/\/munkacs-diocese.org\/hu\/wp-content\/uploads\/2014\/09\/79-.mp3\">https:\/\/munkacs-diocese.org\/hu\/wp-content\/uploads\/2014\/09\/79-.mp3<\/a><\/audio>\n<p>&nbsp;<\/p>\n<p style=\"text-align: center;\">85. oldalt\u00f3l:<\/p>\n<audio class=\"wp-audio-shortcode\" id=\"audio-1111-13\" preload=\"none\" style=\"width: 100%;\" controls=\"controls\"><source type=\"audio\/mpeg\" src=\"https:\/\/munkacs-diocese.org\/hu\/wp-content\/uploads\/2014\/09\/85-.mp3?_=13\" \/><a href=\"https:\/\/munkacs-diocese.org\/hu\/wp-content\/uploads\/2014\/09\/85-.mp3\">https:\/\/munkacs-diocese.org\/hu\/wp-content\/uploads\/2014\/09\/85-.mp3<\/a><\/audio>\n<p>&nbsp;<\/p>\n<p style=\"text-align: center;\">89. oldalt\u00f3l:<\/p>\n<audio class=\"wp-audio-shortcode\" id=\"audio-1111-14\" preload=\"none\" style=\"width: 100%;\" controls=\"controls\"><source type=\"audio\/mpeg\" src=\"https:\/\/munkacs-diocese.org\/hu\/wp-content\/uploads\/2014\/09\/89-.mp3?_=14\" \/><a href=\"https:\/\/munkacs-diocese.org\/hu\/wp-content\/uploads\/2014\/09\/89-.mp3\">https:\/\/munkacs-diocese.org\/hu\/wp-content\/uploads\/2014\/09\/89-.mp3<\/a><\/audio>\n<p>&nbsp;<\/p>\n<p style=\"text-align: center;\">94. oldalt\u00f3l:<\/p>\n<audio class=\"wp-audio-shortcode\" id=\"audio-1111-15\" preload=\"none\" style=\"width: 100%;\" controls=\"controls\"><source type=\"audio\/mpeg\" src=\"https:\/\/munkacs-diocese.org\/hu\/wp-content\/uploads\/2014\/09\/94-.mp3?_=15\" \/><a href=\"https:\/\/munkacs-diocese.org\/hu\/wp-content\/uploads\/2014\/09\/94-.mp3\">https:\/\/munkacs-diocese.org\/hu\/wp-content\/uploads\/2014\/09\/94-.mp3<\/a><\/audio>\n<p>&nbsp;<\/p>\n<p style=\"text-align: center;\">104. oldalt\u00f3l:<\/p>\n<audio class=\"wp-audio-shortcode\" id=\"audio-1111-16\" preload=\"none\" style=\"width: 100%;\" controls=\"controls\"><source type=\"audio\/mpeg\" src=\"https:\/\/munkacs-diocese.org\/hu\/wp-content\/uploads\/2014\/09\/104-.mp3?_=16\" \/><a href=\"https:\/\/munkacs-diocese.org\/hu\/wp-content\/uploads\/2014\/09\/104-.mp3\">https:\/\/munkacs-diocese.org\/hu\/wp-content\/uploads\/2014\/09\/104-.mp3<\/a><\/audio>\n<p>&nbsp;<\/p>\n<p style=\"text-align: center;\">111. oldalt\u00f3l:<\/p>\n<audio class=\"wp-audio-shortcode\" id=\"audio-1111-17\" preload=\"none\" style=\"width: 100%;\" controls=\"controls\"><source type=\"audio\/mpeg\" src=\"https:\/\/munkacs-diocese.org\/hu\/wp-content\/uploads\/2014\/09\/111-.mp3?_=17\" \/><a href=\"https:\/\/munkacs-diocese.org\/hu\/wp-content\/uploads\/2014\/09\/111-.mp3\">https:\/\/munkacs-diocese.org\/hu\/wp-content\/uploads\/2014\/09\/111-.mp3<\/a><\/audio>\n<p>&nbsp;<\/p>\n<p style=\"text-align: center;\">120. oldalt\u00f3l:<\/p>\n<audio class=\"wp-audio-shortcode\" id=\"audio-1111-18\" preload=\"none\" style=\"width: 100%;\" controls=\"controls\"><source type=\"audio\/mpeg\" src=\"https:\/\/munkacs-diocese.org\/hu\/wp-content\/uploads\/2014\/09\/120-.mp3?_=18\" \/><a href=\"https:\/\/munkacs-diocese.org\/hu\/wp-content\/uploads\/2014\/09\/120-.mp3\">https:\/\/munkacs-diocese.org\/hu\/wp-content\/uploads\/2014\/09\/120-.mp3<\/a><\/audio>\n<p>&nbsp;<\/p>\n<p style=\"text-align: center;\">125. oldalt\u00f3l:<\/p>\n<audio class=\"wp-audio-shortcode\" id=\"audio-1111-19\" preload=\"none\" style=\"width: 100%;\" controls=\"controls\"><source type=\"audio\/mpeg\" src=\"https:\/\/munkacs-diocese.org\/hu\/wp-content\/uploads\/2014\/09\/125-.mp3?_=19\" \/><a href=\"https:\/\/munkacs-diocese.org\/hu\/wp-content\/uploads\/2014\/09\/125-.mp3\">https:\/\/munkacs-diocese.org\/hu\/wp-content\/uploads\/2014\/09\/125-.mp3<\/a><\/audio>\n<p>&nbsp;<\/p>\n<p style=\"text-align: center;\">133. oldalt\u00f3l:<\/p>\n<audio class=\"wp-audio-shortcode\" id=\"audio-1111-20\" preload=\"none\" style=\"width: 100%;\" controls=\"controls\"><source type=\"audio\/mpeg\" src=\"https:\/\/munkacs-diocese.org\/hu\/wp-content\/uploads\/2014\/09\/133-.mp3?_=20\" \/><a href=\"https:\/\/munkacs-diocese.org\/hu\/wp-content\/uploads\/2014\/09\/133-.mp3\">https:\/\/munkacs-diocese.org\/hu\/wp-content\/uploads\/2014\/09\/133-.mp3<\/a><\/audio>\n<p>&nbsp;<\/p>\n<p style=\"text-align: center;\">136. oldalt\u00f3l:<\/p>\n<audio class=\"wp-audio-shortcode\" id=\"audio-1111-21\" preload=\"none\" style=\"width: 100%;\" controls=\"controls\"><source type=\"audio\/mpeg\" src=\"https:\/\/munkacs-diocese.org\/hu\/wp-content\/uploads\/2014\/09\/136.mp3?_=21\" \/><a href=\"https:\/\/munkacs-diocese.org\/hu\/wp-content\/uploads\/2014\/09\/136.mp3\">https:\/\/munkacs-diocese.org\/hu\/wp-content\/uploads\/2014\/09\/136.mp3<\/a><\/audio>\n<p>&nbsp;<\/p>\n<p style=\"text-align: center;\">146. oldalt\u00f3l:<\/p>\n<audio class=\"wp-audio-shortcode\" id=\"audio-1111-22\" preload=\"none\" style=\"width: 100%;\" controls=\"controls\"><source type=\"audio\/mpeg\" src=\"https:\/\/munkacs-diocese.org\/hu\/wp-content\/uploads\/2014\/09\/146-.mp3?_=22\" \/><a href=\"https:\/\/munkacs-diocese.org\/hu\/wp-content\/uploads\/2014\/09\/146-.mp3\">https:\/\/munkacs-diocese.org\/hu\/wp-content\/uploads\/2014\/09\/146-.mp3<\/a><\/audio>\n<p>&nbsp;<\/p>\n<p style=\"text-align: center;\">148. oldalt\u00f3l:<\/p>\n<audio class=\"wp-audio-shortcode\" id=\"audio-1111-23\" preload=\"none\" style=\"width: 100%;\" controls=\"controls\"><source type=\"audio\/mpeg\" src=\"https:\/\/munkacs-diocese.org\/hu\/wp-content\/uploads\/2014\/09\/148-.mp3?_=23\" \/><a href=\"https:\/\/munkacs-diocese.org\/hu\/wp-content\/uploads\/2014\/09\/148-.mp3\">https:\/\/munkacs-diocese.org\/hu\/wp-content\/uploads\/2014\/09\/148-.mp3<\/a><\/audio>\n<p>&nbsp;<\/p>\n<p style=\"text-align: center;\">154. oldalt\u00f3l:<\/p>\n<audio class=\"wp-audio-shortcode\" id=\"audio-1111-24\" preload=\"none\" style=\"width: 100%;\" controls=\"controls\"><source type=\"audio\/mpeg\" src=\"https:\/\/munkacs-diocese.org\/hu\/wp-content\/uploads\/2014\/09\/154-.mp3?_=24\" \/><a href=\"https:\/\/munkacs-diocese.org\/hu\/wp-content\/uploads\/2014\/09\/154-.mp3\">https:\/\/munkacs-diocese.org\/hu\/wp-content\/uploads\/2014\/09\/154-.mp3<\/a><\/audio>\n<p>&nbsp;<\/p>\n<p style=\"text-align: center;\">160. oldalt\u00f3l:<\/p>\n<audio class=\"wp-audio-shortcode\" id=\"audio-1111-25\" preload=\"none\" style=\"width: 100%;\" controls=\"controls\"><source type=\"audio\/mpeg\" src=\"https:\/\/munkacs-diocese.org\/hu\/wp-content\/uploads\/2014\/09\/160-.mp3?_=25\" \/><a href=\"https:\/\/munkacs-diocese.org\/hu\/wp-content\/uploads\/2014\/09\/160-.mp3\">https:\/\/munkacs-diocese.org\/hu\/wp-content\/uploads\/2014\/09\/160-.mp3<\/a><\/audio>\n<p>&nbsp;<\/p>\n<p style=\"text-align: center;\">167. oldalt\u00f3l:<\/p>\n<audio class=\"wp-audio-shortcode\" id=\"audio-1111-26\" preload=\"none\" style=\"width: 100%;\" controls=\"controls\"><source type=\"audio\/mpeg\" src=\"https:\/\/munkacs-diocese.org\/hu\/wp-content\/uploads\/2014\/09\/167-.mp3?_=26\" \/><a href=\"https:\/\/munkacs-diocese.org\/hu\/wp-content\/uploads\/2014\/09\/167-.mp3\">https:\/\/munkacs-diocese.org\/hu\/wp-content\/uploads\/2014\/09\/167-.mp3<\/a><\/audio>\n<p>&nbsp;<\/p>\n<p style=\"text-align: center;\">170. oldalt\u00f3l:<\/p>\n<audio class=\"wp-audio-shortcode\" id=\"audio-1111-27\" preload=\"none\" style=\"width: 100%;\" controls=\"controls\"><source type=\"audio\/mpeg\" src=\"https:\/\/munkacs-diocese.org\/hu\/wp-content\/uploads\/2014\/09\/170-.mp3?_=27\" \/><a href=\"https:\/\/munkacs-diocese.org\/hu\/wp-content\/uploads\/2014\/09\/170-.mp3\">https:\/\/munkacs-diocese.org\/hu\/wp-content\/uploads\/2014\/09\/170-.mp3<\/a><\/audio>\n<p>&nbsp;<\/p>\n<p style=\"text-align: center;\">176. oldalt\u00f3l:<\/p>\n<audio class=\"wp-audio-shortcode\" id=\"audio-1111-28\" preload=\"none\" style=\"width: 100%;\" controls=\"controls\"><source type=\"audio\/mpeg\" src=\"https:\/\/munkacs-diocese.org\/hu\/wp-content\/uploads\/2014\/09\/176-.mp3?_=28\" \/><a href=\"https:\/\/munkacs-diocese.org\/hu\/wp-content\/uploads\/2014\/09\/176-.mp3\">https:\/\/munkacs-diocese.org\/hu\/wp-content\/uploads\/2014\/09\/176-.mp3<\/a><\/audio>\n<p>&nbsp;<\/p>\n<p style=\"text-align: center;\">178. oldalt\u00f3l:<\/p>\n<audio class=\"wp-audio-shortcode\" id=\"audio-1111-29\" preload=\"none\" style=\"width: 100%;\" controls=\"controls\"><source type=\"audio\/mpeg\" src=\"https:\/\/munkacs-diocese.org\/hu\/wp-content\/uploads\/2014\/09\/178-.mp3?_=29\" \/><a href=\"https:\/\/munkacs-diocese.org\/hu\/wp-content\/uploads\/2014\/09\/178-.mp3\">https:\/\/munkacs-diocese.org\/hu\/wp-content\/uploads\/2014\/09\/178-.mp3<\/a><\/audio>\n<p>&nbsp;<\/p>\n<p style=\"text-align: center;\">180. oldalt\u00f3l:<\/p>\n<audio class=\"wp-audio-shortcode\" id=\"audio-1111-30\" preload=\"none\" style=\"width: 100%;\" controls=\"controls\"><source type=\"audio\/mpeg\" src=\"https:\/\/munkacs-diocese.org\/hu\/wp-content\/uploads\/2014\/09\/180-.mp3?_=30\" \/><a href=\"https:\/\/munkacs-diocese.org\/hu\/wp-content\/uploads\/2014\/09\/180-.mp3\">https:\/\/munkacs-diocese.org\/hu\/wp-content\/uploads\/2014\/09\/180-.mp3<\/a><\/audio>\n<p>&nbsp;<\/p>\n<p style=\"text-align: center;\">183. oldalt\u00f3l:<\/p>\n<audio class=\"wp-audio-shortcode\" id=\"audio-1111-31\" preload=\"none\" style=\"width: 100%;\" controls=\"controls\"><source type=\"audio\/mpeg\" src=\"https:\/\/munkacs-diocese.org\/hu\/wp-content\/uploads\/2014\/09\/183-.mp3?_=31\" \/><a href=\"https:\/\/munkacs-diocese.org\/hu\/wp-content\/uploads\/2014\/09\/183-.mp3\">https:\/\/munkacs-diocese.org\/hu\/wp-content\/uploads\/2014\/09\/183-.mp3<\/a><\/audio>\n<p>&nbsp;<\/p>\n<p style=\"text-align: center;\">189. oldalt\u00f3l:<\/p>\n<audio class=\"wp-audio-shortcode\" id=\"audio-1111-32\" preload=\"none\" style=\"width: 100%;\" controls=\"controls\"><source type=\"audio\/mpeg\" src=\"https:\/\/munkacs-diocese.org\/hu\/wp-content\/uploads\/2014\/09\/189-.mp3?_=32\" \/><a href=\"https:\/\/munkacs-diocese.org\/hu\/wp-content\/uploads\/2014\/09\/189-.mp3\">https:\/\/munkacs-diocese.org\/hu\/wp-content\/uploads\/2014\/09\/189-.mp3<\/a><\/audio>\n<p>&nbsp;<\/p>\n<p style=\"text-align: center;\">192. oldalt\u00f3l:<\/p>\n<audio class=\"wp-audio-shortcode\" id=\"audio-1111-33\" preload=\"none\" style=\"width: 100%;\" controls=\"controls\"><source type=\"audio\/mpeg\" src=\"https:\/\/munkacs-diocese.org\/hu\/wp-content\/uploads\/2014\/09\/192-.mp3?_=33\" \/><a href=\"https:\/\/munkacs-diocese.org\/hu\/wp-content\/uploads\/2014\/09\/192-.mp3\">https:\/\/munkacs-diocese.org\/hu\/wp-content\/uploads\/2014\/09\/192-.mp3<\/a><\/audio>\n<p>&nbsp;<\/p>\n<p style=\"text-align: center;\">195. oldalt\u00f3l:<\/p>\n<audio class=\"wp-audio-shortcode\" id=\"audio-1111-34\" preload=\"none\" style=\"width: 100%;\" controls=\"controls\"><source type=\"audio\/mpeg\" src=\"https:\/\/munkacs-diocese.org\/hu\/wp-content\/uploads\/2014\/09\/195-.mp3?_=34\" \/><a href=\"https:\/\/munkacs-diocese.org\/hu\/wp-content\/uploads\/2014\/09\/195-.mp3\">https:\/\/munkacs-diocese.org\/hu\/wp-content\/uploads\/2014\/09\/195-.mp3<\/a><\/audio>\n","protected":false},"excerpt":{"rendered":"<p>&nbsp; Jozef Ratzinger: \u00daj \u00e9neket az \u00darnak! Joseph (XVI. Benedek P\u00e1pa) Ratzinger A liturgia az Istent\u0151l teremtett embernek \u00e9s a vil\u00e1gnak meg\u00e9rt\u00e9s\u00e9r\u0151l, az embernek Krisztushoz, az Egyh\u00e1zhoz \u00e9s saj\u00e1t mag\u00e1hoz val\u00f3 viszony\u00e1r\u00f3l sz\u00f3l. XVI. Benedek p\u00e1p\u00e1nak b\u00edboros kor\u00e1ban \u00edrt k\u00f6nyve az istentisztelet teol\u00f3gi\u00e1j\u00e1nak alapjait t\u00e1rja el\u00e9nk, az istentisztelet val\u00f3s\u00e1g\u00e1t illet\u0151 meggondol\u00e1sok krisztol\u00f3giai perspekt\u00edv\u00e1j\u00e1t nyitja meg, [&hellip;]<\/p>\n","protected":false},"author":1,"featured_media":6706,"comment_status":"open","ping_status":"open","sticky":false,"template":"","format":"standard","meta":{"_acf_changed":false,"_et_pb_use_builder":"","_et_pb_old_content":"","_et_gb_content_width":"","footnotes":""},"categories":[43],"tags":[],"class_list":["post-1111","post","type-post","status-publish","format-standard","has-post-thumbnail","hentry","category-hangoskonyv","et-has-post-format-content","et_post_format-et-post-format-standard"],"acf":[],"_links":{"self":[{"href":"https:\/\/munkacs-diocese.org\/hu\/wp-json\/wp\/v2\/posts\/1111"}],"collection":[{"href":"https:\/\/munkacs-diocese.org\/hu\/wp-json\/wp\/v2\/posts"}],"about":[{"href":"https:\/\/munkacs-diocese.org\/hu\/wp-json\/wp\/v2\/types\/post"}],"author":[{"embeddable":true,"href":"https:\/\/munkacs-diocese.org\/hu\/wp-json\/wp\/v2\/users\/1"}],"replies":[{"embeddable":true,"href":"https:\/\/munkacs-diocese.org\/hu\/wp-json\/wp\/v2\/comments?post=1111"}],"version-history":[{"count":4,"href":"https:\/\/munkacs-diocese.org\/hu\/wp-json\/wp\/v2\/posts\/1111\/revisions"}],"predecessor-version":[{"id":6743,"href":"https:\/\/munkacs-diocese.org\/hu\/wp-json\/wp\/v2\/posts\/1111\/revisions\/6743"}],"wp:featuredmedia":[{"embeddable":true,"href":"https:\/\/munkacs-diocese.org\/hu\/wp-json\/wp\/v2\/media\/6706"}],"wp:attachment":[{"href":"https:\/\/munkacs-diocese.org\/hu\/wp-json\/wp\/v2\/media?parent=1111"}],"wp:term":[{"taxonomy":"category","embeddable":true,"href":"https:\/\/munkacs-diocese.org\/hu\/wp-json\/wp\/v2\/categories?post=1111"},{"taxonomy":"post_tag","embeddable":true,"href":"https:\/\/munkacs-diocese.org\/hu\/wp-json\/wp\/v2\/tags?post=1111"}],"curies":[{"name":"wp","href":"https:\/\/api.w.org\/{rel}","templated":true}]}}