{"id":11062,"date":"2023-11-25T18:18:01","date_gmt":"2023-11-25T17:18:01","guid":{"rendered":"https:\/\/munkacs-diocese.org\/hu\/?p=11062"},"modified":"2023-11-25T18:18:01","modified_gmt":"2023-11-25T17:18:01","slug":"az-ukran-romai-katolikus-puspoki-konferencia-59-plenaris-ulesenek-kozlemenye","status":"publish","type":"post","link":"https:\/\/munkacs-diocese.org\/hu\/2023\/11\/25\/az-ukran-romai-katolikus-puspoki-konferencia-59-plenaris-ulesenek-kozlemenye\/","title":{"rendered":"Az Ukr\u00e1n R\u00f3mai Katolikus P\u00fcsp\u00f6ki Konferencia 59. plen\u00e1ris \u00fcl\u00e9s\u00e9nek k\u00f6zlem\u00e9nye"},"content":{"rendered":"<div id=\"fb-root\"><\/div>\n<p style=\"text-align: justify;\">Az Ukr\u00e1n R\u00f3mai Katolikus P\u00fcsp\u00f6ki Konferencia 2023. november 24-\u00e9n tartotta meg 59. plen\u00e1ris \u00fcl\u00e9s\u00e9t a Lemberg mellett l\u00e9v\u0151 Brjuhovics telep\u00fcl\u00e9s Szent J\u00f3zsef Szemin\u00e1rium\u00e1ban. Az esem\u00e9nyt Vitalij Szkomarovszkij, a Lucki Egyh\u00e1zmegye megy\u00e9sp\u00fcsp\u00f6ke, a Konferencia eln\u00f6ke vezette.<\/p>\n<p style=\"text-align: justify;\">A p\u00fcsp\u00f6k\u00f6k \u00fcl\u00e9s\u00e9t k\u00f6z\u00f6s lelkigyakorlat el\u0151zte meg, melyen a r\u00f3mai katolikus \u00e9s a g\u00f6r\u00f6gkatolikus p\u00fcsp\u00f6k\u00f6k is r\u00e9szt vettek. Az el\u0151ad\u00e1sokat Makszim Rjabuha, a Donecki G\u00f6r\u00f6gkatolikus \u00c9rseki Exarch\u00e1tus el\u00f6lj\u00e1r\u00f3ja tartotta. A lelkigyakorlat helysz\u00edne Zarvanica, a biz\u00e1nci szertart\u00e1s\u00fa katolikus M\u00e1ria-kegyhely volt.<\/p>\n<p style=\"text-align: justify;\">A lelkigyakorlat ut\u00e1n a r\u00f3mai- \u00e9s g\u00f6r\u00f6gkatolikus p\u00fcsp\u00f6k\u00f6k testv\u00e9ri tal\u00e1lkoz\u00f3j\u00e1ra ker\u00fclt sor.<\/p>\n<p style=\"text-align: justify;\">Az \u00fcl\u00e9s elej\u00e9n a p\u00fcsp\u00f6k\u00f6k \u00e9rt\u00e9kelt\u00e9k a 2022. november 27-\u00e9n meghirdetett 2023. november 26-ig, Krisztus Kir\u00e1ly \u00fcnnep\u00e9ig tart\u00f3 Irgalmass\u00e1g \u00c9v\u00e9nek gy\u00fcm\u00f6lcseit.\u00a0 Az Irgalmass\u00e1g \u00c9v\u00e9nek c\u00e9lja az volt, hogy a vall\u00e1sos \u00e9s karitat\u00edv szervezetek \u00e9rz\u00e9kenys\u00e9ge n\u00f6vekedjen a h\u00e1bor\u00fa k\u00f6vetkezt\u00e9ben neh\u00e9z k\u00f6r\u00fclm\u00e9nyek k\u00f6z\u00e9 ker\u00fclt emberek fel\u00e9, akik elvesz\u00edtett\u00e9k szeretteiket, otthonukat \u00e9s biztons\u00e1gukat.<\/p>\n<p style=\"text-align: justify;\">Az \u00fcl\u00e9sen jelen volt Visvaldas Kulbokas \u00e9rsek, Ukrajna apostoli nunciusa. T\u00f6bb aktu\u00e1lis k\u00e9rd\u00e9st is megbesz\u00e9ltek, melyek a Szentsz\u00e9k \u00e9s Ukrajna Egyh\u00e1z\u00e1nak kapcsolat\u00e1t \u00e9rintik.<\/p>\n<p style=\"text-align: justify;\">Az \u00fcl\u00e9sen tov\u00e1bb\u00e1 r\u00e9szt vett Thomas Schwartz atya, a \u201eRenovabis\u201d vezet\u0151je. Felsz\u00f3lal\u00e1s\u00e1ban \u00f6sszegezte N\u00e9metorsz\u00e1g katolikusainak az elm\u00falt 30 \u00e9v sor\u00e1n Ukrajn\u00e1nak ny\u00fajtott seg\u00edts\u00e9g\u00e9t. Felv\u00e1zolta a tov\u00e1bbi egy\u00fcttm\u0171k\u00f6d\u00e9si terveket \u00e9s az ukr\u00e1n t\u00e1rsadalom aktu\u00e1lis sz\u00fcks\u00e9gleteit. A p\u00fcsp\u00f6k\u00f6k k\u00f6sz\u00f6netet mondtak a t\u00e1mogat\u00e1s\u00e9rt, melyet a menek\u00fclteknek \u00e9s a h\u00e1bor\u00fat\u00f3l szenved\u0151knek ny\u00fajtanak.<\/p>\n<p style=\"text-align: justify;\">Az \u00fcl\u00e9sen a P\u00fcsp\u00f6ki Konferencia stat\u00fatumait \u00e9s bizotts\u00e1gi tagjait is j\u00f3v\u00e1hagyt\u00e1k, tov\u00e1bb\u00e1 bemutatt\u00e1k a Vatik\u00e1n \u00e1ltal elfogadott liturgikus napt\u00e1rt, mely az ukrajnai liturgikus k\u00f6nyvek alapj\u00e1ul szolg\u00e1l.<\/p>\n<p style=\"text-align: justify;\">Az ifj\u00fas\u00e1gpasztor\u00e1ci\u00f3\u00e9rt felel\u0151s bizotts\u00e1g bemutatta a fiatalokat, az oktat\u00e1si \u00e9s nevel\u00e9si int\u00e9zm\u00e9nyeket c\u00e9lz\u00f3 kezdem\u00e9nyez\u00e9seket, valamint besz\u00e1molt a kiskor\u00faak v\u00e9delm\u00e9nek aktu\u00e1lis helyzet\u00e9r\u0151l. \u00d6sszegezt\u00e9k az idei Lisszaboni Ifj\u00fas\u00e1gi Tal\u00e1lkoz\u00f3 eredm\u00e9nyeit, melyen a fiataljaink a h\u00e1bor\u00fa ellen\u00e9re sz\u00e9p sz\u00e1mban vettek r\u00e9szt \u00e9s megtapasztalhatt\u00e1k a vil\u00e1g ifj\u00fas\u00e1g\u00e1nak szolidarit\u00e1s\u00e1t \u00e9s t\u00e1mogat\u00e1s\u00e1t.<\/p>\n<p style=\"text-align: justify;\">A \u201eCaritas-Spes\u201d t\u00e1j\u00e9koztatta a jelenl\u00e9v\u0151ket a kapott adom\u00e1nyok mennyis\u00e9g\u00e9r\u0151l, mely a h\u00e1bor\u00fa kit\u00f6r\u00e9se \u00f3ta sokszoros\u00e1ra n\u00f6vekedett, valamint a h\u00e1bor\u00faban megs\u00e9r\u00fcltek t\u00e1mogat\u00e1s\u00e1ra szolg\u00e1l\u00f3 programj\u00e1r\u00f3l.<\/p>\n<p style=\"text-align: justify;\">A p\u00fcsp\u00f6k\u00f6k j\u00f3v\u00e1hagyt\u00e1k, hogy a 2024-es \u00e9vet Ukrajn\u00e1ban Szent Mih\u00e1ly Arkangyal \u00c9v\u00e9nek nyilv\u00e1n\u00edtj\u00e1k. A r\u00e9sztvev\u0151ket megb\u00edzt\u00e1k azzal, hogy ebb\u0151l az alkalomb\u00f3l k\u00e9sz\u00edtsenek \u00e9ves tervezetet.<\/p>\n<p style=\"text-align: justify;\">Lemberg-Brjuhovics, 2023. november 24.<\/p>\n<p style=\"text-align: justify;\">az Ukr\u00e1n R\u00f3mai Katolikus P\u00fcsp\u00f6ki Konferencia p\u00fcsp\u00f6kei<\/p>\n","protected":false},"excerpt":{"rendered":"<p>Az Ukr\u00e1n R\u00f3mai Katolikus P\u00fcsp\u00f6ki Konferencia 2023. november 24-\u00e9n tartotta meg 59. plen\u00e1ris \u00fcl\u00e9s\u00e9t a Lemberg mellett l\u00e9v\u0151 Brjuhovics telep\u00fcl\u00e9s Szent J\u00f3zsef Szemin\u00e1rium\u00e1ban. Az esem\u00e9nyt Vitalij Szkomarovszkij, a Lucki Egyh\u00e1zmegye megy\u00e9sp\u00fcsp\u00f6ke, a Konferencia eln\u00f6ke vezette. A p\u00fcsp\u00f6k\u00f6k \u00fcl\u00e9s\u00e9t k\u00f6z\u00f6s lelkigyakorlat el\u0151zte meg, melyen a r\u00f3mai katolikus \u00e9s a g\u00f6r\u00f6gkatolikus p\u00fcsp\u00f6k\u00f6k is r\u00e9szt vettek. Az el\u0151ad\u00e1sokat [&hellip;]<\/p>\n","protected":false},"author":4,"featured_media":10929,"comment_status":"open","ping_status":"open","sticky":false,"template":"","format":"standard","meta":{"_acf_changed":false,"_et_pb_use_builder":"","_et_pb_old_content":"","_et_gb_content_width":"","footnotes":""},"categories":[10,60],"tags":[],"class_list":["post-11062","post","type-post","status-publish","format-standard","has-post-thumbnail","hentry","category-aktualis-hirek","category-egyeb-egyhazi-hirek","et-has-post-format-content","et_post_format-et-post-format-standard"],"acf":[],"_links":{"self":[{"href":"https:\/\/munkacs-diocese.org\/hu\/wp-json\/wp\/v2\/posts\/11062"}],"collection":[{"href":"https:\/\/munkacs-diocese.org\/hu\/wp-json\/wp\/v2\/posts"}],"about":[{"href":"https:\/\/munkacs-diocese.org\/hu\/wp-json\/wp\/v2\/types\/post"}],"author":[{"embeddable":true,"href":"https:\/\/munkacs-diocese.org\/hu\/wp-json\/wp\/v2\/users\/4"}],"replies":[{"embeddable":true,"href":"https:\/\/munkacs-diocese.org\/hu\/wp-json\/wp\/v2\/comments?post=11062"}],"version-history":[{"count":1,"href":"https:\/\/munkacs-diocese.org\/hu\/wp-json\/wp\/v2\/posts\/11062\/revisions"}],"predecessor-version":[{"id":11063,"href":"https:\/\/munkacs-diocese.org\/hu\/wp-json\/wp\/v2\/posts\/11062\/revisions\/11063"}],"wp:featuredmedia":[{"embeddable":true,"href":"https:\/\/munkacs-diocese.org\/hu\/wp-json\/wp\/v2\/media\/10929"}],"wp:attachment":[{"href":"https:\/\/munkacs-diocese.org\/hu\/wp-json\/wp\/v2\/media?parent=11062"}],"wp:term":[{"taxonomy":"category","embeddable":true,"href":"https:\/\/munkacs-diocese.org\/hu\/wp-json\/wp\/v2\/categories?post=11062"},{"taxonomy":"post_tag","embeddable":true,"href":"https:\/\/munkacs-diocese.org\/hu\/wp-json\/wp\/v2\/tags?post=11062"}],"curies":[{"name":"wp","href":"https:\/\/api.w.org\/{rel}","templated":true}]}}