{"id":1102,"date":"2014-08-21T08:04:20","date_gmt":"2014-08-21T05:04:20","guid":{"rendered":"http:\/\/munkacs-diocese.org\/hu\/2014\/08\/21\/az-evangelium-oeroeme-kezdet-apostoli-buzditasa-az-evangelium-hirdeteserl-a-mai-vilagban\/"},"modified":"2014-08-21T08:04:20","modified_gmt":"2014-08-21T05:04:20","slug":"az-evangelium-oeroeme-kezdet-apostoli-buzditasa-az-evangelium-hirdeteserl-a-mai-vilagban","status":"publish","type":"post","link":"https:\/\/munkacs-diocese.org\/hu\/2014\/08\/21\/az-evangelium-oeroeme-kezdet-apostoli-buzditasa-az-evangelium-hirdeteserl-a-mai-vilagban\/","title":{"rendered":"Az evang\u00e9lium \u00f6r\u00f6me kezdet\u0171 apostoli buzd\u00edt\u00e1sa az evang\u00e9lium hirdet\u00e9s\u00e9r\u0151l a mai vil\u00e1gban"},"content":{"rendered":"<div id=\"fb-root\"><\/div>\n<div style=\"text-align: center;\"><span style=\"font-size: 12pt;\"><strong><em>Az evang\u00e9lium \u00f6r\u00f6me<\/em> kezdet\u0171 apostoli buzd\u00edt\u00e1sa<\/strong><\/span><br \/><span style=\"font-size: 12pt;\"><strong>az evang\u00e9lium hirdet\u00e9s\u00e9r\u0151l a mai vil\u00e1gban<\/strong><\/span> <\/p>\n<div>\n<div>&nbsp;<\/div>\n<div><a href=\"http:\/\/www.szerzetes.hu\/system\/files\/styles\/large\/private\/ckm\/2014\/ferenc_papa_10_2.jpg\" title=\"Ferenc p\u00e1pa\" rel=\"gallery-943\"><img loading=\"lazy\" decoding=\"async\" style=\"float: left;\" src=\"http:\/\/www.szerzetes.hu\/system\/files\/styles\/medium\/private\/ckm\/2014\/ferenc_papa_10_2.jpg\" alt=\"\" title=\"Ferenc p\u00e1pa\" height=\"124\" width=\"220\" \/><\/a>(<a target=\"_parent\" href=\"http:\/\/goo.gl\/yJNwEA\">Let\u00f6lthet\u0151 pdf form\u00e1tumban.<\/a>)<\/div>\n<\/p><\/div>\n<\/p><\/div>\n<div>\n<div>\n<div>\n<div>\n<p style=\"text-align: center;\">Evangelii gaudium<\/p>\n<p style=\"text-align: center;\">Ferenc p\u00e1pa<br \/><em>Az evang\u00e9lium \u00f6r\u00f6me<\/em> kezdet\u0171 apostoli buzd\u00edt\u00e1sa<\/p>\n<p style=\"text-align: center;\">a p\u00fcsp\u00f6k\u00f6knek, a papoknak \u00e9s diak\u00f3nusoknak,<br \/>az Istennek szentelt szem\u00e9lyeknek \u00e9s a vil\u00e1gi h\u00edv\u0151knek<\/p>\n<p style=\"text-align: center;\">az evang\u00e9lium hirdet\u00e9s\u00e9r\u0151l a mai vil\u00e1gban<\/p>\n<\/p><\/div>\n<div>\n<p style=\"text-align: justify;\">1. Az evang\u00e9lium \u00f6r\u00f6me bet\u00f6lti azok sz\u00edv\u00e9t \u00e9s eg\u00e9sz \u00e9let\u00e9t, akik tal\u00e1lkoznak J\u00e9zussal. Akik engedik, hogy \u00fcdv\u00f6z\u00edtse \u0151ket, azok megszabadulnak a b\u0171nt\u0151l, a szomor\u00fas\u00e1gt\u00f3l, a bels\u0151 \u00fcress\u00e9gt\u0151l \u00e9s az elszigetel\u0151d\u00e9st\u0151l. J\u00e9zus Krisztussal mindig megsz\u00fcletik \u00e9s \u00fajj\u00e1sz\u00fcletik az \u00f6r\u00f6m. Ebben a buzd\u00edt\u00e1sban a kereszt\u00e9ny h\u00edvekhez szeretn\u00e9k fordulni, hogy megh\u00edvjam \u0151ket egy olyan \u00faj evangeliz\u00e1l\u00f3 korszakra, amelyet ez az \u00f6r\u00f6m jellemez, \u00e9s ir\u00e1nyt mutassak az Egyh\u00e1z \u00fatj\u00e1nak a k\u00f6vetkez\u0151 \u00e9vekre.<\/p>\n<p style=\"text-align: right;\"><a target=\"_blank\" href=\"http:\/\/www.szerzetes.hu\/cikk\/ferenc-p%C3%A1pa\/2013-11-27-evangelii-gaudium-%E2%80%93-az-evang%C3%A9lium-%C3%B6r%C3%B6me-kezdet%C5%B1-apostoli-buzd%C3%ADt%C3%A1s\"><em><strong>tov\u00e1bb a teljes sz\u00f6veghez &gt;&gt;&gt;<\/strong><\/em><\/a><\/p>\n<\/p><\/div>\n<\/p><\/div>\n<\/p><\/div>\n<\/p><\/div>\n","protected":false},"excerpt":{"rendered":"<p>Az evang\u00e9lium \u00f6r\u00f6me kezdet\u0171 apostoli buzd\u00edt\u00e1saaz evang\u00e9lium hirdet\u00e9s\u00e9r\u0151l a mai vil\u00e1gban &nbsp; (Let\u00f6lthet\u0151 pdf form\u00e1tumban.) Evangelii gaudium Ferenc p\u00e1paAz evang\u00e9lium \u00f6r\u00f6me kezdet\u0171 apostoli buzd\u00edt\u00e1sa a p\u00fcsp\u00f6k\u00f6knek, a papoknak \u00e9s diak\u00f3nusoknak,az Istennek szentelt szem\u00e9lyeknek \u00e9s a vil\u00e1gi h\u00edv\u0151knek az evang\u00e9lium hirdet\u00e9s\u00e9r\u0151l a mai vil\u00e1gban 1. Az evang\u00e9lium \u00f6r\u00f6me bet\u00f6lti azok sz\u00edv\u00e9t \u00e9s eg\u00e9sz \u00e9let\u00e9t, akik tal\u00e1lkoznak [&hellip;]<\/p>\n","protected":false},"author":1,"featured_media":0,"comment_status":"open","ping_status":"open","sticky":false,"template":"","format":"standard","meta":{"_acf_changed":false,"_et_pb_use_builder":"","_et_pb_old_content":"","_et_gb_content_width":"","footnotes":""},"categories":[42],"tags":[],"class_list":["post-1102","post","type-post","status-publish","format-standard","hentry","category-az-evangelium-oeroemenek-eve","et-doesnt-have-format-content","et_post_format-et-post-format-standard"],"acf":[],"_links":{"self":[{"href":"https:\/\/munkacs-diocese.org\/hu\/wp-json\/wp\/v2\/posts\/1102"}],"collection":[{"href":"https:\/\/munkacs-diocese.org\/hu\/wp-json\/wp\/v2\/posts"}],"about":[{"href":"https:\/\/munkacs-diocese.org\/hu\/wp-json\/wp\/v2\/types\/post"}],"author":[{"embeddable":true,"href":"https:\/\/munkacs-diocese.org\/hu\/wp-json\/wp\/v2\/users\/1"}],"replies":[{"embeddable":true,"href":"https:\/\/munkacs-diocese.org\/hu\/wp-json\/wp\/v2\/comments?post=1102"}],"version-history":[{"count":0,"href":"https:\/\/munkacs-diocese.org\/hu\/wp-json\/wp\/v2\/posts\/1102\/revisions"}],"wp:attachment":[{"href":"https:\/\/munkacs-diocese.org\/hu\/wp-json\/wp\/v2\/media?parent=1102"}],"wp:term":[{"taxonomy":"category","embeddable":true,"href":"https:\/\/munkacs-diocese.org\/hu\/wp-json\/wp\/v2\/categories?post=1102"},{"taxonomy":"post_tag","embeddable":true,"href":"https:\/\/munkacs-diocese.org\/hu\/wp-json\/wp\/v2\/tags?post=1102"}],"curies":[{"name":"wp","href":"https:\/\/api.w.org\/{rel}","templated":true}]}}