{"id":1101,"date":"2014-08-02T09:21:05","date_gmt":"2014-08-02T06:21:05","guid":{"rendered":"http:\/\/munkacs-diocese.org\/hu\/2014\/08\/02\/fogadja-el-isten-a-mi-halaadasunkat\/"},"modified":"2014-08-02T09:21:05","modified_gmt":"2014-08-02T06:21:05","slug":"fogadja-el-isten-a-mi-halaadasunkat","status":"publish","type":"post","link":"https:\/\/munkacs-diocese.org\/hu\/2014\/08\/02\/fogadja-el-isten-a-mi-halaadasunkat\/","title":{"rendered":"Fogadja el Isten a mi h\u00e1laad\u00e1sunkat!"},"content":{"rendered":"<div id=\"fb-root\"><\/div>\n<p style=\"text-align: center;\"><strong><span style=\"font-size: 12pt;\">Fogadja el Isten a mi h\u00e1laad\u00e1sunkat!<\/span><\/strong><\/p>\n<p><em><strong><img loading=\"lazy\" decoding=\"async\" class=\" alignleft size-full wp-image-1100\" style=\"float: left;\" src=\"https:\/\/munkacs-diocese.org\/hu\/wp-content\/uploads\/2014\/08\/DSCF4240.JPG\" alt=\"\" height=\"98\" width=\"131\" srcset=\"https:\/\/munkacs-diocese.org\/hu\/wp-content\/uploads\/2014\/08\/DSCF4240.JPG 640w, https:\/\/munkacs-diocese.org\/hu\/wp-content\/uploads\/2014\/08\/DSCF4240-300x225.jpg 300w, https:\/\/munkacs-diocese.org\/hu\/wp-content\/uploads\/2014\/08\/DSCF4240-510x382.jpg 510w\" sizes=\"(max-width: 131px) 100vw, 131px\" \/>Jubileumi h\u00e1laad\u00e1s Nagysz\u0151l\u0151s\u00f6n<\/strong><\/em><\/p>\n<p>J\u00falius h\u00f3napban volt 25 \u00e9ve, hogy Majnek Antal ferences Munk\u00e1csra, majd Nagysz\u0151l\u0151sre \u00e9rkezett, szeptemberben pedig k\u00e9t t\u00e1rsa &#8212; Radics D\u00e1vid \u00e9s Zatyk\u00f3 L\u00e1szl\u00f3 aty\u00e1k &#8212; is k\u00f6vett\u00e9k. T\u00f6bb \u00e9vtizedes sz\u00fcnet ut\u00e1n \u0151k \u00e9lesztett\u00e9k \u00fajj\u00e1 a k\u00e1rp\u00e1taljai ferences misszi\u00f3t. Majnek Antal p\u00fcsp\u00f6k atya fej\u00e9ben, vagy ink\u00e1bb sz\u00edv\u00e9ben &#8212; ahogy B\u00e1n J\u00f3n\u00e1s nagysz\u0151l\u0151si pl\u00e9b\u00e1nos fogalmazott &#8212; sz\u00fcletett meg az \u00f6tlet, hogy a ferences k\u00f6z\u00f6ss\u00e9gben adjon h\u00e1l\u00e1t az elm\u00falt negyedsz\u00e1zad\u00e9rt. J\u00falius 25-\u00e9n a p\u00fcsp\u00f6k atya k\u00e9t els\u0151 t\u00e1rsa is Nagysz\u0151l\u0151sre \u00e9rkezett; a jelenlegi \u00e9s az egykori ferencesek, s a nagysz\u0151l\u0151si \u00e9s k\u00f6rny\u00e9ki h\u00edvek &#8212; akik megt\u00f6lt\u00f6tt\u00e9k a pl\u00e9b\u00e1niatemplomot &#8212; k\u00f6z\u00f6sen, \u00fcnnep\u00e9lyesen adtak h\u00e1l\u00e1t a misszi\u00f3 25 \u00e9v\u00e9nek kegyelmei\u00e9rt.<\/p>\n<p>  <!--more-->  <\/p>\n<p>&nbsp;<\/p>\n<p>A szentmise elej\u00e9n B\u00e1n J\u00f3n\u00e1s jelenlegi pl\u00e9b\u00e1nos k\u00f6sz\u00f6nt\u00f6tte a h\u00e1rom jubil\u00e1nst. Mint mondta: amikor \u0151k h\u00e1rman elj\u00f6ttek ide, azt sem tudt\u00e1k, mire mondanak igent. Olyan dologba v\u00e1gtak bele, amit az ember nem tesz meg csak \u00fagy, hiszen bizonytalan \u00e9s vesz\u00e9lyes volt itt a helyzet. De az \u00daristen titokzatos m\u00f3don megh\u00edvta \u0151ket erre, s \u0151k az Isten bar\u00e1ts\u00e1g\u00e1b\u00f3l tett\u00e9k, amit tettek.<\/p>\n<p>Antal p\u00fcsp\u00f6k atya ezeket mondta: &#8222;H\u00e1l\u00e1t adok \u00e9rtetek, k\u00fcl\u00f6n\u00f6sen azok\u00e9rt, akik akkor nagyon nagy szeretettel fogadtak minket itt is \u00e9s a t\u00f6bbi helyeinken is. \u00d6r\u00fcl\u00f6k, hogy L\u00e1szl\u00f3 atya \u00e9s D\u00e1vid atya elfogadta J\u00f3n\u00e1s atya megh\u00edv\u00e1s\u00e1t. Vel\u00fck egy\u00fctt kezdt\u00fck el a munk\u00e1t. Heged\u0171s Kolos akkori tartom\u00e1nyf\u0151n\u00f6k k\u00e9r\u00e9s\u00e9re elj\u00f6tt\u00fcnk ebbe az ismeretlen vil\u00e1gba, ahol nagyon sok \u00e9s sokszor kellemes meglepet\u00e9s fogadott minket, s\u0151t azt mern\u00e9m mondani, hogy egyre jobb helyzetbe ker\u00fclt\u00fcnk lelkileg, \u00e9s ezt nektek k\u00f6sz\u00f6nhetj\u00fck. Fogadja el az \u00daristen a mi h\u00e1laad\u00e1sunkat!&#8221;<\/p>\n<p>L\u00e1szl\u00f3 atya a pr\u00e9dik\u00e1ci\u00f3ban t\u00f6bbek k\u00f6z\u00f6tt arr\u00f3l besz\u00e9lt, hogy az, hogy egy\u00e1ltal\u00e1n voltak ferencesek, akik elj\u00f6hettek K\u00e1rp\u00e1talj\u00e1ra, azoknak a papoknak, h\u00edveknek k\u00f6sz\u00f6nhet\u0151, akik v\u00e1llalt\u00e1k a szenved\u00e9st, b\u00f6rt\u00f6nt, h\u0171s\u00e9gesek maradtak, s im\u00e1ik nyom\u00e1n megmaradt a hit \u00e9s \u00fajabb ferences hivat\u00e1sok sz\u00fclettek. Az, hogy a nagysz\u0151l\u0151si ferences misszi\u00f3 nem volt r\u00f6vid \u00e9let\u0171, annak k\u00f6sz\u00f6nhet\u0151, hogy K\u00e1rp\u00e1talj\u00e1n is voltak r\u00f3mai \u00e9s g\u00f6r\u00f6g katolikus papok, reform\u00e1tus lelk\u00e9szek, h\u00edvek, akik a kommunista diktat\u00fara \u00e9vtizedeiben a l\u00e9lek erej\u00e9b\u0151l v\u00e1llalt\u00e1k a b\u00f6rt\u00f6nt, a l\u00e1gert, a k\u00ednz\u00e1sokat, n\u00e9lk\u00fcl\u00f6z\u00e9seket, \u00e9hs\u00e9get &#8212; \u00e9s a hal\u00e1lt is. Az, hogy a 25 \u00e9ve indult misszi\u00f3 \u00e9letk\u00e9pesnek bizonyult, a J\u00f3 Istennek k\u00f6sz\u00f6nj\u00fck \u00e9s azoknak a h\u00edveknek, akik \u0150benne b\u00edzva \u00e9s \u0150\u00e9rte a legs\u00f6t\u00e9tebb id\u0151kben is h\u0171s\u00e9gesnek bizonyultak, v\u00e1llalva az ezzel j\u00e1r\u00f3 zaklat\u00e1sokat, vesz\u00e9lyeket \u00e9s h\u00e1tr\u00e1nyokat.<\/p>\n<p>A szentmise v\u00e9g\u00e9n D\u00e1vid atya is elmondta gondolatait a jubileum kapcs\u00e1n: \u00c9let\u00fcnk, l\u00e9tez\u00e9s\u00fcnk \u00e9rtelme, hogy Krisztus dics\u0151s\u00e9ges m\u00e1sodik elj\u00f6vetel\u00e9\u00e9rt munk\u00e1lkodjunk. \u00dagy gondolta, ez\u00e9rt j\u00f6n K\u00e1rp\u00e1talj\u00e1ra frissen szentelt fiatal papk\u00e9nt, hogy az Istennek adja \u00e9let\u00e9nek ezt a szakasz\u00e1t. \u00c9let\u00fcnk minden szakasz\u00e1ban minden nap tudunk \u00e9rtelmes \u00e9s j\u00f3 dolgokat tenni, ami Isten dics\u0151s\u00e9g\u00e9re v\u00e1lik &#8212; fiatalk\u00e9nt, id\u0151sk\u00e9nt, magatehetetlenk\u00e9nt, haldokl\u00f3k\u00e9nt is. Nincs olyan, ami ne lenne \u00e9rdemszerz\u0151, ha erre a sz\u00e1nd\u00e9kra aj\u00e1nljuk fel. Minden nap tegy\u00fcnk valamit Isten dics\u0151s\u00e9g\u00e9re, Krisztus m\u00e1sodik elj\u00f6vetel\u00e9\u00e9rt.<\/p>\n<p>A szentmise v\u00e9g\u00e9n a h\u00edvek h\u00e1l\u00e1juk \u00e9s szeretet\u00fck kifejez\u00e9s\u00e9\u00fcl egy-egy sz\u00e1l r\u00f3zs\u00e1t adtak \u00e1t h\u00e1rom els\u0151 papjuknak, majd a p\u00fcsp\u00f6k atya \u00e1ld\u00e1s\u00e1val befejez\u0151d\u00f6tt a szentmise.<\/p>\n<p>Az \u00fcnnepl\u00e9s a templom el\u0151tti t\u00e9ren agap\u00e9val folytat\u00f3dott, ahol a jelenlev\u0151k k\u00f6tetlen\u00fcl is besz\u00e9lgethettek egym\u00e1ssal.<\/p>\n<p>A szentmis\u00e9n a jubil\u00e1nsokon k\u00edv\u00fcl B\u00e1n J\u00f3n\u00e1s atya is r\u00e9szt vett, s a h\u00e1rom \u00fcnnepelttel mis\u00e9zett m\u00e9g Hajas \u00c1mosz atya, valamint Magyar Gergely, aki a k\u00f6zelm\u00faltig a magyarorsz\u00e1gi ferences rendtartom\u00e1ny provinci\u00e1lisa volt, augusztust\u00f3l pedig J\u00f3n\u00e1s aty\u00e1t v\u00e1ltja nagysz\u0151l\u0151si pl\u00e9b\u00e1nosk\u00e9nt.<\/p>\n<p style=\"text-align: center;\">[imagesizer path=&#8221;images\/stories\/kepek-2014\/08\/jubi&#8221; width=&#8221;150&#8243;]<\/p>\n","protected":false},"excerpt":{"rendered":"<p>Fogadja el Isten a mi h\u00e1laad\u00e1sunkat! Jubileumi h\u00e1laad\u00e1s Nagysz\u0151l\u0151s\u00f6n J\u00falius h\u00f3napban volt 25 \u00e9ve, hogy Majnek Antal ferences Munk\u00e1csra, majd Nagysz\u0151l\u0151sre \u00e9rkezett, szeptemberben pedig k\u00e9t t\u00e1rsa &#8212; Radics D\u00e1vid \u00e9s Zatyk\u00f3 L\u00e1szl\u00f3 aty\u00e1k &#8212; is k\u00f6vett\u00e9k. T\u00f6bb \u00e9vtizedes sz\u00fcnet ut\u00e1n \u0151k \u00e9lesztett\u00e9k \u00fajj\u00e1 a k\u00e1rp\u00e1taljai ferences misszi\u00f3t. Majnek Antal p\u00fcsp\u00f6k atya fej\u00e9ben, vagy ink\u00e1bb sz\u00edv\u00e9ben [&hellip;]<\/p>\n","protected":false},"author":1,"featured_media":1100,"comment_status":"open","ping_status":"open","sticky":false,"template":"","format":"standard","meta":{"_acf_changed":false,"_et_pb_use_builder":"","_et_pb_old_content":"","_et_gb_content_width":"","footnotes":""},"categories":[10],"tags":[],"class_list":["post-1101","post","type-post","status-publish","format-standard","has-post-thumbnail","hentry","category-aktualis-hirek","et-has-post-format-content","et_post_format-et-post-format-standard"],"acf":[],"_links":{"self":[{"href":"https:\/\/munkacs-diocese.org\/hu\/wp-json\/wp\/v2\/posts\/1101"}],"collection":[{"href":"https:\/\/munkacs-diocese.org\/hu\/wp-json\/wp\/v2\/posts"}],"about":[{"href":"https:\/\/munkacs-diocese.org\/hu\/wp-json\/wp\/v2\/types\/post"}],"author":[{"embeddable":true,"href":"https:\/\/munkacs-diocese.org\/hu\/wp-json\/wp\/v2\/users\/1"}],"replies":[{"embeddable":true,"href":"https:\/\/munkacs-diocese.org\/hu\/wp-json\/wp\/v2\/comments?post=1101"}],"version-history":[{"count":0,"href":"https:\/\/munkacs-diocese.org\/hu\/wp-json\/wp\/v2\/posts\/1101\/revisions"}],"wp:featuredmedia":[{"embeddable":true,"href":"https:\/\/munkacs-diocese.org\/hu\/wp-json\/wp\/v2\/media\/1100"}],"wp:attachment":[{"href":"https:\/\/munkacs-diocese.org\/hu\/wp-json\/wp\/v2\/media?parent=1101"}],"wp:term":[{"taxonomy":"category","embeddable":true,"href":"https:\/\/munkacs-diocese.org\/hu\/wp-json\/wp\/v2\/categories?post=1101"},{"taxonomy":"post_tag","embeddable":true,"href":"https:\/\/munkacs-diocese.org\/hu\/wp-json\/wp\/v2\/tags?post=1101"}],"curies":[{"name":"wp","href":"https:\/\/api.w.org\/{rel}","templated":true}]}}