{"id":11007,"date":"2023-11-15T15:37:54","date_gmt":"2023-11-15T14:37:54","guid":{"rendered":"https:\/\/munkacs-diocese.org\/hu\/?p=11007"},"modified":"2023-11-15T15:37:54","modified_gmt":"2023-11-15T14:37:54","slug":"lucsok-peter-miklos-op-megyespuspoki-beiktatasa","status":"publish","type":"post","link":"https:\/\/munkacs-diocese.org\/hu\/2023\/11\/15\/lucsok-peter-miklos-op-megyespuspoki-beiktatasa\/","title":{"rendered":"Lucsok P\u00e9ter Mikl\u00f3s OP megy\u00e9sp\u00fcsp\u00f6ki beiktat\u00e1sa"},"content":{"rendered":"<div id=\"fb-root\"><\/div>\n<p style=\"text-align: justify;\"><strong>A Munk\u00e1csi Egyh\u00e1zmegye szeretettel v\u00e1r mindenkit Lucsok P\u00e9ter Mikl\u00f3s OP p\u00fcsp\u00f6k \u00fcnnep\u00e9lyes beiktat\u00e1si szentmis\u00e9j\u00e9re, amely 2023. december 2-\u00e1n, 11 \u00f3rakor (k.e.i.) kezd\u0151dik a munk\u00e1csi Szent M\u00e1rton-sz\u00e9kesegyh\u00e1zban. Mikl\u00f3s p\u00fcsp\u00f6k\u00f6t Ferenc p\u00e1pa 2023. okt\u00f3ber 7-\u00e9n nevezte ki az egyh\u00e1zmegye megy\u00e9sp\u00fcsp\u00f6k\u00e9v\u00e9.<\/strong><\/p>\n<p style=\"text-align: justify;\">A szentmis\u00e9t \u00e9l\u0151ben k\u00f6zvet\u00edti a Munk\u00e1csi Egyh\u00e1zmegye, a Veritas, az EWTN Ukrajna \u00e9s a M\u00e1ria R\u00e1di\u00f3.<\/p>\n<p style=\"text-align: justify;\">Ukrajn\u00e1ban a r\u00f3mai katolikus egyh\u00e1znak h\u00e9t egyh\u00e1zmegy\u00e9je van. Az egyh\u00e1zmegy\u00e9k \u00e9l\u00e9n megy\u00e9sp\u00fcsp\u00f6k\u00f6k \u00e1llnak. Amikor Ferenc p\u00e1pa 2022. janu\u00e1r 28-\u00e1n elfogadta Majnek Antal OFM p\u00fcsp\u00f6k lemond\u00e1s\u00e1t, Lucsok Mikl\u00f3s seg\u00e9dp\u00fcsp\u00f6k\u00f6t nevezte ki apostoli korm\u00e1nyz\u00f3nak.<\/p>\n<p style=\"text-align: justify;\">A Szentsz\u00e9k 2023. okt\u00f3ber 7-\u00e9n jelentette be, hogy a Szentatya a Munk\u00e1csi Egyh\u00e1zmegye apostoli korm\u00e1nyz\u00f3j\u00e1t, Excellenci\u00e1s \u00e9s F\u0151tisztelend\u0151 Lucsok Mikl\u00f3s OP seg\u00e9dp\u00fcsp\u00f6k\u00f6t nevezte ki az egyh\u00e1zmegye megy\u00e9sp\u00fcsp\u00f6k\u00e9v\u00e9.<\/p>\n<p style=\"text-align: justify;\">Lucsok Mikl\u00f3s p\u00fcsp\u00f6k 1974. m\u00e1rcius 26-\u00e1n sz\u00fcletett Munk\u00e1cson. 1994-ben l\u00e9pett be a Domonkos-rendbe, ahol 2000-ben tette le az \u00f6r\u00f6kfogadalm\u00e1t. Teol\u00f3giai tanulm\u00e1nyait a domonkos filoz\u00f3fiai \u00e9s teol\u00f3giai f\u0151iskol\u00e1n v\u00e9gezte Lengyelorsz\u00e1gban, Krakk\u00f3ban. 2003. j\u00fanius 24-\u00e9n szentelt\u00e9k papp\u00e1. Ezut\u00e1n Mikl\u00f3s atya Jalt\u00e1ban, Szentp\u00e9terv\u00e1ron, Csortkivban, Lembergben \u00e9s Hmelnyickijben szolg\u00e1lt lelkip\u00e1sztork\u00e9nt. 2018. j\u00faliusban a lembergi domonkos k\u00f6z\u00f6ss\u00e9g el\u00f6lj\u00e1r\u00f3ja lett. 2019. november 11-\u00e9n a Vatik\u00e1n bejelentette, hogy Ferenc p\u00e1pa kinevezte \u0151t az ukrajnai r\u00f3mai katolikus egyh\u00e1z Munk\u00e1csi Egyh\u00e1zmegy\u00e9j\u00e9nek seg\u00e9dp\u00fcsp\u00f6k\u00e9v\u00e9.<\/p>\n","protected":false},"excerpt":{"rendered":"<p>A Munk\u00e1csi Egyh\u00e1zmegye szeretettel v\u00e1r mindenkit Lucsok P\u00e9ter Mikl\u00f3s OP p\u00fcsp\u00f6k \u00fcnnep\u00e9lyes beiktat\u00e1si szentmis\u00e9j\u00e9re, amely 2023. december 2-\u00e1n, 11 \u00f3rakor (k.e.i.) kezd\u0151dik a munk\u00e1csi Szent M\u00e1rton-sz\u00e9kesegyh\u00e1zban. Mikl\u00f3s p\u00fcsp\u00f6k\u00f6t Ferenc p\u00e1pa 2023. okt\u00f3ber 7-\u00e9n nevezte ki az egyh\u00e1zmegye megy\u00e9sp\u00fcsp\u00f6k\u00e9v\u00e9. A szentmis\u00e9t \u00e9l\u0151ben k\u00f6zvet\u00edti a Munk\u00e1csi Egyh\u00e1zmegye, a Veritas, az EWTN Ukrajna \u00e9s a M\u00e1ria R\u00e1di\u00f3. Ukrajn\u00e1ban [&hellip;]<\/p>\n","protected":false},"author":4,"featured_media":11006,"comment_status":"open","ping_status":"open","sticky":false,"template":"","format":"standard","meta":{"_acf_changed":false,"_et_pb_use_builder":"","_et_pb_old_content":"","_et_gb_content_width":"","footnotes":""},"categories":[10,59],"tags":[],"class_list":["post-11007","post","type-post","status-publish","format-standard","has-post-thumbnail","hentry","category-aktualis-hirek","category-egyhazmegyenk-hirei","et-has-post-format-content","et_post_format-et-post-format-standard"],"acf":[],"_links":{"self":[{"href":"https:\/\/munkacs-diocese.org\/hu\/wp-json\/wp\/v2\/posts\/11007"}],"collection":[{"href":"https:\/\/munkacs-diocese.org\/hu\/wp-json\/wp\/v2\/posts"}],"about":[{"href":"https:\/\/munkacs-diocese.org\/hu\/wp-json\/wp\/v2\/types\/post"}],"author":[{"embeddable":true,"href":"https:\/\/munkacs-diocese.org\/hu\/wp-json\/wp\/v2\/users\/4"}],"replies":[{"embeddable":true,"href":"https:\/\/munkacs-diocese.org\/hu\/wp-json\/wp\/v2\/comments?post=11007"}],"version-history":[{"count":1,"href":"https:\/\/munkacs-diocese.org\/hu\/wp-json\/wp\/v2\/posts\/11007\/revisions"}],"predecessor-version":[{"id":11008,"href":"https:\/\/munkacs-diocese.org\/hu\/wp-json\/wp\/v2\/posts\/11007\/revisions\/11008"}],"wp:featuredmedia":[{"embeddable":true,"href":"https:\/\/munkacs-diocese.org\/hu\/wp-json\/wp\/v2\/media\/11006"}],"wp:attachment":[{"href":"https:\/\/munkacs-diocese.org\/hu\/wp-json\/wp\/v2\/media?parent=11007"}],"wp:term":[{"taxonomy":"category","embeddable":true,"href":"https:\/\/munkacs-diocese.org\/hu\/wp-json\/wp\/v2\/categories?post=11007"},{"taxonomy":"post_tag","embeddable":true,"href":"https:\/\/munkacs-diocese.org\/hu\/wp-json\/wp\/v2\/tags?post=11007"}],"curies":[{"name":"wp","href":"https:\/\/api.w.org\/{rel}","templated":true}]}}