{"id":1099,"date":"2014-07-22T04:58:54","date_gmt":"2014-07-22T01:58:54","guid":{"rendered":"http:\/\/munkacs-diocese.org\/hu\/2014\/07\/22\/gyaszmise-munkacson-a-repuelgep-szerencsetlenseg-aldozataiert\/"},"modified":"2014-07-22T04:58:54","modified_gmt":"2014-07-22T01:58:54","slug":"gyaszmise-munkacson-a-repuelgep-szerencsetlenseg-aldozataiert","status":"publish","type":"post","link":"https:\/\/munkacs-diocese.org\/hu\/2014\/07\/22\/gyaszmise-munkacson-a-repuelgep-szerencsetlenseg-aldozataiert\/","title":{"rendered":"Gy\u00e1szmise Munk\u00e1cson a rep\u00fcl\u0151g\u00e9p-szerencs\u00e9tlens\u00e9g \u00e1ldozatai\u00e9rt"},"content":{"rendered":"<div id=\"fb-root\"><\/div>\n<p style=\"text-align: center;\"><span style=\"font-size: 12pt;\"><strong>Gy\u00e1szmise Munk\u00e1cson a rep\u00fcl\u0151g\u00e9p-szerencs\u00e9tlens\u00e9g \u00e1ldozatai\u00e9rt<\/strong><\/span><\/p>\n<p><img loading=\"lazy\" decoding=\"async\" class=\" alignleft size-full wp-image-1097\" style=\"float: left;\" alt=\"DSCF4227\" src=\"https:\/\/munkacs-diocese.org\/hu\/wp-content\/uploads\/2014\/07\/DSCF4227.JPG\" height=\"98\" width=\"131\" srcset=\"https:\/\/munkacs-diocese.org\/hu\/wp-content\/uploads\/2014\/07\/DSCF4227.JPG 640w, https:\/\/munkacs-diocese.org\/hu\/wp-content\/uploads\/2014\/07\/DSCF4227-300x225.jpg 300w, https:\/\/munkacs-diocese.org\/hu\/wp-content\/uploads\/2014\/07\/DSCF4227-510x382.jpg 510w\" sizes=\"(max-width: 131px) 100vw, 131px\" \/>Gy\u00e1szmis\u00e9t mutatott be j\u00falius 21-\u00e9n, h\u00e9tf\u0151n reggel a munk\u00e1csi sz\u00e9kesegyh\u00e1zban Majnek Antal p\u00fcsp\u00f6k a cs\u00fct\u00f6rt\u00f6ki rep\u00fcl\u0151g\u00e9p-szerencs\u00e9tlens\u00e9g \u00e1ldozatai\u00e9rt. Mint elmondta: az \u00e1ldozatokat hirtelen, v\u00e1ratlanul \u00e9rte a hal\u00e1l, s ez\u00e9rt k\u00fcl\u00f6n\u00f6sen is sz\u00fcks\u00e9g\u00fck van egyh\u00e1zunk im\u00e1ira. A p\u00fcsp\u00f6k atya a jelenl\u00e9v\u0151 h\u00edvekkel egy\u00fctt im\u00e1dkozott az \u00e1ldozatok hozz\u00e1tartoz\u00f3i\u00e9rt is, akik most elk\u00e9pzelhetetlen f\u00e1jdalmat \u00e9lnek \u00e1t, s az elk\u00f6vet\u0151k\u00e9rt is, akiknek, mint mondta, nagy sz\u00fcks\u00e9g\u00fck van a megt\u00e9r\u00e9sre, hiszen nagy vesz\u00e9lyben van az \u00fcdv\u00f6ss\u00e9g\u00fck.<\/p>\n<p>  <!--more-->  <\/p>\n<p><img loading=\"lazy\" decoding=\"async\" class=\" alignright size-full wp-image-1098\" style=\"float: right;\" src=\"https:\/\/munkacs-diocese.org\/hu\/wp-content\/uploads\/2014\/07\/DSCF4223.JPG\" alt=\"\" height=\"97\" width=\"130\" srcset=\"https:\/\/munkacs-diocese.org\/hu\/wp-content\/uploads\/2014\/07\/DSCF4223.JPG 640w, https:\/\/munkacs-diocese.org\/hu\/wp-content\/uploads\/2014\/07\/DSCF4223-300x225.jpg 300w, https:\/\/munkacs-diocese.org\/hu\/wp-content\/uploads\/2014\/07\/DSCF4223-510x382.jpg 510w\" sizes=\"(max-width: 130px) 100vw, 130px\" \/>Majnek Antal munk\u00e1csi megy\u00e9sp\u00fcsp\u00f6k a trag\u00e9dia m\u00e1snapj\u00e1n arra k\u00e9rte papjait, hogy a h\u00e9tk\u00f6znapi, de k\u00fcl\u00f6n\u00f6sen a vas\u00e1rnapi szentmis\u00e9ken im\u00e1dkozzanak az \u00e1ldozatok\u00e9rt, a hozz\u00e1tartoz\u00f3k\u00e9rt \u00e9s az elk\u00f6vet\u0151k megt\u00e9r\u00e9s\u00e9\u00e9rt. A h\u00edveket pedig nyomat\u00e9kosan arra k\u00e9rte, senkire ne hallgassanak, aki b\u00e1rki ir\u00e1nt is gy\u0171l\u00f6letet akar kelteni benn\u00fck: ugyanis a gy\u0171l\u00f6lk\u00f6d\u00e9sb\u0151l ered a h\u00e1bor\u00fa, \u00e9s ha a kereszt\u00e9nyekben is gy\u0171l\u00f6let marad, ne csod\u00e1lkozzunk, ha a m\u00e1r \u00edgy is sok v\u00e9rt k\u00f6vetel\u0151 h\u00e1bor\u00fa m\u00e9g jobban elterjed. Nek\u00fcnk, Ukrajna Krisztus-h\u00edv\u0151inek k\u00fcl\u00f6n\u00f6sen is fontos b\u00edzni abban, hogy csakis a k\u00f6lcs\u00f6n\u00f6s kiengesztel\u0151d\u00e9s \u00fatj\u00e1n lehet megtal\u00e1lni a probl\u00e9m\u00e1k b\u00e9k\u00e9s megold\u00e1sait.<\/p>\n<p>&nbsp;Az Ukrajnai R\u00f3mai Katolikus P\u00fcsp\u00f6ki Konferencia a rep\u00fcl\u0151g\u00e9p-szerencs\u00e9tlens\u00e9g m\u00e1snapj\u00e1n nyilatkozatot adott ki, melyben megrend\u00fcl\u00e9s\u00e9t fejezte ki a trag\u00e9dia kapcs\u00e1n, \u00e9s egy\u00fctt\u00e9rz\u00e9s\u00e9r\u0151l biztos\u00edtotta az \u00e1ldozatok hozz\u00e1tartoz\u00f3it. H\u00e9tf\u0151re, j\u00falius 21-\u00e9re pedig orsz\u00e1gos b\u00f6jti \u00e9s imanapot hirdetett \u2013 a h\u00e1bor\u00fas esem\u00e9nyek kezdete \u00f3ta m\u00e1r t\u00f6bbedik alkalommal \u2013 Ukrajna b\u00e9k\u00e9j\u00e9\u00e9rt.<\/p>\n","protected":false},"excerpt":{"rendered":"<p>Gy\u00e1szmise Munk\u00e1cson a rep\u00fcl\u0151g\u00e9p-szerencs\u00e9tlens\u00e9g \u00e1ldozatai\u00e9rt Gy\u00e1szmis\u00e9t mutatott be j\u00falius 21-\u00e9n, h\u00e9tf\u0151n reggel a munk\u00e1csi sz\u00e9kesegyh\u00e1zban Majnek Antal p\u00fcsp\u00f6k a cs\u00fct\u00f6rt\u00f6ki rep\u00fcl\u0151g\u00e9p-szerencs\u00e9tlens\u00e9g \u00e1ldozatai\u00e9rt. Mint elmondta: az \u00e1ldozatokat hirtelen, v\u00e1ratlanul \u00e9rte a hal\u00e1l, s ez\u00e9rt k\u00fcl\u00f6n\u00f6sen is sz\u00fcks\u00e9g\u00fck van egyh\u00e1zunk im\u00e1ira. A p\u00fcsp\u00f6k atya a jelenl\u00e9v\u0151 h\u00edvekkel egy\u00fctt im\u00e1dkozott az \u00e1ldozatok hozz\u00e1tartoz\u00f3i\u00e9rt is, akik most elk\u00e9pzelhetetlen f\u00e1jdalmat [&hellip;]<\/p>\n","protected":false},"author":1,"featured_media":1097,"comment_status":"open","ping_status":"open","sticky":false,"template":"","format":"standard","meta":{"_acf_changed":false,"_et_pb_use_builder":"","_et_pb_old_content":"","_et_gb_content_width":"","footnotes":""},"categories":[10],"tags":[],"class_list":["post-1099","post","type-post","status-publish","format-standard","has-post-thumbnail","hentry","category-aktualis-hirek","et-has-post-format-content","et_post_format-et-post-format-standard"],"acf":[],"_links":{"self":[{"href":"https:\/\/munkacs-diocese.org\/hu\/wp-json\/wp\/v2\/posts\/1099"}],"collection":[{"href":"https:\/\/munkacs-diocese.org\/hu\/wp-json\/wp\/v2\/posts"}],"about":[{"href":"https:\/\/munkacs-diocese.org\/hu\/wp-json\/wp\/v2\/types\/post"}],"author":[{"embeddable":true,"href":"https:\/\/munkacs-diocese.org\/hu\/wp-json\/wp\/v2\/users\/1"}],"replies":[{"embeddable":true,"href":"https:\/\/munkacs-diocese.org\/hu\/wp-json\/wp\/v2\/comments?post=1099"}],"version-history":[{"count":0,"href":"https:\/\/munkacs-diocese.org\/hu\/wp-json\/wp\/v2\/posts\/1099\/revisions"}],"wp:featuredmedia":[{"embeddable":true,"href":"https:\/\/munkacs-diocese.org\/hu\/wp-json\/wp\/v2\/media\/1097"}],"wp:attachment":[{"href":"https:\/\/munkacs-diocese.org\/hu\/wp-json\/wp\/v2\/media?parent=1099"}],"wp:term":[{"taxonomy":"category","embeddable":true,"href":"https:\/\/munkacs-diocese.org\/hu\/wp-json\/wp\/v2\/categories?post=1099"},{"taxonomy":"post_tag","embeddable":true,"href":"https:\/\/munkacs-diocese.org\/hu\/wp-json\/wp\/v2\/tags?post=1099"}],"curies":[{"name":"wp","href":"https:\/\/api.w.org\/{rel}","templated":true}]}}