{"id":10982,"date":"2023-11-12T16:50:34","date_gmt":"2023-11-12T15:50:34","guid":{"rendered":"https:\/\/munkacs-diocese.org\/hu\/?p=10982"},"modified":"2023-11-12T18:09:36","modified_gmt":"2023-11-12T17:09:36","slug":"legyunk-az-irgalmas-isten-kovetei-tours-i-szent-marton-a-szekesegyhaz-es-az-egyhazmegye-vedoszentjenek-unnepe","status":"publish","type":"post","link":"https:\/\/munkacs-diocese.org\/hu\/2023\/11\/12\/legyunk-az-irgalmas-isten-kovetei-tours-i-szent-marton-a-szekesegyhaz-es-az-egyhazmegye-vedoszentjenek-unnepe\/","title":{"rendered":"\u201eLegy\u00fcnk az Irgalmas Isten k\u00f6vetei!\u201d &#8211; Tours-i Szent M\u00e1rton, a sz\u00e9kesegyh\u00e1z \u00e9s az egyh\u00e1zmegye v\u00e9d\u0151szentj\u00e9nek \u00fcnnepe"},"content":{"rendered":"<div id=\"fb-root\"><\/div>\n<p style=\"text-align: justify;\">Dr. Terny\u00e1k Csaba egri \u00e9rsek Munk\u00e1cson mutatott be szentmis\u00e9t november 11-\u00e9n, Tours-i Szent M\u00e1rton, a sz\u00e9kesegyh\u00e1z \u00e9s az egyh\u00e1zmegye v\u00e9d\u0151szentj\u00e9nek \u00fcnnep\u00e9n.<\/p>\n<p style=\"text-align: justify;\"><span style=\"font-weight: 400;\">A h\u00e1bor\u00fa kit\u00f6r\u00e9se \u00f3ta az \u00e9rsek el\u0151sz\u00f6r l\u00e1togatott K\u00e1rp\u00e1talj\u00e1ra, \u00edgy szem\u00e9lyesen megtapasztalhatta, hogyan \u00e9li mindennapjait a Munk\u00e1csi R\u00f3mai Katolikus Egyh\u00e1zmegye h\u00edveinek itthon maradt k\u00f6z\u00f6ss\u00e9ge.\u00a0<\/span><\/p>\n<p style=\"text-align: justify;\"><span style=\"font-weight: 400;\">A szentmis\u00e9re a megye minden pontj\u00e1r\u00f3l \u00e9rkeztek zar\u00e1ndokok: ukr\u00e1nok, magyarok, szlov\u00e1kok, n\u00e9metek egyar\u00e1nt. Az \u00e9rsek l\u00e1togat\u00e1sa k\u00fcl\u00f6n\u00f6sen a magyar ajk\u00fa h\u00edvek sz\u00edv\u00e9t melengette meg, mivel a vall\u00e1si \u00e9rt\u00e9kek k\u00f6zvet\u00edt\u00e9se mellett jelenl\u00e9t\u00e9vel a hat\u00e1ront\u00fali testv\u00e9rekkel val\u00f3 nemzeti \u00f6sszetartoz\u00e1st is er\u0151s\u00edtette.<\/span><\/p>\n<p><img loading=\"lazy\" decoding=\"async\" class=\"alignnone size-full wp-image-10989\" src=\"https:\/\/munkacs-diocese.org\/hu\/wp-content\/uploads\/2023\/11\/received_1010502746877208.jpeg\" alt=\"\" width=\"2000\" height=\"1500\" srcset=\"https:\/\/munkacs-diocese.org\/hu\/wp-content\/uploads\/2023\/11\/received_1010502746877208.jpeg 2000w, https:\/\/munkacs-diocese.org\/hu\/wp-content\/uploads\/2023\/11\/received_1010502746877208-300x225.jpeg 300w, https:\/\/munkacs-diocese.org\/hu\/wp-content\/uploads\/2023\/11\/received_1010502746877208-1024x768.jpeg 1024w, https:\/\/munkacs-diocese.org\/hu\/wp-content\/uploads\/2023\/11\/received_1010502746877208-768x576.jpeg 768w, https:\/\/munkacs-diocese.org\/hu\/wp-content\/uploads\/2023\/11\/received_1010502746877208-1536x1152.jpeg 1536w, https:\/\/munkacs-diocese.org\/hu\/wp-content\/uploads\/2023\/11\/received_1010502746877208-1080x810.jpeg 1080w\" sizes=\"(max-width: 2000px) 100vw, 2000px\" \/><\/p>\n<p style=\"text-align: justify;\"><span style=\"font-weight: 400;\">A szertart\u00e1s el\u0151tt a helyi h\u00edvek \u00e9s zar\u00e1ndokok k\u00f6z\u00f6sen elim\u00e1dkozt\u00e1k a Szent M\u00e1rton-lit\u00e1ni\u00e1t, mely sor\u00e1n a szent\u00e9let\u0171 p\u00fcsp\u00f6k \u00fatja \u00e9s szolg\u00e1lata mozzanatain elm\u00e9lkedve\u00a0 k\u00e9rt\u00e9k a k\u00f6zbenj\u00e1r\u00e1s\u00e1t az egyh\u00e1zmegy\u00e9re, a k\u00f6z\u00f6ss\u00e9g\u00fckre, saj\u00e1t \u00e9let\u00fckre. A lit\u00e1nia egy ukr\u00e1n nyelv\u0171 \u00e9nekkel z\u00e1rult Szent M\u00e1rton tisztelet\u00e9re. <\/span><span style=\"font-weight: 400;\"><br \/>\n<\/span><span style=\"font-weight: 400;\">Az \u00fcnnepi bevonul\u00e1s ut\u00e1n Moln\u00e1r J\u00e1nos p\u00fcsp\u00f6ki helyn\u00f6k k\u00f6sz\u00f6nt\u00f6tte az \u00e9rseket, Lucsok P\u00e9ter Mikl\u00f3s OP p\u00fcsp\u00f6k\u00f6t, Majnek Antal OFM nyugalmazott p\u00fcsp\u00f6k\u00f6t, az egyh\u00e1zmegye papjait, szerzeteseit, szerzetesn\u0151v\u00e9reit \u00e9s minden egybegy\u0171ltet.<\/span><\/p>\n<p><img loading=\"lazy\" decoding=\"async\" class=\"alignnone size-full wp-image-10994\" src=\"https:\/\/munkacs-diocese.org\/hu\/wp-content\/uploads\/2023\/11\/received_1010748270205295.jpeg\" alt=\"\" width=\"2000\" height=\"1500\" srcset=\"https:\/\/munkacs-diocese.org\/hu\/wp-content\/uploads\/2023\/11\/received_1010748270205295.jpeg 2000w, https:\/\/munkacs-diocese.org\/hu\/wp-content\/uploads\/2023\/11\/received_1010748270205295-300x225.jpeg 300w, https:\/\/munkacs-diocese.org\/hu\/wp-content\/uploads\/2023\/11\/received_1010748270205295-1024x768.jpeg 1024w, https:\/\/munkacs-diocese.org\/hu\/wp-content\/uploads\/2023\/11\/received_1010748270205295-768x576.jpeg 768w, https:\/\/munkacs-diocese.org\/hu\/wp-content\/uploads\/2023\/11\/received_1010748270205295-1536x1152.jpeg 1536w, https:\/\/munkacs-diocese.org\/hu\/wp-content\/uploads\/2023\/11\/received_1010748270205295-1080x810.jpeg 1080w\" sizes=\"(max-width: 2000px) 100vw, 2000px\" \/><\/p>\n<p style=\"text-align: justify;\"><span style=\"font-weight: 400;\">A szentmis\u00e9t is t\u00f6bb nyelven hallhatt\u00e1k a jelenl\u00e9v\u0151k: magyarul, ukr\u00e1nul \u00e9s egyes r\u00e9szeket szlov\u00e1kul. Az \u00e1lland\u00f3 r\u00e9szeket viszont latinul im\u00e1dkozt\u00e1k. Ez is jele volt annak, hogy a k\u00fcl\u00f6nb\u00f6z\u0151 nemzetek nemcsak megf\u00e9rnek egym\u00e1s mellett a sz\u00e9kesegyh\u00e1zban, hanem mindig is kieg\u00e9sz\u00edtett\u00e9k \u00e9s gazdag\u00edtott\u00e1k egym\u00e1st.<\/span><\/p>\n<p><img loading=\"lazy\" decoding=\"async\" class=\"alignnone size-full wp-image-10988\" src=\"https:\/\/munkacs-diocese.org\/hu\/wp-content\/uploads\/2023\/11\/received_371691638542365.jpeg\" alt=\"\" width=\"2000\" height=\"1500\" srcset=\"https:\/\/munkacs-diocese.org\/hu\/wp-content\/uploads\/2023\/11\/received_371691638542365.jpeg 2000w, https:\/\/munkacs-diocese.org\/hu\/wp-content\/uploads\/2023\/11\/received_371691638542365-300x225.jpeg 300w, https:\/\/munkacs-diocese.org\/hu\/wp-content\/uploads\/2023\/11\/received_371691638542365-1024x768.jpeg 1024w, https:\/\/munkacs-diocese.org\/hu\/wp-content\/uploads\/2023\/11\/received_371691638542365-768x576.jpeg 768w, https:\/\/munkacs-diocese.org\/hu\/wp-content\/uploads\/2023\/11\/received_371691638542365-1536x1152.jpeg 1536w, https:\/\/munkacs-diocese.org\/hu\/wp-content\/uploads\/2023\/11\/received_371691638542365-1080x810.jpeg 1080w\" sizes=\"(max-width: 2000px) 100vw, 2000px\" \/><\/p>\n<p style=\"text-align: justify;\"><span style=\"font-weight: 400;\">Az olvasm\u00e1nyban Izaj\u00e1s k\u00f6nyv\u00e9nek r\u00e9szlet\u00e9t olvast\u00e1k fel, melyben az \u00dar szolg\u00e1ja h\u00e1l\u00e1val a sz\u00edv\u00e9ben elbesz\u00e9li a kiv\u00e1laszt\u00e1s\u00e1nak, a hivat\u00e1s\u00e1nak \u00e9rtelm\u00e9t \u00e9s tartalm\u00e1t.<\/span><\/p>\n<p style=\"text-align: justify;\"><span style=\"font-weight: 400;\">\u201e<\/span><span style=\"font-weight: 400;\">Az \u00dar lelke nyugszik rajtam, mert az \u00dar kent f\u00f6l engem. Elk\u00fcld\u00f6tt, hogy \u00f6r\u00f6mh\u00edrt vigyek a szeg\u00e9nyeknek, \u00e9s meggy\u00f3gy\u00edtsam a megt\u00f6rt sz\u00edv\u0171eket.&#8221; (Iz 61, 1-3)<\/span><\/p>\n<p style=\"text-align: justify;\"><span style=\"font-weight: 400;\">A szent\u00edr\u00e1si r\u00e9szlet legszebb \u00fczenete az, hogy nem csak Szent M\u00e1rton, de b\u00e1rki sz\u00e1m\u00e1ra el\u00e9rhet\u0151 ez a hivat\u00e1s, hiszen nincs olyan \u00e9let\u00e1llapot, amikor az ember ne tudna tenni a m\u00e1sik\u00e9rt. Ha valamilyen okn\u00e1l fogva tett\u00e9vel nem seg\u00edthet, akkor im\u00e1val k\u00e9pes k\u00f6ny\u00f6r\u00f6gni az embert\u00e1rsai\u00e9rt.<\/span><\/p>\n<p style=\"text-align: justify;\"><span style=\"font-weight: 400;\">A v\u00e1laszos zsolt\u00e1rban az Isten \u00edg\u00e9retet tesz v\u00e1lasztottj\u00e1nak, hogy mivel sz\u00f6vets\u00e9get k\u00f6t\u00f6tt vele, meger\u0151s\u00edti ivad\u00e9k\u00e1t \u00f6r\u00f6kre \u00e9s megszil\u00e1rd\u00edtja tr\u00f3nj\u00e1t nemzed\u00e9kr\u0151l nemzed\u00e9kre.\u00a0 Az ember el nem m\u00fal\u00f3 h\u00e1l\u00e1j\u00e1val felel erre. Ezt a t\u00f6k\u00e9letes Isten \u00e9s ember k\u00f6z\u00f6tti kapcsolatot mutatja be a zsolt\u00e1ros, mely a mai ember sz\u00e1m\u00e1ra is p\u00e9lda \u00e9s biztat\u00e1s a mindennapokban, hivat\u00e1s\u00e1nak v\u00e9gz\u00e9s\u00e9hez egy mank\u00f3.<\/span><\/p>\n<p style=\"text-align: justify;\"><span style=\"font-weight: 400;\">Dr. Terny\u00e1k Csaba szentbesz\u00e9de elej\u00e9n elmondta, hogy n\u00e9h\u00e1ny nappal ezel\u0151tt Lucsok P\u00e9ter Mikl\u00f3s OP p\u00fcsp\u00f6k felh\u00edv\u00e1s\u00e1ra testv\u00e9ri egy\u00fctt\u00e9rz\u00e9ssel csatlakoztak a kezdem\u00e9nyez\u00e9shez \u00e9s mutattak be szentmis\u00e9t a h\u00e1bor\u00faban elhunyt honv\u00e9dek\u00e9rt, tov\u00e1bb\u00e1 im\u00e1dkoztak a gy\u00e1szol\u00f3 csal\u00e1djaik\u00e9rt.<\/span><span style=\"font-weight: 400;\"><br \/>\n<\/span><span style=\"font-weight: 400;\">H\u00e1l\u00e1j\u00e1t fejezte ki a megh\u00edv\u00e1s\u00e1\u00e9rt \u00e9s elmondta, hogy \u00f6r\u00f6mmel l\u00e1togatja a k\u00e1rp\u00e1taljai h\u00edveket \u00e9s er\u0151s\u00edt meg \u0151ket a hitben.<\/span><\/p>\n<p><img loading=\"lazy\" decoding=\"async\" class=\"alignnone size-full wp-image-10987\" src=\"https:\/\/munkacs-diocese.org\/hu\/wp-content\/uploads\/2023\/11\/received_1865752207160970.jpeg\" alt=\"\" width=\"2000\" height=\"1500\" srcset=\"https:\/\/munkacs-diocese.org\/hu\/wp-content\/uploads\/2023\/11\/received_1865752207160970.jpeg 2000w, https:\/\/munkacs-diocese.org\/hu\/wp-content\/uploads\/2023\/11\/received_1865752207160970-300x225.jpeg 300w, https:\/\/munkacs-diocese.org\/hu\/wp-content\/uploads\/2023\/11\/received_1865752207160970-1024x768.jpeg 1024w, https:\/\/munkacs-diocese.org\/hu\/wp-content\/uploads\/2023\/11\/received_1865752207160970-768x576.jpeg 768w, https:\/\/munkacs-diocese.org\/hu\/wp-content\/uploads\/2023\/11\/received_1865752207160970-1536x1152.jpeg 1536w, https:\/\/munkacs-diocese.org\/hu\/wp-content\/uploads\/2023\/11\/received_1865752207160970-1080x810.jpeg 1080w\" sizes=\"(max-width: 2000px) 100vw, 2000px\" \/><\/p>\n<p style=\"text-align: justify;\"><span style=\"font-weight: 400;\">\u201eJ\u00f3 testv\u00e9rk\u00e9nt vagyunk most egy\u00fctt. A j\u00f3 testv\u00e9rekre az jellemz\u0151, hogy osztoznak egym\u00e1s \u00f6r\u00f6m\u00e9ben, b\u00e1nat\u00e1ban egyar\u00e1nt. Hissz\u00fck, hogy az \u00dar nem hagy minket er\u0151nk\u00f6n fel\u00fcl megpr\u00f3b\u00e1ltatni \u00e9s a vigasztal\u00e1sr\u00f3l is gondoskodik. Szent M\u00e1rton \u00e9vr\u0151l \u00e9vre visszat\u00e9r\u0151 \u00fcnnepe is ilyen er\u0151forr\u00e1s \u00e9s vigasztal\u00e1s, hiszen \u00e9letp\u00e9ld\u00e1ja arra tan\u00edt, hogy a hit dolg\u00e1ban nem befoly\u00e1solhat benn\u00fcnket a k\u00f6rnyezet\u00fcnk. Szent M\u00e1rton sz\u00fclei pog\u00e1nyok voltak, m\u00e9gis 12 \u00e9ves kor\u00e1ban arra az elhat\u00e1roz\u00e1sra jutott, hogy bel\u00e9pjen a katekumenek k\u00f6z\u00e9\u201d &#8211; mondta az \u00e9rsek.<\/span><\/p>\n<p style=\"text-align: justify;\"><span style=\"font-weight: 400;\">A pr\u00e9dik\u00e1ci\u00f3j\u00e1ban feleleven\u00edtette Szent M\u00e1rton k\u00e9t legend\u00e1j\u00e1t, melyben tan\u00fas\u00e1got tett a szeg\u00e9nyek \u00e9s Krisztus ir\u00e1nti elk\u00f6telezetts\u00e9g\u00e9r\u0151l. A mai evang\u00e9liumban is azokat a szavakat hallhatt\u00e1k a h\u00edvek, melyek a legnagyobb inspir\u00e1ci\u00f3t jelentett\u00e9k M\u00e1rton sz\u00e1m\u00e1ra: \u201eRuh\u00e1tlan voltam \u00e9s betakartatok.\u201d\u00a0<\/span><\/p>\n<p style=\"text-align: justify;\"><span style=\"font-weight: 400;\">Az \u00e9rsek hangs\u00falyozta, hogy Szent M\u00e1rtonnak a t\u00f6rt\u00e9nelemben sz\u00e1mtalan k\u00f6vet\u0151je van mind a mai napig. A k\u00f6zeli S\u00e1rospatakon sz\u00fcletett Szent Erzs\u00e9bet nemcsak kenyeret adott a szeg\u00e9nyeknek, hanem minden tett\u00e9vel arra tan\u00edtott, hogy boldogg\u00e1 kell tenni az embereket. De megeml\u00edtette Boldog Batthy\u00e1ny-Strattmann L\u00e1szl\u00f3t, a szeg\u00e9nyek orvos\u00e1t, vagy Kalkuttai Ter\u00e9z any\u00e1t, akik szint\u00e9n megfeledkezve \u00f6nmagukr\u00f3l seg\u00edtett\u00e9k embert\u00e1rsaikat. Felh\u00edvta a figyelmet arra, hogy ugyanaz a Szentl\u00e9lek munk\u00e1lkodik benn\u00fcnk is \u00e9s hoz el\u0151 \u00fajabb \u00e9s \u00fajabb karizm\u00e1kat az Egyh\u00e1zban.\u00a0<\/span><\/p>\n<p style=\"text-align: justify;\"><span style=\"font-weight: 400;\">\u201eA Szent\u00edr\u00e1s ma is k\u00e9pes arra, hogy megv\u00e1ltoztassa az emberek \u00e9let\u00e9t, a mi \u00e9let\u00fcnket is. A mai evang\u00e9liumban J\u00e9zus nemcsak a ruh\u00e1tlanok fel\u00f6lt\u00f6ztet\u00e9s\u00e9r\u0151l sz\u00f3l, hanem \u00e9hs\u00e9gr\u0151l, szomj\u00fas\u00e1gr\u00f3l, b\u00f6rt\u00f6nr\u0151l, betegs\u00e9gr\u0151l. Mi pedig m\u00e9g folytathatn\u00e1nk a sort a legk\u00fcl\u00f6nf\u00e9l\u00e9bb emberi szenved\u00e9sekr\u0151l \u00e9s nyomor\u00fas\u00e1gokr\u00f3l, melyeken mi is tudunk seg\u00edteni. Hab\u00e1r a mai evang\u00e9liumban nem szerepel az irgalom, Szent M\u00e1rton \u00e9let\u00e9nek \u00fczenete m\u00e9gis az irgalmass\u00e1gr\u00f3l sz\u00f3l. Az irgalmass\u00e1g az egyetlen \u00e9s hat\u00e9kony v\u00e1lasz a gonoszs\u00e1g hatalma ellen. Csak ott \u00e9r v\u00e9get a gonoszs\u00e1g, ahol van irgalom.\u00a0<\/span><\/p>\n<p style=\"text-align: justify;\"><span style=\"font-weight: 400;\">A vil\u00e1gban nagyon sok ember v\u00e1rja az irgalmas szamarit\u00e1nust, aki lehajol hozz\u00e1juk. Tudom, hogy Szent M\u00e1rton \u00e9lete milyen m\u00e9lyen \u00e1thatja a k\u00e1rp\u00e1taljaiak \u00e9let\u00e9t \u00e9s sokan vannak, akik odaadj\u00e1k a \u201epal\u00e1stjuk\u201d fel\u00e9t m\u00e1soknak. V\u00e1llaljuk b\u00e1tran az irgalmas szamarit\u00e1nus k\u00fcldet\u00e9s\u00e9t \u00e9let\u00fcnkben, k\u00f6rnyezet\u00fcnkben, csal\u00e1dunkban, bar\u00e1ti k\u00f6r\u00fcnkben, egyh\u00e1zk\u00f6zs\u00e9g\u00fcnkben, munkahely\u00fcnk\u00f6n. Legy\u00fcnk az Irgalmas Isten k\u00f6vetei! Szent M\u00e1rton p\u00fcsp\u00f6k, k\u00f6ny\u00f6r\u00f6gj \u00e9rett\u00fcnk!\u201d &#8211;\u00a0 fejezte be szentbesz\u00e9d\u00e9t dr. Terny\u00e1k Csaba.<\/span><\/p>\n<p style=\"text-align: justify;\"><span style=\"font-weight: 400;\">V\u00e9g\u00fcl gratul\u00e1lt Lucsok P\u00e9ter Mikl\u00f3snak a kinevez\u00e9se alkalm\u00e1b\u00f3l, aki imm\u00e1r egy h\u00f3napja a Munk\u00e1csi R\u00f3mai Katolikus Egyh\u00e1zmegye megy\u00e9sp\u00fcsp\u00f6ke.<\/span><\/p>\n<p><img loading=\"lazy\" decoding=\"async\" class=\"alignnone size-full wp-image-10986\" src=\"https:\/\/munkacs-diocese.org\/hu\/wp-content\/uploads\/2023\/11\/received_1032662311190403-1.jpeg\" alt=\"\" width=\"2000\" height=\"1500\" srcset=\"https:\/\/munkacs-diocese.org\/hu\/wp-content\/uploads\/2023\/11\/received_1032662311190403-1.jpeg 2000w, https:\/\/munkacs-diocese.org\/hu\/wp-content\/uploads\/2023\/11\/received_1032662311190403-1-300x225.jpeg 300w, https:\/\/munkacs-diocese.org\/hu\/wp-content\/uploads\/2023\/11\/received_1032662311190403-1-1024x768.jpeg 1024w, https:\/\/munkacs-diocese.org\/hu\/wp-content\/uploads\/2023\/11\/received_1032662311190403-1-768x576.jpeg 768w, https:\/\/munkacs-diocese.org\/hu\/wp-content\/uploads\/2023\/11\/received_1032662311190403-1-1536x1152.jpeg 1536w, https:\/\/munkacs-diocese.org\/hu\/wp-content\/uploads\/2023\/11\/received_1032662311190403-1-1080x810.jpeg 1080w\" sizes=\"(max-width: 2000px) 100vw, 2000px\" \/><\/p>\n<p style=\"text-align: justify;\"><span style=\"font-weight: 400;\">Az igeliturgia ut\u00e1n a r\u00e9sztvev\u0151k az euchariszti\u00e1ban r\u00e9szes\u00fclhettek, mely teljess\u00e9 tette sz\u00e1mukra az \u00fcnnepet.\u00a0 Az egybegy\u0171ltek h\u00e1latelt sz\u00edvvel mondtak k\u00f6sz\u00f6netet a sz\u00e9p \u00fcnnep\u00e9rt.<\/span><\/p>\n<p style=\"text-align: justify;\"><span style=\"font-weight: 400;\">Mint minden \u00e9vben a b\u00facs\u00fai szentmise v\u00e9g\u00e9n adt\u00e1k \u00e1t a Szent M\u00e1rton pal\u00e1stja d\u00edjakat, melyeket olyan szem\u00e9lyek kapj\u00e1k, akik val\u00f3ban meg\u00e9rdemelt\u00e9k, hogy az egyh\u00e1zmegye k\u00f6sz\u00f6netet mondjon nekik munk\u00e1juk\u00e9rt, f\u00e1radhatatlan szolg\u00e1latuk\u00e9rt, h\u0171s\u00e9g\u00fck\u00e9rt.<\/span><\/p>\n<p style=\"text-align: justify;\"><span style=\"font-weight: 400;\">Els\u0151k\u00e9nt a Szent M\u00e1rton Pal\u00e1stja Pro Caritate-d\u00edj\u00e1t adt\u00e1k \u00e1t Feh\u00e9r Ferencnek, az Egyh\u00e1zmegyei Szent M\u00e1rton Karit\u00e1sz igazgat\u00f3j\u00e1nak, aki k\u00f6zel h\u00fasz \u00e9ve ir\u00e1ny\u00edtja a karitat\u00edv szervezetet.<\/span><\/p>\n<p style=\"text-align: justify;\"><span style=\"font-weight: 400;\">A Pro Fide-d\u00edjat Lipcsei Szilvia, huszti hitoktat\u00f3 vehette \u00e1t, aki \u00e9vtizedek \u00f3ta a helyi egyh\u00e1zk\u00f6zs\u00e9g lelkes \u00e9s tev\u00e9keny tagja.<\/span><\/p>\n<p style=\"text-align: justify;\"><span style=\"font-weight: 400;\">A Pro Ecclesia-d\u00edjban id\u00e9n k\u00e9t f\u0151 r\u00e9szes\u00fclt: Krajnikn\u00e9 Hegyi Ir\u00e9n, a beregsz\u00e1szi r\u00f3mai katolikus egyh\u00e1zk\u00f6zs\u00e9g k\u00e1ntora, k\u00f3rusvezet\u0151je, valamint Reset\u00e1r Tetj\u00e1na, a \u201eSzvitlo\u201d ukr\u00e1n nyelv\u0171 egyh\u00e1zmegyei \u00fajs\u00e1g f\u0151szerkeszt\u0151je.<\/span><\/p>\n\n\t\t<style type=\"text\/css\">\n\t\t\t#gallery-1 {\n\t\t\t\tmargin: auto;\n\t\t\t}\n\t\t\t#gallery-1 .gallery-item {\n\t\t\t\tfloat: left;\n\t\t\t\tmargin-top: 10px;\n\t\t\t\ttext-align: center;\n\t\t\t\twidth: 25%;\n\t\t\t}\n\t\t\t#gallery-1 img {\n\t\t\t\tborder: 2px solid #cfcfcf;\n\t\t\t}\n\t\t\t#gallery-1 .gallery-caption {\n\t\t\t\tmargin-left: 0;\n\t\t\t}\n\t\t\t\/* see gallery_shortcode() in wp-includes\/media.php *\/\n\t\t<\/style>\n\t\t<div id='gallery-1' class='gallery galleryid-10982 gallery-columns-4 gallery-size-full'><dl class='gallery-item'>\n\t\t\t<dt class='gallery-icon landscape'>\n\t\t\t\t<a href='https:\/\/munkacs-diocese.org\/hu\/wp-content\/uploads\/2023\/11\/received_704892621276755.jpeg'><img loading=\"lazy\" decoding=\"async\" width=\"2000\" height=\"1500\" src=\"https:\/\/munkacs-diocese.org\/hu\/wp-content\/uploads\/2023\/11\/received_704892621276755.jpeg\" class=\"attachment-full size-full\" alt=\"\" srcset=\"https:\/\/munkacs-diocese.org\/hu\/wp-content\/uploads\/2023\/11\/received_704892621276755.jpeg 2000w, https:\/\/munkacs-diocese.org\/hu\/wp-content\/uploads\/2023\/11\/received_704892621276755-300x225.jpeg 300w, https:\/\/munkacs-diocese.org\/hu\/wp-content\/uploads\/2023\/11\/received_704892621276755-1024x768.jpeg 1024w, https:\/\/munkacs-diocese.org\/hu\/wp-content\/uploads\/2023\/11\/received_704892621276755-768x576.jpeg 768w, https:\/\/munkacs-diocese.org\/hu\/wp-content\/uploads\/2023\/11\/received_704892621276755-1536x1152.jpeg 1536w, https:\/\/munkacs-diocese.org\/hu\/wp-content\/uploads\/2023\/11\/received_704892621276755-1080x810.jpeg 1080w\" sizes=\"(max-width: 2000px) 100vw, 2000px\" \/><\/a>\n\t\t\t<\/dt><\/dl><dl class='gallery-item'>\n\t\t\t<dt class='gallery-icon landscape'>\n\t\t\t\t<a href='https:\/\/munkacs-diocese.org\/hu\/wp-content\/uploads\/2023\/11\/received_1045306696614059.jpeg'><img loading=\"lazy\" decoding=\"async\" width=\"2000\" height=\"1500\" src=\"https:\/\/munkacs-diocese.org\/hu\/wp-content\/uploads\/2023\/11\/received_1045306696614059.jpeg\" class=\"attachment-full size-full\" alt=\"\" srcset=\"https:\/\/munkacs-diocese.org\/hu\/wp-content\/uploads\/2023\/11\/received_1045306696614059.jpeg 2000w, https:\/\/munkacs-diocese.org\/hu\/wp-content\/uploads\/2023\/11\/received_1045306696614059-300x225.jpeg 300w, https:\/\/munkacs-diocese.org\/hu\/wp-content\/uploads\/2023\/11\/received_1045306696614059-1024x768.jpeg 1024w, https:\/\/munkacs-diocese.org\/hu\/wp-content\/uploads\/2023\/11\/received_1045306696614059-768x576.jpeg 768w, https:\/\/munkacs-diocese.org\/hu\/wp-content\/uploads\/2023\/11\/received_1045306696614059-1536x1152.jpeg 1536w, https:\/\/munkacs-diocese.org\/hu\/wp-content\/uploads\/2023\/11\/received_1045306696614059-1080x810.jpeg 1080w\" sizes=\"(max-width: 2000px) 100vw, 2000px\" \/><\/a>\n\t\t\t<\/dt><\/dl><dl class='gallery-item'>\n\t\t\t<dt class='gallery-icon landscape'>\n\t\t\t\t<a href='https:\/\/munkacs-diocese.org\/hu\/wp-content\/uploads\/2023\/11\/received_242274682194269.jpeg'><img loading=\"lazy\" decoding=\"async\" width=\"2000\" height=\"1500\" src=\"https:\/\/munkacs-diocese.org\/hu\/wp-content\/uploads\/2023\/11\/received_242274682194269.jpeg\" class=\"attachment-full size-full\" alt=\"\" srcset=\"https:\/\/munkacs-diocese.org\/hu\/wp-content\/uploads\/2023\/11\/received_242274682194269.jpeg 2000w, https:\/\/munkacs-diocese.org\/hu\/wp-content\/uploads\/2023\/11\/received_242274682194269-300x225.jpeg 300w, https:\/\/munkacs-diocese.org\/hu\/wp-content\/uploads\/2023\/11\/received_242274682194269-1024x768.jpeg 1024w, https:\/\/munkacs-diocese.org\/hu\/wp-content\/uploads\/2023\/11\/received_242274682194269-768x576.jpeg 768w, https:\/\/munkacs-diocese.org\/hu\/wp-content\/uploads\/2023\/11\/received_242274682194269-1536x1152.jpeg 1536w, https:\/\/munkacs-diocese.org\/hu\/wp-content\/uploads\/2023\/11\/received_242274682194269-1080x810.jpeg 1080w\" sizes=\"(max-width: 2000px) 100vw, 2000px\" \/><\/a>\n\t\t\t<\/dt><\/dl><dl class='gallery-item'>\n\t\t\t<dt class='gallery-icon landscape'>\n\t\t\t\t<a href='https:\/\/munkacs-diocese.org\/hu\/wp-content\/uploads\/2023\/11\/received_300315849591641.jpeg'><img loading=\"lazy\" decoding=\"async\" width=\"2000\" height=\"1500\" src=\"https:\/\/munkacs-diocese.org\/hu\/wp-content\/uploads\/2023\/11\/received_300315849591641.jpeg\" class=\"attachment-full size-full\" alt=\"\" srcset=\"https:\/\/munkacs-diocese.org\/hu\/wp-content\/uploads\/2023\/11\/received_300315849591641.jpeg 2000w, https:\/\/munkacs-diocese.org\/hu\/wp-content\/uploads\/2023\/11\/received_300315849591641-300x225.jpeg 300w, https:\/\/munkacs-diocese.org\/hu\/wp-content\/uploads\/2023\/11\/received_300315849591641-1024x768.jpeg 1024w, https:\/\/munkacs-diocese.org\/hu\/wp-content\/uploads\/2023\/11\/received_300315849591641-768x576.jpeg 768w, https:\/\/munkacs-diocese.org\/hu\/wp-content\/uploads\/2023\/11\/received_300315849591641-1536x1152.jpeg 1536w, https:\/\/munkacs-diocese.org\/hu\/wp-content\/uploads\/2023\/11\/received_300315849591641-1080x810.jpeg 1080w\" sizes=\"(max-width: 2000px) 100vw, 2000px\" \/><\/a>\n\t\t\t<\/dt><\/dl><br style=\"clear: both\" \/>\n\t\t<\/div>\n\n<p style=\"text-align: justify;\"><span style=\"font-weight: 400;\">\u201eA mai \u00fcnnep \u00e1ltal csod\u00e1latos aj\u00e1nd\u00e9kot kaptunk az \u00dart\u00f3l. A legnagyobb aj\u00e1nd\u00e9k az \u0150 jelenl\u00e9t\u00e9nek meg\u00e9l\u00e9se, megtapasztal\u00e1sa. K\u00f6sz\u00f6n\u00f6m mindny\u00e1jatoknak a jelenl\u00e9tet: zar\u00e1ndokoknak, hogy elj\u00f6ttek, a munk\u00e1csiaknak pedig a felk\u00e9sz\u00fcl\u00e9st. Megk\u00f6sz\u00f6n\u00f6m az \u00e9rsek aty\u00e1nak, hogy elfogadta megh\u00edv\u00e1somat. Elkezdt\u00fck a felk\u00e9sz\u00fcl\u00e9s\u00fcnket az egyh\u00e1zmegy\u00e9nk 25. \u00e9vfordul\u00f3j\u00e1ra \u00e9s az \u00e9rsek atya megh\u00edv\u00e1sa is ennek a programnak r\u00e9sze, hiszen valamikor az Egri \u00c9rseks\u00e9ghez tartoztunk. K\u00f6sz\u00f6nj\u00fck, hogy ebben a neh\u00e9z id\u0151ben, amit most a h\u00e1bor\u00faban megtapasztalunk, megl\u00e1togatott benn\u00fcnket, \u00e9s nyitotts\u00e1ggal, vigasztal\u00e1ssal fordult hozz\u00e1nk, meger\u0151s\u00edtve benn\u00fcnket. K\u00f6sz\u00f6nj\u00fck a sok seg\u00edts\u00e9get, melyet kaptunk az elm\u00falt id\u0151szakban, t\u00f6bbek k\u00f6zt a mikrobuszt, valamint k\u00e9t magyarajk\u00fa papot, akik az Egri Egyh\u00e1zmegy\u00e9b\u0151l \u00e9rkeztek hozz\u00e1nk szolg\u00e1lni.\u201d, &#8211; \u00f6sszegezte h\u00e1latelt sz\u00edvvel Lucsok P\u00e9ter Mikl\u00f3s OP megy\u00e9sp\u00fcsp\u00f6k.<\/span><\/p>\n<p style=\"text-align: justify;\"><span style=\"font-weight: 400;\">V\u00e9g\u00fcl egy Szent M\u00e1rton ikont aj\u00e1nd\u00e9kozott az \u00e9rseknek \u00e9s k\u00e9rte, hogy a j\u00f6v\u0151ben is im\u00e1dkozzon a Munk\u00e1csi egyh\u00e1zmegy\u00e9\u00e9rt.<\/span><\/p>\n\n\t\t<style type=\"text\/css\">\n\t\t\t#gallery-2 {\n\t\t\t\tmargin: auto;\n\t\t\t}\n\t\t\t#gallery-2 .gallery-item {\n\t\t\t\tfloat: left;\n\t\t\t\tmargin-top: 10px;\n\t\t\t\ttext-align: center;\n\t\t\t\twidth: 50%;\n\t\t\t}\n\t\t\t#gallery-2 img {\n\t\t\t\tborder: 2px solid #cfcfcf;\n\t\t\t}\n\t\t\t#gallery-2 .gallery-caption {\n\t\t\t\tmargin-left: 0;\n\t\t\t}\n\t\t\t\/* see gallery_shortcode() in wp-includes\/media.php *\/\n\t\t<\/style>\n\t\t<div id='gallery-2' class='gallery galleryid-10982 gallery-columns-2 gallery-size-full'><dl class='gallery-item'>\n\t\t\t<dt class='gallery-icon landscape'>\n\t\t\t\t<a href='https:\/\/munkacs-diocese.org\/hu\/wp-content\/uploads\/2023\/11\/received_1150199055950070.jpeg'><img loading=\"lazy\" decoding=\"async\" width=\"2000\" height=\"1500\" src=\"https:\/\/munkacs-diocese.org\/hu\/wp-content\/uploads\/2023\/11\/received_1150199055950070.jpeg\" class=\"attachment-full size-full\" alt=\"\" srcset=\"https:\/\/munkacs-diocese.org\/hu\/wp-content\/uploads\/2023\/11\/received_1150199055950070.jpeg 2000w, https:\/\/munkacs-diocese.org\/hu\/wp-content\/uploads\/2023\/11\/received_1150199055950070-300x225.jpeg 300w, https:\/\/munkacs-diocese.org\/hu\/wp-content\/uploads\/2023\/11\/received_1150199055950070-1024x768.jpeg 1024w, https:\/\/munkacs-diocese.org\/hu\/wp-content\/uploads\/2023\/11\/received_1150199055950070-768x576.jpeg 768w, https:\/\/munkacs-diocese.org\/hu\/wp-content\/uploads\/2023\/11\/received_1150199055950070-1536x1152.jpeg 1536w, https:\/\/munkacs-diocese.org\/hu\/wp-content\/uploads\/2023\/11\/received_1150199055950070-1080x810.jpeg 1080w\" sizes=\"(max-width: 2000px) 100vw, 2000px\" \/><\/a>\n\t\t\t<\/dt><\/dl><dl class='gallery-item'>\n\t\t\t<dt class='gallery-icon landscape'>\n\t\t\t\t<a href='https:\/\/munkacs-diocese.org\/hu\/wp-content\/uploads\/2023\/11\/received_1405362750044908.jpeg'><img loading=\"lazy\" decoding=\"async\" width=\"2000\" height=\"1500\" src=\"https:\/\/munkacs-diocese.org\/hu\/wp-content\/uploads\/2023\/11\/received_1405362750044908.jpeg\" class=\"attachment-full size-full\" alt=\"\" srcset=\"https:\/\/munkacs-diocese.org\/hu\/wp-content\/uploads\/2023\/11\/received_1405362750044908.jpeg 2000w, https:\/\/munkacs-diocese.org\/hu\/wp-content\/uploads\/2023\/11\/received_1405362750044908-300x225.jpeg 300w, https:\/\/munkacs-diocese.org\/hu\/wp-content\/uploads\/2023\/11\/received_1405362750044908-1024x768.jpeg 1024w, https:\/\/munkacs-diocese.org\/hu\/wp-content\/uploads\/2023\/11\/received_1405362750044908-768x576.jpeg 768w, https:\/\/munkacs-diocese.org\/hu\/wp-content\/uploads\/2023\/11\/received_1405362750044908-1536x1152.jpeg 1536w, https:\/\/munkacs-diocese.org\/hu\/wp-content\/uploads\/2023\/11\/received_1405362750044908-1080x810.jpeg 1080w\" sizes=\"(max-width: 2000px) 100vw, 2000px\" \/><\/a>\n\t\t\t<\/dt><\/dl><br style=\"clear: both\" \/>\n\t\t<\/div>\n\n<p style=\"text-align: justify;\"><span style=\"font-weight: 400;\">A kivonul\u00e1s alatt az \u00e9rsek atya \u00e1ld\u00e1s\u00e1t osztotta a h\u00edvekre, k\u00fcl\u00f6n\u00f6s szeretettel \u00e9s odafigyel\u00e9ssel fordult a csal\u00e1dok fel\u00e9, akik sz\u00e9p sz\u00e1mmal vettek r\u00e9szt a b\u00facs\u00fan.<\/span><\/p>\n<p style=\"text-align: right;\"><span style=\"font-weight: 400;\">Feh\u00e9r<\/span> Rita<\/p>\n","protected":false},"excerpt":{"rendered":"<p>Dr. Terny\u00e1k Csaba egri \u00e9rsek Munk\u00e1cson mutatott be szentmis\u00e9t november 11-\u00e9n, Tours-i Szent M\u00e1rton, a sz\u00e9kesegyh\u00e1z \u00e9s az egyh\u00e1zmegye v\u00e9d\u0151szentj\u00e9nek \u00fcnnep\u00e9n. A h\u00e1bor\u00fa kit\u00f6r\u00e9se \u00f3ta az \u00e9rsek el\u0151sz\u00f6r l\u00e1togatott K\u00e1rp\u00e1talj\u00e1ra, \u00edgy szem\u00e9lyesen megtapasztalhatta, hogyan \u00e9li mindennapjait a Munk\u00e1csi R\u00f3mai Katolikus Egyh\u00e1zmegye h\u00edveinek itthon maradt k\u00f6z\u00f6ss\u00e9ge.\u00a0 A szentmis\u00e9re a megye minden pontj\u00e1r\u00f3l \u00e9rkeztek zar\u00e1ndokok: ukr\u00e1nok, magyarok, [&hellip;]<\/p>\n","protected":false},"author":4,"featured_media":10983,"comment_status":"open","ping_status":"open","sticky":false,"template":"","format":"standard","meta":{"_acf_changed":false,"_et_pb_use_builder":"","_et_pb_old_content":"","_et_gb_content_width":"","footnotes":""},"categories":[10,59],"tags":[],"class_list":["post-10982","post","type-post","status-publish","format-standard","has-post-thumbnail","hentry","category-aktualis-hirek","category-egyhazmegyenk-hirei","et-has-post-format-content","et_post_format-et-post-format-standard"],"acf":[],"_links":{"self":[{"href":"https:\/\/munkacs-diocese.org\/hu\/wp-json\/wp\/v2\/posts\/10982"}],"collection":[{"href":"https:\/\/munkacs-diocese.org\/hu\/wp-json\/wp\/v2\/posts"}],"about":[{"href":"https:\/\/munkacs-diocese.org\/hu\/wp-json\/wp\/v2\/types\/post"}],"author":[{"embeddable":true,"href":"https:\/\/munkacs-diocese.org\/hu\/wp-json\/wp\/v2\/users\/4"}],"replies":[{"embeddable":true,"href":"https:\/\/munkacs-diocese.org\/hu\/wp-json\/wp\/v2\/comments?post=10982"}],"version-history":[{"count":5,"href":"https:\/\/munkacs-diocese.org\/hu\/wp-json\/wp\/v2\/posts\/10982\/revisions"}],"predecessor-version":[{"id":11004,"href":"https:\/\/munkacs-diocese.org\/hu\/wp-json\/wp\/v2\/posts\/10982\/revisions\/11004"}],"wp:featuredmedia":[{"embeddable":true,"href":"https:\/\/munkacs-diocese.org\/hu\/wp-json\/wp\/v2\/media\/10983"}],"wp:attachment":[{"href":"https:\/\/munkacs-diocese.org\/hu\/wp-json\/wp\/v2\/media?parent=10982"}],"wp:term":[{"taxonomy":"category","embeddable":true,"href":"https:\/\/munkacs-diocese.org\/hu\/wp-json\/wp\/v2\/categories?post=10982"},{"taxonomy":"post_tag","embeddable":true,"href":"https:\/\/munkacs-diocese.org\/hu\/wp-json\/wp\/v2\/tags?post=10982"}],"curies":[{"name":"wp","href":"https:\/\/api.w.org\/{rel}","templated":true}]}}