{"id":1094,"date":"2014-07-11T07:22:04","date_gmt":"2014-07-11T04:22:04","guid":{"rendered":"http:\/\/munkacs-diocese.org\/hu\/2014\/07\/11\/szemelyi-valtozasok-a-munkacsi-egyhazmegyeben\/"},"modified":"2014-07-11T07:22:04","modified_gmt":"2014-07-11T04:22:04","slug":"szemelyi-valtozasok-a-munkacsi-egyhazmegyeben","status":"publish","type":"post","link":"https:\/\/munkacs-diocese.org\/hu\/2014\/07\/11\/szemelyi-valtozasok-a-munkacsi-egyhazmegyeben\/","title":{"rendered":"Szem\u00e9lyi v\u00e1ltoz\u00e1sok a Munk\u00e1csi egyh\u00e1zmegy\u00e9ben"},"content":{"rendered":"<div id=\"fb-root\"><\/div>\n<p style=\"text-align: center;\"><span style=\"font-size: 12pt;\"><strong>Szem\u00e9lyi v\u00e1ltoz\u00e1sok a Munk\u00e1csi egyh\u00e1zmegy\u00e9ben<\/strong><\/span><\/p>\n<p><img loading=\"lazy\" decoding=\"async\" class=\" alignleft size-full wp-image-1093\" style=\"float: left;\" src=\"https:\/\/munkacs-diocese.org\/hu\/wp-content\/uploads\/2014\/07\/episcopus-logo.jpg\" alt=\"\" height=\"128\" width=\"132\" \/>Egyh\u00e1zmegy\u00e9nkben 2014. augusztus 1-t\u0151l az al\u00e1bbi szem\u00e9lyi v\u00e1ltoz\u00e1sok l\u00e9pnek \u00e9letbe:<\/p>\n<p><span style=\"font-size: 10pt;\"><strong>T\u00e1voz\u00f3 papok:<\/strong><\/span><br \/>B\u00e1n Zsolt J\u00f3n\u00e1s OFM, Koza Tomasz SDS, Michels Antal, N\u00e9meth S\u00e1ndor,<br \/>Waszczuk Andrzej SDS.<\/p>\n<p>T\u00e1voz\u00f3 Paptestv\u00e9reinknek kifejezem k\u00f6sz\u00f6netemet egyh\u00e1zmegy\u00e9nkben v\u00e9gzett munk\u00e1juk\u00e9rt! K\u00e9rem Isten b\u0151s\u00e9ges \u00e1ld\u00e1s\u00e1t tov\u00e1bbi \u00e9let\u00fckre \u00e9s szolg\u00e1latukra!<\/p>\n<p>  <!--more-->  <\/p>\n<p>&nbsp;<\/p>\n<p><strong><span style=\"font-size: 10pt;\">\u00c9rkez\u0151 papok:<\/span><\/strong><br \/>A <em>nagysz\u0151l\u0151si<\/em> pl\u00e9b\u00e1ni\u00e1ra Magyar Gergely OFM aty\u00e1t pl\u00e9b\u00e1nosnak,<br \/>A <em>csapi<\/em> pl\u00e9b\u00e1ni\u00e1ra T\u00f3th Andr\u00e1s aty\u00e1t pl\u00e9b\u00e1nosnak,<br \/>A <em>szolyvai<\/em> pl\u00e9b\u00e1ni\u00e1ra Zi\u0119ba Antoni SDS aty\u00e1t pl\u00e9b\u00e1nosnak neveztem ki.<\/p>\n<p>Az \u00e9rkez\u0151 Paptestv\u00e9reket sok szeretettel k\u00f6sz\u00f6nt\u00f6m egyh\u00e1zmegy\u00e9nkben!<\/p>\n<p><span style=\"font-size: 10pt;\"><strong>Tov\u00e1bbi v\u00e1ltoz\u00e1sok:<\/strong><\/span><\/p>\n<p><strong>Koc\u00e1ver S\u00e1ndor<\/strong> eddigi ungv\u00e1ri k\u00e1pl\u00e1nt <em>munk\u00e1cs-v\u00e1rpal\u00e1nkai<\/em> pl\u00e9b\u00e1niai korm\u00e1nyz\u00f3nak,<br \/><strong>Kvascsuk Andr\u00e1s<\/strong> eddigi munk\u00e1csi k\u00e1pl\u00e1nt <em>t\u00e9cs\u0151i<\/em> pl\u00e9b\u00e1niai korm\u00e1nyz\u00f3nak,<br \/><strong>Moln\u00e1r J\u00e1nos<\/strong> eddigi ungv\u00e1ri pl\u00e9b\u00e1nost <em>beregsz\u00e1szi<\/em> pl\u00e9b\u00e1nosnak,<br \/><strong>Petenko Miron<\/strong> eddigi munk\u00e1cs-v\u00e1raljai pl\u00e9b\u00e1niai korm\u00e1nyz\u00f3t <em>sisl\u00f3ci<\/em> pl\u00e9b\u00e1niai korm\u00e1nyz\u00f3nak,<br \/><strong>Pog\u00e1ny Istv\u00e1n<\/strong> eddigi munk\u00e1csi pl\u00e9b\u00e1nost <em>ungv\u00e1ri<\/em> pl\u00e9b\u00e1nosnak,<br \/><strong>R\u00e1cz Istv\u00e1n<\/strong> eddigi t\u00e9cs\u0151i pl\u00e9b\u00e1not <em>benei<\/em> pl\u00e9b\u00e1nosnak,<br \/><strong>Snep Rom\u00e1n<\/strong> eddigi r\u00e1ti pl\u00e9b\u00e1nost <em>munk\u00e1csi<\/em> pl\u00e9b\u00e1nosnak neveztem ki.<\/p>\n<p><strong>Fizer Jevgen<\/strong> hatod\u00e9ves papn\u00f6vend\u00e9k <em>Munk\u00e1cson<\/em> \u2013 a p\u00fcsp\u00f6ks\u00e9gen \u00e9s a pl\u00e9b\u00e1ni\u00e1n \u2013 teljes\u00edti gyakorlati \u00e9v\u00e9t.<\/p>\n<p>El\u00f6lj\u00e1r\u00f3ik d\u00f6nt\u00e9s\u00e9nek \u00e9rtelm\u00e9ben<br \/>az ungv\u00e1r\u2013radv\u00e1nci domonkos n\u0151v\u00e9rek ideiglenesen elhagyj\u00e1k egyh\u00e1zmegy\u00e9nket,<br \/>a rah\u00f3i kolostorban \u00e9l\u0151 szatm\u00e1ri irgalmas n\u0151v\u00e9rek pedig \u00e1tk\u00f6lt\u00f6znek ungv\u00e1ri h\u00e1zukba.<\/p>\n<p>A t\u00e1voz\u00f3 n\u0151v\u00e9reknek kifejezem h\u00e1l\u00e1s k\u00f6sz\u00f6netemet egyh\u00e1zmegy\u00e9nkben v\u00e9gzett munk\u00e1juk\u00e9rt! K\u00e9rem Isten b\u0151s\u00e9ges \u00e1ld\u00e1s\u00e1t tov\u00e1bbi \u00e9let\u00fckre \u00e9s szolg\u00e1latukra! V\u00e1rjuk \u0151ket vissza szeretettel.<\/p>\n<p>2. KISPAPJAINK<br \/>Wersler S\u00e1ndor \u00e1tment az egri egyh\u00e1zmegy\u00e9be, ahol Terny\u00e1k Csaba \u00e9rsek \u00far j\u00fanius 21-\u00e9n diak\u00f3nuss\u00e1 szentelte, ezzel az Egri F\u0151egyh\u00e1zmegy\u00e9be inkardin\u00e1l\u00f3dott.<\/p>\n<p>Jelenlegi kispapjaink:<br \/>1. Strizs\u00e1k Ruszl\u00e1n, 6. \u00e9vf., Lemberg<br \/>2. G\u00e1l Jurij, 6. \u00e9vf., Gorodok<br \/>3. Fizer Jevgen, 6. \u00e9vf., Gorodok (gyakorlati \u00e9v, Munk\u00e1cs)<br \/>4. Gerz\u00e1nics Szergej, 4. \u00e9vf., Piacenza<br \/>5. V\u00e1ri Tibor, 4. \u00e9vf., Esztergom<br \/>6. Rogozs\u00e1n J\u00f3zsef, 3. \u00e9vf., Eger<br \/>7. Taraszov Borisz, 3. \u00e9vf., Lemberg<br \/>8. Hluhan Vadim, 2. \u00e9vf., Heiligenkreutz<br \/>9. Pilip Viktor, 2. \u00e9vf., Budapest<\/p>\n<p>H\u00e1l\u00e1t adunk \u00e9rt\u00fck Istennek, akit\u0151l a megh\u00edv\u00e1st kapt\u00e1k; szeress\u00fck \u0151ket, im\u00e1dkozzunk \u00e9rt\u00fck, hogy megmaradjanak Krisztus buzg\u00f3 k\u00f6vet\u00e9s\u00e9ben!<\/p>\n<p style=\"text-align: right;\"><em><span style=\"font-size: 13pt; font-family: 'Times New Roman';\">&nbsp;&nbsp;&nbsp;&nbsp;&nbsp;&nbsp;&nbsp;&nbsp;&nbsp;&nbsp;&nbsp;&nbsp;&nbsp;&nbsp;&nbsp;&nbsp;&nbsp;&nbsp;&nbsp;&nbsp;&nbsp;&nbsp;&nbsp;&nbsp;&nbsp;&nbsp;&nbsp;&nbsp;&nbsp;&nbsp;&nbsp;&nbsp;&nbsp;&nbsp;&nbsp;&nbsp;&nbsp;&nbsp;&nbsp;&nbsp;&nbsp;&nbsp;&nbsp;&nbsp;&nbsp;&nbsp;&nbsp;&nbsp;&nbsp;&nbsp;<\/span><\/em><span style=\"font-size: 13pt; font-family: 'Times New Roman';\"><strong> \u03c4 <\/strong><\/span><strong>Majnek Antal p\u00fcsp\u00f6k<\/strong><\/p>\n","protected":false},"excerpt":{"rendered":"<p>Szem\u00e9lyi v\u00e1ltoz\u00e1sok a Munk\u00e1csi egyh\u00e1zmegy\u00e9ben Egyh\u00e1zmegy\u00e9nkben 2014. augusztus 1-t\u0151l az al\u00e1bbi szem\u00e9lyi v\u00e1ltoz\u00e1sok l\u00e9pnek \u00e9letbe: T\u00e1voz\u00f3 papok:B\u00e1n Zsolt J\u00f3n\u00e1s OFM, Koza Tomasz SDS, Michels Antal, N\u00e9meth S\u00e1ndor,Waszczuk Andrzej SDS. T\u00e1voz\u00f3 Paptestv\u00e9reinknek kifejezem k\u00f6sz\u00f6netemet egyh\u00e1zmegy\u00e9nkben v\u00e9gzett munk\u00e1juk\u00e9rt! K\u00e9rem Isten b\u0151s\u00e9ges \u00e1ld\u00e1s\u00e1t tov\u00e1bbi \u00e9let\u00fckre \u00e9s szolg\u00e1latukra!<\/p>\n","protected":false},"author":1,"featured_media":1093,"comment_status":"open","ping_status":"open","sticky":false,"template":"","format":"standard","meta":{"_acf_changed":false,"_et_pb_use_builder":"","_et_pb_old_content":"","_et_gb_content_width":"","footnotes":""},"categories":[10],"tags":[],"class_list":["post-1094","post","type-post","status-publish","format-standard","has-post-thumbnail","hentry","category-aktualis-hirek","et-has-post-format-content","et_post_format-et-post-format-standard"],"acf":[],"_links":{"self":[{"href":"https:\/\/munkacs-diocese.org\/hu\/wp-json\/wp\/v2\/posts\/1094"}],"collection":[{"href":"https:\/\/munkacs-diocese.org\/hu\/wp-json\/wp\/v2\/posts"}],"about":[{"href":"https:\/\/munkacs-diocese.org\/hu\/wp-json\/wp\/v2\/types\/post"}],"author":[{"embeddable":true,"href":"https:\/\/munkacs-diocese.org\/hu\/wp-json\/wp\/v2\/users\/1"}],"replies":[{"embeddable":true,"href":"https:\/\/munkacs-diocese.org\/hu\/wp-json\/wp\/v2\/comments?post=1094"}],"version-history":[{"count":0,"href":"https:\/\/munkacs-diocese.org\/hu\/wp-json\/wp\/v2\/posts\/1094\/revisions"}],"wp:featuredmedia":[{"embeddable":true,"href":"https:\/\/munkacs-diocese.org\/hu\/wp-json\/wp\/v2\/media\/1093"}],"wp:attachment":[{"href":"https:\/\/munkacs-diocese.org\/hu\/wp-json\/wp\/v2\/media?parent=1094"}],"wp:term":[{"taxonomy":"category","embeddable":true,"href":"https:\/\/munkacs-diocese.org\/hu\/wp-json\/wp\/v2\/categories?post=1094"},{"taxonomy":"post_tag","embeddable":true,"href":"https:\/\/munkacs-diocese.org\/hu\/wp-json\/wp\/v2\/tags?post=1094"}],"curies":[{"name":"wp","href":"https:\/\/api.w.org\/{rel}","templated":true}]}}