{"id":10868,"date":"2023-09-13T10:14:27","date_gmt":"2023-09-13T08:14:27","guid":{"rendered":"https:\/\/munkacs-diocese.org\/hu\/?p=10868"},"modified":"2023-09-13T10:14:27","modified_gmt":"2023-09-13T08:14:27","slug":"szuz-maria-neve-templombucsu-varaljan","status":"publish","type":"post","link":"https:\/\/munkacs-diocese.org\/hu\/2023\/09\/13\/szuz-maria-neve-templombucsu-varaljan\/","title":{"rendered":"Sz\u0171z M\u00e1ria neve \u2013 templomb\u00facs\u00fa V\u00e1ralj\u00e1n"},"content":{"rendered":"<div id=\"fb-root\"><\/div>\n<p style=\"text-align: justify;\">Mint egy kicsiny \u201e\u00e9kszerdoboz\u201d \u2013 ez Munk\u00e1cs-V\u00e1ralja temploma, mely Sz\u0171z M\u00e1ria neve titulussal rendelkezik. Szeptember 12-\u00e9n, a m\u00e9g ny\u00e1rias meleg nap est\u00e9j\u00e9n a kicsiny templom zs\u00fafol\u00e1sig megtelt helyi \u00e9s zar\u00e1ndok h\u00edvekkel, akik elj\u00f6ttek, hogy r\u00e9szt vegyenek az \u00fcnnepi b\u00facs\u00famis\u00e9n.<\/p>\n<p style=\"text-align: justify;\">A szentmise f\u0151celebr\u00e1nsa \u00e9s megh\u00edvott sz\u00f3noka Philip Teodor Viktor, cs\u00e1szl\u00f3ci pl\u00e9b\u00e1nos volt. A szentmis\u00e9n koncelebr\u00e1lt Zsarkovszkij P\u00e9ter \u00e1ltal\u00e1nos helyn\u00f6k atya, valamint Pog\u00e1ny Istv\u00e1n, Trunk Josef \u00e9s Resch Tam\u00e1s aty\u00e1k. A kis templom melletti g\u00f6r\u00f6gkatolikus \u201e\u00e9kszerdoboz\u201d h\u00edvei, lelkip\u00e1sztorukkal, Olekszandr Prozsehacs aty\u00e1val egy\u00fctt szint\u00e9n r\u00e9szt vettek az \u00fcnnepi szertart\u00e1son.<\/p>\n\n\t\t<style type=\"text\/css\">\n\t\t\t#gallery-1 {\n\t\t\t\tmargin: auto;\n\t\t\t}\n\t\t\t#gallery-1 .gallery-item {\n\t\t\t\tfloat: left;\n\t\t\t\tmargin-top: 10px;\n\t\t\t\ttext-align: center;\n\t\t\t\twidth: 50%;\n\t\t\t}\n\t\t\t#gallery-1 img {\n\t\t\t\tborder: 2px solid #cfcfcf;\n\t\t\t}\n\t\t\t#gallery-1 .gallery-caption {\n\t\t\t\tmargin-left: 0;\n\t\t\t}\n\t\t\t\/* see gallery_shortcode() in wp-includes\/media.php *\/\n\t\t<\/style>\n\t\t<div id='gallery-1' class='gallery galleryid-10868 gallery-columns-2 gallery-size-large'><dl class='gallery-item'>\n\t\t\t<dt class='gallery-icon landscape'>\n\t\t\t\t<a href='https:\/\/munkacs-diocese.org\/hu\/2023\/09\/13\/szuz-maria-neve-templombucsu-varaljan\/varalja03\/'><img loading=\"lazy\" decoding=\"async\" width=\"1024\" height=\"724\" src=\"https:\/\/munkacs-diocese.org\/hu\/wp-content\/uploads\/2023\/09\/Varalja03-e1694592830370-1024x724.jpg\" class=\"attachment-large size-large\" alt=\"\" srcset=\"https:\/\/munkacs-diocese.org\/hu\/wp-content\/uploads\/2023\/09\/Varalja03-e1694592830370-1024x724.jpg 1024w, https:\/\/munkacs-diocese.org\/hu\/wp-content\/uploads\/2023\/09\/Varalja03-e1694592830370-300x212.jpg 300w, https:\/\/munkacs-diocese.org\/hu\/wp-content\/uploads\/2023\/09\/Varalja03-e1694592830370-768x543.jpg 768w, https:\/\/munkacs-diocese.org\/hu\/wp-content\/uploads\/2023\/09\/Varalja03-e1694592830370-400x284.jpg 400w, https:\/\/munkacs-diocese.org\/hu\/wp-content\/uploads\/2023\/09\/Varalja03-e1694592830370-1080x764.jpg 1080w, https:\/\/munkacs-diocese.org\/hu\/wp-content\/uploads\/2023\/09\/Varalja03-e1694592830370.jpg 1280w\" sizes=\"(max-width: 1024px) 100vw, 1024px\" \/><\/a>\n\t\t\t<\/dt><\/dl><dl class='gallery-item'>\n\t\t\t<dt class='gallery-icon landscape'>\n\t\t\t\t<a href='https:\/\/munkacs-diocese.org\/hu\/2023\/09\/13\/szuz-maria-neve-templombucsu-varaljan\/varalja01\/'><img loading=\"lazy\" decoding=\"async\" width=\"1024\" height=\"717\" src=\"https:\/\/munkacs-diocese.org\/hu\/wp-content\/uploads\/2023\/09\/Varalja01-scaled-e1694592517743-1024x717.jpg\" class=\"attachment-large size-large\" alt=\"\" srcset=\"https:\/\/munkacs-diocese.org\/hu\/wp-content\/uploads\/2023\/09\/Varalja01-scaled-e1694592517743-1024x717.jpg 1024w, https:\/\/munkacs-diocese.org\/hu\/wp-content\/uploads\/2023\/09\/Varalja01-scaled-e1694592517743-300x210.jpg 300w, https:\/\/munkacs-diocese.org\/hu\/wp-content\/uploads\/2023\/09\/Varalja01-scaled-e1694592517743-768x538.jpg 768w, https:\/\/munkacs-diocese.org\/hu\/wp-content\/uploads\/2023\/09\/Varalja01-scaled-e1694592517743-1536x1075.jpg 1536w, https:\/\/munkacs-diocese.org\/hu\/wp-content\/uploads\/2023\/09\/Varalja01-scaled-e1694592517743-1080x756.jpg 1080w, https:\/\/munkacs-diocese.org\/hu\/wp-content\/uploads\/2023\/09\/Varalja01-scaled-e1694592517743.jpg 1920w\" sizes=\"(max-width: 1024px) 100vw, 1024px\" \/><\/a>\n\t\t\t<\/dt><\/dl><br style=\"clear: both\" \/>\n\t\t<\/div>\n\n<p style=\"text-align: justify;\">A szentmise h\u00e1rom nyelven, ukr\u00e1nul, magyarul \u00e9s n\u00e9met\u00fcl zajlott, ezzel is kifejezve a hely soknemzetis\u00e9g\u0171 gy\u00f6kerekkel rendelkez\u0151 jelleg\u00e9t. A megh\u00edvott sz\u00f3nok \u00fcnnepi besz\u00e9d\u00e9ben M\u00e1ri\u00e1ra, mint \u00e9desany\u00e1ra ford\u00edtotta a hallgat\u00f3s\u00e1g figyelm\u00e9t, akinek mi gyermekei vagyunk, \u00e9s aki Krisztushoz akar vezetni minket.<\/p>\n<p style=\"text-align: justify;\">\u201eA Mennyei \u00c9desanya Sz\u00edv\u00e9ben mindenki \u00a0tal\u00e1l helyet mag\u00e1nak. \u0150t egyetlen dolog \u00e9rdekl, az egyetlen fontos, amit anyai sz\u00edve akar, hogy gyermekei boldogok legyenek. Mennyei \u00c9desany\u00e1nk a seg\u00edts\u00e9g\u00fcnkre siet, mert \u0150 J\u00e9zus Krisztushoz akar minket elvezetni. (\u2026) \u0150 a tenger csillaga. El\u00e9nk siet, hogy utat mutasson nek\u00fcnk, hogy az \u00f6r\u00f6mh\u00edrrel eloszlassa a s\u00f6t\u00e9ts\u00e9get. (&#8230;) M\u00e1ria elj\u00f6n hozz\u00e1nk. Mellett\u00fcnk \u00e1ll minden k\u00eds\u00e9rt\u00e9sben, \u00e9s seg\u00edt, hogy ne t\u00e9vessz\u00fck szem el\u0151l c\u00e9lunkat, ne t\u00e9rj\u00fcnk le az \u00datr\u00f3l, amely a tengeren \u00e1t az \u00d6r\u00f6k Haz\u00e1ba, az \u00fcdv\u00f6ss\u00e9gbe, a Mennyek Orsz\u00e1g\u00e1ba vezet.\u201d<\/p>\n<p><img loading=\"lazy\" decoding=\"async\" class=\"alignnone size-full wp-image-10870\" src=\"https:\/\/munkacs-diocese.org\/hu\/wp-content\/uploads\/2023\/09\/Varalja02-scaled.jpg\" alt=\"\" width=\"2560\" height=\"1920\" srcset=\"https:\/\/munkacs-diocese.org\/hu\/wp-content\/uploads\/2023\/09\/Varalja02-scaled.jpg 2560w, https:\/\/munkacs-diocese.org\/hu\/wp-content\/uploads\/2023\/09\/Varalja02-300x225.jpg 300w, https:\/\/munkacs-diocese.org\/hu\/wp-content\/uploads\/2023\/09\/Varalja02-1024x768.jpg 1024w, https:\/\/munkacs-diocese.org\/hu\/wp-content\/uploads\/2023\/09\/Varalja02-768x576.jpg 768w, https:\/\/munkacs-diocese.org\/hu\/wp-content\/uploads\/2023\/09\/Varalja02-1536x1152.jpg 1536w, https:\/\/munkacs-diocese.org\/hu\/wp-content\/uploads\/2023\/09\/Varalja02-2048x1536.jpg 2048w, https:\/\/munkacs-diocese.org\/hu\/wp-content\/uploads\/2023\/09\/Varalja02-1080x810.jpg 1080w\" sizes=\"(max-width: 2560px) 100vw, 2560px\" \/><\/p>\n<p style=\"text-align: justify;\">A szentmise ut\u00e1n a jelenl\u00e9v\u0151k k\u00f6z\u00f6sen elim\u00e1dkozt\u00e1k a Lorett\u00f3i Lit\u00e1ni\u00e1t, majd szents\u00e9gi \u00e1ld\u00e1ssal fejez\u0151d\u00f6tt be az \u00fcnnep liturgikus r\u00e9sze. A szertart\u00e1s ut\u00e1n a helyi h\u00edvek agap\u00e9ra h\u00edvtak mindenkit, ami a sok finoms\u00e1g megk\u00f3stol\u00e1sa mellett lehet\u0151s\u00e9get adott a testv\u00e9ri tal\u00e1lkoz\u00e1sra, besz\u00e9lget\u00e9sre.<\/p>\n<p style=\"text-align: justify;\">\u201eM\u00e1ria, Hajnali csillag, M\u00e1ria, B\u00e9ke kir\u00e1lyn\u00e9ja, k\u00f6ny\u00f6r\u00f6gj \u00e9rett\u00fcnk!\u201d<\/p>\n<p><iframe loading=\"lazy\" title=\"\u0412\u0456\u0434\u043f\u0443\u0441\u0442 \u0443 \u0425\u0440\u0430\u043c\u0456 \u041f\u0440\u0435\u0441\u0432\u044f\u0442\u043e\u0433\u043e \u0406\u043c\u0435\u043d\u0456 \u0414\u0456\u0432\u0438 \u041c\u0430\u0440\u0456\u0457 \u0443 \u041c\u0443\u043a\u0430\u0447\u0435\u0432\u0456 (\u041f\u0430\u043b\u0430\u043d\u043e\u043a-\u041f\u0456\u0434\u0433\u043e\u0440\u043e\u0434)\" width=\"1080\" height=\"608\" src=\"https:\/\/www.youtube.com\/embed\/T9wlzt7UW4I?start=1&#038;feature=oembed\" frameborder=\"0\" allow=\"accelerometer; autoplay; clipboard-write; encrypted-media; gyroscope; picture-in-picture; web-share\" allowfullscreen><\/iframe><\/p>\n<p style=\"text-align: right;\"><em><span style=\"font-size: 8pt;\">Sz\u00f6veg: Moln\u00e1r M. Katalin<\/span><\/em><\/p>\n<p style=\"text-align: right;\"><span style=\"font-size: 8pt;\">F\u00e9nyk\u00e9pek \u00e9s vide\u00f3: Weiss Vikt\u00f3ria<\/span><\/p>\n","protected":false},"excerpt":{"rendered":"<p>Mint egy kicsiny \u201e\u00e9kszerdoboz\u201d \u2013 ez Munk\u00e1cs-V\u00e1ralja temploma, mely Sz\u0171z M\u00e1ria neve titulussal rendelkezik. Szeptember 12-\u00e9n, a m\u00e9g ny\u00e1rias meleg nap est\u00e9j\u00e9n a kicsiny templom zs\u00fafol\u00e1sig megtelt helyi \u00e9s zar\u00e1ndok h\u00edvekkel, akik elj\u00f6ttek, hogy r\u00e9szt vegyenek az \u00fcnnepi b\u00facs\u00famis\u00e9n. A szentmise f\u0151celebr\u00e1nsa \u00e9s megh\u00edvott sz\u00f3noka Philip Teodor Viktor, cs\u00e1szl\u00f3ci pl\u00e9b\u00e1nos volt. A szentmis\u00e9n koncelebr\u00e1lt Zsarkovszkij [&hellip;]<\/p>\n","protected":false},"author":4,"featured_media":10872,"comment_status":"open","ping_status":"open","sticky":false,"template":"","format":"standard","meta":{"_acf_changed":false,"_et_pb_use_builder":"","_et_pb_old_content":"","_et_gb_content_width":"","footnotes":""},"categories":[10,59],"tags":[],"class_list":["post-10868","post","type-post","status-publish","format-standard","has-post-thumbnail","hentry","category-aktualis-hirek","category-egyhazmegyenk-hirei","et-has-post-format-content","et_post_format-et-post-format-standard"],"acf":[],"_links":{"self":[{"href":"https:\/\/munkacs-diocese.org\/hu\/wp-json\/wp\/v2\/posts\/10868"}],"collection":[{"href":"https:\/\/munkacs-diocese.org\/hu\/wp-json\/wp\/v2\/posts"}],"about":[{"href":"https:\/\/munkacs-diocese.org\/hu\/wp-json\/wp\/v2\/types\/post"}],"author":[{"embeddable":true,"href":"https:\/\/munkacs-diocese.org\/hu\/wp-json\/wp\/v2\/users\/4"}],"replies":[{"embeddable":true,"href":"https:\/\/munkacs-diocese.org\/hu\/wp-json\/wp\/v2\/comments?post=10868"}],"version-history":[{"count":2,"href":"https:\/\/munkacs-diocese.org\/hu\/wp-json\/wp\/v2\/posts\/10868\/revisions"}],"predecessor-version":[{"id":10874,"href":"https:\/\/munkacs-diocese.org\/hu\/wp-json\/wp\/v2\/posts\/10868\/revisions\/10874"}],"wp:featuredmedia":[{"embeddable":true,"href":"https:\/\/munkacs-diocese.org\/hu\/wp-json\/wp\/v2\/media\/10872"}],"wp:attachment":[{"href":"https:\/\/munkacs-diocese.org\/hu\/wp-json\/wp\/v2\/media?parent=10868"}],"wp:term":[{"taxonomy":"category","embeddable":true,"href":"https:\/\/munkacs-diocese.org\/hu\/wp-json\/wp\/v2\/categories?post=10868"},{"taxonomy":"post_tag","embeddable":true,"href":"https:\/\/munkacs-diocese.org\/hu\/wp-json\/wp\/v2\/tags?post=10868"}],"curies":[{"name":"wp","href":"https:\/\/api.w.org\/{rel}","templated":true}]}}