{"id":1085,"date":"2014-05-10T00:00:00","date_gmt":"2014-05-09T21:00:00","guid":{"rendered":"http:\/\/munkacs-diocese.org\/hu\/2014\/05\/10\/templombucsu-rahon-2\/"},"modified":"2014-05-10T00:00:00","modified_gmt":"2014-05-09T21:00:00","slug":"templombucsu-rahon-2","status":"publish","type":"post","link":"https:\/\/munkacs-diocese.org\/hu\/2014\/05\/10\/templombucsu-rahon-2\/","title":{"rendered":"Templomb\u00facs\u00fa Rah\u00f3n"},"content":{"rendered":"<div id=\"fb-root\"><\/div>\n<p style=\"text-align: center;\"><span style=\"font-size: 12pt;\"><strong>Templomb\u00facs\u00fa Rah\u00f3n<\/strong><\/span><\/p>\n<p><img loading=\"lazy\" decoding=\"async\" class=\" alignleft size-full wp-image-773\" style=\"float: left;\" src=\"https:\/\/munkacs-diocese.org\/hu\/wp-content\/uploads\/2012\/12\/005.jpg\" alt=\"\" height=\"100\" width=\"151\" \/>A rah\u00f3i Nepomuki Szent J\u00e1nos egyh\u00e1zk\u00f6zs\u00e9g h\u00edvei templomuk 189. b\u00facs\u00faj\u00e1t \u00fcnnepelt\u00e9k 2014. m\u00e1jus 10-\u00e9n, melynek \u00f6r\u00f6m\u00e9ben osztoztak a szomsz\u00e9dos egyh\u00e1zk\u00f6zs\u00e9gek \u00e9s a testv\u00e9rtelep\u00fcl\u00e9sek, Budapest-Belv\u00e1ros \u00e9s Deszk megh\u00edvott vend\u00e9gei is, valamint az imm\u00e1ron \u00f6t \u00e9ve testv\u00e9rpl\u00e9b\u00e1nia h\u00edvei Budapestr\u0151l.<\/p>\n<p>  <!--more-->  <\/p>\n<p>&nbsp;Az \u00fcnnepi szentmis\u00e9t a Budapest-Belv\u00e1rosi F\u0151pl\u00e9b\u00e1nia pl\u00e9b\u00e1nosa, Dr. Osztie Zolt\u00e1n atya mutatta be, akivel egy\u00fctt koncelebr\u00e1lt Mikuly\u00e1k L\u00e1szl\u00f3 rah\u00f3i esperespl\u00e9b\u00e1nos, Mankovics S\u00e1ndor, B\u00e9res Istv\u00e1n \u00e9s R\u00e1cz Istv\u00e1n aty\u00e1k, valamint Vaszil Nosza, Pavlo Szemenyuk \u00e9s Volodimir Prodanec g\u00f6r\u00f6g katolikus aty\u00e1k.<br \/>Szentbesz\u00e9d\u00e9ben Zolt\u00e1n atya hangs\u00falyozta az emberi szem\u00e9lyis\u00e9g fontoss\u00e1g\u00e1t. Mostan\u00e1ban az \u00fagynevezett modern vil\u00e1g azt aj\u00e1nlja, hogy szem\u00e9lyis\u00e9g\u00fcnket a k\u00f6z\u00f6ss\u00e9gi port\u00e1lokon val\u00f3s\u00edtsuk meg, \u00e9let\u00fcnket pedig tegy\u00fck mindenki sz\u00e1m\u00e1ra publikuss\u00e1. S b\u00e1r els\u0151 pillant\u00e1sra itt mindent megkapunk ahhoz, hogy megval\u00f3s\u00edthassuk \u00f6nmagunkat, m\u00e9gis \u00e9ppen itt fenyeget annak a vesz\u00e9lye, hogy elvesz\u00edtj\u00fck szem\u00e9lyis\u00e9g\u00fcnket \u00e9s egy\u00e9ni n\u00e9zeteinket, s hagyjuk, hogy m\u00e1sok r\u00e1nk er\u0151ltess\u00e9k a saj\u00e1tjukat \u2013 sokszor \u00e9szre sem vessz\u00fck, milyen k\u00f6nnyen elfogadjuk t\u0151l\u00fck ezeket. Fontos tudatos\u00edtanunk magunkban, hogy Isten, J\u00e9zus engedelmes kereszt\u00e1ldozata \u00e1ltal, kiengesztelte az emberis\u00e9get Istennel. Ez a kiengesztel\u0151d\u00e9s a b\u0171nb\u00e1nat szents\u00e9g\u00e9ben val\u00f3sul meg \u00fajra meg \u00fajra, ami \u00e1ltal teljesen \u0150v\u00e9i lehet\u00fcnk.<br \/>Az Eucharisztia liturgi\u00e1ja el\u0151tt, Isten fel\u00e9 ir\u00e1nyul\u00f3 h\u00e1l\u00e1juk jel\u00e9\u00fcl, a h\u00edvek adom\u00e1nyokat hoztak az olt\u00e1rhoz: a keresztet a megfesz\u00edtett Krisztus \u00e1br\u00e1zol\u00e1s\u00e1val, kenyeret \u00e9s bort, melyek Krisztus Test\u00e9v\u00e9 \u00e9s v\u00e9r\u00e9v\u00e9 v\u00e1ltak. A szentmis\u00e9t a Laudate Dominum templomi k\u00f3rus \u00e9neke tette m\u00e9g szebb\u00e9 \u00e9s \u00fcnnep\u00e9lyesebb\u00e9. A szentmise v\u00e9g\u00e9n, h\u00e1laad\u00e1sul minden kapott kegyelem\u00e9rt, a h\u00edvek a templom k\u00f6r\u00fcli k\u00f6rmenettel fejezt\u00e9k ki tisztelet\u00fcket az Eucharisztikus J\u00e9zus ir\u00e1nt.<br \/>A szents\u00e9gi \u00e1ld\u00e1s ut\u00e1n k\u00f6sz\u00f6net\u00fcket fejezt\u00e9k ki a megh\u00edv\u00e1s\u00e9rt \u00e9s a szentmis\u00e9n val\u00f3 r\u00e9szv\u00e9tel\u00e9rt a g\u00f6r\u00f6g katolikus lelkip\u00e1sztorok, valamint Rah\u00f3 v\u00e1ros polg\u00e1rmestere, Jaroszl\u00e1v Dumin, aki minden \u00e9vben r\u00e9szt vesz a b\u00facs\u00fai szentmis\u00e9n. Zolt\u00e1n aty\u00e1t Mikuly\u00e1k L\u00e1szl\u00f3 pl\u00e9b\u00e1nos \u00e9s az egyh\u00e1ztan\u00e1cs k\u00e9pvisel\u0151i k\u00f6sz\u00f6nt\u00f6tt\u00e9k.<br \/>Az \u00fcnnepi szentmise ut\u00e1n a rah\u00f3i h\u00edvek minden vend\u00e9get \u00e9s zar\u00e1ndokot megh\u00edvtak az \u00fcnnepi asztalhoz, melyet m\u00e1r j\u00f3 el\u0151re elk\u00e9sz\u00edtettek.<\/p>\n<p style=\"text-align: right;\"><em>Z\u00e1n \u00c1gnes, Rah\u00f3<\/em><\/p>\n<p style=\"text-align: center;\"><em>[imagesizer path=&#8221;images\/stories\/kepek-2014\/05\/raho&#8221; width=&#8221;150&#8243;]<\/em><\/p>\n","protected":false},"excerpt":{"rendered":"<p>Templomb\u00facs\u00fa Rah\u00f3n A rah\u00f3i Nepomuki Szent J\u00e1nos egyh\u00e1zk\u00f6zs\u00e9g h\u00edvei templomuk 189. b\u00facs\u00faj\u00e1t \u00fcnnepelt\u00e9k 2014. m\u00e1jus 10-\u00e9n, melynek \u00f6r\u00f6m\u00e9ben osztoztak a szomsz\u00e9dos egyh\u00e1zk\u00f6zs\u00e9gek \u00e9s a testv\u00e9rtelep\u00fcl\u00e9sek, Budapest-Belv\u00e1ros \u00e9s Deszk megh\u00edvott vend\u00e9gei is, valamint az imm\u00e1ron \u00f6t \u00e9ve testv\u00e9rpl\u00e9b\u00e1nia h\u00edvei Budapestr\u0151l.<\/p>\n","protected":false},"author":1,"featured_media":773,"comment_status":"open","ping_status":"open","sticky":false,"template":"","format":"standard","meta":{"_acf_changed":false,"_et_pb_use_builder":"","_et_pb_old_content":"","_et_gb_content_width":"","footnotes":""},"categories":[10],"tags":[],"class_list":["post-1085","post","type-post","status-publish","format-standard","has-post-thumbnail","hentry","category-aktualis-hirek","et-has-post-format-content","et_post_format-et-post-format-standard"],"acf":[],"_links":{"self":[{"href":"https:\/\/munkacs-diocese.org\/hu\/wp-json\/wp\/v2\/posts\/1085"}],"collection":[{"href":"https:\/\/munkacs-diocese.org\/hu\/wp-json\/wp\/v2\/posts"}],"about":[{"href":"https:\/\/munkacs-diocese.org\/hu\/wp-json\/wp\/v2\/types\/post"}],"author":[{"embeddable":true,"href":"https:\/\/munkacs-diocese.org\/hu\/wp-json\/wp\/v2\/users\/1"}],"replies":[{"embeddable":true,"href":"https:\/\/munkacs-diocese.org\/hu\/wp-json\/wp\/v2\/comments?post=1085"}],"version-history":[{"count":0,"href":"https:\/\/munkacs-diocese.org\/hu\/wp-json\/wp\/v2\/posts\/1085\/revisions"}],"wp:featuredmedia":[{"embeddable":true,"href":"https:\/\/munkacs-diocese.org\/hu\/wp-json\/wp\/v2\/media\/773"}],"wp:attachment":[{"href":"https:\/\/munkacs-diocese.org\/hu\/wp-json\/wp\/v2\/media?parent=1085"}],"wp:term":[{"taxonomy":"category","embeddable":true,"href":"https:\/\/munkacs-diocese.org\/hu\/wp-json\/wp\/v2\/categories?post=1085"},{"taxonomy":"post_tag","embeddable":true,"href":"https:\/\/munkacs-diocese.org\/hu\/wp-json\/wp\/v2\/tags?post=1085"}],"curies":[{"name":"wp","href":"https:\/\/api.w.org\/{rel}","templated":true}]}}