{"id":10717,"date":"2023-07-17T13:56:44","date_gmt":"2023-07-17T11:56:44","guid":{"rendered":"https:\/\/munkacs-diocese.org\/hu\/?p=10717"},"modified":"2023-07-17T13:56:44","modified_gmt":"2023-07-17T11:56:44","slug":"uj-sorozat-indult-a-veritason-krisztus-keresese-cimmel-az-1-reszben-lucsok-peter-miklos-op-puspokkel-beszelgetunk","status":"publish","type":"post","link":"https:\/\/munkacs-diocese.org\/hu\/2023\/07\/17\/uj-sorozat-indult-a-veritason-krisztus-keresese-cimmel-az-1-reszben-lucsok-peter-miklos-op-puspokkel-beszelgetunk\/","title":{"rendered":"\u00daj sorozat indult a Veritason Krisztus keres\u00e9se c\u00edmmel &#8211; Az 1. r\u00e9szben Lucsok  P\u00e9ter Mikl\u00f3s OP p\u00fcsp\u00f6kkel besz\u00e9lget\u00fcnk"},"content":{"rendered":"<div id=\"fb-root\"><\/div>\n<p>Krisztus keres\u00e9se<\/p>\n<p>1.r\u00e9sz: Hol van Krisztus a kereszt\u00e9nys\u00e9gben?<\/p>\n<p>Lucsok P\u00e9ter Mikl\u00f3s OP p\u00fcsp\u00f6kkel Popovicsn\u00e9 Palojtay M\u00e1rta besz\u00e9lget.<\/p>\n<p>J\u00e9zus els\u0151 mondata a tan\u00edtv\u00e1nyokhoz &#8211; egyben \u00e9let\u00fcnk alapk\u00e9rd\u00e9se: Mit kerestek? Mindannyian keres\u00fcnk valamit, vagy ink\u00e1bb Valakit. A kereszt\u00e9nys\u00e9g kapcsolatot jelent \u00e9s tan\u00edtv\u00e1nys\u00e1got. Mesteremm\u00e9 v\u00e1lasztani Krisztust \u00e9s ebben a kapcsolatban \u00e9lni a reggeli fel\u00e9bred\u00e9st\u0151l kezdve; Vele, Benne \u00e9lni a mindennapokat. De nem mindannyian n\u0151tt\u00fcnk ebben kicsi korunkt\u00f3l. Sokan egy olyan eltorz\u00edtott Istent ismert\u00fcnk meg, akihez nem is j\u00f3 tartozni. Hogyan lehet megkeresni Krisztust? Hol lehet tal\u00e1lkozni vele, igaz\u00e1n megismerni \u0151t? Hogyan ismerte meg az Aty\u00e1t az ember J\u00e9zus? Mi az alap a kereszt\u00e9nys\u00e9g\u00fcnkben? \u00c9s egy\u00e1ltal\u00e1n, az \u00e9let\u00fcnkben?<\/p>\n<p>Ezekre a k\u00e9rd\u00e9sekre keress\u00fck a v\u00e1laszt az \u00faj besz\u00e9lget\u0151 soraozat 1. r\u00e9sz\u00e9ben,<\/p>\n<p>Lucsok P\u00e9ter Mikl\u00f3s OP p\u00fcsp\u00f6kkel Popovicsn\u00e9 Palojtay M\u00e1rta besz\u00e9lget.<\/p>\n<p><iframe loading=\"lazy\" title=\"Krisztus keres\u00e9se 1.r\u00e9sz: Hol van Krisztus a kereszt\u00e9nys\u00e9gben?\" width=\"1080\" height=\"608\" src=\"https:\/\/www.youtube.com\/embed\/RyjDczOKrqE?feature=oembed\" frameborder=\"0\" allow=\"accelerometer; autoplay; clipboard-write; encrypted-media; gyroscope; picture-in-picture; web-share\" allowfullscreen><\/iframe><\/p>\n","protected":false},"excerpt":{"rendered":"<p>Krisztus keres\u00e9se 1.r\u00e9sz: Hol van Krisztus a kereszt\u00e9nys\u00e9gben? Lucsok P\u00e9ter Mikl\u00f3s OP p\u00fcsp\u00f6kkel Popovicsn\u00e9 Palojtay M\u00e1rta besz\u00e9lget. J\u00e9zus els\u0151 mondata a tan\u00edtv\u00e1nyokhoz &#8211; egyben \u00e9let\u00fcnk alapk\u00e9rd\u00e9se: Mit kerestek? Mindannyian keres\u00fcnk valamit, vagy ink\u00e1bb Valakit. A kereszt\u00e9nys\u00e9g kapcsolatot jelent \u00e9s tan\u00edtv\u00e1nys\u00e1got. Mesteremm\u00e9 v\u00e1lasztani Krisztust \u00e9s ebben a kapcsolatban \u00e9lni a reggeli fel\u00e9bred\u00e9st\u0151l kezdve; Vele, Benne \u00e9lni [&hellip;]<\/p>\n","protected":false},"author":4,"featured_media":10718,"comment_status":"open","ping_status":"open","sticky":false,"template":"","format":"standard","meta":{"_acf_changed":false,"_et_pb_use_builder":"","_et_pb_old_content":"","_et_gb_content_width":"","footnotes":""},"categories":[10,59],"tags":[],"class_list":["post-10717","post","type-post","status-publish","format-standard","has-post-thumbnail","hentry","category-aktualis-hirek","category-egyhazmegyenk-hirei","et-has-post-format-content","et_post_format-et-post-format-standard"],"acf":[],"_links":{"self":[{"href":"https:\/\/munkacs-diocese.org\/hu\/wp-json\/wp\/v2\/posts\/10717"}],"collection":[{"href":"https:\/\/munkacs-diocese.org\/hu\/wp-json\/wp\/v2\/posts"}],"about":[{"href":"https:\/\/munkacs-diocese.org\/hu\/wp-json\/wp\/v2\/types\/post"}],"author":[{"embeddable":true,"href":"https:\/\/munkacs-diocese.org\/hu\/wp-json\/wp\/v2\/users\/4"}],"replies":[{"embeddable":true,"href":"https:\/\/munkacs-diocese.org\/hu\/wp-json\/wp\/v2\/comments?post=10717"}],"version-history":[{"count":1,"href":"https:\/\/munkacs-diocese.org\/hu\/wp-json\/wp\/v2\/posts\/10717\/revisions"}],"predecessor-version":[{"id":10719,"href":"https:\/\/munkacs-diocese.org\/hu\/wp-json\/wp\/v2\/posts\/10717\/revisions\/10719"}],"wp:featuredmedia":[{"embeddable":true,"href":"https:\/\/munkacs-diocese.org\/hu\/wp-json\/wp\/v2\/media\/10718"}],"wp:attachment":[{"href":"https:\/\/munkacs-diocese.org\/hu\/wp-json\/wp\/v2\/media?parent=10717"}],"wp:term":[{"taxonomy":"category","embeddable":true,"href":"https:\/\/munkacs-diocese.org\/hu\/wp-json\/wp\/v2\/categories?post=10717"},{"taxonomy":"post_tag","embeddable":true,"href":"https:\/\/munkacs-diocese.org\/hu\/wp-json\/wp\/v2\/tags?post=10717"}],"curies":[{"name":"wp","href":"https:\/\/api.w.org\/{rel}","templated":true}]}}