{"id":10622,"date":"2023-06-13T10:05:33","date_gmt":"2023-06-13T08:05:33","guid":{"rendered":"https:\/\/munkacs-diocese.org\/hu\/?p=10622"},"modified":"2023-06-13T10:05:33","modified_gmt":"2023-06-13T08:05:33","slug":"megtartottak-az-ukrajnai-katolikus-media-feleloseinek-talalkozojat","status":"publish","type":"post","link":"https:\/\/munkacs-diocese.org\/hu\/2023\/06\/13\/megtartottak-az-ukrajnai-katolikus-media-feleloseinek-talalkozojat\/","title":{"rendered":"Megtartott\u00e1k az ukrajnai katolikus m\u00e9dia felel\u0151seinek tal\u00e1lkoz\u00f3j\u00e1t"},"content":{"rendered":"<div id=\"fb-root\"><\/div>\n<p style=\"text-align: justify;\">J\u00fanius 10-\u00e9n Ukrajna nemzeti kegyhely\u00e9n, Berdicsivben ker\u00fclt sor a katolikus m\u00e9dia felel\u0151seinek tal\u00e1lkoz\u00f3j\u00e1ra, akik \u00e1ltal\u00e1ban j\u00fanius m\u00e1sodik szombatj\u00e1n zar\u00e1ndokolnak el a Sz\u0171zany\u00e1hoz.<\/p>\n<p style=\"text-align: justify;\">A katolikus m\u00e9dia k\u00e9pvisel\u0151inek \u00f6sszej\u00f6vetele, amit id\u00e9n a M\u00e9dia Bizotts\u00e1g \u00faj vezet\u0151je, Lucsok Mikl\u00f3s OP p\u00fcsp\u00f6k vezetett &#8211; akit 2023 m\u00e1rcius\u00e1ban v\u00e1lasztott meg az Ukr\u00e1n P\u00fcsp\u00f6kkari Konferencia &#8211; ink\u00e1bb munkajelleg\u0171 volt. A tal\u00e1lkoz\u00f3n az egyh\u00e1zmegyei m\u00e9di\u00e1\u00e9rt, az egyh\u00e1zmegyei honlapok\u00e9rt \u00e9s a k\u00f6z\u00f6ss\u00e9gi m\u00e9di\u00e1\u00e9rt felel\u0151s szem\u00e9lyek vettek r\u00e9szt. \u00a0A Munk\u00e1csi Egyh\u00e1zmegye r\u00e9sz\u00e9r\u0151l a Veritas k\u00e9pvisel\u0151i &#8211; Weiss Vikt\u00f3ria m\u00e9diaprojekt-szerkeszt\u0151 \u00e9s Karina Cserepanya munkat\u00e1rs \u2013 voltak jelen.<\/p>\n<p><img loading=\"lazy\" decoding=\"async\" class=\"size-full wp-image-10625 aligncenter\" src=\"https:\/\/munkacs-diocese.org\/hu\/wp-content\/uploads\/2023\/06\/Berdychiv_10.06.2023_mediatalalkozo02.jpg\" alt=\"\" width=\"900\" height=\"600\" srcset=\"https:\/\/munkacs-diocese.org\/hu\/wp-content\/uploads\/2023\/06\/Berdychiv_10.06.2023_mediatalalkozo02.jpg 900w, https:\/\/munkacs-diocese.org\/hu\/wp-content\/uploads\/2023\/06\/Berdychiv_10.06.2023_mediatalalkozo02-300x200.jpg 300w, https:\/\/munkacs-diocese.org\/hu\/wp-content\/uploads\/2023\/06\/Berdychiv_10.06.2023_mediatalalkozo02-768x512.jpg 768w\" sizes=\"(max-width: 900px) 100vw, 900px\" \/><\/p>\n<p style=\"text-align: justify;\">A tal\u00e1lkoz\u00f3 munkar\u00e9sze a m\u00e9dia jelenlegi helyzet\u00e9nek \u00e9s szolg\u00e1lat\u00e1nak bemutat\u00e1s\u00e1ra, valamint az \u00e9get\u0151 k\u00e9rd\u00e9sek megvitat\u00e1s\u00e1ra ir\u00e1nyult. A lelki r\u00e9sz\u00e9t a szentmise \u00e9s a szents\u00e9gim\u00e1d\u00e1s adt\u00e1k meg.<\/p>\n\n\t\t<style type=\"text\/css\">\n\t\t\t#gallery-1 {\n\t\t\t\tmargin: auto;\n\t\t\t}\n\t\t\t#gallery-1 .gallery-item {\n\t\t\t\tfloat: left;\n\t\t\t\tmargin-top: 10px;\n\t\t\t\ttext-align: center;\n\t\t\t\twidth: 33%;\n\t\t\t}\n\t\t\t#gallery-1 img {\n\t\t\t\tborder: 2px solid #cfcfcf;\n\t\t\t}\n\t\t\t#gallery-1 .gallery-caption {\n\t\t\t\tmargin-left: 0;\n\t\t\t}\n\t\t\t\/* see gallery_shortcode() in wp-includes\/media.php *\/\n\t\t<\/style>\n\t\t<div id='gallery-1' class='gallery galleryid-10622 gallery-columns-3 gallery-size-full'><dl class='gallery-item'>\n\t\t\t<dt class='gallery-icon landscape'>\n\t\t\t\t<a href='https:\/\/munkacs-diocese.org\/hu\/2023\/06\/13\/megtartottak-az-ukrajnai-katolikus-media-feleloseinek-talalkozojat\/berdychiv_10-06-2023_mediatalalkozo05\/'><img loading=\"lazy\" decoding=\"async\" width=\"900\" height=\"600\" src=\"https:\/\/munkacs-diocese.org\/hu\/wp-content\/uploads\/2023\/06\/Berdychiv_10.06.2023_mediatalalkozo05.jpg\" class=\"attachment-full size-full\" alt=\"\" srcset=\"https:\/\/munkacs-diocese.org\/hu\/wp-content\/uploads\/2023\/06\/Berdychiv_10.06.2023_mediatalalkozo05.jpg 900w, https:\/\/munkacs-diocese.org\/hu\/wp-content\/uploads\/2023\/06\/Berdychiv_10.06.2023_mediatalalkozo05-300x200.jpg 300w, https:\/\/munkacs-diocese.org\/hu\/wp-content\/uploads\/2023\/06\/Berdychiv_10.06.2023_mediatalalkozo05-768x512.jpg 768w\" sizes=\"(max-width: 900px) 100vw, 900px\" \/><\/a>\n\t\t\t<\/dt><\/dl><dl class='gallery-item'>\n\t\t\t<dt class='gallery-icon landscape'>\n\t\t\t\t<a href='https:\/\/munkacs-diocese.org\/hu\/2023\/06\/13\/megtartottak-az-ukrajnai-katolikus-media-feleloseinek-talalkozojat\/berdychiv_10-06-2023_mediatalalkozo04\/'><img loading=\"lazy\" decoding=\"async\" width=\"900\" height=\"600\" src=\"https:\/\/munkacs-diocese.org\/hu\/wp-content\/uploads\/2023\/06\/Berdychiv_10.06.2023_mediatalalkozo04.jpg\" class=\"attachment-full size-full\" alt=\"\" srcset=\"https:\/\/munkacs-diocese.org\/hu\/wp-content\/uploads\/2023\/06\/Berdychiv_10.06.2023_mediatalalkozo04.jpg 900w, https:\/\/munkacs-diocese.org\/hu\/wp-content\/uploads\/2023\/06\/Berdychiv_10.06.2023_mediatalalkozo04-300x200.jpg 300w, https:\/\/munkacs-diocese.org\/hu\/wp-content\/uploads\/2023\/06\/Berdychiv_10.06.2023_mediatalalkozo04-768x512.jpg 768w\" sizes=\"(max-width: 900px) 100vw, 900px\" \/><\/a>\n\t\t\t<\/dt><\/dl><dl class='gallery-item'>\n\t\t\t<dt class='gallery-icon landscape'>\n\t\t\t\t<a href='https:\/\/munkacs-diocese.org\/hu\/2023\/06\/13\/megtartottak-az-ukrajnai-katolikus-media-feleloseinek-talalkozojat\/berdychiv_10-06-2023_mediatalalkozo03\/'><img loading=\"lazy\" decoding=\"async\" width=\"900\" height=\"600\" src=\"https:\/\/munkacs-diocese.org\/hu\/wp-content\/uploads\/2023\/06\/Berdychiv_10.06.2023_mediatalalkozo03.jpg\" class=\"attachment-full size-full\" alt=\"\" srcset=\"https:\/\/munkacs-diocese.org\/hu\/wp-content\/uploads\/2023\/06\/Berdychiv_10.06.2023_mediatalalkozo03.jpg 900w, https:\/\/munkacs-diocese.org\/hu\/wp-content\/uploads\/2023\/06\/Berdychiv_10.06.2023_mediatalalkozo03-300x200.jpg 300w, https:\/\/munkacs-diocese.org\/hu\/wp-content\/uploads\/2023\/06\/Berdychiv_10.06.2023_mediatalalkozo03-768x512.jpg 768w\" sizes=\"(max-width: 900px) 100vw, 900px\" \/><\/a>\n\t\t\t<\/dt><\/dl><br style=\"clear: both\" \/>\n\t\t<\/div>\n\n<p style=\"text-align: justify;\">A szentmise pr\u00e9dik\u00e1ci\u00f3j\u00e1ban Mikl\u00f3s p\u00fcsp\u00f6k kihangs\u00falyozta, hogy a j\u00f3 m\u00e9diaszolg\u00e1lat a szeretettel kezd\u0151dik, \u00e9s megjegyezte, nagyon fontos, hogy a m\u00e9dia \u00e1ltal k\u00f6zvet\u00edtett inform\u00e1ci\u00f3kat az \u00e9l\u0151 Isten t\u00f6ltse be. \u201eJ\u00f3 lenne, ha tele lenn\u00e9nk kegyelemmel, mint M\u00e1ria. Az t\u00e1j\u00e9koztat\u00e1s legyen kegyelemmel teljes&#8230; Ebben kellene k\u00fcl\u00f6nb\u00f6znie a m\u00e9di\u00e1nknak a vil\u00e1gi m\u00e9di\u00e1t\u00f3l \u2013 a J\u00e9zus \u00e1ltal hozott \u00f6r\u00f6mh\u00edrt kell k\u00f6zvet\u00edtenie. Azt szeretn\u00e9nk megosztani, amit t\u0151le hallunk.\u201d<\/p>\n<p><img loading=\"lazy\" decoding=\"async\" class=\"alignnone size-full wp-image-10623\" src=\"https:\/\/munkacs-diocese.org\/hu\/wp-content\/uploads\/2023\/06\/yepyskop-Luchok_Berdychiv_mediatalalkozo01.jpg\" alt=\"\" width=\"1600\" height=\"1066\" srcset=\"https:\/\/munkacs-diocese.org\/hu\/wp-content\/uploads\/2023\/06\/yepyskop-Luchok_Berdychiv_mediatalalkozo01.jpg 1600w, https:\/\/munkacs-diocese.org\/hu\/wp-content\/uploads\/2023\/06\/yepyskop-Luchok_Berdychiv_mediatalalkozo01-300x200.jpg 300w, https:\/\/munkacs-diocese.org\/hu\/wp-content\/uploads\/2023\/06\/yepyskop-Luchok_Berdychiv_mediatalalkozo01-1024x682.jpg 1024w, https:\/\/munkacs-diocese.org\/hu\/wp-content\/uploads\/2023\/06\/yepyskop-Luchok_Berdychiv_mediatalalkozo01-768x512.jpg 768w, https:\/\/munkacs-diocese.org\/hu\/wp-content\/uploads\/2023\/06\/yepyskop-Luchok_Berdychiv_mediatalalkozo01-1536x1023.jpg 1536w, https:\/\/munkacs-diocese.org\/hu\/wp-content\/uploads\/2023\/06\/yepyskop-Luchok_Berdychiv_mediatalalkozo01-1080x720.jpg 1080w\" sizes=\"(max-width: 1600px) 100vw, 1600px\" \/><\/p>\n<p style=\"text-align: right;\"><span style=\"font-size: 10pt;\">Forr\u00e1s: rkc.org.ua<\/span><\/p>\n<p style=\"text-align: right;\"><span style=\"font-size: 10pt;\">F\u00e9nyk\u00e9pek: Tumanevics Franciszka n\u0151v\u00e9r \u00e9s Kacsur Volodimir<\/span><\/p>\n","protected":false},"excerpt":{"rendered":"<p>J\u00fanius 10-\u00e9n Ukrajna nemzeti kegyhely\u00e9n, Berdicsivben ker\u00fclt sor a katolikus m\u00e9dia felel\u0151seinek tal\u00e1lkoz\u00f3j\u00e1ra, akik \u00e1ltal\u00e1ban j\u00fanius m\u00e1sodik szombatj\u00e1n zar\u00e1ndokolnak el a Sz\u0171zany\u00e1hoz. A katolikus m\u00e9dia k\u00e9pvisel\u0151inek \u00f6sszej\u00f6vetele, amit id\u00e9n a M\u00e9dia Bizotts\u00e1g \u00faj vezet\u0151je, Lucsok Mikl\u00f3s OP p\u00fcsp\u00f6k vezetett &#8211; akit 2023 m\u00e1rcius\u00e1ban v\u00e1lasztott meg az Ukr\u00e1n P\u00fcsp\u00f6kkari Konferencia &#8211; ink\u00e1bb munkajelleg\u0171 volt. A tal\u00e1lkoz\u00f3n [&hellip;]<\/p>\n","protected":false},"author":4,"featured_media":10624,"comment_status":"open","ping_status":"open","sticky":false,"template":"","format":"standard","meta":{"_acf_changed":false,"_et_pb_use_builder":"","_et_pb_old_content":"","_et_gb_content_width":"","footnotes":""},"categories":[10,59],"tags":[],"class_list":["post-10622","post","type-post","status-publish","format-standard","has-post-thumbnail","hentry","category-aktualis-hirek","category-egyhazmegyenk-hirei","et-has-post-format-content","et_post_format-et-post-format-standard"],"acf":[],"_links":{"self":[{"href":"https:\/\/munkacs-diocese.org\/hu\/wp-json\/wp\/v2\/posts\/10622"}],"collection":[{"href":"https:\/\/munkacs-diocese.org\/hu\/wp-json\/wp\/v2\/posts"}],"about":[{"href":"https:\/\/munkacs-diocese.org\/hu\/wp-json\/wp\/v2\/types\/post"}],"author":[{"embeddable":true,"href":"https:\/\/munkacs-diocese.org\/hu\/wp-json\/wp\/v2\/users\/4"}],"replies":[{"embeddable":true,"href":"https:\/\/munkacs-diocese.org\/hu\/wp-json\/wp\/v2\/comments?post=10622"}],"version-history":[{"count":1,"href":"https:\/\/munkacs-diocese.org\/hu\/wp-json\/wp\/v2\/posts\/10622\/revisions"}],"predecessor-version":[{"id":10629,"href":"https:\/\/munkacs-diocese.org\/hu\/wp-json\/wp\/v2\/posts\/10622\/revisions\/10629"}],"wp:featuredmedia":[{"embeddable":true,"href":"https:\/\/munkacs-diocese.org\/hu\/wp-json\/wp\/v2\/media\/10624"}],"wp:attachment":[{"href":"https:\/\/munkacs-diocese.org\/hu\/wp-json\/wp\/v2\/media?parent=10622"}],"wp:term":[{"taxonomy":"category","embeddable":true,"href":"https:\/\/munkacs-diocese.org\/hu\/wp-json\/wp\/v2\/categories?post=10622"},{"taxonomy":"post_tag","embeddable":true,"href":"https:\/\/munkacs-diocese.org\/hu\/wp-json\/wp\/v2\/tags?post=10622"}],"curies":[{"name":"wp","href":"https:\/\/api.w.org\/{rel}","templated":true}]}}