{"id":10545,"date":"2023-05-19T16:30:45","date_gmt":"2023-05-19T14:30:45","guid":{"rendered":"https:\/\/munkacs-diocese.org\/hu\/?p=10545"},"modified":"2023-05-19T16:30:45","modified_gmt":"2023-05-19T14:30:45","slug":"szentlelek-kilenced","status":"publish","type":"post","link":"https:\/\/munkacs-diocese.org\/hu\/2023\/05\/19\/szentlelek-kilenced\/","title":{"rendered":"SZENTL\u00c9LEK KILENCED"},"content":{"rendered":"<div id=\"fb-root\"><\/div>\n<p>P\u00fcnk\u00f6sd nagy \u00fcnnep\u00e9re, a Szentl\u00e9lek elj\u00f6vetel\u00e9re k\u00e9sz\u00fclve im\u00e1dkozzuk a Szentl\u00e9lek kilencedet m\u00e1jus 19. p\u00e9ntekt\u0151l m\u00e1jus 27. szombatig.<\/p>\n<p id=\"1\" style=\"text-align: justify;\"><strong><em>1. nap &#8211; 2023. m\u00e1jus 19. p\u00e9ntek<\/em><\/strong><\/p>\n<p style=\"text-align: justify;\">Szentl\u00e9lek \u00daristen, Te az Aty\u00e1t\u00f3l \u00e9s Fi\u00fat\u00f3l \u00f6r\u00f6kt\u0151l fogva sz\u00e1rmazol, s az Aty\u00e1val \u00e9s a Fi\u00faval egyl\u00e9nyeg\u0171 vagy. Te vagy a kegyelmek forr\u00e1sa, b\u0151kez\u0171 adom\u00e1nyoz\u00f3ja. J\u00f6jj el Szentl\u00e9lek \u00daristen, t\u00f6ltsd be sz\u00edv\u00fcnket h\u00e9tszeres aj\u00e1nd\u00e9koddal.<\/p>\n<p style=\"text-align: justify;\">\u00a0<em>Szent\u00edr\u00e1si r\u00e9sz:\u00a0<\/em><\/p>\n<p style=\"text-align: justify;\">\u201eMert el\u00e1rasztom v\u00edzzel a tikkadt mez\u0151t, \u00e9s b\u0151viz\u0171 patakokkal a kiaszott f\u00f6ldet. Ki\u00e1rasztom lelkemet ut\u00f3daidra, \u00e9s \u00e1ld\u00e1somat gyermekeidre. \u00dagy sarjadnak majd, mint a f\u0171 a forr\u00e1s k\u00f6zel\u00e9ben, mint a f\u0171zf\u00e1k a v\u00edzfoly\u00e1sok mellett. Az egyik \u00edgy sz\u00f3l majd: \u201e\u00c9n az \u00dar\u00e9 vagyok\u201d.( Iz 44.3-5a)<\/p>\n<p style=\"text-align: justify;\">J\u00f3 tan\u00e1cs ahhoz, hogy mit tegyek, hogy m\u00e9lyebben tal\u00e1lkozhassam a Szentl\u00e9lekkel?<\/p>\n<p style=\"text-align: justify;\">Minden nap add \u00e1t magad J\u00e9zusnak (lehet\u0151leg a reggeli im\u00e1ban) \u2013 s k\u00e9rd s L\u00e9lek vezet\u00e9s\u00e9t, hogy \u0150 vezessen el\u0151re a J\u00e9zussal val\u00f3 egys\u00e9gben. (V\u00f6. Jn 16,13) .<\/p>\n<p style=\"text-align: justify;\">\u00a0<em>K\u00e9r\u00e9sek:<\/em><\/p>\n<p style=\"text-align: justify;\">Szentl\u00e9lek, az \u00f6r\u00f6k \u00e9let f\u00e9nye \u00e9s boldogs\u00e1ga \u2013 J\u00f6jj el k\u00f6z\u00e9nk !<br \/>\nSzentl\u00e9lek, J\u00e9zus Krisztus m\u0171v\u00e9nek folytat\u00f3ja \u00e9s megkoron\u00e1z\u00f3ja\u00a0 \u2013\u00a0\u00a0 J\u00f6jj el k\u00f6z\u00e9nk\u00a0 !<br \/>\nSzentl\u00e9lek Isten ! \u2013 J\u00f6jj el k\u00f6z\u00e9nk !<br \/>\nK\u00fcldd el Lelkedet \u00e9s \u00e9letre kel\u00fcnk!\u00a0 \u2013\u00a0 \u00c9s meg\u00faj\u00edtod a f\u00f6ldnek sz\u00edn\u00e9t.<\/p>\n<p style=\"text-align: justify;\">K\u00f6ny\u00f6r\u00f6gj\u00fcnk! Szentl\u00e9lek \u00daristen, kit az \u00dar J\u00e9zus, Egyh\u00e1z\u00e1nak meg\u00edg\u00e9rt \u00e9s P\u00fcnk\u00f6sd napj\u00e1n elk\u00fcld\u00f6tt: l\u00e9gy a mi lelk\u00fcnknek is \u00e1lland\u00f3, kedves vend\u00e9ge. \u0150rizd meg \u00e9s gyarap\u00edtsd benn\u00fcnk a te megszentel\u0151 kegyelmedet, s gy\u00fajtsd l\u00e1ngra sz\u00edv\u00fcnkben a szunnyad\u00f3 isteni er\u00e9nyeket. \u00c9kes\u00edts fel minket, a te templomaidat, h\u00e9t aj\u00e1nd\u00e9koddal, s engedd, hogy a te szellemed bel\u0151l\u00fcnk embert\u00e1rsainkra is ki\u00e1radjon, hogy im\u00e1ds\u00e1g, j\u00f3 p\u00e9lda \u00e9s apostolkod\u00e1s \u00e1ltal veled egy\u00fctt hathat\u00f3san \u00e9p\u00edts\u00fck J\u00e9zus Krisztus orsz\u00e1g\u00e1t. A mi Urunk, J\u00e9zus Krisztus, a te Fiad \u00e1ltal, aki veled \u00e9l \u00e9s uralkodik a Szentl\u00e9lekkel egys\u00e9gben, Isten mind\u00f6r\u00f6kk\u00f6n-\u00f6r\u00f6kk\u00e9. \u00c1men.<\/p>\n<p id=\"2\" style=\"text-align: justify;\"><strong><em>2. nap &#8211; 2023. m\u00e1jus 20. szombat<\/em><\/strong><\/p>\n<p style=\"text-align: justify;\">J\u00f6jj B\u00f6lcsess\u00e9g Lelke, tan\u00edts meg arra, hogy minden gondolatunkat \u00e9s cselekedet\u00fcnket egyed\u00fcl Istenre ir\u00e1nyozzuk.<\/p>\n<p style=\"text-align: justify;\"><em>Szent\u00edr\u00e1si r\u00e9sz:<\/em><\/p>\n<p style=\"text-align: justify;\">\u201eAkkor megtudj\u00e1k, hogy \u00e9n, az \u00dar vagyok az \u0151 Isten\u00fck, mert sz\u00e1m\u0171ztem ugyan a n\u00e9pek k\u00f6z\u00e9, de most \u00f6sszegy\u0171jt\u00f6m \u0151ket haz\u00e1jukba, \u00e9s senkit sem hagyok ott k\u00f6z\u00fcl\u00fck. Nem rejtem el t\u00f6bb\u00e9 el\u0151l\u00fck arcomat, mert ki\u00e1rasztom lelkemet Izrael h\u00e1z\u00e1ra \u2013 mondja az \u00dar, az Isten.\u201d(Ez 39.28-29)<\/p>\n<p style=\"text-align: justify;\"><em>B\u00f6lcsess\u00e9g<\/em><\/p>\n<p style=\"text-align: justify;\">Verebekre nem l\u00f6v\u00fcnk \u00e1gy\u00faval<\/p>\n<p style=\"text-align: justify;\">Grock a h\u00edres n\u00e9met boh\u00f3c egyik reggel gyal\u00e1zkod\u00f3 \u00e9s r\u00e1galmaz\u00f3 levelet kapott. Tal\u00e1lkozott cirkuszbeli bar\u00e1tj\u00e1val \u00e9s elpanaszolta neki az esetet: \u2013 N\u00e9zd meg, micsoda otromba, r\u00e1galmaz\u00f3 levelet kaptam. Mit v\u00e1laszoljak r\u00e1? A bar\u00e1tja elolvasta a levelet \u00e9s visszaadta: \u2013 Semmit se v\u00e1laszolj. Valamelyik irigyed vagy rosszakar\u00f3d \u00edrta. Jelentsd fel a b\u00edr\u00f3s\u00e1gn\u00e1l. Grock megk\u00f6sz\u00f6nte a bar\u00e1ti tan\u00e1csot, de v\u00e9g\u00fcl is a levelet visszak\u00fcldte a felad\u00f3nak a k\u00f6vetkez\u0151 mell\u00e9klettel: \u201cKedves Uram! Nemr\u00e9g kaptam k\u00e9zhez a mell\u00e9kelt levelet az \u00d6n al\u00e1\u00edr\u00e1s\u00e1val. Elk\u00fcld\u00f6m \u00d6nnek, hogy l\u00e1ssa, hogyan vissza\u00e9lnek az \u00d6n nev\u00e9vel. \u00d6nnek is \u00e9rdeke, hogy a tettest kikutassa\u2026 Sz\u00edv\u00e9lyes \u00fcdv\u00f6zlettel: Grock clown.\u201d Legk\u00f6zelebb bar\u00e1tja megk\u00e9rdezte Grockot: \u2013 No, f\u00f6ljelentetted az illet\u0151t? \u2013 \u00c1, dehogy! \u2013 felelte Grock. \u2013 Verebekre nem l\u00f6v\u00fcnk \u00e1gy\u00faval. (Willi Hoffs\u00fcmmer nyom\u00e1n)<\/p>\n<p style=\"text-align: justify;\">J\u00f3 tan\u00e1cs ahhoz, hogy mit tegyek, hogy m\u00e9lyebben tal\u00e1lkozhassam a Szentl\u00e9lekkel?<\/p>\n<p style=\"text-align: justify;\">Ne agg\u00f3dj! B\u00edzd r\u00e1 magad \u2013 J\u00e9zussal egyes\u00fclten \u2013 a Mennyei Aty\u00e1ra s a Szentl\u00e9lek vezet\u00e9s\u00e9re. (V\u00f6..Mt 6,33-34) Tudatosan \u00e9lj J\u00e9zus \u00e9s a L\u00e9lek szabads\u00e1g\u00e1ban, s pr\u00f3b\u00e1ld sug\u00e1rozni ennek a szabads\u00e1gnak \u00f6r\u00f6m\u00e9t. (Gal 6,22-26)<\/p>\n<p style=\"text-align: justify;\"><em>K\u00e9r\u00e9sek:<\/em><\/p>\n<p style=\"text-align: justify;\">Szentl\u00e9lek, a b\u00f6lcsess\u00e9g \u00e9s j\u00f3 tan\u00e1cs Lelke \u2013 J\u00f6jj el k\u00f6z\u00e9nk!<br \/>\nSzentl\u00e9lek, a b\u0171n\u00f6k megbocs\u00e1t\u00f3ja \u2013 J\u00f6jj el k\u00f6z\u00e9nk!<br \/>\nSzentl\u00e9lek Isten! \u2013 J\u00f6jj el k\u00f6z\u00e9nk!<br \/>\nK\u00fcldd el Lelkedet \u00e9s \u00e9letre kel\u00fcnk! \u2013\u00a0 \u00c9s meg\u00faj\u00edtod a f\u00f6ldnek sz\u00edn\u00e9t.<\/p>\n<p style=\"text-align: justify;\">K\u00f6ny\u00f6r\u00f6gj\u00fcnk!\u00a0 Urunk a Te Szentlelked l\u00e1ngoljon fel benn\u00fcnk, vil\u00e1g\u00edtson \u00e9s tiszt\u00edtson meg benn\u00fcnket! \u00c1rassza r\u00e1nk \u00e9gi harmat\u00e1t \u00e9s tegye gy\u00fcm\u00f6lcs\u00f6z\u0151v\u00e9 j\u00f3cselekedeteinket! A mi Urunk, J\u00e9zus Krisztus, a te Fiad \u00e1ltal, aki veled \u00e9l \u00e9s uralkodik a Szentl\u00e9lekkel egys\u00e9gben, Isten mind\u00f6r\u00f6kk\u00f6n-\u00f6r\u00f6kk\u00e9. \u00c1men.<\/p>\n<p id=\"3\" style=\"text-align: justify;\"><strong><em>3. nap &#8211; 2023. m\u00e1jus 21. vas\u00e1rnap<\/em><\/strong><\/p>\n<p style=\"text-align: justify;\">J\u00f6jj \u00c9rtelem Lelke, hogy szent hit\u00fcnk igazs\u00e1gait meg\u00e9rts\u00fck.<\/p>\n<p style=\"text-align: justify;\"><em>Szent\u00edr\u00e1si r\u00e9sz:<\/em><\/p>\n<p style=\"text-align: justify;\">\u201eMindezek ut\u00e1n ki\u00e1rasztom Lelkemet minden testre. Fiaitok \u00e9s le\u00e1nyaitok j\u00f6vend\u00f6lni fognak, v\u00e9neitek \u00e1lmokat \u00e1lmodnak, ifjaitok meg l\u00e1tom\u00e1sokat l\u00e1tnak. S\u0151t, m\u00e9g a szolg\u00e1kra \u00e9s a szolg\u00e1l\u00f3kra is ki\u00e1rasztom Lelkemet azokban a napokban.\u201d(Joel 3,1-2)<\/p>\n<p style=\"text-align: justify;\">J\u00f3 tan\u00e1cs ahhoz, hogy mit tegyek, hogy m\u00e9lyebben tal\u00e1lkozhassam a Szentl\u00e9lekkel?<\/p>\n<p style=\"text-align: justify;\">L\u00e9gy tudatosabban Krisztus tan\u00faja az emberek el\u0151tt, els\u0151sorban szereteteddel. \u2013 V\u00e1gy\u00f3dj r\u00e1, hogy J\u00e9zus \u00e9ljen benned, s \u00c1ltala k\u00f6zelebb vezethesd embert\u00e1rsaidat Hozz\u00e1. Ne f\u00e9lj \u2013 kell\u0151 id\u0151ben \u2013 besz\u00e9lni is hitedr\u0151l! K\u00e9rd ilyenkor a benned \u00e9l\u0151 J\u00e9zusnak \u00e9s a L\u00e9leknek vezet\u00e9s\u00e9t! (V\u00f6. Lk 12,12; Iz 61,1)<\/p>\n<p style=\"text-align: justify;\"><em>K\u00e9r\u00e9sek:<\/em><\/p>\n<p style=\"text-align: justify;\">Szentl\u00e9lek, az \u00e9rtelem \u00e9s tudom\u00e1ny Lelke \u2013 J\u00f6jj el k\u00f6z\u00e9nk!<br \/>\nMinden hitbeli t\u00e9ved\u00e9st\u0151l \u2013 Ments meg minket, Szentl\u00e9lek!<br \/>\nA te sugallataid megvet\u00e9s\u00e9t\u0151l \u2013 Ments meg minket, Szentl\u00e9lek!<br \/>\nA megismert igazs\u00e1g elleni tusakod\u00e1st\u00f3l \u2013 Ments meg minket, Szentl\u00e9lek!<br \/>\nSzentl\u00e9lek Isten! \u2013 J\u00f6jj el k\u00f6z\u00e9nk!<\/p>\n<p style=\"text-align: justify;\">K\u00fcldd el Lelkedet \u00e9s \u00e9letre kel\u00fcnk!\u00a0 \u2013\u00a0 \u00c9s meg\u00faj\u00edtod a f\u00f6ldnek sz\u00edn\u00e9t.<\/p>\n<p style=\"text-align: justify;\">K\u00f6ny\u00f6r\u00f6gj\u00fcnk! Szentl\u00e9lek \u00daristen, kit az \u00dar J\u00e9zus, Egyh\u00e1z\u00e1nak meg\u00edg\u00e9rt \u00e9s P\u00fcnk\u00f6sd napj\u00e1n elk\u00fcld\u00f6tt: l\u00e9gy a mi lelk\u00fcnknek is \u00e1lland\u00f3, kedves vend\u00e9ge. \u0150rizd meg \u00e9s gyarap\u00edtsd benn\u00fcnk a te megszentel\u0151 kegyelmedet, s gy\u00fajtsd l\u00e1ngra sz\u00edv\u00fcnkben a szunnyad\u00f3 isteni er\u00e9nyeket. \u00c9kes\u00edts fel minket, a te templomaidat, h\u00e9t aj\u00e1nd\u00e9koddal, s engedd, hogy a te szellemed bel\u0151l\u00fcnk embert\u00e1rsainkra is ki\u00e1radjon, hogy im\u00e1ds\u00e1g, j\u00f3 p\u00e9lda \u00e9s apostolkod\u00e1s \u00e1ltal veled egy\u00fctt hathat\u00f3san \u00e9p\u00edts\u00fck J\u00e9zus Krisztus orsz\u00e1g\u00e1t. A mi Urunk, J\u00e9zus Krisztus, a te Fiad \u00e1ltal, aki veled \u00e9l \u00e9s uralkodik a Szentl\u00e9lekkel egys\u00e9gben, Isten mind\u00f6r\u00f6kk\u00f6n-\u00f6r\u00f6kk\u00e9. \u00c1men.<\/p>\n<p id=\"4\" style=\"text-align: justify;\"><strong><em>4. nap &#8211; 2023. m\u00e1jus 22. h\u00e9tf\u0151<\/em><\/strong><\/p>\n<p style=\"text-align: justify;\">J\u00f6jj J\u00f3 Tan\u00e1cs Lelke, hogy minden \u00fcgy\u00fcnkben \u00e9s k\u00e9tely\u00fcnkben a helyest megismerj\u00fck, \u00e9s a j\u00f3t v\u00e1lasszuk.<\/p>\n<p style=\"text-align: justify;\"><em>Szent\u00edr\u00e1si r\u00e9sz<\/em>:<\/p>\n<p style=\"text-align: justify;\">\u201eAz \u00fcnnep utols\u00f3, nagy napj\u00e1n J\u00e9zus a templomban volt \u00e9s fennhangon hirdette: \u201eAki szomjazik, j\u00f6jj\u00f6n hozz\u00e1m \u00e9s igy\u00e9k, aki hisz bennem: belsej\u00e9b\u0151l az \u00cdr\u00e1s szava szerint \u00e9l\u0151 v\u00edz foly\u00f3i fakadnak.\u201d Ezt a L\u00e9lekr\u0151l mondta, amelyben a benne h\u00edv\u0151k r\u00e9szes\u00fclnek. A L\u00e9lek ugyanis m\u00e9g nem j\u00f6tt el, mert m\u00e9g nem dics\u0151\u00fclt meg J\u00e9zus.\u201d( Jn 7.37-39 )<\/p>\n<p style=\"text-align: justify;\">J\u00f3 tan\u00e1cs ahhoz, hogy mit tegyek, hogy m\u00e9lyebben tal\u00e1lkozhassam a Szentl\u00e9lekkel?<\/p>\n<p style=\"text-align: justify;\">K\u00fcl\u00f6n\u00f6sen figyelj a Szentl\u00e9lek ind\u00edt\u00e1saira (V\u00f6. Gal 5.16), \u2013 ak\u00e1r a lelkiismeretedben hangzik el az, ak\u00e1r pl. egy testv\u00e9r vagy csal\u00e1dtag k\u00e9r\u00e9se \u00e1ltal. \u2013 Szokd meg, hogy azonnal \u00e9s \u00f6r\u00f6mmel v\u00e1laszolj h\u00edv\u00e1saira, akkor is, ha neh\u00e9z. (Pl. \u00fagy, hogy bens\u0151dben kimondod Neki: \u201cigen!\u201d, s megteszed, amire h\u00edv.)<\/p>\n<p style=\"text-align: justify;\"><em>K\u00e9r\u00e9sek:<\/em><\/p>\n<p style=\"text-align: justify;\">Tarts t\u00e1vol t\u0151l\u00fcnk, h\u00edveidt\u0151l minden szomor\u00fas\u00e1got \u00e9s kishit\u0171s\u00e9get \u2013 K\u00e9r\u00fcnk, t\u00e9ged, hallgass meg minket!<br \/>\nIr\u00e1ny\u00edtsd minden gondolatunkat \u00e9s sz\u00e1nd\u00e9kunkat a mennyeiekre \u2013 K\u00e9r\u00fcnk, t\u00e9ged, hallgass meg minket!<br \/>\n\u0150rizz meg mindny\u00e1junkat a te szent szeretetedben \u2013 K\u00e9r\u00fcnk, t\u00e9ged, hallgass meg minket!<br \/>\nSzentl\u00e9lek Isten! \u2013 J\u00f6jj el k\u00f6z\u00e9nk!<br \/>\nK\u00fcldd el Lelkedet \u00e9s \u00e9letre kel\u00fcnk! \u2013\u00a0 \u00c9s meg\u00faj\u00edtod a f\u00f6ldnek sz\u00edn\u00e9t.<\/p>\n<p style=\"text-align: justify;\">K\u00f6ny\u00f6r\u00f6gj\u00fcnk!\u00a0 Urunk a Te Szentlelked l\u00e1ngoljon fel benn\u00fcnk, vil\u00e1g\u00edtson \u00e9s tiszt\u00edtson meg benn\u00fcnket! \u00c1rassza r\u00e1nk \u00e9gi harmat\u00e1t \u00e9s tegye gy\u00fcm\u00f6lcs\u00f6z\u0151v\u00e9 j\u00f3cselekedeteinket! A mi Urunk, J\u00e9zus Krisztus, a te Fiad \u00e1ltal, aki veled \u00e9l \u00e9s uralkodik a Szentl\u00e9lekkel egys\u00e9gben, Isten mind\u00f6r\u00f6kk\u00f6n-\u00f6r\u00f6kk\u00e9. \u00c1men.<\/p>\n<p id=\"5\" style=\"text-align: justify;\"><strong><em>5. nap &#8211; 2023. m\u00e1jus 23. kedd<\/em><\/strong><\/p>\n<p style=\"text-align: justify;\">J\u00f6jj Er\u0151ss\u00e9g Lelke, hogy a szerencs\u00e9tlens\u00e9gben \u00e9s bajban, a gonosz l\u00e9lek \u00e9s a vil\u00e1g k\u00eds\u00e9rt\u00e9sei k\u00f6z\u00f6tt mindenkor Hozz\u00e1d ragaszkodjunk.<\/p>\n<p style=\"text-align: justify;\"><em>Szent\u00edr\u00e1si r\u00e9sz:\u00a0<\/em><\/p>\n<p style=\"text-align: justify;\">\u201eHa szerettek, tarts\u00e1tok meg parancsaimat, \u00e9n meg majd k\u00e9rem az Aty\u00e1t, \u00e9s m\u00e1s vigasztal\u00f3t ad nektek: az Igazs\u00e1g Lelk\u00e9t, aki \u00f6r\u00f6kk\u00e9 veletek marad. A vil\u00e1g nem kaphatja meg, mert nem l\u00e1tja \u00e9s nem ismeri. De ti ismeritek, mert bennetek van \u00e9s bennetek marad\u2026 S a Vigasztal\u00f3, a Szentl\u00e9lek, akit majd a nevemben k\u00fcld az Atya, megtan\u00edt benneteket mindenre \u00e9s eszetekbe juttat mindent, amit mondtam nektek.\u201d (Jn 14.15-17.26.)<\/p>\n<p style=\"text-align: justify;\">\u00a0<em>B\u00f6lcsess\u00e9g:\u00a0<\/em><\/p>\n<p style=\"text-align: justify;\">&#8222;Besz\u00e9l\u00fcnk a boldogs\u00e1gr\u00f3l, a dolce vita-r\u00f3l, de val\u00f3j\u00e1ban k\u00e9tf\u00e9le ember van csak: a jobb \u00e9s a bal lator. Az egyik k\u00e1romkodik, t\u00e1vlata semmi, szenved\u00e9s\u00e9nek \u00e9rtelm\u00e9t nem tal\u00e1lja, a m\u00e1sik J\u00e9zus arc\u00e1t n\u00e9zi: \u201cUram, eml\u00e9kezz\u00e9l meg r\u00f3lam\u2026\u201d Aligha volt a f\u00f6ld\u00f6n olyan ember, aki a szenved\u00e9s titk\u00e1t kiker\u00fclhette volna.\u201d (Szab\u00f3 J\u00e1nos)<\/p>\n<p style=\"text-align: justify;\">J\u00f3 tan\u00e1cs ahhoz, hogy mit tegyek, hogy m\u00e9lyebben tal\u00e1lkozhassam a Szentl\u00e9lekkel?<\/p>\n<p style=\"text-align: justify;\">L\u00e9pj ki magadb\u00f3l. Minden nap \u00fagy indulj reggeli im\u00e1db\u00f3l, hogy: ma \u201ekeresztre akarom szegezni\u201d \u00f6nz\u00e9semet, hogy J\u00e9zus \u00e9lhessen bennem. (V\u00f6. Gal 2,20.)\u00a0 \u2013 T\u00e9gy konkr\u00e9t elhat\u00e1roz\u00e1st: pl. ma oda fogok l\u00e9pni ahhoz, aki tegnap megb\u00e1ntott, vagy felh\u00edvom azt, akivel r\u00e9g nem tal\u00e1lkoztam. \u2013 S ha szeretsz, J\u00e9zus \u00e9s a L\u00e9lek kinyilatkoztatja mag\u00e1t Neked. (v\u00f6. Jn 14,21)<\/p>\n<p style=\"text-align: justify;\"><em>K\u00e9r\u00e9sek:<\/em><\/p>\n<p style=\"text-align: justify;\">Szentl\u00e9lek, az er\u0151ss\u00e9g Lelke \u2013 J\u00f6jj el k\u00f6z\u00e9nk!<br \/>\nVigasztal\u00f3 L\u00e9lek \u2013 J\u00f6jj el k\u00f6z\u00e9nk!<br \/>\nSzentl\u00e9lek Isten! \u2013 J\u00f6jj el k\u00f6z\u00e9nk!<br \/>\nK\u00fcldd el Lelkedet \u00e9s \u00e9letre kel\u00fcnk! \u2013\u00a0 \u00c9s meg\u00faj\u00edtod a f\u00f6ldnek sz\u00edn\u00e9t.<\/p>\n<p style=\"text-align: justify;\">K\u00f6ny\u00f6r\u00f6gj\u00fcnk! Szentl\u00e9lek \u00daristen, kit az \u00dar J\u00e9zus, Egyh\u00e1z\u00e1nak meg\u00edg\u00e9rt \u00e9s P\u00fcnk\u00f6sd napj\u00e1n elk\u00fcld\u00f6tt: l\u00e9gy a mi lelk\u00fcnknek is \u00e1lland\u00f3, kedves vend\u00e9ge. \u0150rizd meg \u00e9s gyarap\u00edtsd benn\u00fcnk a te megszentel\u0151 kegyelmedet, s gy\u00fajtsd l\u00e1ngra sz\u00edv\u00fcnkben a szunnyad\u00f3 isteni er\u00e9nyeket. \u00c9kes\u00edts fel minket, a te templomaidat, h\u00e9t aj\u00e1nd\u00e9koddal, s engedd, hogy a te szellemed bel\u0151l\u00fcnk embert\u00e1rsainkra is ki\u00e1radjon, hogy im\u00e1ds\u00e1g, j\u00f3 p\u00e9lda \u00e9s apostolkod\u00e1s \u00e1ltal veled egy\u00fctt hathat\u00f3san \u00e9p\u00edts\u00fck J\u00e9zus Krisztus orsz\u00e1g\u00e1t. A mi Urunk, J\u00e9zus Krisztus, a te Fiad \u00e1ltal, aki veled \u00e9l \u00e9s uralkodik a Szentl\u00e9lekkel egys\u00e9gben, Isten mind\u00f6r\u00f6kk\u00f6n-\u00f6r\u00f6kk\u00e9. \u00c1men.<\/p>\n<p id=\"6\" style=\"text-align: justify;\"><strong><em>6. nap &#8211; 2023. m\u00e1jus 24. szerda<\/em><\/strong><\/p>\n<p style=\"text-align: justify;\">J\u00f6jj Tudom\u00e1ny Lelke, hogy mindig tan\u00edt\u00e1said \u00f6sv\u00e9ny\u00e9n j\u00e1rjunk.<\/p>\n<p style=\"text-align: justify;\"><em>Szent\u00edr\u00e1si r\u00e9sz:\u00a0<\/em><\/p>\n<p style=\"text-align: justify;\">\u201eDe az igazs\u00e1got mondtam: Jobb nektek, ha elmegyek, mert ha nem megyek el, akkor nem j\u00f6n el hozz\u00e1tok a Vigasztal\u00f3. Ha azonban elmegyek, akkor elk\u00fcld\u00f6m. Amikor elj\u00f6n, meggy\u0151zi a vil\u00e1got a b\u0171nr\u0151l, az igazs\u00e1gr\u00f3l \u00e9s az \u00edt\u00e9letr\u0151l. A b\u0171nr\u0151l, ami\u00e9rt nem hittek bennem. Az igazs\u00e1gr\u00f3l, hogy az Aty\u00e1hoz megyek, s t\u00f6bb\u00e9 nem l\u00e1ttok. Az \u00edt\u00e9letr\u0151l, mivel a vil\u00e1g fejedelme \u00edt\u00e9let al\u00e1 esett. M\u00e9g sok mondanival\u00f3m volna, de nem vagytok hozz\u00e1 el\u00e9g er\u0151sek. Hanem amikor elj\u00f6n az Igazs\u00e1g Lelke, \u0151 majd elvezet benneteket a teljes igazs\u00e1gra. Nem mag\u00e1t\u00f3l fog besz\u00e9lni, hanem azt mondja el, amit hall, \u00e9s a j\u00f6vend\u0151t fogja hirdetni nektek.\u201d (Jn 16,7-13)<\/p>\n<p style=\"text-align: justify;\">J\u00f3 tan\u00e1cs ahhoz, hogy mit tegyek, hogy m\u00e9lyebben tal\u00e1lkozhassam a Szentl\u00e9lekkel?<\/p>\n<p style=\"text-align: justify;\">Hidd \u00e9s rem\u00e9ld, hogy ha J\u00e9zussal egyes\u00fclten \u00e9lsz (a L\u00e9lekben), \u0150 k\u00e9pes minden neh\u00e9zs\u00e9g k\u00f6zepette \u2013 k\u00f6zrem\u0171k\u00f6d\u00e9sedet is felhaszn\u00e1lva \u2013 meg\u00faj\u00edtani k\u00f6z\u00f6ss\u00e9gedet \u00e9s az Egyh\u00e1zat. Ezt a rem\u00e9nyt sug\u00e1rozz\u00e1k \u00e9leted \u00e9s szavaid. (V\u00f6. Rom 15,13; Ef 1, 17-19) S ezzel a v\u00e1ggyal j\u00e1rulj a J\u00e9zussal egyes\u00edt\u0151 szents\u00e9gekhez!<\/p>\n<p style=\"text-align: justify;\"><em>K\u00e9r\u00e9sek:<\/em><\/p>\n<p style=\"text-align: justify;\">Szentl\u00e9lek, az \u00e9rtelem \u00e9s tudom\u00e1ny Lelke \u2013 J\u00f6jj el k\u00f6z\u00e9nk!<br \/>\nA kev\u00e9lys\u00e9g szellem\u00e9t\u0151l \u2013 Ments meg minket, Szentl\u00e9lek!<br \/>\nA hamiss\u00e1g \u00e9s k\u00e9tsz\u00edn\u0171s\u00e9g szellem\u00e9t\u0151l \u2013 Ments meg minket, Szentl\u00e9lek!<br \/>\nSzentl\u00e9lek Isten! \u2013\u00a0 J\u00f6jj el k\u00f6z\u00e9nk!<br \/>\nK\u00fcldd el Lelkedet \u00e9s \u00e9letre kel\u00fcnk!\u00a0 \u2013\u00a0 \u00c9s meg\u00faj\u00edtod a f\u00f6ldnek sz\u00edn\u00e9t.<\/p>\n<p style=\"text-align: justify;\">K\u00f6ny\u00f6r\u00f6gj\u00fcnk!\u00a0 Urunk a Te Szentlelked l\u00e1ngoljon fel benn\u00fcnk, vil\u00e1g\u00edtson \u00e9s tiszt\u00edtson meg benn\u00fcnket! \u00c1rassza r\u00e1nk \u00e9gi harmat\u00e1t \u00e9s tegye gy\u00fcm\u00f6lcs\u00f6z\u0151v\u00e9 j\u00f3cselekedeteinket! A mi Urunk, J\u00e9zus Krisztus, a te Fiad \u00e1ltal, aki veled \u00e9l \u00e9s uralkodik a Szentl\u00e9lekkel egys\u00e9gben, Isten mind\u00f6r\u00f6kk\u00f6n-\u00f6r\u00f6kk\u00e9. \u00c1men.<\/p>\n<p id=\"7\" style=\"text-align: justify;\"><strong><em>7. nap &#8211; 2023. m\u00e1jus 25. cs\u00fct\u00f6rt\u00f6k\u00a0<\/em><\/strong><\/p>\n<p style=\"text-align: justify;\">J\u00f6jj J\u00e1mbors\u00e1g Lelke, hogy a j\u00f6v\u0151ben buzg\u00f3bban szolg\u00e1ljunk Neked, parancsaidat megtartsuk, \u00e9s sugallataidat h\u0171s\u00e9gesen k\u00f6vess\u00fck.<\/p>\n<p style=\"text-align: justify;\"><em>Szent\u00edr\u00e1si r\u00e9sz:<\/em><\/p>\n<p style=\"text-align: justify;\">\u201e\u00c9n meg ki\u00e1rasztom r\u00e1tok Aty\u00e1m \u00edg\u00e9ret\u00e9t. Maradjatok a v\u00e1rosban, m\u00edg fel nem \u00f6ltitek a magass\u00e1gb\u00f3l val\u00f3 er\u0151t.\u201d (Lk 24.49)<\/p>\n<p style=\"text-align: justify;\">J\u00f3 tan\u00e1cs ahhoz, hogy mit tegyek, hogy m\u00e9lyebben tal\u00e1lkozhassam a Szentl\u00e9lekkel?<\/p>\n<p style=\"text-align: justify;\">Im\u00e1dkozz m\u00e9lyebben! Minden im\u00e1ban tudatos\u00edtsd, hogy J\u00e9zus jelen van benned, \u00e9s \u0150 egyszerre a v\u00e9gtelen Isten. K\u00e9rd ima el\u0151tt a Szentlelket, hogy tan\u00edtson im\u00e1dkozni, szem\u00e9lyesen megsz\u00f3l\u00edtani \u00e9s szeretni J\u00e9zust. (Pl. \u00edgy: \u201cJ\u00f6jj Szentl\u00e9lek! Vil\u00e1gos\u00edts meg! Nyisd meg a lelkem!\u201d) (V\u00f6. Rom 8,14-16, 26; Gal 4,6) Biztos\u00edts \u00e1lland\u00f3 id\u0151pontokat im\u00e1ds\u00e1godnak (pl. minden reggel \u00e9s este ugyanazon id\u0151ben egy-egy negyed\u00f3ra\u2026), s a szents\u00e9gim\u00e1d\u00e1snak is (ha lehet, azonos napon, azonos id\u0151ben).<\/p>\n<p style=\"text-align: justify;\"><em>K\u00e9r\u00e9sek:<\/em><\/p>\n<p style=\"text-align: justify;\">Szentl\u00e9lek, a j\u00e1mbors\u00e1g \u00e9s isteni f\u00e9lelem Lelke \u2013 J\u00f6jj el k\u00f6z\u00e9nk!<br \/>\nSzentl\u00e9lek, az Anyaszentegyh\u00e1z korm\u00e1nyz\u00f3ja \u2013 J\u00f6jj el k\u00f6z\u00e9nk!<br \/>\nSzentl\u00e9lek, a Szentatya tan\u00edt\u00e1s\u00e1nak \u0151re \u2013 J\u00f6jj el k\u00f6z\u00e9nk!<br \/>\nSzentl\u00e9lek Isten! \u2013 J\u00f6jj el k\u00f6z\u00e9nk!<br \/>\nK\u00fcldd el Lelkedet \u00e9s \u00e9letre kel\u00fcnk!\u00a0 \u2013\u00a0 \u00c9s meg\u00faj\u00edtod a f\u00f6ldnek sz\u00edn\u00e9t.<\/p>\n<p style=\"text-align: justify;\">K\u00f6ny\u00f6r\u00f6gj\u00fcnk! Szentl\u00e9lek \u00daristen, kit az \u00dar J\u00e9zus, Egyh\u00e1z\u00e1nak meg\u00edg\u00e9rt \u00e9s P\u00fcnk\u00f6sd napj\u00e1n elk\u00fcld\u00f6tt: l\u00e9gy a mi lelk\u00fcnknek is \u00e1lland\u00f3, kedves vend\u00e9ge. \u0150rizd meg \u00e9s gyarap\u00edtsd benn\u00fcnk a te megszentel\u0151 kegyelmedet, s gy\u00fajtsd l\u00e1ngra sz\u00edv\u00fcnkben a szunnyad\u00f3 isteni er\u00e9nyeket. \u00c9kes\u00edts fel minket, a te templomaidat, h\u00e9t aj\u00e1nd\u00e9koddal, s engedd, hogy a te szellemed bel\u0151l\u00fcnk embert\u00e1rsainkra is ki\u00e1radjon, hogy im\u00e1ds\u00e1g, j\u00f3 p\u00e9lda \u00e9s apostolkod\u00e1s \u00e1ltal veled egy\u00fctt hathat\u00f3san \u00e9p\u00edts\u00fck J\u00e9zus Krisztus orsz\u00e1g\u00e1t. A mi Urunk, J\u00e9zus Krisztus, a te Fiad \u00e1ltal, aki veled \u00e9l \u00e9s uralkodik a Szentl\u00e9lekkel egys\u00e9gben, Isten mind\u00f6r\u00f6kk\u00f6n-\u00f6r\u00f6kk\u00e9. \u00c1men.<\/p>\n<p id=\"8\" style=\"text-align: justify;\"><strong><em>8. nap &#8211; 2023. m\u00e1jus 26. p\u00e9ntek<\/em><\/strong><\/p>\n<p style=\"text-align: justify;\">J\u00f6jj Istenf\u00e9lelem Lelke, hogy Isten jelenl\u00e9t\u00e9r\u0151l mindig \u00e9s minden\u00fctt megeml\u00e9kezz\u00fcnk, \u00e9s elker\u00fclj\u00fck, ami megb\u00e1nt\u00e1sa volna.<\/p>\n<p style=\"text-align: justify;\"><em>Szent\u00edr\u00e1si r\u00e9sz:\u00a0<\/em><\/p>\n<p style=\"text-align: justify;\">\u201eEgyszer, amikor egy\u00fctt evett vel\u00fck, megparancsolta nekik, hogy ne hagyj\u00e1k el Jeruzs\u00e1lemet, hanem v\u00e1rjanak az Atya \u00edg\u00e9ret\u00e9re, \u201eamelyr\u0151l \u2013 \u00fagymond \u2013 t\u0151lem hallottatok: Mert J\u00e1nos csak v\u00edzzel keresztelt, de ti n\u00e9h\u00e1ny nap m\u00falva a Szentl\u00e9lekkel fogtok megkeresztelkedni.\u201d (ApCsel 1,4-5)<\/p>\n<p style=\"text-align: justify;\"><em>B\u00f6lcsess\u00e9g:\u00a0<\/em><\/p>\n<p style=\"text-align: justify;\">Egy b\u00f6lcs a dolgoz\u00f3szob\u00e1j\u00e1ban tartott egy hatalmas inga\u00f3r\u00e1t, amely minden \u00f3r\u00e1ban \u00fcnnep\u00e9lyes lass\u00fas\u00e1ggal, de ugyanakkor nagy d\u00f6rg\u00e9sek k\u00f6zepette sz\u00f3lalt meg.<\/p>\n<p style=\"text-align: justify;\">\u00a0\u2013 Nem zavarja? \u2013 k\u00e9rdezte egyik di\u00e1kja.<\/p>\n<p style=\"text-align: justify;\">\u00a0Nem \u2013 v\u00e1laszolta a b\u00f6lcs -, mert \u00edgy minden \u00f3r\u00e1ban meg kell k\u00e9rdeznem magamt\u00f3l, hogy mit csin\u00e1ltam az elm\u00falt \u00f3r\u00e1ban.<\/p>\n<p style=\"text-align: justify;\">J\u00f3 tan\u00e1cs ahhoz, hogy mit tegyek, hogy m\u00e9lyebben tal\u00e1lkozhassam a Szentl\u00e9lekkel?<\/p>\n<p style=\"text-align: justify;\">Merj mindig \u00fajra kezdeni! Min\u00e9l ink\u00e1bb magunkban b\u00edzunk, ann\u00e1l gyakrabban eles\u00fcnk. Ha a benn\u00fcnk \u00e9l\u0151 Megv\u00e1lt\u00f3ra s a L\u00e9lek vezet\u00e9s\u00e9re b\u00edzzuk magunkat, cs\u00f6kkennek az eles\u00e9sek. (Ez a fejl\u0151d\u00e9s eg\u00e9sz \u00e9let\u00fcnk \u00fatja. Rom 8,5-11) Ha hiszel, minden eles\u00e9sed, gyenges\u00e9ged ellen\u00e9re a L\u00e9lek kialak\u00edtja benned J\u00e9zust. (Ez 36,26; 2 Kor 4,5-7)<\/p>\n<p style=\"text-align: justify;\">\u00a0<em>K\u00e9r\u00e9sek:<\/em><\/p>\n<p style=\"text-align: justify;\">Tan\u00edts meg minket im\u00e1dkozni \u00e9s im\u00e1dkozz benn\u00fcnk, \u2013 J\u00f6jj el k\u00f6z\u00e9nk!<br \/>\nSeg\u00edts egym\u00e1st szeretn\u00fcnk \u00e9s elviseln\u00fcnk, \u2013 J\u00f6jj el k\u00f6z\u00e9nk!<br \/>\nTe l\u00e9gy \u00f6r\u00f6k jutalmunk, \u2013 J\u00f6jj el k\u00f6z\u00e9nk!<br \/>\nSzentl\u00e9lek Isten! \u2013 J\u00f6jj el k\u00f6z\u00e9nk!<br \/>\nK\u00fcldd el Lelkedet \u00e9s \u00e9letre kel\u00fcnk! \u2013\u00a0 \u00c9s meg\u00faj\u00edtod a f\u00f6ldnek sz\u00edn\u00e9t.<\/p>\n<p style=\"text-align: justify;\">K\u00f6ny\u00f6r\u00f6gj\u00fcnk!\u00a0 Urunk a Te Szentlelked l\u00e1ngoljon fel benn\u00fcnk, vil\u00e1g\u00edtson \u00e9s tiszt\u00edtson meg benn\u00fcnket! \u00c1rassza r\u00e1nk \u00e9gi harmat\u00e1t \u00e9s tegye gy\u00fcm\u00f6lcs\u00f6z\u0151v\u00e9 j\u00f3cselekedeteinket! A mi Urunk, J\u00e9zus Krisztus, a te Fiad \u00e1ltal, aki veled \u00e9l \u00e9s uralkodik a Szentl\u00e9lekkel egys\u00e9gben, Isten mind\u00f6r\u00f6kk\u00f6n-\u00f6r\u00f6kk\u00e9. \u00c1men.<\/p>\n<p id=\"9\" style=\"text-align: justify;\"><strong><em>9. nap &#8211; 2023. m\u00e1jus 27. szombat<\/em><\/strong><\/p>\n<p style=\"text-align: justify;\">\u00a0Mennyei Kir\u00e1ly, Vigasztal\u00f3,<br \/>\nigazs\u00e1gnak Lelke,<br \/>\nki minden\u00fctt jelen vagy<br \/>\n\u00e9s mindeneket bet\u00f6ltesz,<br \/>\nminden j\u00f3nak k\u00fatfeje \u00e9s az \u00e9letnek megad\u00f3ja,<br \/>\nj\u00f6jj el \u00e9s lakozz\u00e1l mibenn\u00fcnk,<br \/>\n\u00e9s tiszt\u00edts meg minket minden szennyt\u0151l,<br \/>\n\u00e9s \u00fcdv\u00f6z\u00edtsd, J\u00f3s\u00e1gos, a mi lelk\u00fcnket!<br \/>\n(G\u00f6r\u00f6gkatolikus liturgi\u00e1b\u00f3l)<\/p>\n<p style=\"text-align: justify;\">\u00a0<em>Szent\u00edr\u00e1si r\u00e9sz:\u00a0<\/em><\/p>\n<p style=\"text-align: justify;\">\u201eSz\u00f3lhatok az emberek vagy az angyalok nyelv\u00e9n, ha szeretet nincs bennem, csak zeng\u0151 \u00e9rc vagyok vagy peng\u0151 cimbalom. Lehet pr\u00f3f\u00e9t\u00e1l\u00f3 tehets\u00e9gem, ismerhetem az \u00f6sszes titkokat \u00e9s mind a tudom\u00e1nyokat, hitemmel elmozd\u00edthatom a hegyeket, ha szeretet nincs bennem, mit sem \u00e9rek. Sz\u00e9toszthatom mindenemet a n\u00e9lk\u00fcl\u00f6z\u0151k k\u00f6zt, odaadhatom a testemet is \u00e9g\u0151\u00e1ldozatul, ha szeretet nincs bennem, mit sem haszn\u00e1l nekem. A szeretet t\u00fcrelmes, a szeretet j\u00f3s\u00e1gos, a szeretet nem f\u00e9lt\u00e9keny, nem k\u00e9rkedik, nem is kev\u00e9ly. Nem tapintatlan, nem keresi a maga jav\u00e1t, nem gerjed haragra, a rosszat nem r\u00f3ja fel. Nem \u00f6r\u00fcl a gonoszs\u00e1gnak, \u00f6r\u00f6m\u00e9t az igazs\u00e1g gy\u0151zelm\u00e9ben leli. Mindent elt\u0171r, mindent elhisz, mindent rem\u00e9l, mindent elvisel. S a szeretet nem sz\u0171nik meg soha. A pr\u00f3f\u00e9t\u00e1l\u00e1s v\u00e9get \u00e9r, a nyelvek elhallgatnak, a tudom\u00e1ny eleny\u00e9szik. Most megismer\u00e9s\u00fcnk csak t\u00f6red\u00e9kes, \u00e9s t\u00f6red\u00e9kes a pr\u00f3f\u00e9t\u00e1l\u00e1sunk is. Ha azonban el\u00e9rkezik a t\u00f6k\u00e9letes, ami t\u00f6red\u00e9kes, az v\u00e9get \u00e9r. Gyermekkoromban \u00fagy besz\u00e9ltem, mint a gyerek, \u00fagy gondolkoztam, mint a gyerek, \u00fagy \u00edt\u00e9ltem, mint a gyerek. De amikor el\u00e9rtem a f\u00e9rfikort, elhagytam a gyerek szok\u00e1sait. Ma m\u00e9g csak t\u00fck\u00f6rben, hom\u00e1lyosan l\u00e1tunk, akkor majd sz\u00ednr\u0151l sz\u00ednre. Most m\u00e9g csak t\u00f6red\u00e9kes a tud\u00e1som, akkor majd \u00fagy ismerek mindent, ahogy most engem ismernek. Addig megmarad a hit, a rem\u00e9ny \u00e9s a szeretet, ez a h\u00e1rom, de k\u00f6z\u00fcl\u00fck a legnagyobb a szeretet.\u201d(1Kor 13)<\/p>\n<p style=\"text-align: justify;\">J\u00f3 tan\u00e1cs ahhoz, hogy mit tegyek, hogy m\u00e9lyebben tal\u00e1lkozhassam a Szentl\u00e9lekkel?<\/p>\n<p style=\"text-align: justify;\">\u00c9p\u00edtsd a szeretetet, az egyet\u00e9rt\u00e9st, k\u00fcl\u00f6n\u00f6sen ott, ahol kritik\u00e1val, sz\u00e9th\u00faz\u00e1ssal tal\u00e1lkozol. (Pl. hat\u00e1rozd el, hogy aznap mindenkir\u0151l j\u00f3t mondasz.) (V\u00f6. Rom 13,8; 2 Kor 13,13)<\/p>\n<p style=\"text-align: justify;\"><em>K\u00e9r\u00e9sek:<\/em><br \/>\nSzentl\u00e9lek, az Aty\u00e1nak \u00e9s Fi\u00fanak k\u00f6z\u00f6s szeretete \u00e9s boldogs\u00e1ga \u2013 J\u00f6jj el k\u00f6z\u00e9nk!<br \/>\nAz \u00dar Lelke, aki mindeneket megt\u00f6ltesz \u2013 J\u00f6jj el k\u00f6z\u00e9nk!<br \/>\nSzentl\u00e9lek Isten! \u2013 J\u00f6jj el k\u00f6z\u00e9nk!<br \/>\nK\u00fcldd el Lelkedet \u00e9s \u00e9letre kel\u00fcnk! \u2013\u00a0 \u00c9s meg\u00faj\u00edtod a f\u00f6ldnek sz\u00edn\u00e9t.<\/p>\n<p style=\"text-align: justify;\">K\u00f6ny\u00f6r\u00f6gj\u00fcnk!\u00a0 Urunk a Te Szentlelked l\u00e1ngoljon fel benn\u00fcnk, vil\u00e1g\u00edtson \u00e9s tiszt\u00edtson meg benn\u00fcnket! \u00c1rassza r\u00e1nk \u00e9gi harmat\u00e1t \u00e9s tegye gy\u00fcm\u00f6lcs\u00f6z\u0151v\u00e9 j\u00f3cselekedeteinket! A mi Urunk, J\u00e9zus Krisztus, a te Fiad \u00e1ltal, aki veled \u00e9l \u00e9s uralkodik a Szentl\u00e9lekkel egys\u00e9gben, Isten mind\u00f6r\u00f6kk\u00f6n-\u00f6r\u00f6kk\u00e9. \u00c1men.<\/p>\n","protected":false},"excerpt":{"rendered":"<p>P\u00fcnk\u00f6sd nagy \u00fcnnep\u00e9re, a Szentl\u00e9lek elj\u00f6vetel\u00e9re k\u00e9sz\u00fclve im\u00e1dkozzuk a Szentl\u00e9lek kilencedet m\u00e1jus 19. p\u00e9ntekt\u0151l m\u00e1jus 27. szombatig. 1. nap &#8211; 2023. m\u00e1jus 19. p\u00e9ntek Szentl\u00e9lek \u00daristen, Te az Aty\u00e1t\u00f3l \u00e9s Fi\u00fat\u00f3l \u00f6r\u00f6kt\u0151l fogva sz\u00e1rmazol, s az Aty\u00e1val \u00e9s a Fi\u00faval egyl\u00e9nyeg\u0171 vagy. Te vagy a kegyelmek forr\u00e1sa, b\u0151kez\u0171 adom\u00e1nyoz\u00f3ja. J\u00f6jj el Szentl\u00e9lek \u00daristen, t\u00f6ltsd be [&hellip;]<\/p>\n","protected":false},"author":4,"featured_media":10546,"comment_status":"open","ping_status":"open","sticky":false,"template":"","format":"standard","meta":{"_acf_changed":false,"_et_pb_use_builder":"","_et_pb_old_content":"","_et_gb_content_width":"","footnotes":""},"categories":[10,59],"tags":[],"class_list":["post-10545","post","type-post","status-publish","format-standard","has-post-thumbnail","hentry","category-aktualis-hirek","category-egyhazmegyenk-hirei","et-has-post-format-content","et_post_format-et-post-format-standard"],"acf":[],"_links":{"self":[{"href":"https:\/\/munkacs-diocese.org\/hu\/wp-json\/wp\/v2\/posts\/10545"}],"collection":[{"href":"https:\/\/munkacs-diocese.org\/hu\/wp-json\/wp\/v2\/posts"}],"about":[{"href":"https:\/\/munkacs-diocese.org\/hu\/wp-json\/wp\/v2\/types\/post"}],"author":[{"embeddable":true,"href":"https:\/\/munkacs-diocese.org\/hu\/wp-json\/wp\/v2\/users\/4"}],"replies":[{"embeddable":true,"href":"https:\/\/munkacs-diocese.org\/hu\/wp-json\/wp\/v2\/comments?post=10545"}],"version-history":[{"count":2,"href":"https:\/\/munkacs-diocese.org\/hu\/wp-json\/wp\/v2\/posts\/10545\/revisions"}],"predecessor-version":[{"id":10548,"href":"https:\/\/munkacs-diocese.org\/hu\/wp-json\/wp\/v2\/posts\/10545\/revisions\/10548"}],"wp:featuredmedia":[{"embeddable":true,"href":"https:\/\/munkacs-diocese.org\/hu\/wp-json\/wp\/v2\/media\/10546"}],"wp:attachment":[{"href":"https:\/\/munkacs-diocese.org\/hu\/wp-json\/wp\/v2\/media?parent=10545"}],"wp:term":[{"taxonomy":"category","embeddable":true,"href":"https:\/\/munkacs-diocese.org\/hu\/wp-json\/wp\/v2\/categories?post=10545"},{"taxonomy":"post_tag","embeddable":true,"href":"https:\/\/munkacs-diocese.org\/hu\/wp-json\/wp\/v2\/tags?post=10545"}],"curies":[{"name":"wp","href":"https:\/\/api.w.org\/{rel}","templated":true}]}}