{"id":10483,"date":"2023-05-08T14:40:15","date_gmt":"2023-05-08T12:40:15","guid":{"rendered":"https:\/\/munkacs-diocese.org\/hu\/?p=10483"},"modified":"2023-05-08T14:48:21","modified_gmt":"2023-05-08T12:48:21","slug":"koszonjuk-szentatya-beszamolo-a-munkacsi-egyhazmegye-ferenc-papaval-valo-talalkozasarol","status":"publish","type":"post","link":"https:\/\/munkacs-diocese.org\/hu\/2023\/05\/08\/koszonjuk-szentatya-beszamolo-a-munkacsi-egyhazmegye-ferenc-papaval-valo-talalkozasarol\/","title":{"rendered":"K\u00f6sz\u00f6nj\u00fck Szentatya!!! &#8211; Besz\u00e1mol\u00f3 a Munk\u00e1csi Egyh\u00e1zmegye Ferenc p\u00e1p\u00e1val val\u00f3 tal\u00e1lkoz\u00e1s\u00e1r\u00f3l"},"content":{"rendered":"<div id=\"fb-root\"><\/div>\n<p style=\"text-align: justify;\">Ragyog\u00f3 k\u00e9k \u00e9gbolt, szikr\u00e1z\u00f3 tavaszi naps\u00fct\u00e9s, l\u00e1gy szell\u0151 a Duna fel\u0151l\u2026 K\u00f6r\u00fcl\u00f6ttem \u00e9s szorosan mellettem sok ezer ember\u2026 H\u00e1tt\u00e9rben a csod\u00e1latos Parlament \u00e9p\u00fclete\u2026 Kicsiny \u00e9s nagyobb m\u00e9ret\u0171 z\u00e1szl\u00f3kat lengetnek gyerekek, fiatalok, feln\u0151ttek: s\u00e1rga-feh\u00e9r, piros-feh\u00e9r-z\u00f6ld, k\u00e9k-s\u00e1rga sz\u00ednek \u2013 ez csak ami a l\u00e1t\u00f3sz\u00f6gembe esik, de jelen vannak m\u00e1s nemzetek is. Mi vagy Ki hozott \u00f6ssze minket? Mi\u00e9rt cser\u00e9lt\u00fck fel a puha \u00e1gyat a kem\u00e9ny f\u00f6lddel, a \u201ej\u00f3l kialszom magam\u201d \u00e9rz\u00e9st a \u201emindenfel\u0151l szorongat a t\u00f6meg\u201d \u00e9rz\u00e9ssel? Ah\u00e1nyan vagyunk, annyif\u00e9le v\u00e1laszt tudn\u00e1nk adni a k\u00e9rd\u00e9sekre. \u00c9s ez \u00edgy van j\u00f3l. Hiszen m\u00e1r d\u00f6nt\u00f6tt\u00fcnk: \u201efelcser\u00e9lt\u00fck\u201d, \u00e9s nem b\u00e1ntuk meg!<\/p>\n\n\t\t<style type=\"text\/css\">\n\t\t\t#gallery-1 {\n\t\t\t\tmargin: auto;\n\t\t\t}\n\t\t\t#gallery-1 .gallery-item {\n\t\t\t\tfloat: left;\n\t\t\t\tmargin-top: 10px;\n\t\t\t\ttext-align: center;\n\t\t\t\twidth: 50%;\n\t\t\t}\n\t\t\t#gallery-1 img {\n\t\t\t\tborder: 2px solid #cfcfcf;\n\t\t\t}\n\t\t\t#gallery-1 .gallery-caption {\n\t\t\t\tmargin-left: 0;\n\t\t\t}\n\t\t\t\/* see gallery_shortcode() in wp-includes\/media.php *\/\n\t\t<\/style>\n\t\t<div id='gallery-1' class='gallery galleryid-10483 gallery-columns-2 gallery-size-full'><dl class='gallery-item'>\n\t\t\t<dt class='gallery-icon landscape'>\n\t\t\t\t<a href='https:\/\/munkacs-diocese.org\/hu\/2023\/05\/08\/koszonjuk-szentatya-beszamolo-a-munkacsi-egyhazmegye-ferenc-papaval-valo-talalkozasarol\/343941382_927966018425675_728424777312899220_n\/'><img loading=\"lazy\" decoding=\"async\" width=\"2048\" height=\"1131\" src=\"https:\/\/munkacs-diocese.org\/hu\/wp-content\/uploads\/2023\/05\/343941382_927966018425675_728424777312899220_n-e1683547007388.jpg\" class=\"attachment-full size-full\" alt=\"\" srcset=\"https:\/\/munkacs-diocese.org\/hu\/wp-content\/uploads\/2023\/05\/343941382_927966018425675_728424777312899220_n-e1683547007388.jpg 2048w, https:\/\/munkacs-diocese.org\/hu\/wp-content\/uploads\/2023\/05\/343941382_927966018425675_728424777312899220_n-e1683547007388-300x166.jpg 300w, https:\/\/munkacs-diocese.org\/hu\/wp-content\/uploads\/2023\/05\/343941382_927966018425675_728424777312899220_n-e1683547007388-1024x566.jpg 1024w, https:\/\/munkacs-diocese.org\/hu\/wp-content\/uploads\/2023\/05\/343941382_927966018425675_728424777312899220_n-e1683547007388-768x424.jpg 768w, https:\/\/munkacs-diocese.org\/hu\/wp-content\/uploads\/2023\/05\/343941382_927966018425675_728424777312899220_n-e1683547007388-1536x848.jpg 1536w, https:\/\/munkacs-diocese.org\/hu\/wp-content\/uploads\/2023\/05\/343941382_927966018425675_728424777312899220_n-e1683547007388-1080x596.jpg 1080w\" sizes=\"(max-width: 2048px) 100vw, 2048px\" \/><\/a>\n\t\t\t<\/dt><\/dl><dl class='gallery-item'>\n\t\t\t<dt class='gallery-icon landscape'>\n\t\t\t\t<a href='https:\/\/munkacs-diocese.org\/hu\/2023\/05\/08\/koszonjuk-szentatya-beszamolo-a-munkacsi-egyhazmegye-ferenc-papaval-valo-talalkozasarol\/attachment\/6374\/'><img loading=\"lazy\" decoding=\"async\" width=\"1280\" height=\"704\" src=\"https:\/\/munkacs-diocese.org\/hu\/wp-content\/uploads\/2023\/05\/6374-e1683547038346.jpg\" class=\"attachment-full size-full\" alt=\"\" srcset=\"https:\/\/munkacs-diocese.org\/hu\/wp-content\/uploads\/2023\/05\/6374-e1683547038346.jpg 1280w, https:\/\/munkacs-diocese.org\/hu\/wp-content\/uploads\/2023\/05\/6374-e1683547038346-300x165.jpg 300w, https:\/\/munkacs-diocese.org\/hu\/wp-content\/uploads\/2023\/05\/6374-e1683547038346-1024x563.jpg 1024w, https:\/\/munkacs-diocese.org\/hu\/wp-content\/uploads\/2023\/05\/6374-e1683547038346-768x422.jpg 768w, https:\/\/munkacs-diocese.org\/hu\/wp-content\/uploads\/2023\/05\/6374-e1683547038346-1080x594.jpg 1080w\" sizes=\"(max-width: 1280px) 100vw, 1280px\" \/><\/a>\n\t\t\t<\/dt><\/dl><br style=\"clear: both\" \/>\n\t\t<\/div>\n\n<p style=\"text-align: justify;\">\u201eEz a k\u00e9t nap tele volt meglepet\u00e9sekkel, olyan pillanatokkal, amelyekben egy-egy csod\u00e1latos aj\u00e1nd\u00e9kot kaptam a J\u00f3istent\u0151l. Emberek, akiket az utamba vezetett \u00e9s rajtuk kereszt\u00fcl \u00fajra\u00e9lesztette a f\u00e9nyt bennem, \u00e9s er\u0151t adott nekem. A t\u00f6meg, amihez ilyen form\u00e1ban nem vagyok hozz\u00e1szokva, el\u0151sz\u00f6r ijedelmet keltett bennem, de a v\u00e9g\u00e9re boldog voltam, hogy osztozhattam vel\u00fck egy ilyen csod\u00e1s \u00e9lm\u00e9nyben, amihez foghat\u00f3t m\u00e9g nem \u00e9ltem \u00e1t. Er\u0151t \u00e9s b\u00e1tors\u00e1got kaptam ett\u0151l a k\u00e9t napt\u00f3l. K\u00f6sz\u00f6n\u00f6m az embereknek, akik jelenl\u00e9t\u00fckkel bearanyozt\u00e1k ezeket a pillanatokat, \u00e9s akikkel egy\u00fctt lehettem ebben a \u201evar\u00e1zslatban\u201d \u2013 osztotta meg a nap v\u00e9g\u00e9n \u00e9lm\u00e9nyeit a Munk\u00e1csi Egyh\u00e1zmegy\u00e9b\u0151l \u00f6t busszal \u00e9rkez\u0151 zar\u00e1ndokok egyike, aki Beregsz\u00e1szban \u00e9l.<\/p>\n\n\t\t<style type=\"text\/css\">\n\t\t\t#gallery-2 {\n\t\t\t\tmargin: auto;\n\t\t\t}\n\t\t\t#gallery-2 .gallery-item {\n\t\t\t\tfloat: left;\n\t\t\t\tmargin-top: 10px;\n\t\t\t\ttext-align: center;\n\t\t\t\twidth: 33%;\n\t\t\t}\n\t\t\t#gallery-2 img {\n\t\t\t\tborder: 2px solid #cfcfcf;\n\t\t\t}\n\t\t\t#gallery-2 .gallery-caption {\n\t\t\t\tmargin-left: 0;\n\t\t\t}\n\t\t\t\/* see gallery_shortcode() in wp-includes\/media.php *\/\n\t\t<\/style>\n\t\t<div id='gallery-2' class='gallery galleryid-10483 gallery-columns-3 gallery-size-full'><dl class='gallery-item'>\n\t\t\t<dt class='gallery-icon landscape'>\n\t\t\t\t<a href='https:\/\/munkacs-diocese.org\/hu\/2023\/05\/08\/koszonjuk-szentatya-beszamolo-a-munkacsi-egyhazmegye-ferenc-papaval-valo-talalkozasarol\/viber_kep_2023-04-30_17-12-05-527\/'><img loading=\"lazy\" decoding=\"async\" width=\"1600\" height=\"1056\" src=\"https:\/\/munkacs-diocese.org\/hu\/wp-content\/uploads\/2023\/05\/viber_kep_2023-04-30_17-12-05-527-e1683549460210.jpg\" class=\"attachment-full size-full\" alt=\"\" srcset=\"https:\/\/munkacs-diocese.org\/hu\/wp-content\/uploads\/2023\/05\/viber_kep_2023-04-30_17-12-05-527-e1683549460210.jpg 1600w, https:\/\/munkacs-diocese.org\/hu\/wp-content\/uploads\/2023\/05\/viber_kep_2023-04-30_17-12-05-527-e1683549460210-300x198.jpg 300w, https:\/\/munkacs-diocese.org\/hu\/wp-content\/uploads\/2023\/05\/viber_kep_2023-04-30_17-12-05-527-e1683549460210-1024x676.jpg 1024w, https:\/\/munkacs-diocese.org\/hu\/wp-content\/uploads\/2023\/05\/viber_kep_2023-04-30_17-12-05-527-e1683549460210-768x507.jpg 768w, https:\/\/munkacs-diocese.org\/hu\/wp-content\/uploads\/2023\/05\/viber_kep_2023-04-30_17-12-05-527-e1683549460210-1536x1014.jpg 1536w, https:\/\/munkacs-diocese.org\/hu\/wp-content\/uploads\/2023\/05\/viber_kep_2023-04-30_17-12-05-527-e1683549460210-1080x713.jpg 1080w\" sizes=\"(max-width: 1600px) 100vw, 1600px\" \/><\/a>\n\t\t\t<\/dt><\/dl><dl class='gallery-item'>\n\t\t\t<dt class='gallery-icon landscape'>\n\t\t\t\t<a href='https:\/\/munkacs-diocese.org\/hu\/2023\/05\/08\/koszonjuk-szentatya-beszamolo-a-munkacsi-egyhazmegye-ferenc-papaval-valo-talalkozasarol\/viber_kep_2023-04-30_16-05-39-690\/'><img loading=\"lazy\" decoding=\"async\" width=\"1600\" height=\"1008\" src=\"https:\/\/munkacs-diocese.org\/hu\/wp-content\/uploads\/2023\/05\/viber_kep_2023-04-30_16-05-39-690-e1683549365532.jpg\" class=\"attachment-full size-full\" alt=\"\" srcset=\"https:\/\/munkacs-diocese.org\/hu\/wp-content\/uploads\/2023\/05\/viber_kep_2023-04-30_16-05-39-690-e1683549365532.jpg 1600w, https:\/\/munkacs-diocese.org\/hu\/wp-content\/uploads\/2023\/05\/viber_kep_2023-04-30_16-05-39-690-e1683549365532-300x189.jpg 300w, https:\/\/munkacs-diocese.org\/hu\/wp-content\/uploads\/2023\/05\/viber_kep_2023-04-30_16-05-39-690-e1683549365532-1024x645.jpg 1024w, https:\/\/munkacs-diocese.org\/hu\/wp-content\/uploads\/2023\/05\/viber_kep_2023-04-30_16-05-39-690-e1683549365532-768x484.jpg 768w, https:\/\/munkacs-diocese.org\/hu\/wp-content\/uploads\/2023\/05\/viber_kep_2023-04-30_16-05-39-690-e1683549365532-1536x968.jpg 1536w, https:\/\/munkacs-diocese.org\/hu\/wp-content\/uploads\/2023\/05\/viber_kep_2023-04-30_16-05-39-690-e1683549365532-1080x680.jpg 1080w\" sizes=\"(max-width: 1600px) 100vw, 1600px\" \/><\/a>\n\t\t\t<\/dt><\/dl><dl class='gallery-item'>\n\t\t\t<dt class='gallery-icon landscape'>\n\t\t\t\t<a href='https:\/\/munkacs-diocese.org\/hu\/2023\/05\/08\/koszonjuk-szentatya-beszamolo-a-munkacsi-egyhazmegye-ferenc-papaval-valo-talalkozasarol\/viber_kep_2023-04-30_13-37-50-850\/'><img loading=\"lazy\" decoding=\"async\" width=\"1600\" height=\"1036\" src=\"https:\/\/munkacs-diocese.org\/hu\/wp-content\/uploads\/2023\/05\/viber_kep_2023-04-30_13-37-50-850-e1683548077152.jpg\" class=\"attachment-full size-full\" alt=\"\" srcset=\"https:\/\/munkacs-diocese.org\/hu\/wp-content\/uploads\/2023\/05\/viber_kep_2023-04-30_13-37-50-850-e1683548077152.jpg 1600w, https:\/\/munkacs-diocese.org\/hu\/wp-content\/uploads\/2023\/05\/viber_kep_2023-04-30_13-37-50-850-e1683548077152-300x194.jpg 300w, https:\/\/munkacs-diocese.org\/hu\/wp-content\/uploads\/2023\/05\/viber_kep_2023-04-30_13-37-50-850-e1683548077152-1024x663.jpg 1024w, https:\/\/munkacs-diocese.org\/hu\/wp-content\/uploads\/2023\/05\/viber_kep_2023-04-30_13-37-50-850-e1683548077152-768x497.jpg 768w, https:\/\/munkacs-diocese.org\/hu\/wp-content\/uploads\/2023\/05\/viber_kep_2023-04-30_13-37-50-850-e1683548077152-1536x995.jpg 1536w, https:\/\/munkacs-diocese.org\/hu\/wp-content\/uploads\/2023\/05\/viber_kep_2023-04-30_13-37-50-850-e1683548077152-1080x699.jpg 1080w\" sizes=\"(max-width: 1600px) 100vw, 1600px\" \/><\/a>\n\t\t\t<\/dt><\/dl><br style=\"clear: both\" \/>\n\t\t<\/div>\n\n<p style=\"text-align: justify;\">Mindig elcsod\u00e1lkoztam azon, hogy egy-egy esem\u00e9nynek h\u00e1nyf\u00e9le olvasata lehet. Tal\u00e1n ez az \u00e9rz\u00e9s\u00fcnk t\u00e1mad Ferenc p\u00e1pa magyarorsz\u00e1gi l\u00e1togat\u00e1s\u00e1n\u00e1l is, ha beleolvasunk a hazai \u00e9s a nemzetk\u00f6zi sajt\u00f3 visszhangokba. Vagy m\u00e9gsem? Att\u00f3l f\u00fcgg, milyen sz\u00e1nd\u00e9kkal vagyunk jelen a vele val\u00f3 tal\u00e1lkoz\u00e1son \u00e9s milyen l\u00e9lekkel hallgatjuk \u0151t; jobban mondva J\u00e9zust, aki rajta kereszt\u00fcl akar \u00fczenni szem\u00e9lyesen \u00e9s k\u00f6z\u00f6ss\u00e9gileg.<\/p>\n<p style=\"text-align: justify;\">Egy Munk\u00e1csr\u00f3l \u00e9rkezett zar\u00e1ndok \u00edgy fogalmazta meg tapasztalat\u00e1t az \u00e1t\u00e9lt esem\u00e9nyek ut\u00e1n: \u201eTudtam, hogy ott leszek a Ferenc p\u00e1p\u00e1val val\u00f3 tal\u00e1lkoz\u00e1son, \u00e9s m\u00e1r a hirdet\u00e9s pillanat\u00e1t\u00f3l kezdve v\u00e1rtam ezt a kalandot. M\u00e1r n\u00e9gyszer volt szerencs\u00e9m r\u00e9szt venni hasonl\u00f3 tal\u00e1lkoz\u00f3n, \u00e9s minden alkalom melegs\u00e9ggel t\u00f6lt\u00f6tt el, megtapasztaltam Isten jelenl\u00e9t\u00e9t \u00e9s szeretet\u00e9t. Az olvasm\u00e1nyok \u00e9s az evang\u00e9lium meghat\u00f3 volt, mivel a J\u00f3 P\u00e1sztor t\u00e9m\u00e1ja nagyon k\u00f6zel \u00e1ll hozz\u00e1m, k\u00fcl\u00f6nleges sz\u00e1momra \u00e9s m\u00e1r k\u00e9t \u00e9ve elk\u00eds\u00e9r. El\u0151sz\u00f6r feld\u00falt voltam, mert a t\u00f6megben elsodr\u00f3dtam a bar\u00e1taimt\u00f3l, \u00edgy egyed\u00fcl maradtam a szentmis\u00e9n. De nagyon hamar r\u00e1j\u00f6ttem, Isten akarta, hogy egyed\u00fcl legyek, \u00e9s er\u0151sen megtapasztaljam az \u0150 jelenl\u00e9t\u00e9t. Isten gyeng\u00e9den meg\u00e9rintette a lelkemet, \u00e9s mint egy megsebzett b\u00e1r\u00e1nynak, gy\u00f3gy\u00edtotta a sebeimet. A p\u00e1pa pr\u00e9dik\u00e1ci\u00f3ja is nagyon k\u00f6zel \u00e1llt hozz\u00e1m, v\u00e1laszt kaptam a k\u00e9rd\u00e9seimre. K\u00fcl\u00f6n aj\u00e1nd\u00e9kot jelentettek sz\u00e1momra a testv\u00e9rek, akik megosztott\u00e1k velem ezt a kalandot. Sokat nevett\u00fcnk, \u00f6r\u00f6m\u00f6t \u00e9s kellemes besz\u00e9lget\u00e9seket \u00e9lt\u00fcnk meg egy\u00fctt. Sz\u00e1momra ezek a napok Istennel \u00e9s az \u0150 felt\u00e9tel n\u00e9lk\u00fcli szeretet\u00e9nek megtapasztal\u00e1s\u00e1val teltek. Dics\u0151s\u00e9g legyen az \u00darnak minden cselekedet\u00e9\u00e9rt az \u00e9letemben!\u201d<\/p>\n<p style=\"text-align: justify;\">De haladjunk id\u0151rendi sorrendben!<\/p>\n\n\t\t<style type=\"text\/css\">\n\t\t\t#gallery-3 {\n\t\t\t\tmargin: auto;\n\t\t\t}\n\t\t\t#gallery-3 .gallery-item {\n\t\t\t\tfloat: left;\n\t\t\t\tmargin-top: 10px;\n\t\t\t\ttext-align: center;\n\t\t\t\twidth: 25%;\n\t\t\t}\n\t\t\t#gallery-3 img {\n\t\t\t\tborder: 2px solid #cfcfcf;\n\t\t\t}\n\t\t\t#gallery-3 .gallery-caption {\n\t\t\t\tmargin-left: 0;\n\t\t\t}\n\t\t\t\/* see gallery_shortcode() in wp-includes\/media.php *\/\n\t\t<\/style>\n\t\t<div id='gallery-3' class='gallery galleryid-10483 gallery-columns-4 gallery-size-full'><dl class='gallery-item'>\n\t\t\t<dt class='gallery-icon landscape'>\n\t\t\t\t<a href='https:\/\/munkacs-diocese.org\/hu\/2023\/05\/08\/koszonjuk-szentatya-beszamolo-a-munkacsi-egyhazmegye-ferenc-papaval-valo-talalkozasarol\/img1-28\/'><img loading=\"lazy\" decoding=\"async\" width=\"1599\" height=\"939\" src=\"https:\/\/munkacs-diocese.org\/hu\/wp-content\/uploads\/2023\/05\/img1.jpg\" class=\"attachment-full size-full\" alt=\"\" srcset=\"https:\/\/munkacs-diocese.org\/hu\/wp-content\/uploads\/2023\/05\/img1.jpg 1599w, https:\/\/munkacs-diocese.org\/hu\/wp-content\/uploads\/2023\/05\/img1-300x176.jpg 300w, https:\/\/munkacs-diocese.org\/hu\/wp-content\/uploads\/2023\/05\/img1-1024x601.jpg 1024w, https:\/\/munkacs-diocese.org\/hu\/wp-content\/uploads\/2023\/05\/img1-768x451.jpg 768w, https:\/\/munkacs-diocese.org\/hu\/wp-content\/uploads\/2023\/05\/img1-1536x902.jpg 1536w, https:\/\/munkacs-diocese.org\/hu\/wp-content\/uploads\/2023\/05\/img1-1080x634.jpg 1080w\" sizes=\"(max-width: 1599px) 100vw, 1599px\" \/><\/a>\n\t\t\t<\/dt><\/dl><dl class='gallery-item'>\n\t\t\t<dt class='gallery-icon landscape'>\n\t\t\t\t<a href='https:\/\/munkacs-diocese.org\/hu\/2023\/05\/08\/koszonjuk-szentatya-beszamolo-a-munkacsi-egyhazmegye-ferenc-papaval-valo-talalkozasarol\/342976211_620849332939704_7686569957053325312_n\/'><img loading=\"lazy\" decoding=\"async\" width=\"2048\" height=\"1223\" src=\"https:\/\/munkacs-diocese.org\/hu\/wp-content\/uploads\/2023\/05\/342976211_620849332939704_7686569957053325312_n-e1683547327966.jpg\" class=\"attachment-full size-full\" alt=\"\" srcset=\"https:\/\/munkacs-diocese.org\/hu\/wp-content\/uploads\/2023\/05\/342976211_620849332939704_7686569957053325312_n-e1683547327966.jpg 2048w, https:\/\/munkacs-diocese.org\/hu\/wp-content\/uploads\/2023\/05\/342976211_620849332939704_7686569957053325312_n-e1683547327966-300x179.jpg 300w, https:\/\/munkacs-diocese.org\/hu\/wp-content\/uploads\/2023\/05\/342976211_620849332939704_7686569957053325312_n-e1683547327966-1024x612.jpg 1024w, https:\/\/munkacs-diocese.org\/hu\/wp-content\/uploads\/2023\/05\/342976211_620849332939704_7686569957053325312_n-e1683547327966-768x459.jpg 768w, https:\/\/munkacs-diocese.org\/hu\/wp-content\/uploads\/2023\/05\/342976211_620849332939704_7686569957053325312_n-e1683547327966-1536x917.jpg 1536w, https:\/\/munkacs-diocese.org\/hu\/wp-content\/uploads\/2023\/05\/342976211_620849332939704_7686569957053325312_n-e1683547327966-1080x645.jpg 1080w, https:\/\/munkacs-diocese.org\/hu\/wp-content\/uploads\/2023\/05\/342976211_620849332939704_7686569957053325312_n-e1683547327966-440x264.jpg 440w\" sizes=\"(max-width: 2048px) 100vw, 2048px\" \/><\/a>\n\t\t\t<\/dt><\/dl><dl class='gallery-item'>\n\t\t\t<dt class='gallery-icon landscape'>\n\t\t\t\t<a href='https:\/\/munkacs-diocese.org\/hu\/2023\/05\/08\/koszonjuk-szentatya-beszamolo-a-munkacsi-egyhazmegye-ferenc-papaval-valo-talalkozasarol\/cq5dam-web-800-800-1\/'><img loading=\"lazy\" decoding=\"async\" width=\"800\" height=\"469\" src=\"https:\/\/munkacs-diocese.org\/hu\/wp-content\/uploads\/2023\/05\/cq5dam.web_.800.800-1.jpeg\" class=\"attachment-full size-full\" alt=\"\" srcset=\"https:\/\/munkacs-diocese.org\/hu\/wp-content\/uploads\/2023\/05\/cq5dam.web_.800.800-1.jpeg 800w, https:\/\/munkacs-diocese.org\/hu\/wp-content\/uploads\/2023\/05\/cq5dam.web_.800.800-1-300x176.jpeg 300w, https:\/\/munkacs-diocese.org\/hu\/wp-content\/uploads\/2023\/05\/cq5dam.web_.800.800-1-768x450.jpeg 768w\" sizes=\"(max-width: 800px) 100vw, 800px\" \/><\/a>\n\t\t\t<\/dt><\/dl><dl class='gallery-item'>\n\t\t\t<dt class='gallery-icon landscape'>\n\t\t\t\t<a href='https:\/\/munkacs-diocese.org\/hu\/2023\/05\/08\/koszonjuk-szentatya-beszamolo-a-munkacsi-egyhazmegye-ferenc-papaval-valo-talalkozasarol\/cq5dam-web-800-800-3\/'><img loading=\"lazy\" decoding=\"async\" width=\"800\" height=\"480\" src=\"https:\/\/munkacs-diocese.org\/hu\/wp-content\/uploads\/2023\/05\/cq5dam.web_.800.800-3.jpeg\" class=\"attachment-full size-full\" alt=\"\" srcset=\"https:\/\/munkacs-diocese.org\/hu\/wp-content\/uploads\/2023\/05\/cq5dam.web_.800.800-3.jpeg 800w, https:\/\/munkacs-diocese.org\/hu\/wp-content\/uploads\/2023\/05\/cq5dam.web_.800.800-3-300x180.jpeg 300w, https:\/\/munkacs-diocese.org\/hu\/wp-content\/uploads\/2023\/05\/cq5dam.web_.800.800-3-768x461.jpeg 768w, https:\/\/munkacs-diocese.org\/hu\/wp-content\/uploads\/2023\/05\/cq5dam.web_.800.800-3-627x376.jpeg 627w, https:\/\/munkacs-diocese.org\/hu\/wp-content\/uploads\/2023\/05\/cq5dam.web_.800.800-3-440x264.jpeg 440w\" sizes=\"(max-width: 800px) 100vw, 800px\" \/><\/a>\n\t\t\t<\/dt><\/dl><br style=\"clear: both\" \/>\n\t\t<\/div>\n\n\n\t\t<style type=\"text\/css\">\n\t\t\t#gallery-4 {\n\t\t\t\tmargin: auto;\n\t\t\t}\n\t\t\t#gallery-4 .gallery-item {\n\t\t\t\tfloat: left;\n\t\t\t\tmargin-top: 10px;\n\t\t\t\ttext-align: center;\n\t\t\t\twidth: 25%;\n\t\t\t}\n\t\t\t#gallery-4 img {\n\t\t\t\tborder: 2px solid #cfcfcf;\n\t\t\t}\n\t\t\t#gallery-4 .gallery-caption {\n\t\t\t\tmargin-left: 0;\n\t\t\t}\n\t\t\t\/* see gallery_shortcode() in wp-includes\/media.php *\/\n\t\t<\/style>\n\t\t<div id='gallery-4' class='gallery galleryid-10483 gallery-columns-4 gallery-size-full'><dl class='gallery-item'>\n\t\t\t<dt class='gallery-icon landscape'>\n\t\t\t\t<a href='https:\/\/munkacs-diocese.org\/hu\/2023\/05\/08\/koszonjuk-szentatya-beszamolo-a-munkacsi-egyhazmegye-ferenc-papaval-valo-talalkozasarol\/cq5dam-web-800-800-10\/'><img loading=\"lazy\" decoding=\"async\" width=\"800\" height=\"472\" src=\"https:\/\/munkacs-diocese.org\/hu\/wp-content\/uploads\/2023\/05\/cq5dam.web_.800.800-10.jpeg\" class=\"attachment-full size-full\" alt=\"\" srcset=\"https:\/\/munkacs-diocese.org\/hu\/wp-content\/uploads\/2023\/05\/cq5dam.web_.800.800-10.jpeg 800w, https:\/\/munkacs-diocese.org\/hu\/wp-content\/uploads\/2023\/05\/cq5dam.web_.800.800-10-300x177.jpeg 300w, https:\/\/munkacs-diocese.org\/hu\/wp-content\/uploads\/2023\/05\/cq5dam.web_.800.800-10-768x453.jpeg 768w\" sizes=\"(max-width: 800px) 100vw, 800px\" \/><\/a>\n\t\t\t<\/dt><\/dl><dl class='gallery-item'>\n\t\t\t<dt class='gallery-icon landscape'>\n\t\t\t\t<a href='https:\/\/munkacs-diocese.org\/hu\/2023\/05\/08\/koszonjuk-szentatya-beszamolo-a-munkacsi-egyhazmegye-ferenc-papaval-valo-talalkozasarol\/cq5dam-web-800-800\/'><img loading=\"lazy\" decoding=\"async\" width=\"800\" height=\"468\" src=\"https:\/\/munkacs-diocese.org\/hu\/wp-content\/uploads\/2023\/05\/cq5dam.web_.800.800.jpeg\" class=\"attachment-full size-full\" alt=\"\" srcset=\"https:\/\/munkacs-diocese.org\/hu\/wp-content\/uploads\/2023\/05\/cq5dam.web_.800.800.jpeg 800w, https:\/\/munkacs-diocese.org\/hu\/wp-content\/uploads\/2023\/05\/cq5dam.web_.800.800-300x176.jpeg 300w, https:\/\/munkacs-diocese.org\/hu\/wp-content\/uploads\/2023\/05\/cq5dam.web_.800.800-768x449.jpeg 768w\" sizes=\"(max-width: 800px) 100vw, 800px\" \/><\/a>\n\t\t\t<\/dt><\/dl><dl class='gallery-item'>\n\t\t\t<dt class='gallery-icon landscape'>\n\t\t\t\t<a href='https:\/\/munkacs-diocese.org\/hu\/2023\/05\/08\/koszonjuk-szentatya-beszamolo-a-munkacsi-egyhazmegye-ferenc-papaval-valo-talalkozasarol\/cq5dam-web-800-800-6\/'><img loading=\"lazy\" decoding=\"async\" width=\"800\" height=\"475\" src=\"https:\/\/munkacs-diocese.org\/hu\/wp-content\/uploads\/2023\/05\/cq5dam.web_.800.800-6.jpeg\" class=\"attachment-full size-full\" alt=\"\" srcset=\"https:\/\/munkacs-diocese.org\/hu\/wp-content\/uploads\/2023\/05\/cq5dam.web_.800.800-6.jpeg 800w, https:\/\/munkacs-diocese.org\/hu\/wp-content\/uploads\/2023\/05\/cq5dam.web_.800.800-6-300x178.jpeg 300w, https:\/\/munkacs-diocese.org\/hu\/wp-content\/uploads\/2023\/05\/cq5dam.web_.800.800-6-768x456.jpeg 768w\" sizes=\"(max-width: 800px) 100vw, 800px\" \/><\/a>\n\t\t\t<\/dt><\/dl><dl class='gallery-item'>\n\t\t\t<dt class='gallery-icon landscape'>\n\t\t\t\t<a href='https:\/\/munkacs-diocese.org\/hu\/2023\/05\/08\/koszonjuk-szentatya-beszamolo-a-munkacsi-egyhazmegye-ferenc-papaval-valo-talalkozasarol\/cq5dam-web-800-800-2\/'><img loading=\"lazy\" decoding=\"async\" width=\"800\" height=\"469\" src=\"https:\/\/munkacs-diocese.org\/hu\/wp-content\/uploads\/2023\/05\/cq5dam.web_.800.800-2.jpeg\" class=\"attachment-full size-full\" alt=\"\" srcset=\"https:\/\/munkacs-diocese.org\/hu\/wp-content\/uploads\/2023\/05\/cq5dam.web_.800.800-2.jpeg 800w, https:\/\/munkacs-diocese.org\/hu\/wp-content\/uploads\/2023\/05\/cq5dam.web_.800.800-2-300x176.jpeg 300w, https:\/\/munkacs-diocese.org\/hu\/wp-content\/uploads\/2023\/05\/cq5dam.web_.800.800-2-768x450.jpeg 768w\" sizes=\"(max-width: 800px) 100vw, 800px\" \/><\/a>\n\t\t\t<\/dt><\/dl><br style=\"clear: both\" \/>\n\t\t<\/div>\n\n<p style=\"text-align: justify;\">A t\u00f6megt\u00e1j\u00e9koztat\u00e1si eszk\u00f6z\u00f6k\u00f6n kereszt\u00fcl, ak\u00e1r \u00e9l\u0151ben is, alkalmunk volt v\u00e9gigk\u00eds\u00e9rni Ferenc p\u00e1pa apostoli l\u00e1togat\u00e1s\u00e1nak h\u00e1rom napos esem\u00e9nysorozat\u00e1t, a soksz\u00edn\u0171 programon egy\u00fctt \u201el\u00e9legezhett\u00fcnk\u201d, egy\u00fctt \u00f6r\u00fclhett\u00fcnk, egy\u00fctt hallgathattunk, vele egy\u00fctt adhattuk J\u00e9zus szeretet\u00e9nek megannyi jel\u00e9t: a rep\u00fcl\u0151t\u00e9ren, a S\u00e1ndor palot\u00e1ban, a Karmelita kolostorban, az aut\u00f3j\u00e1ban \u00fclve, a Szent Istv\u00e1n-bazilik\u00e1ban, a Nunciat\u00far\u00e1n, a Vakok Boldog Batthy\u00e1ny-Strattmann L\u00e1szl\u00f3 Otthon\u00e1ban, a R\u00f3zs\u00e1k ter\u00e9n az \u00c1rp\u00e1d-h\u00e1zi Szent Erzs\u00e9bet-templomban \u00e9s az Istensz\u00fcl\u0151 Oltalma templomban, a Sportar\u00e9n\u00e1ban, a Kossuth Lajos t\u00e9ren, a P\u00e1zm\u00e1ny P\u00e9ter Katolikus Egyetem Inform\u00e1ci\u00f3s Technol\u00f3giai \u00e9s Bionikai Kar\u00e1n.<\/p>\n\n\t\t<style type=\"text\/css\">\n\t\t\t#gallery-5 {\n\t\t\t\tmargin: auto;\n\t\t\t}\n\t\t\t#gallery-5 .gallery-item {\n\t\t\t\tfloat: left;\n\t\t\t\tmargin-top: 10px;\n\t\t\t\ttext-align: center;\n\t\t\t\twidth: 25%;\n\t\t\t}\n\t\t\t#gallery-5 img {\n\t\t\t\tborder: 2px solid #cfcfcf;\n\t\t\t}\n\t\t\t#gallery-5 .gallery-caption {\n\t\t\t\tmargin-left: 0;\n\t\t\t}\n\t\t\t\/* see gallery_shortcode() in wp-includes\/media.php *\/\n\t\t<\/style>\n\t\t<div id='gallery-5' class='gallery galleryid-10483 gallery-columns-4 gallery-size-full'><dl class='gallery-item'>\n\t\t\t<dt class='gallery-icon landscape'>\n\t\t\t\t<a href='https:\/\/munkacs-diocese.org\/hu\/2023\/05\/08\/koszonjuk-szentatya-beszamolo-a-munkacsi-egyhazmegye-ferenc-papaval-valo-talalkozasarol\/attachment\/1683547643254\/'><img loading=\"lazy\" decoding=\"async\" width=\"2560\" height=\"1920\" src=\"https:\/\/munkacs-diocese.org\/hu\/wp-content\/uploads\/2023\/05\/1683547643254-scaled.jpg\" class=\"attachment-full size-full\" alt=\"\" srcset=\"https:\/\/munkacs-diocese.org\/hu\/wp-content\/uploads\/2023\/05\/1683547643254-scaled.jpg 2560w, https:\/\/munkacs-diocese.org\/hu\/wp-content\/uploads\/2023\/05\/1683547643254-300x225.jpg 300w, https:\/\/munkacs-diocese.org\/hu\/wp-content\/uploads\/2023\/05\/1683547643254-1024x768.jpg 1024w, https:\/\/munkacs-diocese.org\/hu\/wp-content\/uploads\/2023\/05\/1683547643254-768x576.jpg 768w, https:\/\/munkacs-diocese.org\/hu\/wp-content\/uploads\/2023\/05\/1683547643254-1536x1152.jpg 1536w, https:\/\/munkacs-diocese.org\/hu\/wp-content\/uploads\/2023\/05\/1683547643254-2048x1536.jpg 2048w, https:\/\/munkacs-diocese.org\/hu\/wp-content\/uploads\/2023\/05\/1683547643254-1080x810.jpg 1080w\" sizes=\"(max-width: 2560px) 100vw, 2560px\" \/><\/a>\n\t\t\t<\/dt><\/dl><dl class='gallery-item'>\n\t\t\t<dt class='gallery-icon landscape'>\n\t\t\t\t<a href='https:\/\/munkacs-diocese.org\/hu\/2023\/05\/08\/koszonjuk-szentatya-beszamolo-a-munkacsi-egyhazmegye-ferenc-papaval-valo-talalkozasarol\/viber_kep_2023-04-29_22-36-07-156\/'><img loading=\"lazy\" decoding=\"async\" width=\"1600\" height=\"1200\" src=\"https:\/\/munkacs-diocese.org\/hu\/wp-content\/uploads\/2023\/05\/viber_kep_2023-04-29_22-36-07-156.jpg\" class=\"attachment-full size-full\" alt=\"\" srcset=\"https:\/\/munkacs-diocese.org\/hu\/wp-content\/uploads\/2023\/05\/viber_kep_2023-04-29_22-36-07-156.jpg 1600w, https:\/\/munkacs-diocese.org\/hu\/wp-content\/uploads\/2023\/05\/viber_kep_2023-04-29_22-36-07-156-300x225.jpg 300w, https:\/\/munkacs-diocese.org\/hu\/wp-content\/uploads\/2023\/05\/viber_kep_2023-04-29_22-36-07-156-1024x768.jpg 1024w, https:\/\/munkacs-diocese.org\/hu\/wp-content\/uploads\/2023\/05\/viber_kep_2023-04-29_22-36-07-156-768x576.jpg 768w, https:\/\/munkacs-diocese.org\/hu\/wp-content\/uploads\/2023\/05\/viber_kep_2023-04-29_22-36-07-156-1536x1152.jpg 1536w, https:\/\/munkacs-diocese.org\/hu\/wp-content\/uploads\/2023\/05\/viber_kep_2023-04-29_22-36-07-156-1080x810.jpg 1080w\" sizes=\"(max-width: 1600px) 100vw, 1600px\" \/><\/a>\n\t\t\t<\/dt><\/dl><dl class='gallery-item'>\n\t\t\t<dt class='gallery-icon landscape'>\n\t\t\t\t<a href='https:\/\/munkacs-diocese.org\/hu\/2023\/05\/08\/koszonjuk-szentatya-beszamolo-a-munkacsi-egyhazmegye-ferenc-papaval-valo-talalkozasarol\/viber_kep_2023-04-29_21-42-52-252\/'><img loading=\"lazy\" decoding=\"async\" width=\"1600\" height=\"1200\" src=\"https:\/\/munkacs-diocese.org\/hu\/wp-content\/uploads\/2023\/05\/viber_kep_2023-04-29_21-42-52-252.jpg\" class=\"attachment-full size-full\" alt=\"\" srcset=\"https:\/\/munkacs-diocese.org\/hu\/wp-content\/uploads\/2023\/05\/viber_kep_2023-04-29_21-42-52-252.jpg 1600w, https:\/\/munkacs-diocese.org\/hu\/wp-content\/uploads\/2023\/05\/viber_kep_2023-04-29_21-42-52-252-300x225.jpg 300w, https:\/\/munkacs-diocese.org\/hu\/wp-content\/uploads\/2023\/05\/viber_kep_2023-04-29_21-42-52-252-1024x768.jpg 1024w, https:\/\/munkacs-diocese.org\/hu\/wp-content\/uploads\/2023\/05\/viber_kep_2023-04-29_21-42-52-252-768x576.jpg 768w, https:\/\/munkacs-diocese.org\/hu\/wp-content\/uploads\/2023\/05\/viber_kep_2023-04-29_21-42-52-252-1536x1152.jpg 1536w, https:\/\/munkacs-diocese.org\/hu\/wp-content\/uploads\/2023\/05\/viber_kep_2023-04-29_21-42-52-252-1080x810.jpg 1080w\" sizes=\"(max-width: 1600px) 100vw, 1600px\" \/><\/a>\n\t\t\t<\/dt><\/dl><dl class='gallery-item'>\n\t\t\t<dt class='gallery-icon landscape'>\n\t\t\t\t<a href='https:\/\/munkacs-diocese.org\/hu\/2023\/05\/08\/koszonjuk-szentatya-beszamolo-a-munkacsi-egyhazmegye-ferenc-papaval-valo-talalkozasarol\/viber_kep_2023-04-29_21-04-25-876\/'><img loading=\"lazy\" decoding=\"async\" width=\"1600\" height=\"1200\" src=\"https:\/\/munkacs-diocese.org\/hu\/wp-content\/uploads\/2023\/05\/viber_kep_2023-04-29_21-04-25-876.jpg\" class=\"attachment-full size-full\" alt=\"\" srcset=\"https:\/\/munkacs-diocese.org\/hu\/wp-content\/uploads\/2023\/05\/viber_kep_2023-04-29_21-04-25-876.jpg 1600w, https:\/\/munkacs-diocese.org\/hu\/wp-content\/uploads\/2023\/05\/viber_kep_2023-04-29_21-04-25-876-300x225.jpg 300w, https:\/\/munkacs-diocese.org\/hu\/wp-content\/uploads\/2023\/05\/viber_kep_2023-04-29_21-04-25-876-1024x768.jpg 1024w, https:\/\/munkacs-diocese.org\/hu\/wp-content\/uploads\/2023\/05\/viber_kep_2023-04-29_21-04-25-876-768x576.jpg 768w, https:\/\/munkacs-diocese.org\/hu\/wp-content\/uploads\/2023\/05\/viber_kep_2023-04-29_21-04-25-876-1536x1152.jpg 1536w, https:\/\/munkacs-diocese.org\/hu\/wp-content\/uploads\/2023\/05\/viber_kep_2023-04-29_21-04-25-876-1080x810.jpg 1080w\" sizes=\"(max-width: 1600px) 100vw, 1600px\" \/><\/a>\n\t\t\t<\/dt><\/dl><br style=\"clear: both\" \/>\n\t\t<\/div>\n\n<p style=\"text-align: justify;\">Egyh\u00e1zmegy\u00e9nkb\u0151l a vas\u00e1rnapi Kossuth t\u00e9ri szentmis\u00e9re zar\u00e1ndokoltunk el, \u00f6sszekapcsolva utunkat a m\u00e1travereb\u00e9ly-szentk\u00fati nemzeti kegyhely, illetve az egri nevezetess\u00e9gek megcsod\u00e1l\u00e1s\u00e1val. Az Ukrajnai R\u00f3mai Katolikus Egyh\u00e1z Munk\u00e1csi Egyh\u00e1zmegy\u00e9j\u00e9nek ter\u00fclete K\u00e1rp\u00e1talj\u00e1t jelenti, amit mindig is a t\u00f6bb nemzetis\u00e9g egy\u00fctt \u00e9l\u00e9se jellemzett \u00e9s jellemez ma is. A t\u00f6rt\u00e9nelem kereke id\u0151r\u0151l-id\u0151re megv\u00e1ltoztatja a jelen l\u00e9v\u0151 nemzetis\u00e9gek \u00f6sszet\u00e9tel\u00e9t, de annak t\u00e9ny\u00e9t nem. Ez K\u00e1rp\u00e1talja gazdags\u00e1ga. A h\u00e1bor\u00fa sok sebet ejt, sok gy\u00f6trelmet okoz, m\u00e9rhetetlen f\u00e1jdalmakat sz\u00edt, egyar\u00e1nt s\u00fajt mindenkit. M\u00e9gis most Eur\u00f3p\u00e1ban az ukr\u00e1n n\u00e9p az, aki a legt\u00f6bbet szenved \u2013 egy csal\u00e1dban a testv\u00e9rek afel\u00e9 fordulnak, aki szenved, \u0151t seg\u00edtik. Az emberis\u00e9g nagy csal\u00e1dj\u00e1ban sincs ez m\u00e1sk\u00e9ppen, ha Krisztust k\u00f6vetj\u00fck. Ennek l\u00e1thatjuk nagyszer\u0171 p\u00e9ld\u00e1it a k\u00f6zvetlen \u00e9s a t\u00e1gabb k\u00f6rnyezet\u00fcnkben is.<\/p>\n<p style=\"text-align: justify;\">Egyh\u00e1zmegy\u00e9nk Karit\u00e1sz munkat\u00e1rsai k\u00f6z\u00fcl t\u00f6bben ott tudtak lenni a R\u00f3zs\u00e1k ter\u00e9n, amikor Ferenc p\u00e1pa a magyarorsz\u00e1gi apostoli l\u00e1togat\u00e1s\u00e1nak m\u00e1sodik napj\u00e1n az \u00c1rp\u00e1d-h\u00e1zi Szent Erzs\u00e9bet-templomban szeg\u00e9nyekkel \u00e9s menek\u00fcltekkel, \u00e9s az \u0151ket t\u00e1mogat\u00f3 szervezetek tagjaival tal\u00e1lkozott.<\/p>\n\n\t\t<style type=\"text\/css\">\n\t\t\t#gallery-6 {\n\t\t\t\tmargin: auto;\n\t\t\t}\n\t\t\t#gallery-6 .gallery-item {\n\t\t\t\tfloat: left;\n\t\t\t\tmargin-top: 10px;\n\t\t\t\ttext-align: center;\n\t\t\t\twidth: 50%;\n\t\t\t}\n\t\t\t#gallery-6 img {\n\t\t\t\tborder: 2px solid #cfcfcf;\n\t\t\t}\n\t\t\t#gallery-6 .gallery-caption {\n\t\t\t\tmargin-left: 0;\n\t\t\t}\n\t\t\t\/* see gallery_shortcode() in wp-includes\/media.php *\/\n\t\t<\/style>\n\t\t<div id='gallery-6' class='gallery galleryid-10483 gallery-columns-2 gallery-size-full'><dl class='gallery-item'>\n\t\t\t<dt class='gallery-icon landscape'>\n\t\t\t\t<a href='https:\/\/munkacs-diocese.org\/hu\/2023\/05\/08\/koszonjuk-szentatya-beszamolo-a-munkacsi-egyhazmegye-ferenc-papaval-valo-talalkozasarol\/viber_kep_2023-04-29_10-06-55-314\/'><img loading=\"lazy\" decoding=\"async\" width=\"1600\" height=\"900\" src=\"https:\/\/munkacs-diocese.org\/hu\/wp-content\/uploads\/2023\/05\/viber_kep_2023-04-29_10-06-55-314.jpg\" class=\"attachment-full size-full\" alt=\"\" srcset=\"https:\/\/munkacs-diocese.org\/hu\/wp-content\/uploads\/2023\/05\/viber_kep_2023-04-29_10-06-55-314.jpg 1600w, https:\/\/munkacs-diocese.org\/hu\/wp-content\/uploads\/2023\/05\/viber_kep_2023-04-29_10-06-55-314-300x169.jpg 300w, https:\/\/munkacs-diocese.org\/hu\/wp-content\/uploads\/2023\/05\/viber_kep_2023-04-29_10-06-55-314-1024x576.jpg 1024w, https:\/\/munkacs-diocese.org\/hu\/wp-content\/uploads\/2023\/05\/viber_kep_2023-04-29_10-06-55-314-768x432.jpg 768w, https:\/\/munkacs-diocese.org\/hu\/wp-content\/uploads\/2023\/05\/viber_kep_2023-04-29_10-06-55-314-1536x864.jpg 1536w, https:\/\/munkacs-diocese.org\/hu\/wp-content\/uploads\/2023\/05\/viber_kep_2023-04-29_10-06-55-314-1080x608.jpg 1080w\" sizes=\"(max-width: 1600px) 100vw, 1600px\" \/><\/a>\n\t\t\t<\/dt><\/dl><dl class='gallery-item'>\n\t\t\t<dt class='gallery-icon landscape'>\n\t\t\t\t<a href='https:\/\/munkacs-diocese.org\/hu\/2023\/05\/08\/koszonjuk-szentatya-beszamolo-a-munkacsi-egyhazmegye-ferenc-papaval-valo-talalkozasarol\/rozsak-teran\/'><img loading=\"lazy\" decoding=\"async\" width=\"1600\" height=\"894\" src=\"https:\/\/munkacs-diocese.org\/hu\/wp-content\/uploads\/2023\/05\/rozsak-teran-e1683547861980.jpg\" class=\"attachment-full size-full\" alt=\"\" srcset=\"https:\/\/munkacs-diocese.org\/hu\/wp-content\/uploads\/2023\/05\/rozsak-teran-e1683547861980.jpg 1600w, https:\/\/munkacs-diocese.org\/hu\/wp-content\/uploads\/2023\/05\/rozsak-teran-e1683547861980-300x168.jpg 300w, https:\/\/munkacs-diocese.org\/hu\/wp-content\/uploads\/2023\/05\/rozsak-teran-e1683547861980-1024x572.jpg 1024w, https:\/\/munkacs-diocese.org\/hu\/wp-content\/uploads\/2023\/05\/rozsak-teran-e1683547861980-768x429.jpg 768w, https:\/\/munkacs-diocese.org\/hu\/wp-content\/uploads\/2023\/05\/rozsak-teran-e1683547861980-1536x858.jpg 1536w, https:\/\/munkacs-diocese.org\/hu\/wp-content\/uploads\/2023\/05\/rozsak-teran-e1683547861980-1080x603.jpg 1080w\" sizes=\"(max-width: 1600px) 100vw, 1600px\" \/><\/a>\n\t\t\t<\/dt><\/dl><br style=\"clear: both\" \/>\n\t\t<\/div>\n\n<p style=\"text-align: justify;\">Jakovlev Oleg \u00e9s csal\u00e1dja Ukrajn\u00e1b\u00f3l menek\u00fcltek el, Ferenc p\u00e1pa el\u0151tt tettek tan\u00fas\u00e1got, \u00e9s a h\u00e1bor\u00fat\u00f3l szenved\u0151k nev\u00e9ben osztott\u00e1k meg t\u00f6rt\u00e9net\u00fcket. 2022 m\u00e1jus\u00e1ban, Dnyipropetrovszkban \u00e9jjelenk\u00e9nt rak\u00e9t\u00e1k robbantak, \u00e9s \u00e9p\u00fcletek omlottak \u00f6ssze. \u00dagy d\u00f6nt\u00f6ttek, hogy \u00f6t gyermek\u00fckkel elk\u00f6lt\u00f6znek onnan. Oleg 46 \u00e9vvel ezel\u0151tt katonai szak\u00e1csk\u00e9nt szolg\u00e1lt Magyarorsz\u00e1gon, \u00e9s az\u00f3ta is ott \u00e9lt eml\u00e9kezet\u00e9ben a magyar n\u00e9p vend\u00e9gszeretete. Kicsit besz\u00e9l is magyarul, ez\u00e9rt j\u00f6ttek Magyarorsz\u00e1gra. Sokan seg\u00edtettek nekik, \u00e9s a Katolikus Karit\u00e1sz Integr\u00e1ci\u00f3s K\u00f6zpontj\u00e1ban is szeretettel fogadt\u00e1k be \u0151ket: \u201eSz\u00e1munkra \u00e9s gyermekeink sz\u00e1m\u00e1ra Magyarorsz\u00e1g egy \u00faj \u00e9let, egy \u00faj es\u00e9ly kezdete volt. Itt befogadtak benn\u00fcnket, \u00e9s \u00faj otthonra lelt\u00fcnk.\u201d Kifejezte h\u00e1l\u00e1j\u00e1t Ferenc p\u00e1p\u00e1nak, ami\u00e9rt hallatja a hangj\u00e1t a b\u00e9ke mellett \u00e9s ki\u00e1ll a h\u00e1bor\u00fa \u00e1ldozatai\u00e9rt. \u201eA gyermekeink k\u00e9sz\u00fcltek egy dallal h\u00e1l\u00e1b\u00f3l a Karit\u00e1sz munkat\u00e1rsainak, amit most szeretn\u00e9nk elj\u00e1tszani a Szentaty\u00e1nak is \u2013 mondat az apa &#8211; Ebben a dalban a csal\u00e1dunk sz\u00e1nd\u00e9ka szerint az \u00e1ldozatok ir\u00e1nti tisztelet, a seg\u00edt\u0151knek sz\u00f3l\u00f3 h\u00e1la, a b\u00e9ke ir\u00e1nti v\u00e1gy \u00e9s az ima egyszerre csend\u00fcl fel\u201d \u2013 z\u00e1rta tan\u00fas\u00e1gt\u00e9tel\u00e9t, majd k\u00e9t gyermek\u00fck, Daniil harmonik\u00e1n, Maria szaxofonon j\u00e1tszotta el a dalt.<\/p>\n\n\t\t<style type=\"text\/css\">\n\t\t\t#gallery-7 {\n\t\t\t\tmargin: auto;\n\t\t\t}\n\t\t\t#gallery-7 .gallery-item {\n\t\t\t\tfloat: left;\n\t\t\t\tmargin-top: 10px;\n\t\t\t\ttext-align: center;\n\t\t\t\twidth: 50%;\n\t\t\t}\n\t\t\t#gallery-7 img {\n\t\t\t\tborder: 2px solid #cfcfcf;\n\t\t\t}\n\t\t\t#gallery-7 .gallery-caption {\n\t\t\t\tmargin-left: 0;\n\t\t\t}\n\t\t\t\/* see gallery_shortcode() in wp-includes\/media.php *\/\n\t\t<\/style>\n\t\t<div id='gallery-7' class='gallery galleryid-10483 gallery-columns-2 gallery-size-full'><dl class='gallery-item'>\n\t\t\t<dt class='gallery-icon landscape'>\n\t\t\t\t<a href='https:\/\/munkacs-diocese.org\/hu\/2023\/05\/08\/koszonjuk-szentatya-beszamolo-a-munkacsi-egyhazmegye-ferenc-papaval-valo-talalkozasarol\/menekultek\/'><img loading=\"lazy\" decoding=\"async\" width=\"850\" height=\"494\" src=\"https:\/\/munkacs-diocese.org\/hu\/wp-content\/uploads\/2023\/05\/menekultek.jpg\" class=\"attachment-full size-full\" alt=\"\" srcset=\"https:\/\/munkacs-diocese.org\/hu\/wp-content\/uploads\/2023\/05\/menekultek.jpg 850w, https:\/\/munkacs-diocese.org\/hu\/wp-content\/uploads\/2023\/05\/menekultek-300x174.jpg 300w, https:\/\/munkacs-diocese.org\/hu\/wp-content\/uploads\/2023\/05\/menekultek-768x446.jpg 768w\" sizes=\"(max-width: 850px) 100vw, 850px\" \/><\/a>\n\t\t\t<\/dt><\/dl><dl class='gallery-item'>\n\t\t\t<dt class='gallery-icon landscape'>\n\t\t\t\t<a href='https:\/\/munkacs-diocese.org\/hu\/2023\/05\/08\/koszonjuk-szentatya-beszamolo-a-munkacsi-egyhazmegye-ferenc-papaval-valo-talalkozasarol\/menekult-csalad\/'><img loading=\"lazy\" decoding=\"async\" width=\"1599\" height=\"919\" src=\"https:\/\/munkacs-diocese.org\/hu\/wp-content\/uploads\/2023\/05\/menekult-csalad-e1683549101412.jpg\" class=\"attachment-full size-full\" alt=\"\" srcset=\"https:\/\/munkacs-diocese.org\/hu\/wp-content\/uploads\/2023\/05\/menekult-csalad-e1683549101412.jpg 1599w, https:\/\/munkacs-diocese.org\/hu\/wp-content\/uploads\/2023\/05\/menekult-csalad-e1683549101412-300x172.jpg 300w, https:\/\/munkacs-diocese.org\/hu\/wp-content\/uploads\/2023\/05\/menekult-csalad-e1683549101412-1024x589.jpg 1024w, https:\/\/munkacs-diocese.org\/hu\/wp-content\/uploads\/2023\/05\/menekult-csalad-e1683549101412-768x441.jpg 768w, https:\/\/munkacs-diocese.org\/hu\/wp-content\/uploads\/2023\/05\/menekult-csalad-e1683549101412-1536x883.jpg 1536w, https:\/\/munkacs-diocese.org\/hu\/wp-content\/uploads\/2023\/05\/menekult-csalad-e1683549101412-1080x621.jpg 1080w\" sizes=\"(max-width: 1599px) 100vw, 1599px\" \/><\/a>\n\t\t\t<\/dt><\/dl><br style=\"clear: both\" \/>\n\t\t<\/div>\n\n<p style=\"text-align: justify;\">Ferenc p\u00e1pa besz\u00e9d\u00e9ben t\u00f6bbek k\u00f6z\u00f6tt k\u00f6sz\u00f6net\u00e9t fejezte ki a Magyar Egyh\u00e1znak a tev\u00e9keny szeretet melletti elk\u00f6telezetts\u00e9g\u00e9\u00e9rt, odaadotts\u00e1g\u00e1\u00e9rt: \u201eL\u00e9trehoztatok egy olyan h\u00e1l\u00f3t, amely \u00f6sszek\u00f6ti a lelkip\u00e1sztori munkat\u00e1rsakat, a sok \u00f6nk\u00e9ntest, a pl\u00e9b\u00e1niai \u00e9s egyh\u00e1zmegyei karit\u00e1szokat, de az imacsoportokat, a h\u00edv\u0151k k\u00f6z\u00f6ss\u00e9geit, a m\u00e1s felekezetekhez tartoz\u00f3 szervezeteket is, egyes\u00edtve \u0151ket abban az \u00f6kumenikus k\u00f6z\u00f6ss\u00e9gben, amely \u00e9ppen a szeretetb\u0151l fakad. \u00c9s k\u00f6sz\u00f6n\u00f6m, hogy \u2013 nemcsak nagylelk\u0171en, hanem lelkesen is \u2013 oly sok menek\u00fcltet fogadtatok be Ukrajn\u00e1b\u00f3l. Meghat\u00f3dva hallgattam Oleg \u00e9s csal\u00e1dja vallom\u00e1s\u00e1t; a \u201eti utaz\u00e1sotok a j\u00f6v\u0151 fel\u00e9\u201d \u2013 egy \u00faj j\u00f6v\u0151 fel\u00e9, t\u00e1vol a h\u00e1bor\u00fa borzalmait\u00f3l \u2013 val\u00f3j\u00e1ban \u201eaz eml\u00e9kezet egy utaz\u00e1s\u00e1val\u201d kezd\u0151d\u00f6tt, mert Oleg felid\u00e9zte azt a meleg fogadtat\u00e1st, amelyben \u00e9vekkel ezel\u0151tt Magyarorsz\u00e1gon r\u00e9sze volt, amikor szak\u00e1csk\u00e9nt itt dolgozott. Ennek az \u00e9lm\u00e9nynek az eml\u00e9ke arra b\u00e1tor\u00edtotta, hogy csal\u00e1dj\u00e1val egy\u00fctt elinduljon \u00e9s ide, Budapestre j\u00f6jj\u00f6n, ahol nagylelk\u0171 vend\u00e9gszeretetre tal\u00e1lt. A szeretet eml\u00e9ke, amelyben r\u00e9szes\u00fclt\u00fcnk, fel\u00e9leszti a rem\u00e9nyt, \u00e9s az \u00e9let \u00faj \u00fatjaira \u00f6szt\u00f6n\u00f6z. Az ember m\u00e9g a f\u00e1jdalomban \u00e9s a szenved\u00e9sben is b\u00e1tors\u00e1gra tal\u00e1l a tov\u00e1bbl\u00e9p\u00e9shez, ha megkapta a szeretet balzsam\u00e1t: ez az az er\u0151, amely seg\u00edt elhinn\u00fcnk, hogy nincs minden elveszve, \u00e9s lehets\u00e9ges egy m\u00e1s j\u00f6v\u0151. A szeretet, amelyet J\u00e9zus nek\u00fcnk aj\u00e1nd\u00e9koz, \u00e9s amelynek meg\u00e9l\u00e9s\u00e9re h\u00edv minket, hozz\u00e1j\u00e1rul ahhoz, hogy a t\u00e1rsadalomb\u00f3l, a v\u00e1rosokb\u00f3l \u00e9s a sz\u0171kebb k\u00f6rnyezet\u00fcnkb\u0151l ki\u00edrtsuk a k\u00f6z\u00f6ny \u00e9s az \u00f6nz\u00e9s \u00e1rtalm\u00e1t, \u00e9s \u00fajra fel\u00e9leszti a rem\u00e9ny\u00e9t egy \u00faj, igazs\u00e1gosabb \u00e9s testv\u00e9riesebb emberis\u00e9gnek, amelyben mindenki otthon \u00e9rezheti mag\u00e1t.\u201d (\u2026)<\/p>\n<p style=\"text-align: justify;\">\u201eAz egy\u00fctt\u00e9rz\u00e9s \u2013 folytatta Ferenc p\u00e1pa &#8211; latinul compassio, de ez a sz\u00f3 nemcsak egy\u00fctt\u00e9rz\u00e9st, hanem egy\u00fctt szenved\u00e9st is jelent! Olyan Egyh\u00e1zra van sz\u00fcks\u00e9g\u00fcnk, amely foly\u00e9konyan besz\u00e9li a tev\u00e9keny szeretet nyelv\u00e9t, egy olyan egyetemes nyelvet, amelyet mindenki meghall \u00e9s meg\u00e9rt, m\u00e9g a legt\u00e1volabb \u00e1ll\u00f3k is, m\u00e9g azok is, akik nem hisznek.\u201d (\u2026) \u201eJ\u00e9zus, az \u00e9l\u0151 Ige \u00e9ppen a sz\u00edv\u00fcket \u00e9s a kapcsolataikat gy\u00f3gy\u00edtja, hiszen az ember bel\u00fclr\u0151l \u00e9p\u00fclhet \u00fajj\u00e1\u201d \u2013 vagyis \u00fajj\u00e1sz\u00fcletik, amikor megtapasztalja, hogy Isten szem\u00e9ben \u0151 szeretett \u00e9s \u00e1ldott. Ez vonatkozik az eg\u00e9sz Egyh\u00e1zra is: nem el\u00e9g csak kenyeret adni, ami a gyomrot t\u00e1pl\u00e1lja, hanem az ember sz\u00edv\u00e9t is t\u00e1pl\u00e1lni kell! A tev\u00e9keny szeretet nem puszt\u00e1n anyagi \u00e9s szoci\u00e1lis seg\u00edts\u00e9gny\u00fajt\u00e1s, hanem az eg\u00e9sz emberre figyel, \u00e9s J\u00e9zus szeretet\u00e9vel talpra akarja \u0151t \u00e1ll\u00edtani: olyan szeretet, amely seg\u00edt visszanyerni sz\u00e9ps\u00e9g\u00fcnket \u00e9s m\u00e9lt\u00f3s\u00e1gunkat.\u201d<\/p>\n\n\t\t<style type=\"text\/css\">\n\t\t\t#gallery-8 {\n\t\t\t\tmargin: auto;\n\t\t\t}\n\t\t\t#gallery-8 .gallery-item {\n\t\t\t\tfloat: left;\n\t\t\t\tmargin-top: 10px;\n\t\t\t\ttext-align: center;\n\t\t\t\twidth: 33%;\n\t\t\t}\n\t\t\t#gallery-8 img {\n\t\t\t\tborder: 2px solid #cfcfcf;\n\t\t\t}\n\t\t\t#gallery-8 .gallery-caption {\n\t\t\t\tmargin-left: 0;\n\t\t\t}\n\t\t\t\/* see gallery_shortcode() in wp-includes\/media.php *\/\n\t\t<\/style>\n\t\t<div id='gallery-8' class='gallery galleryid-10483 gallery-columns-3 gallery-size-full'><dl class='gallery-item'>\n\t\t\t<dt class='gallery-icon landscape'>\n\t\t\t\t<a href='https:\/\/munkacs-diocese.org\/hu\/2023\/05\/08\/koszonjuk-szentatya-beszamolo-a-munkacsi-egyhazmegye-ferenc-papaval-valo-talalkozasarol\/viber_kep_2023-04-30_13-37-50-850\/'><img loading=\"lazy\" decoding=\"async\" width=\"1600\" height=\"1036\" src=\"https:\/\/munkacs-diocese.org\/hu\/wp-content\/uploads\/2023\/05\/viber_kep_2023-04-30_13-37-50-850-e1683548077152.jpg\" class=\"attachment-full size-full\" alt=\"\" srcset=\"https:\/\/munkacs-diocese.org\/hu\/wp-content\/uploads\/2023\/05\/viber_kep_2023-04-30_13-37-50-850-e1683548077152.jpg 1600w, https:\/\/munkacs-diocese.org\/hu\/wp-content\/uploads\/2023\/05\/viber_kep_2023-04-30_13-37-50-850-e1683548077152-300x194.jpg 300w, https:\/\/munkacs-diocese.org\/hu\/wp-content\/uploads\/2023\/05\/viber_kep_2023-04-30_13-37-50-850-e1683548077152-1024x663.jpg 1024w, https:\/\/munkacs-diocese.org\/hu\/wp-content\/uploads\/2023\/05\/viber_kep_2023-04-30_13-37-50-850-e1683548077152-768x497.jpg 768w, https:\/\/munkacs-diocese.org\/hu\/wp-content\/uploads\/2023\/05\/viber_kep_2023-04-30_13-37-50-850-e1683548077152-1536x995.jpg 1536w, https:\/\/munkacs-diocese.org\/hu\/wp-content\/uploads\/2023\/05\/viber_kep_2023-04-30_13-37-50-850-e1683548077152-1080x699.jpg 1080w\" sizes=\"(max-width: 1600px) 100vw, 1600px\" \/><\/a>\n\t\t\t<\/dt><\/dl><dl class='gallery-item'>\n\t\t\t<dt class='gallery-icon landscape'>\n\t\t\t\t<a href='https:\/\/munkacs-diocese.org\/hu\/2023\/05\/08\/koszonjuk-szentatya-beszamolo-a-munkacsi-egyhazmegye-ferenc-papaval-valo-talalkozasarol\/screenshot-2023-05-08-115750\/'><img loading=\"lazy\" decoding=\"async\" width=\"447\" height=\"294\" src=\"https:\/\/munkacs-diocese.org\/hu\/wp-content\/uploads\/2023\/05\/Screenshot-2023-05-08-115750.jpg\" class=\"attachment-full size-full\" alt=\"\" srcset=\"https:\/\/munkacs-diocese.org\/hu\/wp-content\/uploads\/2023\/05\/Screenshot-2023-05-08-115750.jpg 447w, https:\/\/munkacs-diocese.org\/hu\/wp-content\/uploads\/2023\/05\/Screenshot-2023-05-08-115750-300x197.jpg 300w\" sizes=\"(max-width: 447px) 100vw, 447px\" \/><\/a>\n\t\t\t<\/dt><\/dl><dl class='gallery-item'>\n\t\t\t<dt class='gallery-icon landscape'>\n\t\t\t\t<a href='https:\/\/munkacs-diocese.org\/hu\/2023\/05\/08\/koszonjuk-szentatya-beszamolo-a-munkacsi-egyhazmegye-ferenc-papaval-valo-talalkozasarol\/screenshot-2023-05-08-120414\/'><img loading=\"lazy\" decoding=\"async\" width=\"931\" height=\"609\" src=\"https:\/\/munkacs-diocese.org\/hu\/wp-content\/uploads\/2023\/05\/Screenshot-2023-05-08-120414-e1683548059224.jpg\" class=\"attachment-full size-full\" alt=\"\" srcset=\"https:\/\/munkacs-diocese.org\/hu\/wp-content\/uploads\/2023\/05\/Screenshot-2023-05-08-120414-e1683548059224.jpg 931w, https:\/\/munkacs-diocese.org\/hu\/wp-content\/uploads\/2023\/05\/Screenshot-2023-05-08-120414-e1683548059224-300x196.jpg 300w, https:\/\/munkacs-diocese.org\/hu\/wp-content\/uploads\/2023\/05\/Screenshot-2023-05-08-120414-e1683548059224-768x502.jpg 768w\" sizes=\"(max-width: 931px) 100vw, 931px\" \/><\/a>\n\t\t\t<\/dt><\/dl><br style=\"clear: both\" \/>\n\t\t<\/div>\n\n<p style=\"text-align: justify;\">Nagy \u00f6r\u00f6m volt, hogy a magyar ajk\u00fa h\u00edvek mellett az ukr\u00e1n ajk\u00fa h\u00edvek k\u00f6z\u00fcl is sokan elzar\u00e1ndokoltunk Ferenc p\u00e1p\u00e1hoz Budapestre. Koza Tomasz SDS atya, szolyvai pl\u00e9b\u00e1nos, aki vel\u00fcnk egy\u00fctt j\u00f6tt, az Egri Bazilik\u00e1ban szentmis\u00e9t mutatott be, melyet az ukrajnai b\u00e9k\u00e9\u00e9rt aj\u00e1nlottunk fel.<\/p>\n<p style=\"text-align: justify;\"><img loading=\"lazy\" decoding=\"async\" class=\"size-large wp-image-10484 aligncenter\" src=\"https:\/\/munkacs-diocese.org\/hu\/wp-content\/uploads\/2023\/05\/29-04-2023.agsu-navsteva-svateho-otca-v-madarsku-arena-koncertprint2t6a5776-1024x683.jpg\" alt=\"\" width=\"1024\" height=\"683\" srcset=\"https:\/\/munkacs-diocese.org\/hu\/wp-content\/uploads\/2023\/05\/29-04-2023.agsu-navsteva-svateho-otca-v-madarsku-arena-koncertprint2t6a5776-1024x683.jpg 1024w, https:\/\/munkacs-diocese.org\/hu\/wp-content\/uploads\/2023\/05\/29-04-2023.agsu-navsteva-svateho-otca-v-madarsku-arena-koncertprint2t6a5776-300x200.jpg 300w, https:\/\/munkacs-diocese.org\/hu\/wp-content\/uploads\/2023\/05\/29-04-2023.agsu-navsteva-svateho-otca-v-madarsku-arena-koncertprint2t6a5776-768x512.jpg 768w, https:\/\/munkacs-diocese.org\/hu\/wp-content\/uploads\/2023\/05\/29-04-2023.agsu-navsteva-svateho-otca-v-madarsku-arena-koncertprint2t6a5776-1536x1024.jpg 1536w, https:\/\/munkacs-diocese.org\/hu\/wp-content\/uploads\/2023\/05\/29-04-2023.agsu-navsteva-svateho-otca-v-madarsku-arena-koncertprint2t6a5776-1080x720.jpg 1080w, https:\/\/munkacs-diocese.org\/hu\/wp-content\/uploads\/2023\/05\/29-04-2023.agsu-navsteva-svateho-otca-v-madarsku-arena-koncertprint2t6a5776.jpg 1620w\" sizes=\"(max-width: 1024px) 100vw, 1024px\" \/><\/p>\n<p style=\"text-align: justify;\">Ferenc p\u00e1pa magyarorsz\u00e1gi apostoli l\u00e1togat\u00e1s\u00e1nak m\u00e1sodik napj\u00e1n d\u00e9lut\u00e1n tizenegyezer fiatallal tal\u00e1lkozott, \u00e9s besz\u00e9det int\u00e9zett hozz\u00e1juk a budapesti Papp L\u00e1szl\u00f3 Sportar\u00e9n\u00e1ban. Az esem\u00e9nyen 11 ezer 14\u201325 \u00e9v k\u00f6z\u00f6tti fiatal vett r\u00e9szt az eg\u00e9sz orsz\u00e1gb\u00f3l \u00e9s a hat\u00e1ron t\u00falr\u00f3l. Fiataljaink k\u00f6z\u00fcl is t\u00f6bben jelen tudtak lenni. A p\u00e1p\u00e1val val\u00f3 tal\u00e1lkoz\u00e1son n\u00e9gy fiatal tett tan\u00fas\u00e1got, k\u00f6zt\u00fck egy K\u00e1rp\u00e1talj\u00e1r\u00f3l sz\u00e1rmaz\u00f3 g\u00f6r\u00f6gkatolikus 17 \u00e9ves fi\u00fa, T\u00f3dor, aki a miskolci F\u00e9nyi Gyula Jezsuita Gimn\u00e1zium di\u00e1kja.<\/p>\n<p style=\"text-align: justify;\">\u201eK\u00e1rp\u00e1talj\u00e1r\u00f3l sz\u00e1rmazom, magyar g\u00f6r\u00f6gkatolikus papcsal\u00e1dban nevelkedem. Sz\u00fcl\u0151f\u00f6ldem v\u00e9rtan\u00fa alakja a sokat szenvedett g\u00f6r\u00f6gkatolikus p\u00fcsp\u00f6k, Boldog Romzsa T\u00f3dor. Nevemet az \u0151 tisztelet\u00e9re kaptam. Ez az \u00f6r\u00f6ks\u00e9g sokszor elgondolkodtatott a hitemr\u0151l. Mi a hivat\u00e1som a koroszt\u00e1lyom fel\u00e9? Van-e egy\u00e1ltal\u00e1n \u00e9rt\u00e9ke a hitvall\u00e1somnak? Meghall-e engem valaki? Miskolcon tanulok, ahol sok m\u00e1s t\u00e1rsamhoz hasonl\u00f3an biztons\u00e1gban \u00e9s lelki kiegyens\u00falyozotts\u00e1gban \u00e9lek. De l\u00e1tom \u00e9s tapasztalom a sz\u00fcl\u0151f\u00f6ldemen zajl\u00f3 esem\u00e9nyeket, \u00e9s egyre ink\u00e1bb \u00fagy \u00e9rzem, nekem is tan\u00fas\u00e1got kell tennem a hitemr\u0151l saj\u00e1t k\u00f6rnyezetemben. Hiszen itt is van mi\u00e9rt k\u00fczdenem. Sokan k\u00f6z\u00f6mb\u00f6sek hit\u00fck ir\u00e1nt, nem tartj\u00e1k fontosnak sz\u00fcleik \u00e9s el\u0151deik megk\u00fczd\u00f6tt \u00f6r\u00f6ks\u00e9g\u00e9t\u2026 K\u00fcldet\u00e9studatunkat sokszor elaltatja, hogy biztons\u00e1gban \u00e9s nyugalomban \u00e9lhet\u00fcnk, de l\u00e1tnunk kell, hogy t\u0151l\u00fcnk n\u00e9h\u00e1ny kilom\u00e9terre a h\u00e1bor\u00fa \u00e9s a szenved\u00e9s hat\u00e1rozza meg a h\u00e9tk\u00f6znapokat.\u201d \u2013 mondta t\u00f6bbek k\u00f6z\u00f6tt tan\u00fas\u00e1gt\u00e9tel\u00e9ben.<\/p>\n\n\t\t<style type=\"text\/css\">\n\t\t\t#gallery-9 {\n\t\t\t\tmargin: auto;\n\t\t\t}\n\t\t\t#gallery-9 .gallery-item {\n\t\t\t\tfloat: left;\n\t\t\t\tmargin-top: 10px;\n\t\t\t\ttext-align: center;\n\t\t\t\twidth: 50%;\n\t\t\t}\n\t\t\t#gallery-9 img {\n\t\t\t\tborder: 2px solid #cfcfcf;\n\t\t\t}\n\t\t\t#gallery-9 .gallery-caption {\n\t\t\t\tmargin-left: 0;\n\t\t\t}\n\t\t\t\/* see gallery_shortcode() in wp-includes\/media.php *\/\n\t\t<\/style>\n\t\t<div id='gallery-9' class='gallery galleryid-10483 gallery-columns-2 gallery-size-full'><dl class='gallery-item'>\n\t\t\t<dt class='gallery-icon landscape'>\n\t\t\t\t<a href='https:\/\/munkacs-diocese.org\/hu\/2023\/05\/08\/koszonjuk-szentatya-beszamolo-a-munkacsi-egyhazmegye-ferenc-papaval-valo-talalkozasarol\/todor\/'><img loading=\"lazy\" decoding=\"async\" width=\"850\" height=\"492\" src=\"https:\/\/munkacs-diocese.org\/hu\/wp-content\/uploads\/2023\/05\/Todor.jpg\" class=\"attachment-full size-full\" alt=\"\" srcset=\"https:\/\/munkacs-diocese.org\/hu\/wp-content\/uploads\/2023\/05\/Todor.jpg 850w, https:\/\/munkacs-diocese.org\/hu\/wp-content\/uploads\/2023\/05\/Todor-300x174.jpg 300w, https:\/\/munkacs-diocese.org\/hu\/wp-content\/uploads\/2023\/05\/Todor-768x445.jpg 768w\" sizes=\"(max-width: 850px) 100vw, 850px\" \/><\/a>\n\t\t\t<\/dt><\/dl><dl class='gallery-item'>\n\t\t\t<dt class='gallery-icon landscape'>\n\t\t\t\t<a href='https:\/\/munkacs-diocese.org\/hu\/2023\/05\/08\/koszonjuk-szentatya-beszamolo-a-munkacsi-egyhazmegye-ferenc-papaval-valo-talalkozasarol\/29-04-2023-agsu-navsteva-svateho-otca-v-madarsku-arena-koncertprinte75a8941\/'><img loading=\"lazy\" decoding=\"async\" width=\"1620\" height=\"927\" src=\"https:\/\/munkacs-diocese.org\/hu\/wp-content\/uploads\/2023\/05\/29-04-2023.agsu-navsteva-svateho-otca-v-madarsku-arena-koncertprinte75a8941-e1683548234868.jpg\" class=\"attachment-full size-full\" alt=\"\" srcset=\"https:\/\/munkacs-diocese.org\/hu\/wp-content\/uploads\/2023\/05\/29-04-2023.agsu-navsteva-svateho-otca-v-madarsku-arena-koncertprinte75a8941-e1683548234868.jpg 1620w, https:\/\/munkacs-diocese.org\/hu\/wp-content\/uploads\/2023\/05\/29-04-2023.agsu-navsteva-svateho-otca-v-madarsku-arena-koncertprinte75a8941-e1683548234868-300x172.jpg 300w, https:\/\/munkacs-diocese.org\/hu\/wp-content\/uploads\/2023\/05\/29-04-2023.agsu-navsteva-svateho-otca-v-madarsku-arena-koncertprinte75a8941-e1683548234868-1024x586.jpg 1024w, https:\/\/munkacs-diocese.org\/hu\/wp-content\/uploads\/2023\/05\/29-04-2023.agsu-navsteva-svateho-otca-v-madarsku-arena-koncertprinte75a8941-e1683548234868-768x439.jpg 768w, https:\/\/munkacs-diocese.org\/hu\/wp-content\/uploads\/2023\/05\/29-04-2023.agsu-navsteva-svateho-otca-v-madarsku-arena-koncertprinte75a8941-e1683548234868-1536x879.jpg 1536w, https:\/\/munkacs-diocese.org\/hu\/wp-content\/uploads\/2023\/05\/29-04-2023.agsu-navsteva-svateho-otca-v-madarsku-arena-koncertprinte75a8941-e1683548234868-1080x618.jpg 1080w\" sizes=\"(max-width: 1620px) 100vw, 1620px\" \/><\/a>\n\t\t\t<\/dt><\/dl><br style=\"clear: both\" \/>\n\t\t<\/div>\n\n<p style=\"text-align: justify;\">A Munk\u00e1csi Szent Istv\u00e1n L\u00edceumb\u00f3l \u00e9rkezett fiatalok k\u00eds\u00e9r\u0151tan\u00e1ra ezekkel a szavakkal foglalta \u00f6ssze a k\u00f6z\u00f6sen \u00e1t\u00e9lt \u00e9lm\u00e9nyeket: \u201eKilenc di\u00e1kkal \u00e9s k\u00e9t k\u00eds\u00e9r\u0151 tan\u00e1rral csatlakoztunk az egyh\u00e1zmegyei ifj\u00fas\u00e1gi zar\u00e1ndokokhoz, melyet l\u00edceumunk lelki gondoz\u00f3ja Resch Tam\u00e1s atya vezetett. A v\u00e1rakoz\u00e1sokkal ellent\u00e9tben, hamar bejutottunk a stadionba. A kapunyit\u00e1sra v\u00e1rva k\u00f6z\u00f6s j\u00e1t\u00e9kkal t\u00f6lt\u00f6tt\u00fck az id\u0151t. Miut\u00e1n elfoglaltuk a hely\u00fcnket, hamar megtelt fiatalokkal a stadion. A Forr\u00e1spont egy\u00fcttes dics\u0151\u00edt\u0151 \u00e9nekei ind\u00edtott\u00e1k az est\u00e9t. A p\u00e1pa nagyon k\u00f6zvetlen volt \u00e9s nagyon fiatalosan \u00fczent az ifj\u00fas\u00e1gnak. N\u00e9ha elt\u00e9rve a hivatalos besz\u00e9d\u00e9t\u0151l, m\u00e9g szem\u00e9lyesebb\u00e9 tette a fiatalokhoz c\u00edmzett \u00fczenet\u00e9t. Volt, amit t\u00f6bbsz\u00f6r is elism\u00e9teltetett a t\u00f6meggel. Egy-k\u00e9t magyar sz\u00f3t is megtanult a kedv\u00fcnk\u00e9rt.\u00a0 A p\u00e1pai tal\u00e1lkoz\u00f3t szents\u00e9gim\u00e1d\u00e1ssal z\u00e1rtuk, ahonnan \u00e9lm\u00e9nyekkel telten \u00e9s egy kicsi megf\u00e1radtan \u00e9rt\u00fcnk a sz\u00e1ll\u00e1sra, ahol az isteni gondvisel\u00e9s finom vacsor\u00e1t, parkol\u00f3helyet \u00e9s j\u00f3 besz\u00e9lget\u00e9seket k\u00e9sz\u00edtett el\u0151 nek\u00fcnk. Vas\u00e1rnap kor\u00e1n kelt\u00fcnk, hogy id\u0151ben bejussunk a Kossuth t\u00e9rre. A szentmise, a k\u00f6z\u00f6s \u00e9ljenz\u00e9s \u00e9s taps, a p\u00e1pa jelenl\u00e9te \u00f6r\u00f6mmel \u00e9s b\u00e9k\u00e9vel t\u00f6lt\u00f6tte be a sz\u00edv\u00fcnket.\u201d<\/p>\n<p style=\"text-align: justify;\">Ferenc p\u00e1pa a fiatalok nyelv\u00e9n sz\u00f3lt \u00e9s b\u00e1tor\u00edtott mindenkit, hogy ne felejts\u00fck el, nagy dolgokra vagyunk teremtve.<\/p>\n<p style=\"text-align: justify;\"><img loading=\"lazy\" decoding=\"async\" class=\"wp-image-10533 alignright\" src=\"https:\/\/munkacs-diocese.org\/hu\/wp-content\/uploads\/2023\/05\/viber_kep_2023-04-29_19-59-32-126-1-e1683548424732-180x300.jpg\" alt=\"\" width=\"202\" height=\"336\" srcset=\"https:\/\/munkacs-diocese.org\/hu\/wp-content\/uploads\/2023\/05\/viber_kep_2023-04-29_19-59-32-126-1-e1683548424732-180x300.jpg 180w, https:\/\/munkacs-diocese.org\/hu\/wp-content\/uploads\/2023\/05\/viber_kep_2023-04-29_19-59-32-126-1-e1683548424732-614x1024.jpg 614w, https:\/\/munkacs-diocese.org\/hu\/wp-content\/uploads\/2023\/05\/viber_kep_2023-04-29_19-59-32-126-1-e1683548424732-768x1281.jpg 768w, https:\/\/munkacs-diocese.org\/hu\/wp-content\/uploads\/2023\/05\/viber_kep_2023-04-29_19-59-32-126-1-e1683548424732.jpg 832w\" sizes=\"(max-width: 202px) 100vw, 202px\" \/><\/p>\n<p style=\"text-align: justify;\">\u201eAz \u00f6t keny\u00e9r \u00e9s k\u00e9t hal azonban el\u00e9g J\u00e9zusnak, hogy v\u00e9ghezvigye a keny\u00e9rszapor\u00edt\u00e1s h\u00edres csod\u00e1j\u00e1t. Ugyan\u00edgy, a mi kis dolgaink, a b\u0171neink is, elegend\u0151ek J\u00e9zusnak. \u00c9s mit kell tenn\u00fcnk? J\u00e9zus kez\u00e9be kell helyezn\u00fcnk: ennyi el\u00e9g! Az evang\u00e9lium azonban nem eml\u00edt meg egy r\u00e9szletet, melyet ink\u00e1bb a k\u00e9pzelet\u00fcnkre b\u00edz: hogyan vett\u00e9k r\u00e1 a tan\u00edtv\u00e1nyok azt a fiatalembert, hogy odaadja minden\u00e9t? Tal\u00e1n megk\u00e9rt\u00e9k, hogy adja oda az eb\u00e9dj\u00e9t, \u0151 pedig k\u00f6r\u00fcln\u00e9zett, \u00e9s l\u00e1tta, hogy t\u00f6bb ezer ember van itt. \u00c9s tal\u00e1n hozz\u00e1juk hasonl\u00f3an \u0151 is azt v\u00e1laszolta: \u201eNem el\u00e9g, mi\u00e9rt k\u00e9rtek engem, ink\u00e1bb a ti dolgotok, akik J\u00e9zus tan\u00edtv\u00e1nyai vagytok, az, hogy gondoskodjatok err\u0151l? Ki vagyok \u00e9n?\u201d Azt\u00e1n tal\u00e1n azt mondt\u00e1k neki, hogy maga J\u00e9zus k\u00e9ri ezt. \u00c9s \u0151 rendk\u00edv\u00fcli dolgot tesz: megb\u00edzik benn\u00fck. Ez a fiatalember, aki hozott mag\u00e1nak eb\u00e9dreval\u00f3t, b\u00edzik benn\u00fck: mindent odaad, semmit sem tart meg mag\u00e1nak. Az\u00e9rt j\u00f6tt, hogy J\u00e9zust\u00f3l kapjon, \u00e9s azon kapja mag\u00e1t, hogy \u0151 az, aki J\u00e9zusnak ad. De \u00edgy t\u00f6rt\u00e9nik meg a csoda. A megoszt\u00e1sb\u00f3l sz\u00fcletik: a J\u00e9zus \u00e1ltal v\u00e9ghezvitt megsokszoroz\u00e1s akkor kezd\u0151dik, hogy az a fiatalember megosztja vele \u00e9s m\u00e1sokkal azt, amije van. Annak a fiatalembernek a keves\u00e9b\u0151l J\u00e9zus kez\u00e9ben sok lesz. \u00cdme, ide vezet a hit: az adakoz\u00e1s szabads\u00e1g\u00e1hoz, a nagylelk\u0171s\u00e9g lelkesed\u00e9s\u00e9hez, a f\u00e9lelmek legy\u0151z\u00e9s\u00e9hez, az \u00f6nmagunk kock\u00e1ra t\u00e9tel\u00e9hez! Bar\u00e1taim, ti mind \u00e9rt\u00e9kesek vagytok J\u00e9zus sz\u00e1m\u00e1ra, \u00e9s sz\u00e1momra is! Ne feledj\u00e9tek, hogy senki sem veheti \u00e1t helyeteket a vil\u00e1g t\u00f6rt\u00e9nelm\u00e9ben, az Egyh\u00e1z t\u00f6rt\u00e9nelm\u00e9ben: senki sem veheti \u00e1t helyeteket! Senki sem k\u00e9pes arra, amire csak ti vagytok k\u00e9pesek. Seg\u00edts\u00fcnk egym\u00e1snak elhinni, hogy szeretnek benn\u00fcnket, \u00e9s \u00e9rt\u00e9kesek vagyunk, hogy nagy dolgokra vagyunk teremtve. Im\u00e1dkozzunk ez\u00e9rt, \u00e9s b\u00e1tor\u00edtsuk egym\u00e1st ebben!\u201d \u2013 mondta Ferenc p\u00e1pa a fiatalokhoz int\u00e9zett besz\u00e9de v\u00e9g\u00e9n.<\/p>\n<p style=\"text-align: justify;\">\u201eFantasztikus \u00e9lm\u00e9ny volt, hatalmas t\u00f6meg. Le sem tudjuk \u00edrni, milyen sz\u00e9p, amikor ott vagyunk. Az Isten megjelent k\u00f6z\u00f6tt\u00fcnk \u00e9s Ferenc p\u00e1pa komolyan buzd\u00edtott benn\u00fcnket, hogy kapcsol\u00f3djunk ehhez az Istenhez. Legy\u00fcnk Vele, legy\u00fcnk a B\u00e9ke emberei.\u201d \u2013 mondta Tam\u00e1s atya nagy lelkesed\u00e9ssel a hazautaz\u00e1s el\u0151tt.<\/p>\n<p><iframe loading=\"lazy\" title=\"Munk\u00e1csi r\u00f3mai-katolikus egyh\u00e1zmegye. P\u00e1pal\u00e1togat\u00e1s\" width=\"1080\" height=\"608\" src=\"https:\/\/www.youtube.com\/embed\/M6AbYmapyDg?feature=oembed\" frameborder=\"0\" allow=\"accelerometer; autoplay; clipboard-write; encrypted-media; gyroscope; picture-in-picture; web-share\" allowfullscreen><\/iframe><\/p>\n<p style=\"text-align: justify;\">\u00dajra a Kossuth t\u00e9ren \u00e1llok\u2026 \u00d6tvenezred magammal\u2026 A helikopter \u00e9rkez\u00e9se jelzi, hogy Ferenc p\u00e1pa k\u00f6zeledik. \u00c9s val\u00f3ban! A hatalmas kivet\u00edt\u0151k\u00f6n m\u00e1r l\u00e1tszik is fel\u00fclr\u0151l az Erzs\u00e9bet-h\u00edd, a konvoj k\u00f6zep\u00e9n a kis feh\u00e9r Fiat. Majd a p\u00e1pamobil, amivel v\u00e9gigmegy a t\u00e9ren. Mindenki mosolyog, a sz\u00edvek m\u00e1r \u00fcnnepl\u0151be \u00f6lt\u00f6ztek a v\u00e1rakoz\u00e1s \u00f3r\u00e1i alatt. Szent, \u00fcnnepi pillanatok ezek. Olyan pillanatok, amelyek \u00f6r\u00f6kre bev\u00e9s\u0151dnek!<\/p>\n<p style=\"text-align: justify;\">\u201ePr\u00f3b\u00e1ljunk mi is \u2013 szavakkal, gesztusokkal, h\u00e9tk\u00f6znapi tettekkel \u2013 olyanok lenni, mint J\u00e9zus: nyitott kapuk, olyan kapuk, amelyeket senki el\u0151tt nem csapnak be, olyan kapuk, amelyeken mindenki bel\u00e9phet \u00e9s megtapasztalhatja az \u00dar szeretet\u00e9nek \u00e9s megbocs\u00e1t\u00e1s\u00e1nak sz\u00e9ps\u00e9g\u00e9t. (\u2026) Legy\u00fcnk nyitottak \u00e9s befogad\u00f3ak egym\u00e1s fel\u00e9, hogy seg\u00edts\u00fck Magyarorsz\u00e1got a testv\u00e9ris\u00e9g \u00e9s a b\u00e9ke \u00fatj\u00e1n n\u00f6vekedni.\u201d \u2013 mondta Ferenc p\u00e1pa. Majd \u00edgy folytatta: \u201eSzeretteim, J\u00e9zus, a J\u00f3 P\u00e1sztor nev\u00fcnk\u00f6n sz\u00f3l\u00edt minket, \u00e9s v\u00e9gtelen gyeng\u00e9ds\u00e9ggel gondoskodik r\u00f3lunk. \u0150 a kapu, \u00e9s aki \u0151rajta kereszt\u00fcl l\u00e9p be, annak \u00f6r\u00f6k \u00e9lete van: \u0151 a mi j\u00f6v\u0151nk, a \u201eb\u0151s\u00e9ges \u00e9let j\u00f6v\u0151je\u201d (v\u00f6. Jn 10,10). Ez\u00e9rt soha ne cs\u00fcggedj\u00fcnk el, soha ne engedj\u00fck, hogy megfosszanak minket att\u00f3l az \u00f6r\u00f6mt\u0151l \u00e9s b\u00e9kess\u00e9gt\u0151l, amelyet \u0151 adott nek\u00fcnk, ne z\u00e1rk\u00f3zzunk be a probl\u00e9m\u00e1kba vagy a f\u00e1sults\u00e1gba! Hagyjuk, hogy a mi P\u00e1sztorunk k\u00eds\u00e9rjen minket: vele az \u00faj \u00e9let f\u00e9ny\u00e9ben ragyogjon az \u00e9let\u00fcnk, a csal\u00e1djaink, kereszt\u00e9ny k\u00f6z\u00f6ss\u00e9geink \u00e9s eg\u00e9sz Magyarorsz\u00e1g!\u201d \u2013 buzd\u00edtott mindenkit a Szentatya apostoli l\u00e1togat\u00e1s\u00e1nak cs\u00facspontj\u00e1n.<\/p>\n<p style=\"text-align: justify;\">\u201eNeh\u00e9z szavakba \u00f6nteni mindazt, amit megtapasztaltunk, l\u00e1ttunk, \u00e1t\u00e9rezt\u00fcnk. \u2013 \u00edrta az egyik munk\u00e1csi zar\u00e1ndok, amikor arr\u00f3l k\u00e9rdeztem, hogyan \u00e9lt\u00e9k meg fi\u00e1val a p\u00e1p\u00e1val val\u00f3 tal\u00e1lkoz\u00e1st. \u201eK\u00f6sz\u00f6net \u00e9s h\u00e1la a J\u00f3istennek a kapott csod\u00e1latos aj\u00e1nd\u00e9k\u00e9rt, hogy itt lehett\u00fcnk, s egy sz\u00edvvel-l\u00e9lekkel im\u00e1dkozhattunk a tengernyi emberrel. Olyan er\u0151s volt a Szentl\u00e9lek jelenl\u00e9te \u00e9s Ferenc p\u00e1pa karizmatikus szem\u00e9lyis\u00e9ge, hogy egy szeret\u0151 csal\u00e1dd\u00e1 v\u00e1ltunk. Kalap\u00e1lt a sz\u00edvem, potyogtak a k\u00f6nnyeim, a torkomon akkora \u2019meghatotts\u00e1g gomb\u00f3c\u2019 szorult, hogy a mise bevezet\u0151 \u00e9nek\u00e9b\u0151l egy \u00e1rva sz\u00f3t sem tudtam el\u00e9nekelni. D\u00f6bbenetes a pr\u00e9dik\u00e1ci\u00f3ban elhangzott \u00fczenete: \u2019Legyetek kapu m\u00e1sok fel\u00e9!\u2019 Mennyire j\u00f3l tudja a Szentatya, hogy mire van sz\u00fcks\u00e9ge ennek a t\u00e9kozl\u00f3 vil\u00e1gnak. E szavak \u2019\u00e9l\u0151 jelent\u00e9s\u00e9t\u2019 meg\u00e9lhett\u00fck az egyszer\u0171s\u00e9g\u00e9n, \u0151szintes\u00e9g\u00e9n, szeretet\u00e9n \u00e9s szem\u00e9lyes odafigyel\u00e9s\u00e9n kereszt\u00fcl, f\u00fcggetlen\u00fcl att\u00f3l, hogy k\u00f6zel vagy t\u00e1vol, szabad szemmel vagy vet\u00edt\u0151n k\u00f6vethett\u00fck \u0150t. \u2019Anya! L\u00e1ttam a p\u00e1p\u00e1t \u00e9s r\u00e1m mosolygott!\u2019 &#8211; ki\u00e1ltott a 11 \u00e9ves fiam. Egy t\u00e1volb\u00f3l \u00e1t\u00e9lt pillanat, de le\u00edrhatatlan a hat\u00e1sa&#8230; K\u00e9t napja vagyunk itthon, s sz\u00fcntelen\u00fcl azon gondolkozom, hogy mit jelent sz\u00e1momra a p\u00e1p\u00e1t\u00f3l kapott \u00fczenet. A sz\u00edvemben ez a v\u00e1lasz sz\u00fcletett: tal\u00e1ld meg azt a helyet, amelyen fel\u00e9p\u00edted kapudat (mindenki a saj\u00e1tj\u00e1t), t\u00e1rd ki sz\u00e9lesre, s aki bel\u00e9p rajta, \u00e9rezze \u00e1t Isten v\u00e9gtelen, szem\u00e9lyes szeretet\u00e9t!&#8221;<\/p>\n\n\t\t<style type=\"text\/css\">\n\t\t\t#gallery-10 {\n\t\t\t\tmargin: auto;\n\t\t\t}\n\t\t\t#gallery-10 .gallery-item {\n\t\t\t\tfloat: left;\n\t\t\t\tmargin-top: 10px;\n\t\t\t\ttext-align: center;\n\t\t\t\twidth: 50%;\n\t\t\t}\n\t\t\t#gallery-10 img {\n\t\t\t\tborder: 2px solid #cfcfcf;\n\t\t\t}\n\t\t\t#gallery-10 .gallery-caption {\n\t\t\t\tmargin-left: 0;\n\t\t\t}\n\t\t\t\/* see gallery_shortcode() in wp-includes\/media.php *\/\n\t\t<\/style>\n\t\t<div id='gallery-10' class='gallery galleryid-10483 gallery-columns-2 gallery-size-full'><dl class='gallery-item'>\n\t\t\t<dt class='gallery-icon landscape'>\n\t\t\t\t<a href='https:\/\/munkacs-diocese.org\/hu\/2023\/05\/08\/koszonjuk-szentatya-beszamolo-a-munkacsi-egyhazmegye-ferenc-papaval-valo-talalkozasarol\/cq5dam-web-800-800-9\/'><img loading=\"lazy\" decoding=\"async\" width=\"800\" height=\"456\" src=\"https:\/\/munkacs-diocese.org\/hu\/wp-content\/uploads\/2023\/05\/cq5dam.web_.800.800-9-e1683548981794.jpeg\" class=\"attachment-full size-full\" alt=\"\" srcset=\"https:\/\/munkacs-diocese.org\/hu\/wp-content\/uploads\/2023\/05\/cq5dam.web_.800.800-9-e1683548981794.jpeg 800w, https:\/\/munkacs-diocese.org\/hu\/wp-content\/uploads\/2023\/05\/cq5dam.web_.800.800-9-e1683548981794-300x171.jpeg 300w, https:\/\/munkacs-diocese.org\/hu\/wp-content\/uploads\/2023\/05\/cq5dam.web_.800.800-9-e1683548981794-768x438.jpeg 768w\" sizes=\"(max-width: 800px) 100vw, 800px\" \/><\/a>\n\t\t\t<\/dt><\/dl><dl class='gallery-item'>\n\t\t\t<dt class='gallery-icon landscape'>\n\t\t\t\t<a href='https:\/\/munkacs-diocese.org\/hu\/2023\/05\/08\/koszonjuk-szentatya-beszamolo-a-munkacsi-egyhazmegye-ferenc-papaval-valo-talalkozasarol\/papa-a-madonna-kep-elott\/'><img loading=\"lazy\" decoding=\"async\" width=\"850\" height=\"480\" src=\"https:\/\/munkacs-diocese.org\/hu\/wp-content\/uploads\/2023\/05\/papa-a-madonna-kep-elott-e1683549010741.jpg\" class=\"attachment-full size-full\" alt=\"\" srcset=\"https:\/\/munkacs-diocese.org\/hu\/wp-content\/uploads\/2023\/05\/papa-a-madonna-kep-elott-e1683549010741.jpg 850w, https:\/\/munkacs-diocese.org\/hu\/wp-content\/uploads\/2023\/05\/papa-a-madonna-kep-elott-e1683549010741-300x169.jpg 300w, https:\/\/munkacs-diocese.org\/hu\/wp-content\/uploads\/2023\/05\/papa-a-madonna-kep-elott-e1683549010741-768x434.jpg 768w\" sizes=\"(max-width: 850px) 100vw, 850px\" \/><\/a>\n\t\t\t<\/dt><\/dl><br style=\"clear: both\" \/>\n\t\t<\/div>\n\n<p style=\"text-align: justify;\">Ferenc p\u00e1pa utols\u00f3 szavai a szentmis\u00e9n, a Regina caeli elim\u00e1dkoz\u00e1sa el\u0151tt ezek voltak: \u201eOlyan sz\u00e9p, hogy a hat\u00e1rok nem elv\u00e1laszt\u00f3 vonalakat jelentenek, hanem kapcsol\u00f3d\u00e1si pontokat; \u00e9s hogy a Krisztusban h\u00edv\u0151k azt a szeretetet helyezik el\u0151t\u00e9rbe, amely egym\u00e1ssal \u00f6sszek\u00f6t, \u00e9s nem a t\u00f6rt\u00e9nelmi, kultur\u00e1lis \u00e9s vall\u00e1si k\u00fcl\u00f6nbs\u00e9geket, amelyek egym\u00e1st\u00f3l elv\u00e1lasztanak.<\/p>\n<p style=\"text-align: justify;\">Forduljunk most a Sz\u0171zany\u00e1hoz. (\u2026) Innen, e nagyszer\u0171 v\u00e1rosb\u00f3l \u00e9s e nemes orsz\u00e1gb\u00f3l az \u0151 sz\u00edv\u00e9re szeretn\u00e9m b\u00edzni az eur\u00f3pai kontinens hit\u00e9t \u00e9s j\u00f6v\u0151j\u00e9t, amelyre e napokban sokat gondoltam, k\u00fcl\u00f6n\u00f6sk\u00e9ppen a b\u00e9ke \u00fcgy\u00e9t. Szent Sz\u0171z, tekints a k\u00fcl\u00f6n\u00f6sen sokat szenved\u0151 n\u00e9pekre! Tekints k\u00fcl\u00f6n\u00f6sen a szomsz\u00e9dos, meggy\u00f6t\u00f6rt ukr\u00e1n n\u00e9pre, \u00e9s az orosz n\u00e9pre, neked szentelt n\u00e9peidre! Te, aki a B\u00e9ke Kir\u00e1lyn\u0151je vagy, \u00f6ntsd az emberek \u00e9s a n\u00e9pek vezet\u0151inek sz\u00edv\u00e9be a v\u00e1gyat, hogy a b\u00e9k\u00e9t \u00e9p\u00edts\u00e9k, hogy a k\u00f6vetkez\u0151 nemzed\u00e9keknek a rem\u00e9ny j\u00f6v\u0151j\u00e9t ny\u00fajts\u00e1k, ne a h\u00e1bor\u00fat; egy b\u00f6lcs\u0151kkel \u00e9s nem s\u00edrokkal teli j\u00f6v\u0151t; egy testv\u00e9rekkel \u00e9s nem falakkal teli vil\u00e1got!\u201d<\/p>\n\n\t\t<style type=\"text\/css\">\n\t\t\t#gallery-11 {\n\t\t\t\tmargin: auto;\n\t\t\t}\n\t\t\t#gallery-11 .gallery-item {\n\t\t\t\tfloat: left;\n\t\t\t\tmargin-top: 10px;\n\t\t\t\ttext-align: center;\n\t\t\t\twidth: 50%;\n\t\t\t}\n\t\t\t#gallery-11 img {\n\t\t\t\tborder: 2px solid #cfcfcf;\n\t\t\t}\n\t\t\t#gallery-11 .gallery-caption {\n\t\t\t\tmargin-left: 0;\n\t\t\t}\n\t\t\t\/* see gallery_shortcode() in wp-includes\/media.php *\/\n\t\t<\/style>\n\t\t<div id='gallery-11' class='gallery galleryid-10483 gallery-columns-2 gallery-size-full'><dl class='gallery-item'>\n\t\t\t<dt class='gallery-icon landscape'>\n\t\t\t\t<a href='https:\/\/munkacs-diocese.org\/hu\/2023\/05\/08\/koszonjuk-szentatya-beszamolo-a-munkacsi-egyhazmegye-ferenc-papaval-valo-talalkozasarol\/viber_kep_2023-04-30_09-48-28-612\/'><img loading=\"lazy\" decoding=\"async\" width=\"940\" height=\"559\" src=\"https:\/\/munkacs-diocese.org\/hu\/wp-content\/uploads\/2023\/05\/viber_kep_2023-04-30_09-48-28-612-e1683548911422.jpg\" class=\"attachment-full size-full\" alt=\"\" srcset=\"https:\/\/munkacs-diocese.org\/hu\/wp-content\/uploads\/2023\/05\/viber_kep_2023-04-30_09-48-28-612-e1683548911422.jpg 940w, https:\/\/munkacs-diocese.org\/hu\/wp-content\/uploads\/2023\/05\/viber_kep_2023-04-30_09-48-28-612-e1683548911422-300x178.jpg 300w, https:\/\/munkacs-diocese.org\/hu\/wp-content\/uploads\/2023\/05\/viber_kep_2023-04-30_09-48-28-612-e1683548911422-768x457.jpg 768w\" sizes=\"(max-width: 940px) 100vw, 940px\" \/><\/a>\n\t\t\t<\/dt><\/dl><dl class='gallery-item'>\n\t\t\t<dt class='gallery-icon landscape'>\n\t\t\t\t<a href='https:\/\/munkacs-diocese.org\/hu\/2023\/05\/08\/koszonjuk-szentatya-beszamolo-a-munkacsi-egyhazmegye-ferenc-papaval-valo-talalkozasarol\/puspokok-3\/'><img loading=\"lazy\" decoding=\"async\" width=\"850\" height=\"494\" src=\"https:\/\/munkacs-diocese.org\/hu\/wp-content\/uploads\/2023\/05\/puspokok.jpg\" class=\"attachment-full size-full\" alt=\"\" srcset=\"https:\/\/munkacs-diocese.org\/hu\/wp-content\/uploads\/2023\/05\/puspokok.jpg 850w, https:\/\/munkacs-diocese.org\/hu\/wp-content\/uploads\/2023\/05\/puspokok-300x174.jpg 300w, https:\/\/munkacs-diocese.org\/hu\/wp-content\/uploads\/2023\/05\/puspokok-768x446.jpg 768w\" sizes=\"(max-width: 850px) 100vw, 850px\" \/><\/a>\n\t\t\t<\/dt><\/dl><br style=\"clear: both\" \/>\n\t\t<\/div>\n\n<p style=\"text-align: justify;\">Az Ukr\u00e1n Katolikus P\u00fcsp\u00f6ki Kart egyh\u00e1zmegy\u00e9nk apostoli korm\u00e1nyz\u00f3ja, Lucsok P. Mikl\u00f3s OP p\u00fcsp\u00f6k k\u00e9pviselte. Mikl\u00f3s p\u00fcsp\u00f6k Luscs\u00e1k N\u00edlus OFM, a munk\u00e1csi g\u00f6r\u00f6gkatolikus egyh\u00e1zmegye apostoli korm\u00e1nyz\u00f3j\u00e1val egy\u00fctt, valamint a magyar \u00e9s hat\u00e1ron t\u00fali p\u00fcsp\u00f6k\u00f6kkel egy\u00fctt koncelebr\u00e1lt a p\u00e1pai szentmis\u00e9n. \u201eEzt a szentmis\u00e9t az ukrajnai b\u00e9k\u00e9\u00e9rt val\u00f3 im\u00e1ds\u00e1gban aj\u00e1nlom fel\u201d- \u00fczente Mikl\u00f3s p\u00fcsp\u00f6k a szentmise kezdet\u00e9n. Mi mindannyian, akik a t\u00e9ren voltunk, vagy \u00e9ppen otthonr\u00f3l k\u00f6vett\u00fck a szentmis\u00e9t, egy l\u00e9lekk\u00e9nt csatlakoztunk a felaj\u00e1nl\u00e1shoz.<\/p>\n<p style=\"text-align: justify;\">\u201eK\u00f6zelr\u0151l l\u00e1ttam Ferenc pap\u00e1t, \u00e9s figyelmesen szeml\u00e9ltem hogyan viselkedik. M\u00e9lyen meg\u00e9rintett, hogy gyenges\u00e9g\u00e9ben \u00e9s betegs\u00e9g\u00e9ben egyar\u00e1nt er\u0151 sug\u00e1rzott az arc\u00e1b\u00f3l, valamint meg\u00e9rintett az a m\u00e9ly jelenl\u00e9te, amellyel ott volt k\u00f6z\u00f6tt\u00fcnk.\u201d \u2013 osztotta meg vel\u00fcnk benyom\u00e1s\u00e1t Mikl\u00f3s p\u00fcsp\u00f6k a p\u00e1pal\u00e1togat\u00e1son val\u00f3 r\u00e9szv\u00e9tel ut\u00e1n.<\/p>\n<p style=\"text-align: justify;\">H\u00e1latelt sz\u00edvvel mondunk k\u00f6sz\u00f6netet Ferenc p\u00e1p\u00e1nak. Visszat\u00e9rve otthonainkban \u00fajra \u00e9s \u00fajra oda\u00fcl\u00fcnk J\u00e9zus l\u00e1b\u00e1hoz, el-elgondolkodunk szavain&#8230; De mindenek el\u0151tt \u00e9letre v\u00e1ltjuk az \u00d6r\u00f6mh\u00edrt&#8230;\u00c9s ebben nagy seg\u00edts\u00e9get kaptunk ezekben a napokban. K\u00f6sz\u00f6nj\u00fck Szentatya!!! Isten \u00e1ldja meg Ferenc p\u00e1p\u00e1t!<\/p>\n<p style=\"text-align: right;\">\u00d6ssze\u00e1ll\u00edtotta: Moln\u00e1r M. Katalin<\/p>\n<p style=\"text-align: right;\">F\u00e9nyk\u00e9pek: Vatican, Magyar Kur\u00edr, Veritas, a zar\u00e1ndoklat r\u00e9sztvev\u0151i<\/p>\n","protected":false},"excerpt":{"rendered":"<p>Ragyog\u00f3 k\u00e9k \u00e9gbolt, szikr\u00e1z\u00f3 tavaszi naps\u00fct\u00e9s, l\u00e1gy szell\u0151 a Duna fel\u0151l\u2026 K\u00f6r\u00fcl\u00f6ttem \u00e9s szorosan mellettem sok ezer ember\u2026 H\u00e1tt\u00e9rben a csod\u00e1latos Parlament \u00e9p\u00fclete\u2026 Kicsiny \u00e9s nagyobb m\u00e9ret\u0171 z\u00e1szl\u00f3kat lengetnek gyerekek, fiatalok, feln\u0151ttek: s\u00e1rga-feh\u00e9r, piros-feh\u00e9r-z\u00f6ld, k\u00e9k-s\u00e1rga sz\u00ednek \u2013 ez csak ami a l\u00e1t\u00f3sz\u00f6gembe esik, de jelen vannak m\u00e1s nemzetek is. Mi vagy Ki hozott \u00f6ssze minket? [&hellip;]<\/p>\n","protected":false},"author":4,"featured_media":10497,"comment_status":"open","ping_status":"open","sticky":false,"template":"","format":"standard","meta":{"_acf_changed":false,"_et_pb_use_builder":"","_et_pb_old_content":"","_et_gb_content_width":"","footnotes":""},"categories":[10,59],"tags":[],"class_list":["post-10483","post","type-post","status-publish","format-standard","has-post-thumbnail","hentry","category-aktualis-hirek","category-egyhazmegyenk-hirei","et-has-post-format-content","et_post_format-et-post-format-standard"],"acf":[],"_links":{"self":[{"href":"https:\/\/munkacs-diocese.org\/hu\/wp-json\/wp\/v2\/posts\/10483"}],"collection":[{"href":"https:\/\/munkacs-diocese.org\/hu\/wp-json\/wp\/v2\/posts"}],"about":[{"href":"https:\/\/munkacs-diocese.org\/hu\/wp-json\/wp\/v2\/types\/post"}],"author":[{"embeddable":true,"href":"https:\/\/munkacs-diocese.org\/hu\/wp-json\/wp\/v2\/users\/4"}],"replies":[{"embeddable":true,"href":"https:\/\/munkacs-diocese.org\/hu\/wp-json\/wp\/v2\/comments?post=10483"}],"version-history":[{"count":4,"href":"https:\/\/munkacs-diocese.org\/hu\/wp-json\/wp\/v2\/posts\/10483\/revisions"}],"predecessor-version":[{"id":10537,"href":"https:\/\/munkacs-diocese.org\/hu\/wp-json\/wp\/v2\/posts\/10483\/revisions\/10537"}],"wp:featuredmedia":[{"embeddable":true,"href":"https:\/\/munkacs-diocese.org\/hu\/wp-json\/wp\/v2\/media\/10497"}],"wp:attachment":[{"href":"https:\/\/munkacs-diocese.org\/hu\/wp-json\/wp\/v2\/media?parent=10483"}],"wp:term":[{"taxonomy":"category","embeddable":true,"href":"https:\/\/munkacs-diocese.org\/hu\/wp-json\/wp\/v2\/categories?post=10483"},{"taxonomy":"post_tag","embeddable":true,"href":"https:\/\/munkacs-diocese.org\/hu\/wp-json\/wp\/v2\/tags?post=10483"}],"curies":[{"name":"wp","href":"https:\/\/api.w.org\/{rel}","templated":true}]}}