{"id":10464,"date":"2023-04-27T16:10:19","date_gmt":"2023-04-27T14:10:19","guid":{"rendered":"https:\/\/munkacs-diocese.org\/hu\/?p=10464"},"modified":"2023-04-27T16:11:41","modified_gmt":"2023-04-27T14:11:41","slug":"ahol-elmeny-a-tanulas-nyilt-nap-a-munkacsi-szent-istvan-liceumban","status":"publish","type":"post","link":"https:\/\/munkacs-diocese.org\/hu\/2023\/04\/27\/ahol-elmeny-a-tanulas-nyilt-nap-a-munkacsi-szent-istvan-liceumban\/","title":{"rendered":"Ahol \u00e9lm\u00e9ny a tanul\u00e1s &#8211; Ny\u00edlt nap a Munk\u00e1csi Szent Istv\u00e1n L\u00edceumban"},"content":{"rendered":"<div id=\"fb-root\"><\/div>\n<p style=\"text-align: justify;\">2023. \u00e1prilis 21-\u00e9n a Munk\u00e1csi Szent Istv\u00e1n L\u00edceumban ny\u00edlt napot tartottak a jelentkez\u0151 di\u00e1kok, sz\u00fcleik \u00e9s minden \u00e9rdekl\u0151d\u0151 sz\u00e1m\u00e1ra. A regisztr\u00e1ci\u00f3t k\u00f6vet\u0151en az igazgat\u00f3 asszony, Kristofori Olga k\u00f6sz\u00f6nt\u00f6tte a jelenl\u00e9v\u0151ket.\u00a0Resch Tam\u00e1s atya, a l\u00edceum lelki gondoz\u00f3ja vezet\u00e9s\u00e9vel k\u00f6z\u00f6sen im\u00e1dkozt\u00e1k el azt a Szentl\u00e9lekh\u00edv\u00f3 im\u00e1t, amellyel a di\u00e1kok minden napja kezd\u0151dik.<\/p>\n\n\t\t<style type=\"text\/css\">\n\t\t\t#gallery-1 {\n\t\t\t\tmargin: auto;\n\t\t\t}\n\t\t\t#gallery-1 .gallery-item {\n\t\t\t\tfloat: left;\n\t\t\t\tmargin-top: 10px;\n\t\t\t\ttext-align: center;\n\t\t\t\twidth: 50%;\n\t\t\t}\n\t\t\t#gallery-1 img {\n\t\t\t\tborder: 2px solid #cfcfcf;\n\t\t\t}\n\t\t\t#gallery-1 .gallery-caption {\n\t\t\t\tmargin-left: 0;\n\t\t\t}\n\t\t\t\/* see gallery_shortcode() in wp-includes\/media.php *\/\n\t\t<\/style>\n\t\t<div id='gallery-1' class='gallery galleryid-10464 gallery-columns-2 gallery-size-full'><dl class='gallery-item'>\n\t\t\t<dt class='gallery-icon portrait'>\n\t\t\t\t<a href='https:\/\/munkacs-diocese.org\/hu\/2023\/04\/27\/ahol-elmeny-a-tanulas-nyilt-nap-a-munkacsi-szent-istvan-liceumban\/liceum7\/'><img loading=\"lazy\" decoding=\"async\" width=\"1200\" height=\"1332\" src=\"https:\/\/munkacs-diocese.org\/hu\/wp-content\/uploads\/2023\/04\/liceum7-e1682603537370.jpg\" class=\"attachment-full size-full\" alt=\"\" srcset=\"https:\/\/munkacs-diocese.org\/hu\/wp-content\/uploads\/2023\/04\/liceum7-e1682603537370.jpg 1200w, https:\/\/munkacs-diocese.org\/hu\/wp-content\/uploads\/2023\/04\/liceum7-e1682603537370-270x300.jpg 270w, https:\/\/munkacs-diocese.org\/hu\/wp-content\/uploads\/2023\/04\/liceum7-e1682603537370-923x1024.jpg 923w, https:\/\/munkacs-diocese.org\/hu\/wp-content\/uploads\/2023\/04\/liceum7-e1682603537370-768x852.jpg 768w, https:\/\/munkacs-diocese.org\/hu\/wp-content\/uploads\/2023\/04\/liceum7-e1682603537370-1080x1199.jpg 1080w\" sizes=\"(max-width: 1200px) 100vw, 1200px\" \/><\/a>\n\t\t\t<\/dt><\/dl><dl class='gallery-item'>\n\t\t\t<dt class='gallery-icon portrait'>\n\t\t\t\t<a href='https:\/\/munkacs-diocese.org\/hu\/2023\/04\/27\/ahol-elmeny-a-tanulas-nyilt-nap-a-munkacsi-szent-istvan-liceumban\/liceum3\/'><img loading=\"lazy\" decoding=\"async\" width=\"1200\" height=\"1332\" src=\"https:\/\/munkacs-diocese.org\/hu\/wp-content\/uploads\/2023\/04\/liceum3-e1682603583976.jpg\" class=\"attachment-full size-full\" alt=\"\" srcset=\"https:\/\/munkacs-diocese.org\/hu\/wp-content\/uploads\/2023\/04\/liceum3-e1682603583976.jpg 1200w, https:\/\/munkacs-diocese.org\/hu\/wp-content\/uploads\/2023\/04\/liceum3-e1682603583976-270x300.jpg 270w, https:\/\/munkacs-diocese.org\/hu\/wp-content\/uploads\/2023\/04\/liceum3-e1682603583976-923x1024.jpg 923w, https:\/\/munkacs-diocese.org\/hu\/wp-content\/uploads\/2023\/04\/liceum3-e1682603583976-768x852.jpg 768w, https:\/\/munkacs-diocese.org\/hu\/wp-content\/uploads\/2023\/04\/liceum3-e1682603583976-1080x1199.jpg 1080w\" sizes=\"(max-width: 1200px) 100vw, 1200px\" \/><\/a>\n\t\t\t<\/dt><\/dl><br style=\"clear: both\" \/>\n\t\t<\/div>\n\n<p style=\"text-align: justify;\">Ezt k\u00f6vet\u0151en egy rendhagy\u00f3 fizika\u00f3r\u00e1ba nyerhettek betekint\u00e9st az \u00e9rdekl\u0151d\u0151k. Izgalmas \u00e9s l\u00e1tv\u00e1nyos k\u00eds\u00e9rletet mutatott be \u00e9s magyar\u00e1zott meg az iskola fizika tan\u00e1ra, Gul\u00e1csy G\u00e9za tan\u00e1r \u00far. Majd a l\u00edceum el\u0151ad\u00f3term\u00e9ben folytat\u00f3dott a program, ahol az igazgat\u00f3 asszony r\u00e9szletes t\u00e1j\u00e9koztat\u00e1st ny\u00fajtott az int\u00e9zm\u00e9ny \u00e9let\u00e9r\u0151l \u00e9s a felv\u00e9teli rendszerr\u0151l. Tam\u00e1s aty\u00e1nak adta \u00e1t a sz\u00f3t, aki \u00e1ltal a lelki \u00e9let\u00e9t el\u0151seg\u00edt\u0151 programokba nyerhett\u00fcnk betekint\u00e9st.<\/p>\n\n\t\t<style type=\"text\/css\">\n\t\t\t#gallery-2 {\n\t\t\t\tmargin: auto;\n\t\t\t}\n\t\t\t#gallery-2 .gallery-item {\n\t\t\t\tfloat: left;\n\t\t\t\tmargin-top: 10px;\n\t\t\t\ttext-align: center;\n\t\t\t\twidth: 50%;\n\t\t\t}\n\t\t\t#gallery-2 img {\n\t\t\t\tborder: 2px solid #cfcfcf;\n\t\t\t}\n\t\t\t#gallery-2 .gallery-caption {\n\t\t\t\tmargin-left: 0;\n\t\t\t}\n\t\t\t\/* see gallery_shortcode() in wp-includes\/media.php *\/\n\t\t<\/style>\n\t\t<div id='gallery-2' class='gallery galleryid-10464 gallery-columns-2 gallery-size-full'><dl class='gallery-item'>\n\t\t\t<dt class='gallery-icon portrait'>\n\t\t\t\t<a href='https:\/\/munkacs-diocese.org\/hu\/2023\/04\/27\/ahol-elmeny-a-tanulas-nyilt-nap-a-munkacsi-szent-istvan-liceumban\/liceum2\/'><img loading=\"lazy\" decoding=\"async\" width=\"1200\" height=\"1387\" src=\"https:\/\/munkacs-diocese.org\/hu\/wp-content\/uploads\/2023\/04\/liceum2-e1682603778217.jpg\" class=\"attachment-full size-full\" alt=\"\" srcset=\"https:\/\/munkacs-diocese.org\/hu\/wp-content\/uploads\/2023\/04\/liceum2-e1682603778217.jpg 1200w, https:\/\/munkacs-diocese.org\/hu\/wp-content\/uploads\/2023\/04\/liceum2-e1682603778217-260x300.jpg 260w, https:\/\/munkacs-diocese.org\/hu\/wp-content\/uploads\/2023\/04\/liceum2-e1682603778217-886x1024.jpg 886w, https:\/\/munkacs-diocese.org\/hu\/wp-content\/uploads\/2023\/04\/liceum2-e1682603778217-768x888.jpg 768w, https:\/\/munkacs-diocese.org\/hu\/wp-content\/uploads\/2023\/04\/liceum2-e1682603778217-1080x1248.jpg 1080w\" sizes=\"(max-width: 1200px) 100vw, 1200px\" \/><\/a>\n\t\t\t<\/dt><\/dl><dl class='gallery-item'>\n\t\t\t<dt class='gallery-icon portrait'>\n\t\t\t\t<a href='https:\/\/munkacs-diocese.org\/hu\/2023\/04\/27\/ahol-elmeny-a-tanulas-nyilt-nap-a-munkacsi-szent-istvan-liceumban\/liceum4\/'><img loading=\"lazy\" decoding=\"async\" width=\"1199\" height=\"1396\" src=\"https:\/\/munkacs-diocese.org\/hu\/wp-content\/uploads\/2023\/04\/liceum4-e1682603746544.jpg\" class=\"attachment-full size-full\" alt=\"\" srcset=\"https:\/\/munkacs-diocese.org\/hu\/wp-content\/uploads\/2023\/04\/liceum4-e1682603746544.jpg 1199w, https:\/\/munkacs-diocese.org\/hu\/wp-content\/uploads\/2023\/04\/liceum4-e1682603746544-258x300.jpg 258w, https:\/\/munkacs-diocese.org\/hu\/wp-content\/uploads\/2023\/04\/liceum4-e1682603746544-879x1024.jpg 879w, https:\/\/munkacs-diocese.org\/hu\/wp-content\/uploads\/2023\/04\/liceum4-e1682603746544-768x894.jpg 768w, https:\/\/munkacs-diocese.org\/hu\/wp-content\/uploads\/2023\/04\/liceum4-e1682603746544-1080x1257.jpg 1080w\" sizes=\"(max-width: 1199px) 100vw, 1199px\" \/><\/a>\n\t\t\t<\/dt><\/dl><br style=\"clear: both\" \/>\n\t\t<\/div>\n\n<p style=\"text-align: justify;\">A sz\u00ednes \u00e9s lend\u00fcletes besz\u00e1mol\u00f3t k\u00f6vet\u0151en a feln\u0151ttek megtekinthett\u00e9k a l\u00edceum \u00f3v\u00f3helyeit, valamint ell\u00e1togattak a koll\u00e9giumba, ahol a nevel\u0151tan\u00e1rok k\u00f6zelebbr\u0151l megismertett\u00e9k a jelenl\u00e9v\u0151ket a koll\u00e9giumi \u00e9lettel. K\u00f6zben a di\u00e1kok angol foglalkoz\u00e1son vettek r\u00e9sz, Feh\u00e9r Marianna tan\u00e1rn\u0151 vezet\u00e9s\u00e9vel. A l\u00edceum egyik szakir\u00e1nya az idegen nyelv, ez\u00e9rt kiemelt figyelmet ford\u00edtanak azok oktat\u00e1s\u00e1ra, nyelvvizsga lehet\u0151s\u00e9get \u00e9s amerikai utaz\u00e1st is k\u00edn\u00e1lva a di\u00e1kok sz\u00e1m\u00e1ra.\u00a0Az angol foglalkoz\u00e1st k\u00f6vet\u0151en a l\u00edceum \u00e9p\u00fclet\u00e9t tekinthett\u00e9k meg az \u00e9rdekl\u0151d\u0151k. A k\u00e9mia szaktanteremben Svor\u00e1k Karina biol\u00f3gia tan\u00e1rn\u0151 v\u00e1rta a di\u00e1kokat, a F\u00f6ld Napja c. interakt\u00edv el\u0151ad\u00e1ssal.<\/p>\n\n\t\t<style type=\"text\/css\">\n\t\t\t#gallery-3 {\n\t\t\t\tmargin: auto;\n\t\t\t}\n\t\t\t#gallery-3 .gallery-item {\n\t\t\t\tfloat: left;\n\t\t\t\tmargin-top: 10px;\n\t\t\t\ttext-align: center;\n\t\t\t\twidth: 50%;\n\t\t\t}\n\t\t\t#gallery-3 img {\n\t\t\t\tborder: 2px solid #cfcfcf;\n\t\t\t}\n\t\t\t#gallery-3 .gallery-caption {\n\t\t\t\tmargin-left: 0;\n\t\t\t}\n\t\t\t\/* see gallery_shortcode() in wp-includes\/media.php *\/\n\t\t<\/style>\n\t\t<div id='gallery-3' class='gallery galleryid-10464 gallery-columns-2 gallery-size-full'><dl class='gallery-item'>\n\t\t\t<dt class='gallery-icon landscape'>\n\t\t\t\t<a href='https:\/\/munkacs-diocese.org\/hu\/2023\/04\/27\/ahol-elmeny-a-tanulas-nyilt-nap-a-munkacsi-szent-istvan-liceumban\/liceum5\/'><img loading=\"lazy\" decoding=\"async\" width=\"1199\" height=\"876\" src=\"https:\/\/munkacs-diocese.org\/hu\/wp-content\/uploads\/2023\/04\/liceum5-e1682604266986.jpg\" class=\"attachment-full size-full\" alt=\"\" srcset=\"https:\/\/munkacs-diocese.org\/hu\/wp-content\/uploads\/2023\/04\/liceum5-e1682604266986.jpg 1199w, https:\/\/munkacs-diocese.org\/hu\/wp-content\/uploads\/2023\/04\/liceum5-e1682604266986-300x219.jpg 300w, https:\/\/munkacs-diocese.org\/hu\/wp-content\/uploads\/2023\/04\/liceum5-e1682604266986-1024x748.jpg 1024w, https:\/\/munkacs-diocese.org\/hu\/wp-content\/uploads\/2023\/04\/liceum5-e1682604266986-768x561.jpg 768w, https:\/\/munkacs-diocese.org\/hu\/wp-content\/uploads\/2023\/04\/liceum5-e1682604266986-1080x789.jpg 1080w\" sizes=\"(max-width: 1199px) 100vw, 1199px\" \/><\/a>\n\t\t\t<\/dt><\/dl><dl class='gallery-item'>\n\t\t\t<dt class='gallery-icon landscape'>\n\t\t\t\t<a href='https:\/\/munkacs-diocese.org\/hu\/2023\/04\/27\/ahol-elmeny-a-tanulas-nyilt-nap-a-munkacsi-szent-istvan-liceumban\/liceum6\/'><img loading=\"lazy\" decoding=\"async\" width=\"1600\" height=\"1164\" src=\"https:\/\/munkacs-diocese.org\/hu\/wp-content\/uploads\/2023\/04\/liceum6-e1682604292711.jpg\" class=\"attachment-full size-full\" alt=\"\" srcset=\"https:\/\/munkacs-diocese.org\/hu\/wp-content\/uploads\/2023\/04\/liceum6-e1682604292711.jpg 1600w, https:\/\/munkacs-diocese.org\/hu\/wp-content\/uploads\/2023\/04\/liceum6-e1682604292711-300x218.jpg 300w, https:\/\/munkacs-diocese.org\/hu\/wp-content\/uploads\/2023\/04\/liceum6-e1682604292711-1024x745.jpg 1024w, https:\/\/munkacs-diocese.org\/hu\/wp-content\/uploads\/2023\/04\/liceum6-e1682604292711-768x559.jpg 768w, https:\/\/munkacs-diocese.org\/hu\/wp-content\/uploads\/2023\/04\/liceum6-e1682604292711-1536x1117.jpg 1536w, https:\/\/munkacs-diocese.org\/hu\/wp-content\/uploads\/2023\/04\/liceum6-e1682604292711-1080x786.jpg 1080w\" sizes=\"(max-width: 1600px) 100vw, 1600px\" \/><\/a>\n\t\t\t<\/dt><\/dl><br style=\"clear: both\" \/>\n\t\t<\/div>\n\n<p style=\"text-align: justify;\">A ny\u00edlt nap egy finom eb\u00e9ddel z\u00e1rult. Az \u00e9rdekes \u00e9s mozgalmas nap utols\u00f3 \u00e1llom\u00e1sak\u00e9nt a di\u00e1kok is megtekinthett\u00e9k a l\u00edceum koll\u00e9gium\u00e1t.<\/p>\n<p style=\"text-align: justify;\">A Munk\u00e1csi Szent Istv\u00e1n L\u00edceum tov\u00e1bbra is v\u00e1rja a felv\u00e9teliz\u0151 di\u00e1kokat. M\u00e1jus 6-\u00e1n 9:00 \u00f3rai (k.e.i.) kezdettel konzult\u00e1ci\u00f3s lehet\u0151s\u00e9get k\u00edn\u00e1lnak a di\u00e1kok sz\u00e1m\u00e1ra. A felv\u00e9teli vizsg\u00e1k id\u0151pontja: 2023. m\u00e1jus 13. (szombat), 9:00\u00a0 (k\u00f6z\u00e9p.-eur.id\u0151). Jelentkezni a l\u00edceumban szem\u00e9lyesen, valamint online \u0171rlap kit\u00f6lt\u00e9s\u00e9vel lehet.<\/p>\n<p><img loading=\"lazy\" decoding=\"async\" class=\"size-full wp-image-10466 aligncenter\" src=\"https:\/\/munkacs-diocese.org\/hu\/wp-content\/uploads\/2023\/04\/liceum1.jpg\" alt=\"\" width=\"509\" height=\"720\" srcset=\"https:\/\/munkacs-diocese.org\/hu\/wp-content\/uploads\/2023\/04\/liceum1.jpg 509w, https:\/\/munkacs-diocese.org\/hu\/wp-content\/uploads\/2023\/04\/liceum1-212x300.jpg 212w\" sizes=\"(max-width: 509px) 100vw, 509px\" \/><\/p>\n<p style=\"text-align: justify;\">Az al\u00e1bbi \u0171rlap kit\u00f6lt\u00e9s\u00e9vel online m\u00f3don lehet jelentkezni a 2023\/2024-es tan\u00e9vre:<\/p>\n<p><a href=\"https:\/\/docs.google.com\/forms\/d\/e\/1FAIpQLSd3L6MF8JWUkWtiwpIDroKtCeNCwhm2zPh91qFL2ARR_CEtrg\/viewform\"><span style=\"color: #3366ff;\">https:\/\/docs.google.com\/forms\/d\/e\/1FAIpQLSd3L6MF8JWUkWtiwpIDroKtCeNCwhm2zPh91qFL2ARR_CEtrg\/viewform<\/span><\/a><\/p>\n<p><iframe loading=\"lazy\" title=\"Ny\u00edlt nap a Munk\u00e1csi Szent Istv\u00e1n L\u00edceumban\" width=\"1080\" height=\"608\" src=\"https:\/\/www.youtube.com\/embed\/19BbE2FfySA?feature=oembed\" frameborder=\"0\" allow=\"accelerometer; autoplay; clipboard-write; encrypted-media; gyroscope; picture-in-picture; web-share\" allowfullscreen><\/iframe><\/p>\n<p style=\"text-align: right;\">Forr\u00e1s: Feh\u00e9r Rita \u00edr\u00e1sa alapj\u00e1n<\/p>\n<p style=\"text-align: right;\">F\u00e9nyk\u00e9pek: Jahjajeva Zuhra, a l\u00edceum egyik di\u00e1kja<\/p>\n","protected":false},"excerpt":{"rendered":"<p>2023. \u00e1prilis 21-\u00e9n a Munk\u00e1csi Szent Istv\u00e1n L\u00edceumban ny\u00edlt napot tartottak a jelentkez\u0151 di\u00e1kok, sz\u00fcleik \u00e9s minden \u00e9rdekl\u0151d\u0151 sz\u00e1m\u00e1ra. A regisztr\u00e1ci\u00f3t k\u00f6vet\u0151en az igazgat\u00f3 asszony, Kristofori Olga k\u00f6sz\u00f6nt\u00f6tte a jelenl\u00e9v\u0151ket.\u00a0Resch Tam\u00e1s atya, a l\u00edceum lelki gondoz\u00f3ja vezet\u00e9s\u00e9vel k\u00f6z\u00f6sen im\u00e1dkozt\u00e1k el azt a Szentl\u00e9lekh\u00edv\u00f3 im\u00e1t, amellyel a di\u00e1kok minden napja kezd\u0151dik. Ezt k\u00f6vet\u0151en egy rendhagy\u00f3 fizika\u00f3r\u00e1ba [&hellip;]<\/p>\n","protected":false},"author":4,"featured_media":10465,"comment_status":"open","ping_status":"open","sticky":false,"template":"","format":"standard","meta":{"_acf_changed":false,"_et_pb_use_builder":"","_et_pb_old_content":"","_et_gb_content_width":"","footnotes":""},"categories":[10,59],"tags":[],"class_list":["post-10464","post","type-post","status-publish","format-standard","has-post-thumbnail","hentry","category-aktualis-hirek","category-egyhazmegyenk-hirei","et-has-post-format-content","et_post_format-et-post-format-standard"],"acf":[],"_links":{"self":[{"href":"https:\/\/munkacs-diocese.org\/hu\/wp-json\/wp\/v2\/posts\/10464"}],"collection":[{"href":"https:\/\/munkacs-diocese.org\/hu\/wp-json\/wp\/v2\/posts"}],"about":[{"href":"https:\/\/munkacs-diocese.org\/hu\/wp-json\/wp\/v2\/types\/post"}],"author":[{"embeddable":true,"href":"https:\/\/munkacs-diocese.org\/hu\/wp-json\/wp\/v2\/users\/4"}],"replies":[{"embeddable":true,"href":"https:\/\/munkacs-diocese.org\/hu\/wp-json\/wp\/v2\/comments?post=10464"}],"version-history":[{"count":4,"href":"https:\/\/munkacs-diocese.org\/hu\/wp-json\/wp\/v2\/posts\/10464\/revisions"}],"predecessor-version":[{"id":10476,"href":"https:\/\/munkacs-diocese.org\/hu\/wp-json\/wp\/v2\/posts\/10464\/revisions\/10476"}],"wp:featuredmedia":[{"embeddable":true,"href":"https:\/\/munkacs-diocese.org\/hu\/wp-json\/wp\/v2\/media\/10465"}],"wp:attachment":[{"href":"https:\/\/munkacs-diocese.org\/hu\/wp-json\/wp\/v2\/media?parent=10464"}],"wp:term":[{"taxonomy":"category","embeddable":true,"href":"https:\/\/munkacs-diocese.org\/hu\/wp-json\/wp\/v2\/categories?post=10464"},{"taxonomy":"post_tag","embeddable":true,"href":"https:\/\/munkacs-diocese.org\/hu\/wp-json\/wp\/v2\/tags?post=10464"}],"curies":[{"name":"wp","href":"https:\/\/api.w.org\/{rel}","templated":true}]}}