{"id":10417,"date":"2023-04-24T11:37:28","date_gmt":"2023-04-24T09:37:28","guid":{"rendered":"https:\/\/munkacs-diocese.org\/hu\/?p=10417"},"modified":"2023-04-24T11:37:28","modified_gmt":"2023-04-24T09:37:28","slug":"a-tavasz-emberei-a-munkacsi-romai-katolikus-egyhazmegyebol-ot-zarandokbusszal-erkezunk-a-papalatogatasra","status":"publish","type":"post","link":"https:\/\/munkacs-diocese.org\/hu\/2023\/04\/24\/a-tavasz-emberei-a-munkacsi-romai-katolikus-egyhazmegyebol-ot-zarandokbusszal-erkezunk-a-papalatogatasra\/","title":{"rendered":"\u201eA tavasz emberei\u201d \u2013 a Munk\u00e1csi R\u00f3mai Katolikus Egyh\u00e1zmegy\u00e9b\u0151l \u00f6t zar\u00e1ndokbusszal \u00e9rkez\u00fcnk a p\u00e1pal\u00e1togat\u00e1sra"},"content":{"rendered":"<div id=\"fb-root\"><\/div>\n<p style=\"text-align: justify;\"><strong>Bekanyarodtunk a c\u00e9legyenesbe.<\/strong> Ferenc p\u00e1pa ezen a h\u00e9ten, p\u00e9nteken, d\u00e9lel\u0151tt 10 \u00f3rakor meg\u00e9rkezik a szomsz\u00e9dunkba, Magyarorsz\u00e1g f\u0151v\u00e1ros\u00e1ba, \u00e9s eg\u00e9szen vas\u00e1rnap d\u00e9lut\u00e1n 18 \u00f3r\u00e1ig lesz ott. Nagyon v\u00e1rt tal\u00e1lkoz\u00e1s ez, egy \u00edg\u00e9ret beteljes\u00fcl\u00e9se. A Szentatya eg\u00e9szs\u00e9gi \u00e1llapota \u00e9s kora ellen\u00e9re rendk\u00edv\u00fcl intenz\u00edv <a href=\"https:\/\/www.magyarkurir.hu\/ferenc-papa\/minden-hasznos-tudnivalot-papalatogatasrol-ebben-cikkben-gyujtottunk-ossze\"><span style=\"color: #3366ff;\">programnak<\/span><\/a> n\u00e9z el\u00e9be. Im\u00e1dkozunk \u00e9rte, ahogyan mindig is k\u00e9ri t\u0151l\u00fcnk. A Szentl\u00e9lek ereje t\u00f6ltse be \u0150t \u00e9s a L\u00e9lek gy\u00fcm\u00f6lcseinek l\u00e1that\u00f3 nyoma fakadjon a lelkekben \u00e9s azok cselekedeteiben!<\/p>\n<p style=\"text-align: justify;\"><strong>A Munk\u00e1csi R\u00f3mai Katolikus Egyh\u00e1zmegy\u00e9ben is, a h\u00e1bor\u00fas k\u00f6r\u00fclm\u00e9nyek ellen\u00e9re fontosnak \u00e9rezt\u00fck, hogy tal\u00e1lkozzunk Ferenc p\u00e1p\u00e1val \u00e9s elvigy\u00fck hozz\u00e1 K\u00e1rp\u00e1talja \u00e9s eg\u00e9sz Ukrajna szeretet\u00e9t. Az egyh\u00e1zmegye pasztor\u00e1lis titk\u00e1rs\u00e1g\u00e1nak \u00e9s annak munkat\u00e1rsainak szervez\u00e9s\u00e9ben \u00f6t busszal k\u00e9sz\u00fcl\u00fcnk a Kossuth t\u00e9ri szentmis\u00e9re. Az odautaz\u00e1s zar\u00e1ndoklat form\u00e1j\u00e1ban lesz, melynek keret\u00e9ben M\u00e1travereb\u00e9ly-Szentk\u00fat, illetve Eger k\u00f6zbeiktat\u00e1s\u00e1val a k\u00e1rp\u00e1taljai magyar \u00e9s ukr\u00e1n nyelv\u0171 zar\u00e1ndokok vas\u00e1rnap reggel \u00e9rkeznek meg a p\u00e1pai szentmise helysz\u00edn\u00e9re. 40 fiatal az egyh\u00e1zmegy\u00e9b\u0151l m\u00e1r ott lesz szombaton is a Sportar\u00e9n\u00e1ban, amikor a p\u00e1pa a fiatalokkal tal\u00e1lkozik. Sokan, akik jelenleg Magyarorsz\u00e1gon tart\u00f3zkodnak, a helyi pl\u00e9b\u00e1ni\u00e1k szervez\u00e9s\u00e9ben vesznek r\u00e9szt az esem\u00e9nyeken.<\/strong><\/p>\n<p style=\"text-align: justify;\">Tekintettel arra, hogy a hat\u00e1r\u00e1tl\u00e9p\u00e9s id\u0151nk\u00e9nt nem v\u00e1rt meglepet\u00e9seket tartogathat, a zar\u00e1ndokok gyalog l\u00e9pik \u00e1t az orsz\u00e1ghat\u00e1rt \u00e9s Magyarorsz\u00e1g ter\u00fclet\u00e9n sz\u00e1llnak fel a buszokra.<\/p>\n<p style=\"text-align: justify;\">A h\u00e1bor\u00fa t\u00e9nye be\u00e1rny\u00e9kolja ugyan, de nem t\u00f6rli el az \u00f6r\u00f6m\u00f6t \u00e9s a rem\u00e9nyt, amit a p\u00e1pa l\u00e1togat\u00e1sa jelent. A zar\u00e1ndokok lelkesen k\u00e9sz\u00fclnek az \u00fatra, b\u00e1r r\u00e9szv\u00e9tel\u00fck a h\u00e1bor\u00fas t\u00f6rv\u00e9nyek miatt csak r\u00e9szleges tud lenni, hiszen a 18 \u00e9s 60 \u00e9v k\u00f6z\u00f6tti f\u00e9rfiak, k\u00f6zt\u00fck a papok is, nem hagyhatj\u00e1k el az orsz\u00e1got, csak akkor, ha enged\u00e9llyel rendelkeznek.<\/p>\n<p><img loading=\"lazy\" decoding=\"async\" class=\"size-full wp-image-10419 aligncenter\" src=\"https:\/\/munkacs-diocese.org\/hu\/wp-content\/uploads\/2023\/04\/sajto.jpg\" alt=\"\" width=\"850\" height=\"572\" srcset=\"https:\/\/munkacs-diocese.org\/hu\/wp-content\/uploads\/2023\/04\/sajto.jpg 850w, https:\/\/munkacs-diocese.org\/hu\/wp-content\/uploads\/2023\/04\/sajto-300x202.jpg 300w, https:\/\/munkacs-diocese.org\/hu\/wp-content\/uploads\/2023\/04\/sajto-768x517.jpg 768w\" sizes=\"(max-width: 850px) 100vw, 850px\" \/><\/p>\n<p style=\"text-align: justify;\">\u201eH\u00e1rom napot t\u00f6lt Ferenc p\u00e1pa Budapesten, a \u201ehidak v\u00e1ros\u00e1ban\u201d, mely \u00e1t\u00e9lt h\u00e1bor\u00fakat, megsz\u00e1ll\u00e1sokat, puszt\u00edt\u00e1st \u00e9s \u00fajj\u00e1\u00e9p\u00edt\u00e9st, szakad\u00e1st \u00e9s \u00fajraegyes\u00edt\u00e9st, s ahov\u00e1 tavaly febru\u00e1r 24. \u00f3ta meg\u00e1ll\u00e1s n\u00e9lk\u00fcl \u00e9rkeznek a menek\u00fcltek Ukrajn\u00e1b\u00f3l. A Szentatya \u00e1prilis 28\u201330-a k\u00f6z\u00f6tt Budapesten tal\u00e1lkozik a politikai \u00e9s vall\u00e1si vezet\u0151kkel, a fiatalokkal, szeg\u00e9nyekkel, az ukr\u00e1n menek\u00fcltekkel, a paps\u00e1ggal, \u00e9s az egyetemi vil\u00e1g szerepl\u0151ivel. Ferenc p\u00e1pa 41. apostoli \u00fatja egy \u00edg\u00e9ret beteljes\u00edt\u00e9se, amit a magyar n\u00e9pnek \u00e9s egyh\u00e1znak tett, miut\u00e1n 2021 szeptember\u00e9ben lez\u00e1rta az 52. Nemzetk\u00f6zi Eucharisztikus Kongresszust. Akkor csak n\u00e9h\u00e1ny \u00f3r\u00e1t t\u00f6lt\u00f6tt Budapesten, de meg\u00edg\u00e9rte, hogy visszat\u00e9r majd egy hosszabb, az eg\u00e9sz orsz\u00e1gnak sz\u00f3l\u00f3 l\u00e1togat\u00e1sra.\u201d \u2013 mondta t\u00f6bbek k\u00f6z\u00f6tt a vatik\u00e1ni sz\u00f3viv\u0151 az \u00e1prilis 21-\u00e9n megtartott <a href=\"https:\/\/www.magyarkurir.hu\/kitekinto\/sajtotajekoztatot-tartottak-vatikanban-ferenc-papa-magyarorszagi-apostoli-utjarol\"><span style=\"color: #3366ff;\">sajt\u00f3t\u00e1j\u00e9koztat\u00f3n<\/span><\/a>.<\/p>\n<p><img loading=\"lazy\" decoding=\"async\" class=\"size-full wp-image-10418 aligncenter\" src=\"https:\/\/munkacs-diocese.org\/hu\/wp-content\/uploads\/2023\/04\/img1.jpg\" alt=\"\" width=\"654\" height=\"920\" srcset=\"https:\/\/munkacs-diocese.org\/hu\/wp-content\/uploads\/2023\/04\/img1.jpg 654w, https:\/\/munkacs-diocese.org\/hu\/wp-content\/uploads\/2023\/04\/img1-213x300.jpg 213w\" sizes=\"(max-width: 654px) 100vw, 654px\" \/><\/p>\n<p style=\"text-align: justify;\">A p\u00e1pal\u00e1togat\u00e1s alkalm\u00e1b\u00f3l megjelent egy k\u00f6tet \u201eA rem\u00e9ny tan\u00fai \u00e9s magvet\u0151i legy\u00fcnk!\u201d c\u00edmmel, amely Ferenc p\u00e1pa 2016. december 7. \u00e9s 2017. okt\u00f3ber 25. k\u00f6z\u00f6tt elmondott, a kereszt\u00e9ny rem\u00e9nyr\u0151l sz\u00f3l\u00f3 harmincnyolc katek\u00e9zis\u00e9t tartalmazza. \u201eA tavasz emberei vagyunk\u201d c\u00edm\u0171 katek\u00e9zisben t\u00f6bbek k\u00f6z\u00f6tt ezt mondja a p\u00e1pa: \u201eRengeteg f\u00e1jdalom, szenved\u00e9s van a vil\u00e1gban, m\u00e9gis van egy Atya, aki egy\u00fctt s\u00edr vel\u00fcnk, van egy Atya, aki a v\u00e9gtelen irgalom k\u00f6nnyeit hullajtja gyermekei\u00e9rt\u2026 Olyan aty\u00e1nk van, aki v\u00e1r minket, hogy megvigasztalhasson, hiszen ismeri szenved\u00e9seinket, \u00e9s egy m\u00e1sf\u00e9le j\u00f6v\u0151t k\u00e9sz\u00edtett sz\u00e1munkra. Ez a kereszt\u00e9ny rem\u00e9ny nagy t\u00e1vlata\u2026 A k\u00e9rd\u00e9s, hogy a tavasz emberei vagyunk-e, akik v\u00e1rj\u00e1k a term\u00e9st, a napot, aki J\u00e9zus Krisztus, vagy pedig az \u0151sz emberei, akik mindig l\u00f3g\u00f3 orral \u00e9s savany\u00fa arccal j\u00e1rnak. A j\u00f6v\u0151t m\u00e9g nem ismerj\u00fck, de tudjuk, hogy az \u00e9let legnagyobb kegyelme J\u00e9zus Krisztus: \u0150 Isten \u00f6lel\u00e9se, aki utunk v\u00e9g\u00e9n v\u00e1r r\u00e1nk, de aki m\u00e1r most k\u00eds\u00e9r \u00e9s vigasztal benn\u00fcnket utunkon.\u201d<\/p>\n<p style=\"text-align: justify;\"><strong>\u00c1prilis h\u00f3nap utols\u00f3 k\u00e9t napj\u00e1n, a tavasz k\u00f6zep\u00e9n \u201ea tavasz emberei\u201d-k\u00e9nt akarunk jelen lenni a p\u00e1p\u00e1val val\u00f3 tal\u00e1lkoz\u00e1son.<\/strong><\/p>\n<p style=\"text-align: right;\">\u00d6ssze\u00e1ll\u00edtotta: Moln\u00e1r M. Katalin<\/p>\n<p style=\"text-align: right;\">\u00a0 \u00a0F\u00e9nyk\u00e9pek forr\u00e1sa: Magyar Kur\u00edr;\u00a0Kisalf\u00f6ld<\/p>\n","protected":false},"excerpt":{"rendered":"<p>Bekanyarodtunk a c\u00e9legyenesbe. Ferenc p\u00e1pa ezen a h\u00e9ten, p\u00e9nteken, d\u00e9lel\u0151tt 10 \u00f3rakor meg\u00e9rkezik a szomsz\u00e9dunkba, Magyarorsz\u00e1g f\u0151v\u00e1ros\u00e1ba, \u00e9s eg\u00e9szen vas\u00e1rnap d\u00e9lut\u00e1n 18 \u00f3r\u00e1ig lesz ott. Nagyon v\u00e1rt tal\u00e1lkoz\u00e1s ez, egy \u00edg\u00e9ret beteljes\u00fcl\u00e9se. A Szentatya eg\u00e9szs\u00e9gi \u00e1llapota \u00e9s kora ellen\u00e9re rendk\u00edv\u00fcl intenz\u00edv programnak n\u00e9z el\u00e9be. Im\u00e1dkozunk \u00e9rte, ahogyan mindig is k\u00e9ri t\u0151l\u00fcnk. A Szentl\u00e9lek ereje t\u00f6ltse [&hellip;]<\/p>\n","protected":false},"author":4,"featured_media":10420,"comment_status":"open","ping_status":"open","sticky":false,"template":"","format":"standard","meta":{"_acf_changed":false,"_et_pb_use_builder":"","_et_pb_old_content":"","_et_gb_content_width":"","footnotes":""},"categories":[10,59],"tags":[],"class_list":["post-10417","post","type-post","status-publish","format-standard","has-post-thumbnail","hentry","category-aktualis-hirek","category-egyhazmegyenk-hirei","et-has-post-format-content","et_post_format-et-post-format-standard"],"acf":[],"_links":{"self":[{"href":"https:\/\/munkacs-diocese.org\/hu\/wp-json\/wp\/v2\/posts\/10417"}],"collection":[{"href":"https:\/\/munkacs-diocese.org\/hu\/wp-json\/wp\/v2\/posts"}],"about":[{"href":"https:\/\/munkacs-diocese.org\/hu\/wp-json\/wp\/v2\/types\/post"}],"author":[{"embeddable":true,"href":"https:\/\/munkacs-diocese.org\/hu\/wp-json\/wp\/v2\/users\/4"}],"replies":[{"embeddable":true,"href":"https:\/\/munkacs-diocese.org\/hu\/wp-json\/wp\/v2\/comments?post=10417"}],"version-history":[{"count":2,"href":"https:\/\/munkacs-diocese.org\/hu\/wp-json\/wp\/v2\/posts\/10417\/revisions"}],"predecessor-version":[{"id":10422,"href":"https:\/\/munkacs-diocese.org\/hu\/wp-json\/wp\/v2\/posts\/10417\/revisions\/10422"}],"wp:featuredmedia":[{"embeddable":true,"href":"https:\/\/munkacs-diocese.org\/hu\/wp-json\/wp\/v2\/media\/10420"}],"wp:attachment":[{"href":"https:\/\/munkacs-diocese.org\/hu\/wp-json\/wp\/v2\/media?parent=10417"}],"wp:term":[{"taxonomy":"category","embeddable":true,"href":"https:\/\/munkacs-diocese.org\/hu\/wp-json\/wp\/v2\/categories?post=10417"},{"taxonomy":"post_tag","embeddable":true,"href":"https:\/\/munkacs-diocese.org\/hu\/wp-json\/wp\/v2\/tags?post=10417"}],"curies":[{"name":"wp","href":"https:\/\/api.w.org\/{rel}","templated":true}]}}