{"id":10395,"date":"2023-04-18T11:17:09","date_gmt":"2023-04-18T09:17:09","guid":{"rendered":"https:\/\/munkacs-diocese.org\/hu\/?p=10395"},"modified":"2023-04-18T11:17:09","modified_gmt":"2023-04-18T09:17:09","slug":"gyere-kicsi-baratom-menjunk-gyorsan-jezus-var-reank-a-templomban-elsoaldozok-bemutatasa-a-munkacsi-szekesegyhazban","status":"publish","type":"post","link":"https:\/\/munkacs-diocese.org\/hu\/2023\/04\/18\/gyere-kicsi-baratom-menjunk-gyorsan-jezus-var-reank-a-templomban-elsoaldozok-bemutatasa-a-munkacsi-szekesegyhazban\/","title":{"rendered":"\u201eGyere kicsi bar\u00e1tom, menj\u00fcnk gyorsan, J\u00e9zus v\u00e1r re\u00e1nk a templomban\u201d \u2013 els\u0151\u00e1ldoz\u00f3k bemutat\u00e1sa a Munk\u00e1csi Sz\u00e9kesegyh\u00e1zban\u00a0"},"content":{"rendered":"<div id=\"fb-root\"><\/div>\n<p style=\"text-align: justify;\">A leend\u0151 els\u0151\u00e1ldoz\u00f3k bemutat\u00e1sa egyik fontos \u00e1llom\u00e1sa az els\u0151\u00e1ldoz\u00e1si felk\u00e9sz\u00fcl\u00e9snek. A jel\u00f6ltek az eddig eltelt id\u0151ben m\u00e1r tan\u00fas\u00e1got tettek, hogy komolyan veszik a felk\u00e9sz\u00fcl\u00e9st. A szertart\u00e1s fontos r\u00e9sz\u00e9t k\u00e9pezi a hittanosok \u00edg\u00e9rete, hogy v\u00e1llalj\u00e1k a felk\u00e9sz\u00fcl\u00e9ssel j\u00e1r\u00f3 neh\u00e9zs\u00e9geket \u00e9s a sz\u00fcl\u0151k im\u00e1ja gyermekeik\u00e9rt. A bemutat\u00e1si szentmis\u00e9ben kifejez\u0151d\u00e9sre jut, hogy a sz\u00fcl\u0151 seg\u00edti a gyermek\u00e9t, a gyermek pedig k\u00f6veti \u00e9s elfogadja sz\u00fclei seg\u00edts\u00e9g\u00e9t \u00e9s t\u00e1mogat\u00e1s\u00e1t az els\u0151\u00e1ldoz\u00e1si felk\u00e9sz\u00fcl\u00e9sben.<\/p>\n<p style=\"text-align: justify;\">Hajlik Katalin, a gyerekeket \u00e9let\u00fck nagy pillanat\u00e1ra felk\u00e9sz\u00edt\u0151 hitoktat\u00f3 sz\u00e1molt be az \u00fcnnepi esem\u00e9nyr\u0151l:<\/p>\n<p style=\"text-align: justify;\"><strong>\u201eGyere kicsi bar\u00e1tom, menj\u00fcnk gyorsan, J\u00e9zus v\u00e1r re\u00e1nk a templomban. Ezzel a kedves gyerek dallal kezd\u0151d\u00f6tt m\u00e1rcius 26-\u00e1n a vas\u00e1rnapi szentmise a Sz\u00e9kesegyh\u00e1zban, melynek keret\u00e9ben a Munk\u00e1csi Egyh\u00e1zmegye t\u00f6rt\u00e9nelm\u00e9ben el\u0151sz\u00f6r ker\u00fclt sor az els\u0151\u00e1ldoz\u00e1sra k\u00e9sz\u00fcl\u0151 hittanosok bemutas\u00e1ra a magyar nyelv\u0171 szentmis\u00e9n. Id\u00e9n 11 gyermek k\u00e9sz\u00fcl az els\u0151\u00e1ldoz\u00e1s szents\u00e9g\u00e9nek f\u00f6lv\u00e9tel\u00e9re.\u00a0<\/strong><\/p>\n<p><img loading=\"lazy\" decoding=\"async\" class=\"alignnone size-full wp-image-10400\" src=\"https:\/\/munkacs-diocese.org\/hu\/wp-content\/uploads\/2023\/04\/elso4-scaled.jpg\" alt=\"\" width=\"2560\" height=\"1920\" srcset=\"https:\/\/munkacs-diocese.org\/hu\/wp-content\/uploads\/2023\/04\/elso4-scaled.jpg 2560w, https:\/\/munkacs-diocese.org\/hu\/wp-content\/uploads\/2023\/04\/elso4-300x225.jpg 300w, https:\/\/munkacs-diocese.org\/hu\/wp-content\/uploads\/2023\/04\/elso4-1024x768.jpg 1024w, https:\/\/munkacs-diocese.org\/hu\/wp-content\/uploads\/2023\/04\/elso4-768x576.jpg 768w, https:\/\/munkacs-diocese.org\/hu\/wp-content\/uploads\/2023\/04\/elso4-1536x1152.jpg 1536w, https:\/\/munkacs-diocese.org\/hu\/wp-content\/uploads\/2023\/04\/elso4-2048x1536.jpg 2048w, https:\/\/munkacs-diocese.org\/hu\/wp-content\/uploads\/2023\/04\/elso4-1080x810.jpg 1080w\" sizes=\"(max-width: 2560px) 100vw, 2560px\" \/><\/p>\n<p style=\"text-align: justify;\">A szertart\u00e1snak az a c\u00e9lja, hogy a gyerekek m\u00e9g elk\u00f6telezettebben \u00e9lj\u00e9k \u00e1t a felk\u00e9sz\u00fcl\u00e9st a J\u00e9zussal val\u00f3 tal\u00e1lkoz\u00e1sra, valamint a h\u00edvek felk\u00e9r\u00e9se, hogy im\u00e1dkozzanak \u00e9rt\u00fck. Hisz az \u00faj \u00e1ldoz\u00f3 tagok beavat\u00e1sa a kereszt\u00e9ny csal\u00e1dba, nem csak a hittanosok, hanem az eg\u00e9sz egyh\u00e1zk\u00f6zs\u00e9g k\u00f6z\u00f6s \u00fcnnepe. K\u00f6z\u00f6ss\u00e9g\u00fcnk sz\u00e1m\u00e1ra nagy felel\u0151ss\u00e9g az els\u0151\u00e1ldoz\u00e1s szents\u00e9g\u00e9nek felv\u00e9tel\u00e9t k\u00e9r\u0151 gyermekeink k\u00eds\u00e9r\u00e9se. Tudjuk, csak \u00edgy adhatjuk tov\u00e1bb hit\u00fcnket, amit mi is a sz\u00fcleinkt\u0151l kaptunk.<\/p>\n<p style=\"text-align: justify;\">A jel\u00f6ltek az eddig eltelt id\u0151ben akt\u00edv r\u00e9szv\u00e9tel\u00fckkel a hittan\u00f3r\u00e1kon \u00e9s az egyh\u00e1zi \u00e9letben, m\u00e1r tan\u00fas\u00e1got tettek arr\u00f3l, hogy komolyan veszik a kereszt\u00e9ny \u00e9letet \u00e9s a k\u00e9sz\u00fcl\u00e9st. A szertart\u00e1s fontos r\u00e9sze volt a hittanosok \u00edg\u00e9rete, hogy v\u00e1llalj\u00e1k a felk\u00e9sz\u00fcl\u00e9ssel j\u00e1r\u00f3 neh\u00e9zs\u00e9geket. A sz\u00fcl\u0151k r\u00e9sz\u00e9r\u0151l pedig, hogy seg\u00edtik \u00e9s t\u00e1mogatj\u00e1k gyermekeiket.<\/p>\n<p style=\"text-align: justify;\">Az els\u0151\u00e1ldoz\u00f3k bemutat\u00e1sa eml\u00e9keztet a kis J\u00e9zus bemutat\u00e1s\u00e1ra a templomban, amir\u0151l febru\u00e1r 2- \u00e1n, Gyertyaszentel\u0151 Boldogasszony \u00fcnnep\u00e9n eml\u00e9kez\u00fcnk meg. M\u00e1ria boldog sz\u00edvvel mutatja be \u00e9s k\u00f6sz\u00f6ni meg Istennek gyermek\u00e9t. Ekkor az egyh\u00e1z J\u00e9zus szavai alapj\u00e1n m\u00e1r nem egy csecsem\u0151t \u00e1ll\u00edt szem\u00fcnk el\u00e9, hanem az \u00e9g\u0151 gyerty\u00e1t. \u00c9n a vil\u00e1g vil\u00e1goss\u00e1ga vagyok &#8211; mondja a mi Urunk, &#8211; aki engem k\u00f6vet nem j\u00e1r s\u00f6t\u00e9ts\u00e9gben. J\u00e9zus azt mondja, ti vagytok a vil\u00e1g vil\u00e1goss\u00e1ga. S\u0151t, \u00fagy vil\u00e1g\u00edtson a ti vil\u00e1goss\u00e1gotok az emberek el\u0151tt, hogy l\u00e1tva j\u00f3tetteiteket, magasztalj\u00e1k mennyei Aty\u00e1tokat. A hittanosok sz\u00e1m\u00e1ra ez egy csod\u00e1latos \u00fatmutat\u00e1s. \u0150k gyermeki sz\u00edvvel \u00e9rzik, \u00e9rtik, hogy J\u00e9zus hozz\u00e1juk sz\u00f3l ezekkel a szavakkal.<\/p>\n<p style=\"text-align: justify;\">A j\u00e9zusi f\u00e9nyt viv\u0151 elsz\u00e1nts\u00e1gukat a gyerekek a Kicsiny kis f\u00e9nyemmel, vil\u00e1g\u00edtani fogok kezdet\u0171 kedves dalocsk\u00e1val is meger\u0151s\u00edtett\u00e9k.<\/p>\n<p style=\"text-align: justify;\">Pog\u00e1ny Istv\u00e1n pl\u00e9b\u00e1nos atya biztatta a gyermekeket, hogy b\u00e1tran induljanak az \u00f6r\u00f6mteli krisztusi \u00fatra \u00e9s akkor sz\u00e1mukra is megny\u00edlik az evang\u00e9lium \u00fatja. \u00a0\u201eHa Krisztus f\u00e9ny\u00e9ben j\u00e1rtok, b\u00edzzatok az \u0150 b\u00f6lcsess\u00e9g\u00e9ben, b\u00edzz\u00e1tok r\u00e1 \u00e9leteteket mindenen nap. Szeress\u00e9tek egym\u00e1st, ahogyan J\u00e9zus szeretett minket. A hit \u00fatja amelyen Krisztus lesz a vezet\u0151t\u0151k, a szeretet \u00e1ltal elvezet titeket az \u00f6r\u00f6k \u00e9letre. Isten, aki minden embert megvil\u00e1gos\u00edt, a vil\u00e1gba j\u00f6tt, hogy \u0151t, a Teremt\u0151t meg\u00e9rezz\u00e9k \u00e9s v\u00e1gyakozzanak ut\u00e1na. Keress\u00e9tek Vele a kapcsolatot. \u0150 megadta nek\u00fcnk azt az aj\u00e1nd\u00e9kot, hogy J\u00e9zust megismerhett\u00fck \u00e9s megszerett\u00fck.\u201d \u2013 mondta a hom\u00edli\u00e1ban.<\/p>\n\n\t\t<style type=\"text\/css\">\n\t\t\t#gallery-1 {\n\t\t\t\tmargin: auto;\n\t\t\t}\n\t\t\t#gallery-1 .gallery-item {\n\t\t\t\tfloat: left;\n\t\t\t\tmargin-top: 10px;\n\t\t\t\ttext-align: center;\n\t\t\t\twidth: 50%;\n\t\t\t}\n\t\t\t#gallery-1 img {\n\t\t\t\tborder: 2px solid #cfcfcf;\n\t\t\t}\n\t\t\t#gallery-1 .gallery-caption {\n\t\t\t\tmargin-left: 0;\n\t\t\t}\n\t\t\t\/* see gallery_shortcode() in wp-includes\/media.php *\/\n\t\t<\/style>\n\t\t<div id='gallery-1' class='gallery galleryid-10395 gallery-columns-2 gallery-size-full'><dl class='gallery-item'>\n\t\t\t<dt class='gallery-icon landscape'>\n\t\t\t\t<a href='https:\/\/munkacs-diocese.org\/hu\/2023\/04\/18\/gyere-kicsi-baratom-menjunk-gyorsan-jezus-var-reank-a-templomban-elsoaldozok-bemutatasa-a-munkacsi-szekesegyhazban\/elso2\/'><img loading=\"lazy\" decoding=\"async\" width=\"2560\" height=\"1920\" src=\"https:\/\/munkacs-diocese.org\/hu\/wp-content\/uploads\/2023\/04\/elso2-scaled.jpg\" class=\"attachment-full size-full\" alt=\"\" srcset=\"https:\/\/munkacs-diocese.org\/hu\/wp-content\/uploads\/2023\/04\/elso2-scaled.jpg 2560w, https:\/\/munkacs-diocese.org\/hu\/wp-content\/uploads\/2023\/04\/elso2-300x225.jpg 300w, https:\/\/munkacs-diocese.org\/hu\/wp-content\/uploads\/2023\/04\/elso2-1024x768.jpg 1024w, https:\/\/munkacs-diocese.org\/hu\/wp-content\/uploads\/2023\/04\/elso2-768x576.jpg 768w, https:\/\/munkacs-diocese.org\/hu\/wp-content\/uploads\/2023\/04\/elso2-1536x1152.jpg 1536w, https:\/\/munkacs-diocese.org\/hu\/wp-content\/uploads\/2023\/04\/elso2-2048x1536.jpg 2048w, https:\/\/munkacs-diocese.org\/hu\/wp-content\/uploads\/2023\/04\/elso2-1080x810.jpg 1080w\" sizes=\"(max-width: 2560px) 100vw, 2560px\" \/><\/a>\n\t\t\t<\/dt><\/dl><dl class='gallery-item'>\n\t\t\t<dt class='gallery-icon landscape'>\n\t\t\t\t<a href='https:\/\/munkacs-diocese.org\/hu\/2023\/04\/18\/gyere-kicsi-baratom-menjunk-gyorsan-jezus-var-reank-a-templomban-elsoaldozok-bemutatasa-a-munkacsi-szekesegyhazban\/elso1\/'><img loading=\"lazy\" decoding=\"async\" width=\"2560\" height=\"1920\" src=\"https:\/\/munkacs-diocese.org\/hu\/wp-content\/uploads\/2023\/04\/elso1-scaled.jpg\" class=\"attachment-full size-full\" alt=\"\" srcset=\"https:\/\/munkacs-diocese.org\/hu\/wp-content\/uploads\/2023\/04\/elso1-scaled.jpg 2560w, https:\/\/munkacs-diocese.org\/hu\/wp-content\/uploads\/2023\/04\/elso1-300x225.jpg 300w, https:\/\/munkacs-diocese.org\/hu\/wp-content\/uploads\/2023\/04\/elso1-1024x768.jpg 1024w, https:\/\/munkacs-diocese.org\/hu\/wp-content\/uploads\/2023\/04\/elso1-768x576.jpg 768w, https:\/\/munkacs-diocese.org\/hu\/wp-content\/uploads\/2023\/04\/elso1-1536x1152.jpg 1536w, https:\/\/munkacs-diocese.org\/hu\/wp-content\/uploads\/2023\/04\/elso1-2048x1536.jpg 2048w, https:\/\/munkacs-diocese.org\/hu\/wp-content\/uploads\/2023\/04\/elso1-1080x810.jpg 1080w\" sizes=\"(max-width: 2560px) 100vw, 2560px\" \/><\/a>\n\t\t\t<\/dt><\/dl><br style=\"clear: both\" \/>\n\t\t<\/div>\n\n<p style=\"text-align: justify;\">A gyerekek egy\u00fctt im\u00e1dkozva k\u00e9rt\u00e9k az Urat, hogy Krisztust ut\u00e1nozva tudjanak \u00e9lni, Krisztus szem\u00e9vel l\u00e1ssanak, Krisztus lelk\u00fclet\u00e9vel halljanak, Krisztus szavait mondj\u00e1k, Krisztussal egy\u00fctt tegyenek j\u00f3t, Krisztussal j\u00e1rjanak.\u00a0Ezut\u00e1n a jel\u00f6ltek \u00e1ld\u00e1sban r\u00e9szes\u00fcltek \u00e9s \u201eEls\u0151\u00e1ldoz\u00f3 leszek\u201d \u00e9remmel lettek kit\u00fcntetve.<\/p>\n<p style=\"text-align: justify;\">A gyerekek izgatottan k\u00e9sz\u00fcltek a bemutat\u00e1sra. J\u00e9zusnak \u00edrt leveleikben k\u00e9rt\u00e9k az \u00dar \u00e1ld\u00e1s\u00e1t a felk\u00e9sz\u00fcl\u00e9shez, meg\u00edrt\u00e1k mi\u00e9rt szeretn\u00e9nek els\u0151\u00e1ldoz\u00f3k lenni. Leveleiket az olt\u00e1rra helyezve felaj\u00e1nlott\u00e1k azt az \u00darnak.<\/p>\n<p style=\"text-align: justify;\"><img loading=\"lazy\" decoding=\"async\" class=\" wp-image-10399 alignleft\" src=\"https:\/\/munkacs-diocese.org\/hu\/wp-content\/uploads\/2023\/04\/elso3-225x300.jpg\" alt=\"\" width=\"259\" height=\"346\" srcset=\"https:\/\/munkacs-diocese.org\/hu\/wp-content\/uploads\/2023\/04\/elso3-225x300.jpg 225w, https:\/\/munkacs-diocese.org\/hu\/wp-content\/uploads\/2023\/04\/elso3-768x1024.jpg 768w, https:\/\/munkacs-diocese.org\/hu\/wp-content\/uploads\/2023\/04\/elso3-1152x1536.jpg 1152w, https:\/\/munkacs-diocese.org\/hu\/wp-content\/uploads\/2023\/04\/elso3-1536x2048.jpg 1536w, https:\/\/munkacs-diocese.org\/hu\/wp-content\/uploads\/2023\/04\/elso3-1080x1440.jpg 1080w, https:\/\/munkacs-diocese.org\/hu\/wp-content\/uploads\/2023\/04\/elso3-scaled.jpg 1920w\" sizes=\"(max-width: 259px) 100vw, 259px\" \/>A szentmise v\u00e9g\u00e9n lehet\u0151s\u00e9g volt megismerkedni a jel\u00f6lt gyermekekkel a kihelyezett f\u00e9nyk\u00e9peiken kereszt\u00fcl, \u00e9s kih\u00fazni a szents\u00e9gfelv\u00e9telre k\u00e9sz\u00fcl\u0151 gyermekek nev\u00e9t tartalmaz\u00f3 imasz\u00edveket. A h\u00edvek ezeket a kis sz\u00edveket hazavihett\u00e9k magukkal \u00e9s egy-egy foh\u00e1sz \u00e1ltal k\u00eds\u00e9rhetik a jel\u00f6lteket a felk\u00e9sz\u00fcl\u00e9s folyamat\u00e1ban.<\/p>\n<p style=\"text-align: justify;\">Megh\u00edvjuk \u00e9s k\u00e9rj\u00fck k\u00f6z\u00f6ss\u00e9g\u00fcnk minden tagj\u00e1t, hogy tov\u00e1bbra is p\u00e9ldamutat\u00f3 \u00e9lettel \u00e9s im\u00e1val k\u00eds\u00e9rj\u00fck az els\u0151\u00e1ldoz\u00e1sra k\u00e9sz\u00fcl\u0151 gyermekeinket.\u201d<\/p>\n<p style=\"text-align: justify;\">Az \u00fcnnep\u00e9lyes szents\u00e9gkiszolg\u00e1ltat\u00e1s, amikor a felk\u00e9sz\u00fclt gyermekek el\u0151sz\u00f6r vehetik magukhoz Krisztus test\u00e9t, 2023. j\u00falius 2-\u00e1n, a d\u00e9lel\u0151tti szentmise keret\u00e9ben lesz.<\/p>\n<p style=\"text-align: right;\">F\u00e9nyk\u00e9pek: Moln\u00e1r M. Katalin<\/p>\n<p style=\"text-align: right;\">Kisfilm: Kiss Erika<\/p>\n<p><iframe loading=\"lazy\" title=\"Els\u0151\u00e1ldoz\u00f3k bemutat\u00e1sa\" width=\"1080\" height=\"608\" src=\"https:\/\/www.youtube.com\/embed\/yop9mY5kWI4?feature=oembed\" frameborder=\"0\" allow=\"accelerometer; autoplay; clipboard-write; encrypted-media; gyroscope; picture-in-picture; web-share\" allowfullscreen><\/iframe><\/p>\n","protected":false},"excerpt":{"rendered":"<p>A leend\u0151 els\u0151\u00e1ldoz\u00f3k bemutat\u00e1sa egyik fontos \u00e1llom\u00e1sa az els\u0151\u00e1ldoz\u00e1si felk\u00e9sz\u00fcl\u00e9snek. A jel\u00f6ltek az eddig eltelt id\u0151ben m\u00e1r tan\u00fas\u00e1got tettek, hogy komolyan veszik a felk\u00e9sz\u00fcl\u00e9st. A szertart\u00e1s fontos r\u00e9sz\u00e9t k\u00e9pezi a hittanosok \u00edg\u00e9rete, hogy v\u00e1llalj\u00e1k a felk\u00e9sz\u00fcl\u00e9ssel j\u00e1r\u00f3 neh\u00e9zs\u00e9geket \u00e9s a sz\u00fcl\u0151k im\u00e1ja gyermekeik\u00e9rt. A bemutat\u00e1si szentmis\u00e9ben kifejez\u0151d\u00e9sre jut, hogy a sz\u00fcl\u0151 seg\u00edti a gyermek\u00e9t, a [&hellip;]<\/p>\n","protected":false},"author":4,"featured_media":10396,"comment_status":"open","ping_status":"open","sticky":false,"template":"","format":"standard","meta":{"_acf_changed":false,"_et_pb_use_builder":"","_et_pb_old_content":"","_et_gb_content_width":"","footnotes":""},"categories":[10,59],"tags":[],"class_list":["post-10395","post","type-post","status-publish","format-standard","has-post-thumbnail","hentry","category-aktualis-hirek","category-egyhazmegyenk-hirei","et-has-post-format-content","et_post_format-et-post-format-standard"],"acf":[],"_links":{"self":[{"href":"https:\/\/munkacs-diocese.org\/hu\/wp-json\/wp\/v2\/posts\/10395"}],"collection":[{"href":"https:\/\/munkacs-diocese.org\/hu\/wp-json\/wp\/v2\/posts"}],"about":[{"href":"https:\/\/munkacs-diocese.org\/hu\/wp-json\/wp\/v2\/types\/post"}],"author":[{"embeddable":true,"href":"https:\/\/munkacs-diocese.org\/hu\/wp-json\/wp\/v2\/users\/4"}],"replies":[{"embeddable":true,"href":"https:\/\/munkacs-diocese.org\/hu\/wp-json\/wp\/v2\/comments?post=10395"}],"version-history":[{"count":6,"href":"https:\/\/munkacs-diocese.org\/hu\/wp-json\/wp\/v2\/posts\/10395\/revisions"}],"predecessor-version":[{"id":10406,"href":"https:\/\/munkacs-diocese.org\/hu\/wp-json\/wp\/v2\/posts\/10395\/revisions\/10406"}],"wp:featuredmedia":[{"embeddable":true,"href":"https:\/\/munkacs-diocese.org\/hu\/wp-json\/wp\/v2\/media\/10396"}],"wp:attachment":[{"href":"https:\/\/munkacs-diocese.org\/hu\/wp-json\/wp\/v2\/media?parent=10395"}],"wp:term":[{"taxonomy":"category","embeddable":true,"href":"https:\/\/munkacs-diocese.org\/hu\/wp-json\/wp\/v2\/categories?post=10395"},{"taxonomy":"post_tag","embeddable":true,"href":"https:\/\/munkacs-diocese.org\/hu\/wp-json\/wp\/v2\/tags?post=10395"}],"curies":[{"name":"wp","href":"https:\/\/api.w.org\/{rel}","templated":true}]}}