{"id":10376,"date":"2023-04-17T16:06:17","date_gmt":"2023-04-17T14:06:17","guid":{"rendered":"https:\/\/munkacs-diocese.org\/hu\/?p=10376"},"modified":"2023-04-17T16:06:17","modified_gmt":"2023-04-17T14:06:17","slug":"ti-is-krisztus-jegyese-az-egyhaz-jelekent-orvendjetek-mindig-szuzek-szentelese-a-munkacsi-egyhazmegyeben","status":"publish","type":"post","link":"https:\/\/munkacs-diocese.org\/hu\/2023\/04\/17\/ti-is-krisztus-jegyese-az-egyhaz-jelekent-orvendjetek-mindig-szuzek-szentelese-a-munkacsi-egyhazmegyeben\/","title":{"rendered":"\u201eTi is Krisztus jegyese, az Egyh\u00e1z jelek\u00e9nt \u00f6rvendjetek mindig\u201d \u2013 sz\u00fczek szentel\u00e9se a Munk\u00e1csi Egyh\u00e1zmegy\u00e9ben"},"content":{"rendered":"<div id=\"fb-root\"><\/div>\n<p style=\"text-align: justify;\"><strong>2023. \u00e1prilis 15-\u00e9n \u00fcnnepl\u0151 h\u00edvek sokas\u00e1ga t\u00f6lt\u00f6tte meg a munk\u00e1csi sz\u00e9kesegyh\u00e1zat, ahol el\u0151sz\u00f6r ker\u00fclt sor sz\u00fczek szentel\u00e9si szertart\u00e1s\u00e1ra. Az ebb\u0151l az alkalomb\u00f3l tartott \u00fcnnepi szentmise f\u0151celebr\u00e1nsa Lucsok Mikl\u00f3s OP p\u00fcsp\u00f6k, az egyh\u00e1zmegye apostoli korm\u00e1nyz\u00f3ja volt. Vele egy\u00fctt koncelebr\u00e1lt Majnek Antal OFM, az egyh\u00e1zmegye nyugalmazott p\u00fcsp\u00f6ke, valamint sz\u00e1mos pap \u00e9s szerzetes.<\/strong><\/p>\n<p><img loading=\"lazy\" decoding=\"async\" class=\"alignnone size-full wp-image-10391\" src=\"https:\/\/munkacs-diocese.org\/hu\/wp-content\/uploads\/2023\/04\/szombat14-scaled.jpg\" alt=\"\" width=\"2560\" height=\"1920\" srcset=\"https:\/\/munkacs-diocese.org\/hu\/wp-content\/uploads\/2023\/04\/szombat14-scaled.jpg 2560w, https:\/\/munkacs-diocese.org\/hu\/wp-content\/uploads\/2023\/04\/szombat14-300x225.jpg 300w, https:\/\/munkacs-diocese.org\/hu\/wp-content\/uploads\/2023\/04\/szombat14-1024x768.jpg 1024w, https:\/\/munkacs-diocese.org\/hu\/wp-content\/uploads\/2023\/04\/szombat14-768x576.jpg 768w, https:\/\/munkacs-diocese.org\/hu\/wp-content\/uploads\/2023\/04\/szombat14-1536x1152.jpg 1536w, https:\/\/munkacs-diocese.org\/hu\/wp-content\/uploads\/2023\/04\/szombat14-2048x1536.jpg 2048w, https:\/\/munkacs-diocese.org\/hu\/wp-content\/uploads\/2023\/04\/szombat14-1080x810.jpg 1080w\" sizes=\"(max-width: 2560px) 100vw, 2560px\" \/><\/p>\n<p style=\"text-align: justify;\">Az \u00fcnnepi szentmis\u00e9n jelen voltak az egyh\u00e1zmegy\u00e9ben szolg\u00e1l\u00f3 diak\u00f3nusok, a szerzetes k\u00f6z\u00f6ss\u00e9gek tagjai, csal\u00e1dtagok, bar\u00e1tok \u00e9s az egyh\u00e1zmegye t\u00f6bb egyh\u00e1zk\u00f6zs\u00e9g\u00e9nek h\u00edvei. A munk\u00e1csi pl\u00e9b\u00e1ni\u00e1n k\u00edv\u00fcl Ungv\u00e1rr\u00f3l \u00e9s Husztr\u00f3l is j\u00f6ttek vend\u00e9gek, az \u00e9l\u0151 k\u00f6zvet\u00edt\u00e9snek k\u00f6sz\u00f6nhet\u0151en pedig magyarorsz\u00e1gi \u00e9s n\u00e9metorsz\u00e1gi rokonok, bar\u00e1tok \u00e9s ismer\u0151s\u00f6k is jelen lehettek.<\/p>\n\n\t\t<style type=\"text\/css\">\n\t\t\t#gallery-1 {\n\t\t\t\tmargin: auto;\n\t\t\t}\n\t\t\t#gallery-1 .gallery-item {\n\t\t\t\tfloat: left;\n\t\t\t\tmargin-top: 10px;\n\t\t\t\ttext-align: center;\n\t\t\t\twidth: 33%;\n\t\t\t}\n\t\t\t#gallery-1 img {\n\t\t\t\tborder: 2px solid #cfcfcf;\n\t\t\t}\n\t\t\t#gallery-1 .gallery-caption {\n\t\t\t\tmargin-left: 0;\n\t\t\t}\n\t\t\t\/* see gallery_shortcode() in wp-includes\/media.php *\/\n\t\t<\/style>\n\t\t<div id='gallery-1' class='gallery galleryid-10376 gallery-columns-3 gallery-size-full'><dl class='gallery-item'>\n\t\t\t<dt class='gallery-icon landscape'>\n\t\t\t\t<a href='https:\/\/munkacs-diocese.org\/hu\/2023\/04\/17\/ti-is-krisztus-jegyese-az-egyhaz-jelekent-orvendjetek-mindig-szuzek-szentelese-a-munkacsi-egyhazmegyeben\/szombat11\/'><img loading=\"lazy\" decoding=\"async\" width=\"2560\" height=\"1920\" src=\"https:\/\/munkacs-diocese.org\/hu\/wp-content\/uploads\/2023\/04\/szombat11-scaled.jpg\" class=\"attachment-full size-full\" alt=\"\" srcset=\"https:\/\/munkacs-diocese.org\/hu\/wp-content\/uploads\/2023\/04\/szombat11-scaled.jpg 2560w, https:\/\/munkacs-diocese.org\/hu\/wp-content\/uploads\/2023\/04\/szombat11-300x225.jpg 300w, https:\/\/munkacs-diocese.org\/hu\/wp-content\/uploads\/2023\/04\/szombat11-1024x768.jpg 1024w, https:\/\/munkacs-diocese.org\/hu\/wp-content\/uploads\/2023\/04\/szombat11-768x576.jpg 768w, https:\/\/munkacs-diocese.org\/hu\/wp-content\/uploads\/2023\/04\/szombat11-1536x1152.jpg 1536w, https:\/\/munkacs-diocese.org\/hu\/wp-content\/uploads\/2023\/04\/szombat11-2048x1536.jpg 2048w, https:\/\/munkacs-diocese.org\/hu\/wp-content\/uploads\/2023\/04\/szombat11-1080x810.jpg 1080w\" sizes=\"(max-width: 2560px) 100vw, 2560px\" \/><\/a>\n\t\t\t<\/dt><\/dl><dl class='gallery-item'>\n\t\t\t<dt class='gallery-icon landscape'>\n\t\t\t\t<a href='https:\/\/munkacs-diocese.org\/hu\/2023\/04\/17\/ti-is-krisztus-jegyese-az-egyhaz-jelekent-orvendjetek-mindig-szuzek-szentelese-a-munkacsi-egyhazmegyeben\/szombat10\/'><img loading=\"lazy\" decoding=\"async\" width=\"2560\" height=\"1920\" src=\"https:\/\/munkacs-diocese.org\/hu\/wp-content\/uploads\/2023\/04\/szombat10-scaled.jpg\" class=\"attachment-full size-full\" alt=\"\" srcset=\"https:\/\/munkacs-diocese.org\/hu\/wp-content\/uploads\/2023\/04\/szombat10-scaled.jpg 2560w, https:\/\/munkacs-diocese.org\/hu\/wp-content\/uploads\/2023\/04\/szombat10-300x225.jpg 300w, https:\/\/munkacs-diocese.org\/hu\/wp-content\/uploads\/2023\/04\/szombat10-1024x768.jpg 1024w, https:\/\/munkacs-diocese.org\/hu\/wp-content\/uploads\/2023\/04\/szombat10-768x576.jpg 768w, https:\/\/munkacs-diocese.org\/hu\/wp-content\/uploads\/2023\/04\/szombat10-1536x1152.jpg 1536w, https:\/\/munkacs-diocese.org\/hu\/wp-content\/uploads\/2023\/04\/szombat10-2048x1536.jpg 2048w, https:\/\/munkacs-diocese.org\/hu\/wp-content\/uploads\/2023\/04\/szombat10-1080x810.jpg 1080w\" sizes=\"(max-width: 2560px) 100vw, 2560px\" \/><\/a>\n\t\t\t<\/dt><\/dl><dl class='gallery-item'>\n\t\t\t<dt class='gallery-icon landscape'>\n\t\t\t\t<a href='https:\/\/munkacs-diocese.org\/hu\/2023\/04\/17\/ti-is-krisztus-jegyese-az-egyhaz-jelekent-orvendjetek-mindig-szuzek-szentelese-a-munkacsi-egyhazmegyeben\/szombat12\/'><img loading=\"lazy\" decoding=\"async\" width=\"2560\" height=\"1920\" src=\"https:\/\/munkacs-diocese.org\/hu\/wp-content\/uploads\/2023\/04\/szombat12-scaled.jpg\" class=\"attachment-full size-full\" alt=\"\" srcset=\"https:\/\/munkacs-diocese.org\/hu\/wp-content\/uploads\/2023\/04\/szombat12-scaled.jpg 2560w, https:\/\/munkacs-diocese.org\/hu\/wp-content\/uploads\/2023\/04\/szombat12-300x225.jpg 300w, https:\/\/munkacs-diocese.org\/hu\/wp-content\/uploads\/2023\/04\/szombat12-1024x768.jpg 1024w, https:\/\/munkacs-diocese.org\/hu\/wp-content\/uploads\/2023\/04\/szombat12-768x576.jpg 768w, https:\/\/munkacs-diocese.org\/hu\/wp-content\/uploads\/2023\/04\/szombat12-1536x1152.jpg 1536w, https:\/\/munkacs-diocese.org\/hu\/wp-content\/uploads\/2023\/04\/szombat12-2048x1536.jpg 2048w, https:\/\/munkacs-diocese.org\/hu\/wp-content\/uploads\/2023\/04\/szombat12-1080x810.jpg 1080w\" sizes=\"(max-width: 2560px) 100vw, 2560px\" \/><\/a>\n\t\t\t<\/dt><\/dl><br style=\"clear: both\" \/>\n\t\t<\/div>\n\n<p style=\"text-align: justify;\">Ezen a napon megszentelt sz\u00fczess\u00e9gre tett \u00f6r\u00f6k fogadalmat Hoffmann Tanya-Maria \u00e9s Nobilis Kinga, vel\u00fck egy\u00fctt egy \u00e9vre Summerer Vanessa. R\u00f6vid \u00e9letrajzukat a szentmise el\u0151tt Szergij Gerzanics atya, a K\u00faria irodaigazgat\u00f3ja olvasta fel.<\/p>\n<p style=\"text-align: justify;\">Nobilis Kinga, D\u00e9nes \u00e9s M\u00e1ria l\u00e1nya, magyar \u00e1llampolg\u00e1r, 1969.12.23-\u00e1n sz\u00fcletett Si\u00f3fokon. 25 \u00e9ve v\u00e9gez k\u00fcl\u00f6nb\u00f6z\u0151 szolg\u00e1latokat a Munk\u00e1csi Egyh\u00e1zmegy\u00e9ben, jelenleg a P\u00fcsp\u00f6ki Hivatalban dolgozik a gazdas\u00e1gi oszt\u00e1lyon.<\/p>\n<p style=\"text-align: justify;\">Hoffman Tanya-Maria, Josef \u00e9s Rosvita l\u00e1nya, n\u00e9met \u00e1llampolg\u00e1r, 1968. m\u00e1rcius 20-\u00e1n sz\u00fcletett Schwenningenben, 15 \u00e9vvel ezel\u0151tt \u00e9rkezett K\u00e1rp\u00e1talj\u00e1ra a n\u00e9met nyelv\u0171 pl\u00e9b\u00e1ni\u00e1kra, Sch\u00f6nbornban \u00e9s a Munk\u00e1csi Egyh\u00e1zmegy\u00e9ben v\u00e9gez k\u00fcl\u00f6nf\u00e9le szolg\u00e1latokat.<\/p>\n<p style=\"text-align: justify;\">Sumerrer Vanessa, Manfred \u00e9s Olena l\u00e1nya, 1998. j\u00fanius 16-\u00e1n sz\u00fcletett N\u00fcrnbergben, N\u00e9metorsz\u00e1gban. \u00d6t \u00e9vvel ezel\u0151tt k\u00f6lt\u00f6z\u00f6tt Ukrajn\u00e1ba, nemr\u00e9gen vette fel az ukr\u00e1n \u00e1llampolg\u00e1rs\u00e1got, jelenleg a Szent M\u00e1rton Sz\u00e9kesegyh\u00e1zban szolg\u00e1l, mint sekresty\u00e9s.<\/p>\n<p style=\"text-align: justify;\">H\u00e1rom n\u00e9p le\u00e1nyai, akiket az \u00dar K\u00e1rp\u00e1talja soknemzetis\u00e9g\u0171 gy\u00f6kerekkel rendelkez\u0151 ter\u00fclet\u00e9nek egyh\u00e1zmegy\u00e9j\u00e9be h\u00edvott.<\/p>\n\n\t\t<style type=\"text\/css\">\n\t\t\t#gallery-2 {\n\t\t\t\tmargin: auto;\n\t\t\t}\n\t\t\t#gallery-2 .gallery-item {\n\t\t\t\tfloat: left;\n\t\t\t\tmargin-top: 10px;\n\t\t\t\ttext-align: center;\n\t\t\t\twidth: 50%;\n\t\t\t}\n\t\t\t#gallery-2 img {\n\t\t\t\tborder: 2px solid #cfcfcf;\n\t\t\t}\n\t\t\t#gallery-2 .gallery-caption {\n\t\t\t\tmargin-left: 0;\n\t\t\t}\n\t\t\t\/* see gallery_shortcode() in wp-includes\/media.php *\/\n\t\t<\/style>\n\t\t<div id='gallery-2' class='gallery galleryid-10376 gallery-columns-2 gallery-size-full'><dl class='gallery-item'>\n\t\t\t<dt class='gallery-icon landscape'>\n\t\t\t\t<a href='https:\/\/munkacs-diocese.org\/hu\/2023\/04\/17\/ti-is-krisztus-jegyese-az-egyhaz-jelekent-orvendjetek-mindig-szuzek-szentelese-a-munkacsi-egyhazmegyeben\/szombat1\/'><img loading=\"lazy\" decoding=\"async\" width=\"1124\" height=\"750\" src=\"https:\/\/munkacs-diocese.org\/hu\/wp-content\/uploads\/2023\/04\/szombat1.jpg\" class=\"attachment-full size-full\" alt=\"\" srcset=\"https:\/\/munkacs-diocese.org\/hu\/wp-content\/uploads\/2023\/04\/szombat1.jpg 1124w, https:\/\/munkacs-diocese.org\/hu\/wp-content\/uploads\/2023\/04\/szombat1-300x200.jpg 300w, https:\/\/munkacs-diocese.org\/hu\/wp-content\/uploads\/2023\/04\/szombat1-1024x683.jpg 1024w, https:\/\/munkacs-diocese.org\/hu\/wp-content\/uploads\/2023\/04\/szombat1-768x512.jpg 768w, https:\/\/munkacs-diocese.org\/hu\/wp-content\/uploads\/2023\/04\/szombat1-1080x721.jpg 1080w\" sizes=\"(max-width: 1124px) 100vw, 1124px\" \/><\/a>\n\t\t\t<\/dt><\/dl><dl class='gallery-item'>\n\t\t\t<dt class='gallery-icon landscape'>\n\t\t\t\t<a href='https:\/\/munkacs-diocese.org\/hu\/2023\/04\/17\/ti-is-krisztus-jegyese-az-egyhaz-jelekent-orvendjetek-mindig-szuzek-szentelese-a-munkacsi-egyhazmegyeben\/szombat2\/'><img loading=\"lazy\" decoding=\"async\" width=\"1296\" height=\"864\" src=\"https:\/\/munkacs-diocese.org\/hu\/wp-content\/uploads\/2023\/04\/szombat2.jpg\" class=\"attachment-full size-full\" alt=\"\" srcset=\"https:\/\/munkacs-diocese.org\/hu\/wp-content\/uploads\/2023\/04\/szombat2.jpg 1296w, https:\/\/munkacs-diocese.org\/hu\/wp-content\/uploads\/2023\/04\/szombat2-300x200.jpg 300w, https:\/\/munkacs-diocese.org\/hu\/wp-content\/uploads\/2023\/04\/szombat2-1024x683.jpg 1024w, https:\/\/munkacs-diocese.org\/hu\/wp-content\/uploads\/2023\/04\/szombat2-768x512.jpg 768w, https:\/\/munkacs-diocese.org\/hu\/wp-content\/uploads\/2023\/04\/szombat2-1080x720.jpg 1080w\" sizes=\"(max-width: 1296px) 100vw, 1296px\" \/><\/a>\n\t\t\t<\/dt><\/dl><br style=\"clear: both\" \/>\n\t\t<\/div>\n\n<p style=\"text-align: justify;\">A Sz\u00fczek Rendje (Ordo Virginum) az egyik legr\u00e9gibb, kifejezetten Istennek szentelt \u00e9letforma. M\u00e1r Szent I. Kelemen p\u00e1pa (K.u. 88-97) sz\u00f3lt azokr\u00f3l a sz\u00fczekr\u0151l, akik \u201ea mennyek orsz\u00e1g\u00e1\u00e9rt\u201d (Mt 19,12) mondtak le a h\u00e1zass\u00e1gr\u00f3l. A korai kereszt\u00e9ny sz\u00fczek k\u00f6z\u00e9 sorolhatjuk Szent \u00c1gnest, Szent \u00c1got\u00e1t, Szent L\u00faci\u00e1t, Szent Cec\u00edli\u00e1t. Ahogy az Egyh\u00e1z Krisztus menyasszonya, a konszekr\u00e1lt sz\u0171z az Egyh\u00e1z k\u00e9pm\u00e1sa \u00e9s Krisztus menyasszonya.<\/p>\n<p>1970. m\u00e1jus 31-\u00e9n VI. P\u00e1l p\u00e1pa k\u00e9r\u00e9s\u00e9re az Istentiszteleti Kongreg\u00e1ci\u00f3 k\u00f6zz\u00e9tette a sz\u00fczek felszentel\u00e9s\u00e9nek \u00faj r\u00edtus\u00e1t, amellyel \u00e9letre keltette a sz\u00fczek \u0151si rendj\u00e9t \u00e9s elind\u00edtotta vir\u00e1gz\u00e1s\u00e1t. A tan\u00fas\u00e1gt\u00e9tel e form\u00e1ja az apostolok idej\u00e9t\u0151l kezdve l\u00e9tezett a kereszt\u00e9ny k\u00f6z\u00f6ss\u00e9gekben. A felszentel\u00e9sben r\u00e9szes\u00fcl\u0151 n\u0151k megmaradnak egyh\u00e1zmegy\u00e9j\u00fckben, ahol \u00e9lnek \u00e9s ahol meg\u00e9rlel\u0151d\u00f6tt ez a v\u00e1laszt\u00e1suk, illetve ahol elv\u00e9gezt\u00e9k felk\u00e9sz\u00fcl\u00e9s\u00fcket.<\/p>\n<p style=\"text-align: justify;\">2018-ban a Megszentelt \u00c9let Int\u00e9zm\u00e9nye \u00e9s az Apostoli \u00c9let T\u00e1rsas\u00e1ga Kongreg\u00e1ci\u00f3 k\u00f6zz\u00e9 tette \u00faj dokumentum\u00e1t \u201eEcclesia Sponsae Imago\u201d c\u00edmmel. A dokumentum szinod\u00e1lis munka eredm\u00e9nye, amelynek c\u00e9lja, hogy a p\u00fcsp\u00f6k\u00f6knek, a megszentelt \u00e9letet \u00e9l\u0151 n\u0151knek \u00e9s a k\u00e9pz\u00e9sben r\u00e9sztvev\u0151 n\u0151knek ir\u00e1nyvonalakat adjon \u00e9s el\u0151mozd\u00edtsa ezt az \u00e9letform\u00e1t.<\/p>\n<p style=\"text-align: justify;\">Ferenc p\u00e1pa 2020. m\u00e1jus 31-\u00e9n a Sz\u00fczek Rendj\u00e9nek tagjaihoz int\u00e9zett \u00fczenet\u00e9ben ezekkel a szavakkal \u00e1ldotta meg \u0151ket: \u201eSzeretn\u00e9lek mindny\u00e1jatokat meg\u00e1ldani, mint ahogy minden n\u0151t, aki erre a felszentel\u00e9sre k\u00e9sz\u00fcl, vagy aki a j\u00f6v\u0151ben ebben r\u00e9szes\u00fcl majd. Az Egyh\u00e1z megkapta a Vigasztal\u00f3 L\u00e9lek aj\u00e1nd\u00e9k\u00e1t, mint a megdics\u0151\u00fclt Krisztus \u00f6rvend\u0151 jegyes\u00e9nek kiapadhatatlan alapj\u00e1t. Ti is Krisztus jegyese, az Egyh\u00e1z jelek\u00e9nt \u00f6rvendjetek mindig, \u00e9pp\u00fagy, ahogy a N\u00e1z\u00e1reti M\u00e1ria, a Boldogs\u00e1gos Sz\u0171z, aki h\u00e1la\u00e9nek\u00e9t zengi, az \u00e9l\u0151 evang\u00e9lium \u00c9desanyjak\u00e9nt.&#8221;<\/p>\n<p style=\"text-align: justify;\"><img loading=\"lazy\" decoding=\"async\" class=\"alignnone wp-image-10390 size-full\" src=\"https:\/\/munkacs-diocese.org\/hu\/wp-content\/uploads\/2023\/04\/szombat13-scaled-e1681739811267.jpg\" alt=\"\" width=\"2560\" height=\"1568\" srcset=\"https:\/\/munkacs-diocese.org\/hu\/wp-content\/uploads\/2023\/04\/szombat13-scaled-e1681739811267.jpg 2560w, https:\/\/munkacs-diocese.org\/hu\/wp-content\/uploads\/2023\/04\/szombat13-scaled-e1681739811267-300x184.jpg 300w, https:\/\/munkacs-diocese.org\/hu\/wp-content\/uploads\/2023\/04\/szombat13-scaled-e1681739811267-1024x627.jpg 1024w, https:\/\/munkacs-diocese.org\/hu\/wp-content\/uploads\/2023\/04\/szombat13-scaled-e1681739811267-768x470.jpg 768w, https:\/\/munkacs-diocese.org\/hu\/wp-content\/uploads\/2023\/04\/szombat13-scaled-e1681739811267-1536x941.jpg 1536w, https:\/\/munkacs-diocese.org\/hu\/wp-content\/uploads\/2023\/04\/szombat13-scaled-e1681739811267-2048x1254.jpg 2048w, https:\/\/munkacs-diocese.org\/hu\/wp-content\/uploads\/2023\/04\/szombat13-scaled-e1681739811267-1080x662.jpg 1080w\" sizes=\"(max-width: 2560px) 100vw, 2560px\" \/><\/p>\n<p style=\"text-align: justify;\">Az \u00fcnnep\u00e9lyes szentmis\u00e9nek m\u00e9lt\u00f3 keretet adott a kereszt ut\u00e1n, gy\u00f6ny\u00f6r\u0171 h\u00fasv\u00e9ti \u00e9nekek k\u00eds\u00e9ret\u00e9ben vonul\u00f3 sz\u00fczek, akik \u00e9g\u0151 gyerty\u00e1t tartottak a kez\u00fckben. A szentmise sor\u00e1n az ukr\u00e1n, a magyar, a n\u00e9met \u00e9s a latin nyelvek v\u00e1ltakoztak. Az im\u00e1k, az olvasm\u00e1nyok, az evang\u00e9lium \u00e9s a hom\u00edlia ukr\u00e1nul \u00e9s magyarul, az egyik olvasm\u00e1ny n\u00e9met\u00fcl hangzott el. Ugyanez a nyelvi soksz\u00edn\u0171s\u00e9g jellemezte a szentmise \u00e9nekeit is.<\/p>\n<p style=\"text-align: justify;\">Mikl\u00f3s p\u00fcsp\u00f6k pr\u00e9dik\u00e1ci\u00f3ban a felt\u00e1madt Krisztussal val\u00f3 tal\u00e1lkoz\u00e1s fontoss\u00e1g\u00e1r\u00f3l besz\u00e9lt. \u201eMenjetek el az eg\u00e9sz vil\u00e1gra \u00e9s hirdess\u00e9tek az evang\u00e9liumot minden n\u00e9pnek \u2013 mondta J\u00e9zus. Ma a fogadalmakat lehetett volna a k\u00e1polna csendj\u00e9ben is megtenni. De J\u00e9zus nem azt mondta, hogy rejts\u00fck el a hit\u00fcnket. Azt mondta: menjetek, \u00f6r\u00fcljetek, mondj\u00e1tok el mindenkinek, hogy felt\u00e1madt.\u201d Azt is hozz\u00e1f\u0171zte, hogy nem el\u00e9g hallani Krisztus felt\u00e1mad\u00e1s\u00e1r\u00f3l. \u201eAz evang\u00e9liumban azt olvassuk, hogy az asszonyok h\u00edr\u00fcl vitt\u00e9k Krisztus felt\u00e1mad\u00e1s\u00e1t, de a tan\u00edtv\u00e1nyok nem hittek nekik. Ez sajnos ma is \u00edgy van. Sokan hallanak r\u00f3la, de nem mindenki tal\u00e1lkozik Vele. A Felt\u00e1madottal val\u00f3 tapasztalat megv\u00e1ltoztatja az ember \u00e9let\u00e9t. Amikor az ember tal\u00e1lkozik a Felt\u00e1madott J\u00e9zussal, az \u00e9lete k\u00f6zponti esem\u00e9ny\u00e9v\u00e9 v\u00e1lik. (\u2026) Soha t\u00f6bb\u00e9 nem akarja elvesz\u00edteni \u0150t, a Vele val\u00f3 tal\u00e1lkoz\u00e1s \u00e9letst\u00edluss\u00e1 alakul.\u201d<\/p>\n<p><img loading=\"lazy\" decoding=\"async\" class=\"size-full wp-image-10380 aligncenter\" src=\"https:\/\/munkacs-diocese.org\/hu\/wp-content\/uploads\/2023\/04\/szombat3.jpg\" alt=\"\" width=\"1102\" height=\"734\" srcset=\"https:\/\/munkacs-diocese.org\/hu\/wp-content\/uploads\/2023\/04\/szombat3.jpg 1102w, https:\/\/munkacs-diocese.org\/hu\/wp-content\/uploads\/2023\/04\/szombat3-300x200.jpg 300w, https:\/\/munkacs-diocese.org\/hu\/wp-content\/uploads\/2023\/04\/szombat3-1024x682.jpg 1024w, https:\/\/munkacs-diocese.org\/hu\/wp-content\/uploads\/2023\/04\/szombat3-768x512.jpg 768w, https:\/\/munkacs-diocese.org\/hu\/wp-content\/uploads\/2023\/04\/szombat3-1080x719.jpg 1080w\" sizes=\"(max-width: 1102px) 100vw, 1102px\" \/><\/p>\n<p style=\"text-align: justify;\">\u201e\u0150k h\u00e1rman az\u00e9rt vannak most itt, mert tal\u00e1lkoztak a Felt\u00e1madottal \u00e9s az \u00e9let\u00fckkel tan\u00fas\u00e1got akarnak tenni r\u00f3la. (\u2026) Vil\u00e1gunk legnagyobb dr\u00e1m\u00e1ja, szomor\u00fas\u00e1ga, hogy sokan nem tudj\u00e1k, mennyire szereti \u0151ket Isten. Ez\u00e9rt h\u00edv az Isten embereket a neki szentelts\u00e9gre, hogy rajtuk kereszt\u00fcl is sokan tal\u00e1lkozzanak Vele. A hivat\u00e1s aj\u00e1nd\u00e9k, kegyelem Istent\u0151l.\u201d \u2013 mondta t\u00f6bbek k\u00f6z\u00f6tt a p\u00fcsp\u00f6k, al\u00e1h\u00fazva az Istent\u0151l kapott hivat\u00e1s tan\u00fas\u00e1gtev\u0151 erej\u00e9t. A pr\u00e9dik\u00e1ci\u00f3 v\u00e9g\u00e9n pedig az\u00e9rt foh\u00e1szkodott, hogy a Szentl\u00e9lek t\u00f6lts\u00f6n el benn\u00fcnket olyan er\u0151s \u00e9s szem\u00e9lyes szeretettel, ami legy\u0151z minden neh\u00e9zs\u00e9get \u00e9s k\u00eds\u00e9rt\u00e9st.<\/p>\n<p style=\"text-align: justify;\">A hom\u00edli\u00e1t k\u00f6vet\u0151en kezdet\u00e9t vette a szentel\u00e9si szertart\u00e1s. El\u0151sz\u00f6r Isten n\u00e9pe egy\u00fctt el\u00e9nekelte a Mindenszentek lit\u00e1ni\u00e1j\u00e1t, amit a konszekr\u00e1ci\u00f3 k\u00f6vetett, amikor is a jel\u00f6ltek fogadalmat tettek.<\/p>\n\n\t\t<style type=\"text\/css\">\n\t\t\t#gallery-3 {\n\t\t\t\tmargin: auto;\n\t\t\t}\n\t\t\t#gallery-3 .gallery-item {\n\t\t\t\tfloat: left;\n\t\t\t\tmargin-top: 10px;\n\t\t\t\ttext-align: center;\n\t\t\t\twidth: 25%;\n\t\t\t}\n\t\t\t#gallery-3 img {\n\t\t\t\tborder: 2px solid #cfcfcf;\n\t\t\t}\n\t\t\t#gallery-3 .gallery-caption {\n\t\t\t\tmargin-left: 0;\n\t\t\t}\n\t\t\t\/* see gallery_shortcode() in wp-includes\/media.php *\/\n\t\t<\/style>\n\t\t<div id='gallery-3' class='gallery galleryid-10376 gallery-columns-4 gallery-size-full'><dl class='gallery-item'>\n\t\t\t<dt class='gallery-icon landscape'>\n\t\t\t\t<a href='https:\/\/munkacs-diocese.org\/hu\/2023\/04\/17\/ti-is-krisztus-jegyese-az-egyhaz-jelekent-orvendjetek-mindig-szuzek-szentelese-a-munkacsi-egyhazmegyeben\/szombat8\/'><img loading=\"lazy\" decoding=\"async\" width=\"1296\" height=\"864\" src=\"https:\/\/munkacs-diocese.org\/hu\/wp-content\/uploads\/2023\/04\/szombat8.jpg\" class=\"attachment-full size-full\" alt=\"\" srcset=\"https:\/\/munkacs-diocese.org\/hu\/wp-content\/uploads\/2023\/04\/szombat8.jpg 1296w, https:\/\/munkacs-diocese.org\/hu\/wp-content\/uploads\/2023\/04\/szombat8-300x200.jpg 300w, https:\/\/munkacs-diocese.org\/hu\/wp-content\/uploads\/2023\/04\/szombat8-1024x683.jpg 1024w, https:\/\/munkacs-diocese.org\/hu\/wp-content\/uploads\/2023\/04\/szombat8-768x512.jpg 768w, https:\/\/munkacs-diocese.org\/hu\/wp-content\/uploads\/2023\/04\/szombat8-1080x720.jpg 1080w\" sizes=\"(max-width: 1296px) 100vw, 1296px\" \/><\/a>\n\t\t\t<\/dt><\/dl><dl class='gallery-item'>\n\t\t\t<dt class='gallery-icon landscape'>\n\t\t\t\t<a href='https:\/\/munkacs-diocese.org\/hu\/2023\/04\/17\/ti-is-krisztus-jegyese-az-egyhaz-jelekent-orvendjetek-mindig-szuzek-szentelese-a-munkacsi-egyhazmegyeben\/szombat7\/'><img loading=\"lazy\" decoding=\"async\" width=\"1296\" height=\"864\" src=\"https:\/\/munkacs-diocese.org\/hu\/wp-content\/uploads\/2023\/04\/szombat7.jpg\" class=\"attachment-full size-full\" alt=\"\" srcset=\"https:\/\/munkacs-diocese.org\/hu\/wp-content\/uploads\/2023\/04\/szombat7.jpg 1296w, https:\/\/munkacs-diocese.org\/hu\/wp-content\/uploads\/2023\/04\/szombat7-300x200.jpg 300w, https:\/\/munkacs-diocese.org\/hu\/wp-content\/uploads\/2023\/04\/szombat7-1024x683.jpg 1024w, https:\/\/munkacs-diocese.org\/hu\/wp-content\/uploads\/2023\/04\/szombat7-768x512.jpg 768w, https:\/\/munkacs-diocese.org\/hu\/wp-content\/uploads\/2023\/04\/szombat7-1080x720.jpg 1080w\" sizes=\"(max-width: 1296px) 100vw, 1296px\" \/><\/a>\n\t\t\t<\/dt><\/dl><dl class='gallery-item'>\n\t\t\t<dt class='gallery-icon landscape'>\n\t\t\t\t<a href='https:\/\/munkacs-diocese.org\/hu\/2023\/04\/17\/ti-is-krisztus-jegyese-az-egyhaz-jelekent-orvendjetek-mindig-szuzek-szentelese-a-munkacsi-egyhazmegyeben\/szombat1\/'><img loading=\"lazy\" decoding=\"async\" width=\"1124\" height=\"750\" src=\"https:\/\/munkacs-diocese.org\/hu\/wp-content\/uploads\/2023\/04\/szombat1.jpg\" class=\"attachment-full size-full\" alt=\"\" srcset=\"https:\/\/munkacs-diocese.org\/hu\/wp-content\/uploads\/2023\/04\/szombat1.jpg 1124w, https:\/\/munkacs-diocese.org\/hu\/wp-content\/uploads\/2023\/04\/szombat1-300x200.jpg 300w, https:\/\/munkacs-diocese.org\/hu\/wp-content\/uploads\/2023\/04\/szombat1-1024x683.jpg 1024w, https:\/\/munkacs-diocese.org\/hu\/wp-content\/uploads\/2023\/04\/szombat1-768x512.jpg 768w, https:\/\/munkacs-diocese.org\/hu\/wp-content\/uploads\/2023\/04\/szombat1-1080x721.jpg 1080w\" sizes=\"(max-width: 1124px) 100vw, 1124px\" \/><\/a>\n\t\t\t<\/dt><\/dl><dl class='gallery-item'>\n\t\t\t<dt class='gallery-icon landscape'>\n\t\t\t\t<a href='https:\/\/munkacs-diocese.org\/hu\/2023\/04\/17\/ti-is-krisztus-jegyese-az-egyhaz-jelekent-orvendjetek-mindig-szuzek-szentelese-a-munkacsi-egyhazmegyeben\/szombat9\/'><img loading=\"lazy\" decoding=\"async\" width=\"1296\" height=\"864\" src=\"https:\/\/munkacs-diocese.org\/hu\/wp-content\/uploads\/2023\/04\/szombat9.jpg\" class=\"attachment-full size-full\" alt=\"\" srcset=\"https:\/\/munkacs-diocese.org\/hu\/wp-content\/uploads\/2023\/04\/szombat9.jpg 1296w, https:\/\/munkacs-diocese.org\/hu\/wp-content\/uploads\/2023\/04\/szombat9-300x200.jpg 300w, https:\/\/munkacs-diocese.org\/hu\/wp-content\/uploads\/2023\/04\/szombat9-1024x683.jpg 1024w, https:\/\/munkacs-diocese.org\/hu\/wp-content\/uploads\/2023\/04\/szombat9-768x512.jpg 768w, https:\/\/munkacs-diocese.org\/hu\/wp-content\/uploads\/2023\/04\/szombat9-1080x720.jpg 1080w\" sizes=\"(max-width: 1296px) 100vw, 1296px\" \/><\/a>\n\t\t\t<\/dt><\/dl><br style=\"clear: both\" \/>\n\t\t<\/div>\n\n<p style=\"text-align: justify;\">\u201eIsten dics\u0151s\u00e9g\u00e9re teljesen neki akarom szentelni magam \u00e9s h\u0171s\u00e9gesen k\u00f6vetni Krisztust. Az itt egybegy\u0171lt testv\u00e9rek \u00e9s n\u0151v\u00e9rek jelenl\u00e9t\u00e9ben a te kezedbe, f\u0151tisztelend\u0151 p\u00fcsp\u00f6k atya teszem le fogadalmam, hogy eg\u00e9sz \u00e9letemben tisztas\u00e1gban, szeg\u00e9nys\u00e9gben \u00e9s engedelmess\u00e9gben akarok \u00e9lni, az Ordo Viginum \u00fatmutat\u00e1sai szerint. Teljes sz\u00edvvel \u00e1tadom magam az Anyaszentegyh\u00e1znak, hogy a Szentl\u00e9lek kegyelm\u00e9vel, \u00e9s a boldogs\u00e1gos, mindenkor Sz\u0171z M\u00e1ria seg\u00edts\u00e9g\u00e9vel el\u00e9rjem a t\u00f6k\u00e9letes szeretetet Isten \u00e9s az Egyh\u00e1z szolg\u00e1lat\u00e1ban.\u201d \u2013 hangzott az \u00fcnnep\u00e9lyes fogadalomt\u00e9tel. A felszentelt sz\u00fczek mindegyike \u00e1tvett a p\u00fcsp\u00f6kt\u0151l egy-egy zsolozsm\u00e1s k\u00f6nyvet \u00e9s egy gy\u0171r\u0171t, amely a felszentel\u00e9s l\u00e1that\u00f3 jele, Krisztus ir\u00e1nti odaad\u00e1sukr\u00f3l tan\u00faskodik, kifejezi Isten szeretet\u00e9t \u00e9s h\u0171s\u00e9g\u00e9t.<\/p>\n\n\t\t<style type=\"text\/css\">\n\t\t\t#gallery-4 {\n\t\t\t\tmargin: auto;\n\t\t\t}\n\t\t\t#gallery-4 .gallery-item {\n\t\t\t\tfloat: left;\n\t\t\t\tmargin-top: 10px;\n\t\t\t\ttext-align: center;\n\t\t\t\twidth: 33%;\n\t\t\t}\n\t\t\t#gallery-4 img {\n\t\t\t\tborder: 2px solid #cfcfcf;\n\t\t\t}\n\t\t\t#gallery-4 .gallery-caption {\n\t\t\t\tmargin-left: 0;\n\t\t\t}\n\t\t\t\/* see gallery_shortcode() in wp-includes\/media.php *\/\n\t\t<\/style>\n\t\t<div id='gallery-4' class='gallery galleryid-10376 gallery-columns-3 gallery-size-full'><dl class='gallery-item'>\n\t\t\t<dt class='gallery-icon landscape'>\n\t\t\t\t<a href='https:\/\/munkacs-diocese.org\/hu\/2023\/04\/17\/ti-is-krisztus-jegyese-az-egyhaz-jelekent-orvendjetek-mindig-szuzek-szentelese-a-munkacsi-egyhazmegyeben\/szombat4\/'><img loading=\"lazy\" decoding=\"async\" width=\"1296\" height=\"864\" src=\"https:\/\/munkacs-diocese.org\/hu\/wp-content\/uploads\/2023\/04\/szombat4.jpg\" class=\"attachment-full size-full\" alt=\"\" srcset=\"https:\/\/munkacs-diocese.org\/hu\/wp-content\/uploads\/2023\/04\/szombat4.jpg 1296w, https:\/\/munkacs-diocese.org\/hu\/wp-content\/uploads\/2023\/04\/szombat4-300x200.jpg 300w, https:\/\/munkacs-diocese.org\/hu\/wp-content\/uploads\/2023\/04\/szombat4-1024x683.jpg 1024w, https:\/\/munkacs-diocese.org\/hu\/wp-content\/uploads\/2023\/04\/szombat4-768x512.jpg 768w, https:\/\/munkacs-diocese.org\/hu\/wp-content\/uploads\/2023\/04\/szombat4-1080x720.jpg 1080w\" sizes=\"(max-width: 1296px) 100vw, 1296px\" \/><\/a>\n\t\t\t<\/dt><\/dl><dl class='gallery-item'>\n\t\t\t<dt class='gallery-icon landscape'>\n\t\t\t\t<a href='https:\/\/munkacs-diocese.org\/hu\/2023\/04\/17\/ti-is-krisztus-jegyese-az-egyhaz-jelekent-orvendjetek-mindig-szuzek-szentelese-a-munkacsi-egyhazmegyeben\/szombat5\/'><img loading=\"lazy\" decoding=\"async\" width=\"1296\" height=\"864\" src=\"https:\/\/munkacs-diocese.org\/hu\/wp-content\/uploads\/2023\/04\/szombat5.jpg\" class=\"attachment-full size-full\" alt=\"\" srcset=\"https:\/\/munkacs-diocese.org\/hu\/wp-content\/uploads\/2023\/04\/szombat5.jpg 1296w, https:\/\/munkacs-diocese.org\/hu\/wp-content\/uploads\/2023\/04\/szombat5-300x200.jpg 300w, https:\/\/munkacs-diocese.org\/hu\/wp-content\/uploads\/2023\/04\/szombat5-1024x683.jpg 1024w, https:\/\/munkacs-diocese.org\/hu\/wp-content\/uploads\/2023\/04\/szombat5-768x512.jpg 768w, https:\/\/munkacs-diocese.org\/hu\/wp-content\/uploads\/2023\/04\/szombat5-1080x720.jpg 1080w\" sizes=\"(max-width: 1296px) 100vw, 1296px\" \/><\/a>\n\t\t\t<\/dt><\/dl><dl class='gallery-item'>\n\t\t\t<dt class='gallery-icon landscape'>\n\t\t\t\t<a href='https:\/\/munkacs-diocese.org\/hu\/2023\/04\/17\/ti-is-krisztus-jegyese-az-egyhaz-jelekent-orvendjetek-mindig-szuzek-szentelese-a-munkacsi-egyhazmegyeben\/szombat6\/'><img loading=\"lazy\" decoding=\"async\" width=\"1296\" height=\"864\" src=\"https:\/\/munkacs-diocese.org\/hu\/wp-content\/uploads\/2023\/04\/szombat6.jpg\" class=\"attachment-full size-full\" alt=\"\" srcset=\"https:\/\/munkacs-diocese.org\/hu\/wp-content\/uploads\/2023\/04\/szombat6.jpg 1296w, https:\/\/munkacs-diocese.org\/hu\/wp-content\/uploads\/2023\/04\/szombat6-300x200.jpg 300w, https:\/\/munkacs-diocese.org\/hu\/wp-content\/uploads\/2023\/04\/szombat6-1024x683.jpg 1024w, https:\/\/munkacs-diocese.org\/hu\/wp-content\/uploads\/2023\/04\/szombat6-768x512.jpg 768w, https:\/\/munkacs-diocese.org\/hu\/wp-content\/uploads\/2023\/04\/szombat6-1080x720.jpg 1080w\" sizes=\"(max-width: 1296px) 100vw, 1296px\" \/><\/a>\n\t\t\t<\/dt><\/dl><br style=\"clear: both\" \/>\n\t\t<\/div>\n\n<p style=\"text-align: justify;\">A mise v\u00e9g\u00e9n mindh\u00e1rom felszentelt sz\u0171z nev\u00e9ben Kinga k\u00f6sz\u00f6netet mondott Mikl\u00f3s p\u00fcsp\u00f6knek, aki elfogadta felaj\u00e1nl\u00e1sukat, valamint Antal p\u00fcsp\u00f6knek, \u00e9s a t\u00f6bbi papnak, akik t\u00e1mogatt\u00e1k \u0151ket az \u00fatjukon.<\/p>\n<p style=\"text-align: justify;\">A szentmise ut\u00e1n m\u00e1r k\u00f6tetlen m\u00f3don folytat\u00f3dott az \u00fcnnepl\u00e9s. A sz\u00e9kesegyh\u00e1z k\u00f6z\u00f6ss\u00e9ge a templom kertj\u00e9ben agap\u00e9val kedveskedett az \u00fcnnepi szentmis\u00e9n r\u00e9szt vett h\u00edveknek, a papok, szerzetesek, a fogadalmat tett \u00fcnnepeltek vend\u00e9gei pedig k\u00f6z\u00f6s \u00e1ll\u00f3 fogad\u00e1son vettek r\u00e9szt a Szent Istv\u00e1n L\u00edceum eb\u00e9dl\u0151j\u00e9ben.<\/p>\n<p><iframe loading=\"lazy\" title=\"\u041e\u0431\u0440\u044f\u0434 \u043a\u043e\u043d\u0441\u0435\u043a\u0440\u0430\u0446\u0456\u0457 \u0434\u043e \u0427\u0438\u043d\u0443 \u0431\u043e\u0433\u043e\u043f\u043e\u0441\u0432\u044f\u0447\u0435\u043d\u043e\u0433\u043e \u0434\u0456\u0432\u043e\u0446\u0442\u0432\u0430\" width=\"1080\" height=\"608\" src=\"https:\/\/www.youtube.com\/embed\/UiYqTt41zl0?feature=oembed\" frameborder=\"0\" allow=\"accelerometer; autoplay; clipboard-write; encrypted-media; gyroscope; picture-in-picture; web-share\" allowfullscreen><\/iframe><\/p>\n<p style=\"text-align: right;\">Sz\u00f6veg: Moln\u00e1r M. Katalin<\/p>\n<p style=\"text-align: right;\">F\u00e9nyk\u00e9pek: Reshetar Tetjana, Moln\u00e1r M. Katalin<\/p>\n<p style=\"text-align: right;\">Kisfilm: Weiss Vikt\u00f3ria<\/p>\n","protected":false},"excerpt":{"rendered":"<p>2023. \u00e1prilis 15-\u00e9n \u00fcnnepl\u0151 h\u00edvek sokas\u00e1ga t\u00f6lt\u00f6tte meg a munk\u00e1csi sz\u00e9kesegyh\u00e1zat, ahol el\u0151sz\u00f6r ker\u00fclt sor sz\u00fczek szentel\u00e9si szertart\u00e1s\u00e1ra. Az ebb\u0151l az alkalomb\u00f3l tartott \u00fcnnepi szentmise f\u0151celebr\u00e1nsa Lucsok Mikl\u00f3s OP p\u00fcsp\u00f6k, az egyh\u00e1zmegye apostoli korm\u00e1nyz\u00f3ja volt. Vele egy\u00fctt koncelebr\u00e1lt Majnek Antal OFM, az egyh\u00e1zmegye nyugalmazott p\u00fcsp\u00f6ke, valamint sz\u00e1mos pap \u00e9s szerzetes. Az \u00fcnnepi szentmis\u00e9n jelen voltak [&hellip;]<\/p>\n","protected":false},"author":4,"featured_media":10377,"comment_status":"open","ping_status":"open","sticky":false,"template":"","format":"standard","meta":{"_acf_changed":false,"_et_pb_use_builder":"","_et_pb_old_content":"","_et_gb_content_width":"","footnotes":""},"categories":[10,59],"tags":[],"class_list":["post-10376","post","type-post","status-publish","format-standard","has-post-thumbnail","hentry","category-aktualis-hirek","category-egyhazmegyenk-hirei","et-has-post-format-content","et_post_format-et-post-format-standard"],"acf":[],"_links":{"self":[{"href":"https:\/\/munkacs-diocese.org\/hu\/wp-json\/wp\/v2\/posts\/10376"}],"collection":[{"href":"https:\/\/munkacs-diocese.org\/hu\/wp-json\/wp\/v2\/posts"}],"about":[{"href":"https:\/\/munkacs-diocese.org\/hu\/wp-json\/wp\/v2\/types\/post"}],"author":[{"embeddable":true,"href":"https:\/\/munkacs-diocese.org\/hu\/wp-json\/wp\/v2\/users\/4"}],"replies":[{"embeddable":true,"href":"https:\/\/munkacs-diocese.org\/hu\/wp-json\/wp\/v2\/comments?post=10376"}],"version-history":[{"count":2,"href":"https:\/\/munkacs-diocese.org\/hu\/wp-json\/wp\/v2\/posts\/10376\/revisions"}],"predecessor-version":[{"id":10394,"href":"https:\/\/munkacs-diocese.org\/hu\/wp-json\/wp\/v2\/posts\/10376\/revisions\/10394"}],"wp:featuredmedia":[{"embeddable":true,"href":"https:\/\/munkacs-diocese.org\/hu\/wp-json\/wp\/v2\/media\/10377"}],"wp:attachment":[{"href":"https:\/\/munkacs-diocese.org\/hu\/wp-json\/wp\/v2\/media?parent=10376"}],"wp:term":[{"taxonomy":"category","embeddable":true,"href":"https:\/\/munkacs-diocese.org\/hu\/wp-json\/wp\/v2\/categories?post=10376"},{"taxonomy":"post_tag","embeddable":true,"href":"https:\/\/munkacs-diocese.org\/hu\/wp-json\/wp\/v2\/tags?post=10376"}],"curies":[{"name":"wp","href":"https:\/\/api.w.org\/{rel}","templated":true}]}}