{"id":10300,"date":"2023-04-06T16:00:37","date_gmt":"2023-04-06T14:00:37","guid":{"rendered":"https:\/\/munkacs-diocese.org\/hu\/?p=10300"},"modified":"2023-04-06T16:18:01","modified_gmt":"2023-04-06T14:18:01","slug":"lucsok-p-miklos-op-a-munkacsi-egyhazmegye-apostoli-kormanyzojanak-husveti-uzenete-jezus-krisztus-maga-a-beke","status":"publish","type":"post","link":"https:\/\/munkacs-diocese.org\/hu\/2023\/04\/06\/lucsok-p-miklos-op-a-munkacsi-egyhazmegye-apostoli-kormanyzojanak-husveti-uzenete-jezus-krisztus-maga-a-beke\/","title":{"rendered":"Lucsok P. Mikl\u00f3s OP, a Munk\u00e1csi Egyh\u00e1zmegye apostoli korm\u00e1nyz\u00f3j\u00e1nak h\u00fasv\u00e9ti \u00fczenete &#8211; J\u00e9zus Krisztus maga a b\u00e9ke"},"content":{"rendered":"<div id=\"fb-root\"><\/div>\n<p style=\"text-align: center;\"><strong>J\u00e9zus Krisztus maga a b\u00e9ke<\/strong><\/p>\n<p style=\"text-align: justify;\"><em>\u201eB\u00e9kess\u00e9get hagyok r\u00e1tok. Az \u00e9n b\u00e9k\u00e9met adom nektek. Nem \u00fagy adom nektek, ahogy a vil\u00e1g adja. Ne nyugtalankodj\u00e9k a sz\u00edvetek, s ne cs\u00fcggedjen.\u201d (Jn 14,27)<\/em><\/p>\n<p style=\"text-align: justify;\">J\u00e9zus ezeket a szavakat akkor mondja tan\u00edtv\u00e1nyainak, miel\u0151tt egyik\u00fck fegyvereseket hozna ellene, hogy elfogj\u00e1k, \u00e9s b\u00edr\u00f3s\u00e1g el\u00e9 \u00e1ll\u00edts\u00e1k \u0150t. B\u00edr\u00f3s\u00e1g el\u00e9, mert hamis tan\u00fakat hoznak ellene, hogy olyan b\u0171n\u00f6kkel v\u00e1dolj\u00e1k, amelyeket nem k\u00f6vetett el, \u00e9s hal\u00e1lra adj\u00e1k Azt, Aki csak j\u00f3t teremtett.<\/p>\n<p style=\"text-align: justify;\"><em>\u201eB\u00e9kess\u00e9get hagyok r\u00e1tok. Az \u00e9n b\u00e9k\u00e9met adom nektek. Nem \u00fagy adom nektek, ahogy a vil\u00e1g adja.\u201d<\/em><\/p>\n<p style=\"text-align: justify;\"><em>\u00a0<\/em>Milyen b\u00e9k\u00e9t adott J\u00e9zus a tan\u00edtv\u00e1nyainak? Az \u0150 b\u00e9k\u00e9j\u00e9t, melyet a sz\u00edv\u00e9ben hordozott, \u00e9s amely mindig benne volt, amikor azokkal kommunik\u00e1lt, akikkel tal\u00e1lkozott: ak\u00e1r j\u00f3kkal, ak\u00e1r rosszakkal. \u0150 mindig is ennek a b\u00e9k\u00e9nek a hordoz\u00f3ja volt. K\u00f6vetn\u00fcnk kell J\u00e9zus minden tan\u00edt\u00e1s\u00e1t, viselked\u00e9s\u00e9t, az emberekhez \u00e9s az esem\u00e9nyekhez val\u00f3 hozz\u00e1\u00e1ll\u00e1s\u00e1t, hogy tiszt\u00e1n felismerj\u00fck ezt, \u00e9s \u00e1tj\u00e1rjon benn\u00fcnket ennek a val\u00f3s\u00e1ga. Olyan val\u00f3s\u00e1g ez, mely k\u00fcl\u00f6nb\u00f6zik sz\u00e1mos m\u00e1s b\u00e9ketervt\u0151l: \u201e<em>Nem \u00fagy adom nektek, ahogy a vil\u00e1g adja.\u201d<\/em> J\u00e9zus b\u00e9k\u00e9ben van \u00e9s b\u00e9k\u00e9t hordoz \u2013 \u0150 maga a b\u00e9ke! L\u00e1tjuk, hogy J\u00e9zus mindent b\u00e9k\u00e9ben \u00e9l meg, m\u00e9g akkor is, amikor azokkal besz\u00e9l, akik el\u00e1rult\u00e1k, el\u00edt\u00e9lt\u00e9k, hal\u00e1lra adt\u00e1k, megvert\u00e9k, megal\u00e1zt\u00e1k \u00e9s keresztre fesz\u00edtett\u00e9k.<\/p>\n<p style=\"text-align: justify;\">J\u00e9zus azoknak adta \u00e1t ezt a b\u00e9k\u00e9t, akik nyitottak voltak \u0150r\u00e1, akik elfogadt\u00e1k \u0150t; \u00e1tadta tan\u00edtv\u00e1nyainak, \u00e9s egyben hatalmat \u00e9s k\u00fcldet\u00e9st is adott nekik, hogy az \u0150 b\u00e9k\u00e9j\u00e9t m\u00e1soknak is elvigy\u00e9k. Ennek a b\u00e9k\u00e9nek a forr\u00e1sa a vil\u00e1g Teremt\u0151j\u00e9vel, a Mennyei Aty\u00e1val val\u00f3 kapcsolat. Ebben a kapcsolatban Krisztus megtapasztalta az Atya gondoskod\u00e1s\u00e1t \u00e9s szeretet\u00e9t. Hasonl\u00f3k\u00e9ppen mindazok, akik elfogadj\u00e1k J\u00e9zust \u00e9let\u00fck Ur\u00e1nak, \u00e9s r\u00e1b\u00edzz\u00e1k \u00e9let\u00fcket, szint\u00e9n megtapasztalj\u00e1k ezt az er\u0151t, szeretetet, gondoskod\u00e1st \u00e9s b\u00e9k\u00e9t, ami az Aty\u00e1val val\u00f3 kapcsolat gy\u00fcm\u00f6lcse.<\/p>\n<p style=\"text-align: justify;\">Amikor pedig Krisztus felt\u00e1madt, ennek a b\u00e9k\u00e9nek \u00fajabb forr\u00e1sa lett \u2013 az \u0150 hal\u00e1l felett aratott gy\u0151zelme! A Mennyek Orsz\u00e1g\u00e1nak kapui most mindenki el\u0151tt nyitva \u00e1llnak! Egy olyan Orsz\u00e1gnak a kapui, melynek minden lak\u00f3ja k\u00f6z\u00f6tt b\u00e9ke uralkodik! Itt a f\u00f6ld\u00f6n mindannyian ilyen b\u00e9k\u00e9re v\u00e1gyunk, k\u00fcl\u00f6n\u00f6sen most, amikor annyi f\u00e1jdalmat \u00e9l\u00fcnk \u00e1t a h\u00e1bor\u00fa borzalmai \u00e9s az azzal kapcsolatos vesztes\u00e9geink miatt.<\/p>\n<p style=\"text-align: justify;\"><em>\u201eNe nyugtalankodj\u00e9k a sz\u00edvetek, s ne cs\u00fcggedjen!\u201d<\/em><\/p>\n<p style=\"text-align: justify;\"><em>\u00a0<\/em>Sz\u00edv\u00fcnk aggodalmai \u00e9s f\u00e9lelmei azt mutatj\u00e1k, hogy m\u00e9g nem fogadtuk el Krisztus b\u00e9k\u00e9j\u00e9t! Mert a h\u00e1bor\u00fa kell\u0151s k\u00f6zep\u00e9n is lehet\u00fcnk a b\u00e9ke emberei! Ez k\u00fcl\u00f6n\u00f6sen is vonatkozik r\u00e1nk, akik hisz\u00fcnk Krisztus felt\u00e1mad\u00e1s\u00e1ban, hissz\u00fck \u00e9s tapasztaljuk az \u0150 gy\u0151zelm\u00e9t, erej\u00e9t \u00e9s \u00fatmutat\u00e1s\u00e1t mindennapi \u00e9let\u00fcnkben.<\/p>\n<p style=\"text-align: justify;\">Krisztusban szeretett testv\u00e9reim! A mi k\u00fcldet\u00e9s\u00fcnk az, hogy Krisztus b\u00e9k\u00e9j\u00e9nek hordoz\u00f3i legy\u00fcnk! Val\u00f3ban az vagy? B\u00e9kess\u00e9g van a sz\u00edvedben? Vagy tal\u00e1n aggodalmak \u00e9s f\u00e9lelmek szorongatnak? Ne f\u00e9lj beismerni a f\u00e9lelmeidet, ink\u00e1bb att\u00f3l f\u00e9lj, nehogy benn\u00fck maradj! Menj el aggodalmaiddal Krisztushoz, keress Vele szoros kapcsolatot, fogadd el az \u0150 megszabad\u00edt\u00f3 erej\u00e9t, \u00e9s t\u00f6lts\u00f6n el az \u0150 b\u00e9k\u00e9je! Mert az a b\u00e9ke, amit J\u00e9zus adott, mindannyiunkhoz k\u00f6zel van, ha \u0150r\u00e1 b\u00edzzuk az \u00e9let\u00fcnket!<\/p>\n<p style=\"text-align: justify;\">Legyen a h\u00fasv\u00e9ti \u00fcnnepek ragyog\u00f3an f\u00e9nyes id\u0151szaka alkalom arra, hogy Krisztus gy\u0151zedelmes erej\u00e9vel t\u00f6ltekezz\u00fcnk, \u00e9s a b\u00e9ke emberei legy\u00fcnk, m\u00e9g a h\u00e1bor\u00fa k\u00f6zepette is!<\/p>\n<p style=\"text-align: justify;\">Krisztus felt\u00e1madt!<\/p>\n<p style=\"text-align: justify;\">\u00a0 \u00a0 \u00a0 \u00a0 \u00a0 \u00a0 \u00a0 \u00a0 \u00a0 \u00a0 \u00a0 \u00a0 \u00a0 \u00a0 \u00a0 \u00a0 \u00a0 \u00a0 \u00a0 \u00a0 \u00a0 \u00a0 \u00a0 \u00a0 \u00a0 \u00a0 \u00a0 \u00a0 \u00a0+ Lucsok Mikl\u00f3s p\u00fcsp\u00f6k<\/p>\n","protected":false},"excerpt":{"rendered":"<p>J\u00e9zus Krisztus maga a b\u00e9ke \u201eB\u00e9kess\u00e9get hagyok r\u00e1tok. Az \u00e9n b\u00e9k\u00e9met adom nektek. Nem \u00fagy adom nektek, ahogy a vil\u00e1g adja. Ne nyugtalankodj\u00e9k a sz\u00edvetek, s ne cs\u00fcggedjen.\u201d (Jn 14,27) J\u00e9zus ezeket a szavakat akkor mondja tan\u00edtv\u00e1nyainak, miel\u0151tt egyik\u00fck fegyvereseket hozna ellene, hogy elfogj\u00e1k, \u00e9s b\u00edr\u00f3s\u00e1g el\u00e9 \u00e1ll\u00edts\u00e1k \u0150t. B\u00edr\u00f3s\u00e1g el\u00e9, mert hamis tan\u00fakat hoznak [&hellip;]<\/p>\n","protected":false},"author":4,"featured_media":10303,"comment_status":"open","ping_status":"open","sticky":false,"template":"","format":"standard","meta":{"_acf_changed":false,"_et_pb_use_builder":"","_et_pb_old_content":"","_et_gb_content_width":"","footnotes":""},"categories":[10,59],"tags":[],"class_list":["post-10300","post","type-post","status-publish","format-standard","has-post-thumbnail","hentry","category-aktualis-hirek","category-egyhazmegyenk-hirei","et-has-post-format-content","et_post_format-et-post-format-standard"],"acf":[],"_links":{"self":[{"href":"https:\/\/munkacs-diocese.org\/hu\/wp-json\/wp\/v2\/posts\/10300"}],"collection":[{"href":"https:\/\/munkacs-diocese.org\/hu\/wp-json\/wp\/v2\/posts"}],"about":[{"href":"https:\/\/munkacs-diocese.org\/hu\/wp-json\/wp\/v2\/types\/post"}],"author":[{"embeddable":true,"href":"https:\/\/munkacs-diocese.org\/hu\/wp-json\/wp\/v2\/users\/4"}],"replies":[{"embeddable":true,"href":"https:\/\/munkacs-diocese.org\/hu\/wp-json\/wp\/v2\/comments?post=10300"}],"version-history":[{"count":2,"href":"https:\/\/munkacs-diocese.org\/hu\/wp-json\/wp\/v2\/posts\/10300\/revisions"}],"predecessor-version":[{"id":10304,"href":"https:\/\/munkacs-diocese.org\/hu\/wp-json\/wp\/v2\/posts\/10300\/revisions\/10304"}],"wp:featuredmedia":[{"embeddable":true,"href":"https:\/\/munkacs-diocese.org\/hu\/wp-json\/wp\/v2\/media\/10303"}],"wp:attachment":[{"href":"https:\/\/munkacs-diocese.org\/hu\/wp-json\/wp\/v2\/media?parent=10300"}],"wp:term":[{"taxonomy":"category","embeddable":true,"href":"https:\/\/munkacs-diocese.org\/hu\/wp-json\/wp\/v2\/categories?post=10300"},{"taxonomy":"post_tag","embeddable":true,"href":"https:\/\/munkacs-diocese.org\/hu\/wp-json\/wp\/v2\/tags?post=10300"}],"curies":[{"name":"wp","href":"https:\/\/api.w.org\/{rel}","templated":true}]}}