{"id":10291,"date":"2023-04-05T17:28:33","date_gmt":"2023-04-05T15:28:33","guid":{"rendered":"https:\/\/munkacs-diocese.org\/hu\/?p=10291"},"modified":"2023-04-06T11:41:05","modified_gmt":"2023-04-06T09:41:05","slug":"krizmaszentelesi-mise-a-mukacsi-szekesegyhazban","status":"publish","type":"post","link":"https:\/\/munkacs-diocese.org\/hu\/2023\/04\/05\/krizmaszentelesi-mise-a-mukacsi-szekesegyhazban\/","title":{"rendered":"KRIZMASZENTEL\u00c9SI MISE A MUK\u00c1CSI SZ\u00c9KESEGYH\u00c1ZBAN"},"content":{"rendered":"<div id=\"fb-root\"><\/div>\n<p style=\"text-align: justify;\"><strong>\u00c1prilis 5-\u00e9n, nagyszerd\u00e1n a munk\u00e1csi sz\u00e9kesegyh\u00e1z udvar\u00e1t \u00fcnnepi feh\u00e9r miseruh\u00e1ba \u00f6lt\u00f6z\u00f6tt papok<\/strong><strong> sokas\u00e1ga t\u00f6lt\u00f6tte meg. <\/strong><strong>Egyh\u00e1zmegy\u00e9<\/strong><strong>nkben <\/strong><strong>ma volt az krizmaszentel\u00e9si mise, amelyet <\/strong><strong>Lucsok P. Mikl\u00f3s OP p\u00fcsp\u00f6k, apostoli korm\u00e1nyz\u00f3 vezetett.<\/strong><\/p>\n<p style=\"text-align: justify;\">Ezt a szentmis\u00e9t minden \u00e9vben az egyh\u00e1zmegye f\u0151p\u00e1sztora papjaival egy\u00fctt mutatja be a sz\u00e9kesegyh\u00e1zban, amelynek keret\u00e9ben meg\u00e1ldja az olajokat, \u00e9s a paps\u00e1g \u00fcnnep\u00e9lyesen meg\u00faj\u00edtja papi \u00edg\u00e9reteit.<\/p>\n<p style=\"text-align: justify;\">Az \u00fcnnepi szentmis\u00e9n koncelebr\u00e1lt Majnek Antal OFM nyugalmazott p\u00fcsp\u00f6k, az egyh\u00e1zmegye esperesei, pl\u00e9b\u00e1nosai, \u00e9s r\u00e9szt vettek szerzetesek, szerzetesn\u0151k, k\u00f6z\u00f6ss\u00e9gek \u00e9s mozgalmak k\u00e9pvisel\u0151i, valamint a k\u00fcl\u00f6nb\u00f6z\u0151 pl\u00e9b\u00e1ni\u00e1kr\u00f3l \u00e9rkez\u0151 h\u00edvek.<\/p>\n<p style=\"text-align: justify;\">Mikl\u00f3s p\u00fcsp\u00f6k pr\u00e9dik\u00e1ci\u00f3j\u00e1ban figyelm\u00fcnket el\u0151sz\u00f6r arra a \u201efelken\u00e9s\u201d-re ir\u00e1ny\u00edtotta, amikor Isten gyermekei lett\u00fcnk. \u201eA kereszts\u00e9g szents\u00e9g\u00e9ben mindannyiunkat megkentek a szent olajjal. R\u00e9szesedt\u00fcnk Isten kegyelm\u00e9ben, erej\u00e9ben, betelt\u00fcnk a Szentl\u00e9lekkel. A kir\u00e1ly gyermekei lett\u00fcnk. Ezzel a \u201efelken\u00e9s\u201d-sel minden kereszt\u00e9ny Isten gyermek\u00e9v\u00e9 v\u00e1lik &#8211; ez olyan nagy m\u00e9lt\u00f3s\u00e1g, amelyet ritk\u00e1n tapasztalunk. Az Univerzum Kir\u00e1ly\u00e1nak gyermekei vagyunk, aki megteremtette ezt a vil\u00e1got, \u00e9s r\u00e1nk b\u00edzta, hogy annak j\u00f3 gondnokai legy\u00fcnk. Arra vagyunk hivatva, hogy pr\u00f3f\u00e9t\u00e1k legy\u00fcnk, hogy elmondjuk az igazs\u00e1got: Isten a Szeretet. J\u00e9zus az\u00e9rt j\u00f6tt, hogy megmentsen minket b\u0171neinkt\u0151l \u00e9s \u00f6r\u00f6k \u00e9let\u00fcnk legyen.\u201d<\/p>\n<p style=\"text-align: justify;\">Mikl\u00f3s p\u00fcsp\u00f6k azt is kihangs\u00falyozta, hogy \u201emindannyian megkaptuk az \u00e1ltal\u00e1nos paps\u00e1g m\u00e9lt\u00f3s\u00e1g\u00e1t, ez\u00e1ltal dics\u0151\u00edthetj\u00fck Istent, \u00e9s \u00e1ldozatul aj\u00e1nlhatjuk fel magunkat, ahogyan J\u00e9zus is felaj\u00e1nlotta mag\u00e1t. \u00c9s vannak, akik megh\u00edv\u00e1st kaptak a szolg\u00e1lati paps\u00e1gra.\u201d<\/p>\n<p><img loading=\"lazy\" decoding=\"async\" class=\"size-full wp-image-10296 aligncenter\" src=\"https:\/\/munkacs-diocese.org\/hu\/wp-content\/uploads\/2023\/04\/maimise4.jpg\" alt=\"\" width=\"1037\" height=\"691\" srcset=\"https:\/\/munkacs-diocese.org\/hu\/wp-content\/uploads\/2023\/04\/maimise4.jpg 1037w, https:\/\/munkacs-diocese.org\/hu\/wp-content\/uploads\/2023\/04\/maimise4-300x200.jpg 300w, https:\/\/munkacs-diocese.org\/hu\/wp-content\/uploads\/2023\/04\/maimise4-1024x682.jpg 1024w, https:\/\/munkacs-diocese.org\/hu\/wp-content\/uploads\/2023\/04\/maimise4-768x512.jpg 768w\" sizes=\"(max-width: 1037px) 100vw, 1037px\" \/><\/p>\n<p style=\"text-align: justify;\">Majd kihangs\u00falyozta a Szentl\u00e9lek munk\u00e1j\u00e1t, akir\u0151l J\u00e9zus a felt\u00e1mad\u00e1sa ut\u00e1n besz\u00e9lt, \u00e9s az \u0150 gy\u00fcm\u00f6lcseit, amir\u0151l Izai\u00e1s pr\u00f3f\u00e9ta szavait id\u00e9zve az evang\u00e9lium el\u0151tti versben is hallottunk: \u201eAz \u00dar Lelke van rajtam, az\u00e9rt kent fel engem, hogy \u00f6r\u00f6mh\u00edrt vigyek a szeg\u00e9nyeknek. Elk\u00fcld\u00f6tt, hogy hirdessem a foglyoknak a szabadul\u00e1st, a vakoknak a l\u00e1t\u00e1st, hogy szabadon bocs\u00e1ssam az elnyomottakat, \u00e9s hirdessem az \u00dar kegyelm\u00e9nek esztendej\u00e9t.\u201d (Lk. 4,18)<\/p>\n<p style=\"text-align: justify;\">Hom\u00edli\u00e1j\u00e1t a p\u00fcsp\u00f6k azzal a b\u00e1tor\u00edt\u00e1ssal z\u00e1rta, hogy im\u00e1dkozzunk a harmadik Isteni szem\u00e9lyhez: \u201eTestv\u00e9reim, a h\u00fasv\u00e9ti szent napokban, amikor belemer\u00fcl\u00fcnk annak a titoknak a m\u00e9lys\u00e9g\u00e9be, ami megt\u00f6rt\u00e9nt, amikor \u00e1t\u00e9lj\u00fck a megv\u00e1lt\u00e1s miszt\u00e9rium\u00e1t, k\u00e9rj\u00fck a Szentlelket, hogy \u00faj\u00edtsa meg benn\u00fcnk azokat a kegyelmeket, amelyeket a megkenet\u00e9ssel kaptunk.\u201d<\/p>\n\n\t\t<style type=\"text\/css\">\n\t\t\t#gallery-1 {\n\t\t\t\tmargin: auto;\n\t\t\t}\n\t\t\t#gallery-1 .gallery-item {\n\t\t\t\tfloat: left;\n\t\t\t\tmargin-top: 10px;\n\t\t\t\ttext-align: center;\n\t\t\t\twidth: 33%;\n\t\t\t}\n\t\t\t#gallery-1 img {\n\t\t\t\tborder: 2px solid #cfcfcf;\n\t\t\t}\n\t\t\t#gallery-1 .gallery-caption {\n\t\t\t\tmargin-left: 0;\n\t\t\t}\n\t\t\t\/* see gallery_shortcode() in wp-includes\/media.php *\/\n\t\t<\/style>\n\t\t<div id='gallery-1' class='gallery galleryid-10291 gallery-columns-3 gallery-size-full'><dl class='gallery-item'>\n\t\t\t<dt class='gallery-icon landscape'>\n\t\t\t\t<a href='https:\/\/munkacs-diocese.org\/hu\/2023\/04\/05\/krizmaszentelesi-mise-a-mukacsi-szekesegyhazban\/maimise1\/'><img loading=\"lazy\" decoding=\"async\" width=\"1037\" height=\"691\" src=\"https:\/\/munkacs-diocese.org\/hu\/wp-content\/uploads\/2023\/04\/maimise1.jpg\" class=\"attachment-full size-full\" alt=\"\" srcset=\"https:\/\/munkacs-diocese.org\/hu\/wp-content\/uploads\/2023\/04\/maimise1.jpg 1037w, https:\/\/munkacs-diocese.org\/hu\/wp-content\/uploads\/2023\/04\/maimise1-300x200.jpg 300w, https:\/\/munkacs-diocese.org\/hu\/wp-content\/uploads\/2023\/04\/maimise1-1024x682.jpg 1024w, https:\/\/munkacs-diocese.org\/hu\/wp-content\/uploads\/2023\/04\/maimise1-768x512.jpg 768w\" sizes=\"(max-width: 1037px) 100vw, 1037px\" \/><\/a>\n\t\t\t<\/dt><\/dl><dl class='gallery-item'>\n\t\t\t<dt class='gallery-icon landscape'>\n\t\t\t\t<a href='https:\/\/munkacs-diocese.org\/hu\/2023\/04\/05\/krizmaszentelesi-mise-a-mukacsi-szekesegyhazban\/maimise3\/'><img loading=\"lazy\" decoding=\"async\" width=\"1037\" height=\"691\" src=\"https:\/\/munkacs-diocese.org\/hu\/wp-content\/uploads\/2023\/04\/maimise3.jpg\" class=\"attachment-full size-full\" alt=\"\" srcset=\"https:\/\/munkacs-diocese.org\/hu\/wp-content\/uploads\/2023\/04\/maimise3.jpg 1037w, https:\/\/munkacs-diocese.org\/hu\/wp-content\/uploads\/2023\/04\/maimise3-300x200.jpg 300w, https:\/\/munkacs-diocese.org\/hu\/wp-content\/uploads\/2023\/04\/maimise3-1024x682.jpg 1024w, https:\/\/munkacs-diocese.org\/hu\/wp-content\/uploads\/2023\/04\/maimise3-768x512.jpg 768w\" sizes=\"(max-width: 1037px) 100vw, 1037px\" \/><\/a>\n\t\t\t<\/dt><\/dl><dl class='gallery-item'>\n\t\t\t<dt class='gallery-icon landscape'>\n\t\t\t\t<a href='https:\/\/munkacs-diocese.org\/hu\/2023\/04\/05\/krizmaszentelesi-mise-a-mukacsi-szekesegyhazban\/maimise2\/'><img loading=\"lazy\" decoding=\"async\" width=\"1037\" height=\"691\" src=\"https:\/\/munkacs-diocese.org\/hu\/wp-content\/uploads\/2023\/04\/maimise2.jpg\" class=\"attachment-full size-full\" alt=\"\" srcset=\"https:\/\/munkacs-diocese.org\/hu\/wp-content\/uploads\/2023\/04\/maimise2.jpg 1037w, https:\/\/munkacs-diocese.org\/hu\/wp-content\/uploads\/2023\/04\/maimise2-300x200.jpg 300w, https:\/\/munkacs-diocese.org\/hu\/wp-content\/uploads\/2023\/04\/maimise2-1024x682.jpg 1024w, https:\/\/munkacs-diocese.org\/hu\/wp-content\/uploads\/2023\/04\/maimise2-768x512.jpg 768w\" sizes=\"(max-width: 1037px) 100vw, 1037px\" \/><\/a>\n\t\t\t<\/dt><\/dl><br style=\"clear: both\" \/>\n\t\t<\/div>\n\n<p style=\"text-align: justify;\">A hom\u00edlia elhangz\u00e1sa ut\u00e1n a diak\u00f3nusok behozt\u00e1k azt a h\u00e1rom ed\u00e9nyt, amelyben a szentel\u00e9sre el\u0151k\u00e9sz\u00edtett szent krizm\u00e1hoz val\u00f3 olaj, a betegek olaja \u00e9s a keresztelend\u0151k olaja volt. Ezt k\u00f6vet\u0151en a paps\u00e1g meg\u00faj\u00edtotta fogadalm\u00e1t, \u00e9s megszentelt\u00e9k az olajokat, amelyeket a papok eg\u00e9sz \u00e9vben haszn\u00e1lni fognak.<\/p>\n<p><img loading=\"lazy\" decoding=\"async\" class=\"size-full wp-image-10297 aligncenter\" src=\"https:\/\/munkacs-diocese.org\/hu\/wp-content\/uploads\/2023\/04\/maimise5.jpg\" alt=\"\" width=\"1037\" height=\"691\" srcset=\"https:\/\/munkacs-diocese.org\/hu\/wp-content\/uploads\/2023\/04\/maimise5.jpg 1037w, https:\/\/munkacs-diocese.org\/hu\/wp-content\/uploads\/2023\/04\/maimise5-300x200.jpg 300w, https:\/\/munkacs-diocese.org\/hu\/wp-content\/uploads\/2023\/04\/maimise5-1024x682.jpg 1024w, https:\/\/munkacs-diocese.org\/hu\/wp-content\/uploads\/2023\/04\/maimise5-768x512.jpg 768w\" sizes=\"(max-width: 1037px) 100vw, 1037px\" \/><\/p>\n<p>&nbsp;<\/p>\n<p>Az \u00fcnnepi szentmise r\u00f6vid k\u00e9pes \u00f6sszefogalal\u00f3ja a Verit\u00e1son visszan\u00e9zhet\u0151:<\/p>\n<p><iframe loading=\"lazy\" title=\"\u041c\u0435\u0441\u0430 \u041c\u0438\u0440\u0430 \u0442\u0430 \u0432\u0456\u0434\u043d\u043e\u0432\u043b\u0435\u043d\u043d\u044f \u0441\u0432\u044f\u0449\u0435\u043d\u043d\u0438\u0446\u044c\u043a\u0438\u0445 \u043e\u0431\u0456\u0442\u043d\u0438\u0446\u044c\" width=\"1080\" height=\"608\" src=\"https:\/\/www.youtube.com\/embed\/oWbRZTmtE0E?feature=oembed\" frameborder=\"0\" allow=\"accelerometer; autoplay; clipboard-write; encrypted-media; gyroscope; picture-in-picture; web-share\" allowfullscreen><\/iframe><\/p>\n","protected":false},"excerpt":{"rendered":"<p>\u00c1prilis 5-\u00e9n, nagyszerd\u00e1n a munk\u00e1csi sz\u00e9kesegyh\u00e1z udvar\u00e1t \u00fcnnepi feh\u00e9r miseruh\u00e1ba \u00f6lt\u00f6z\u00f6tt papok sokas\u00e1ga t\u00f6lt\u00f6tte meg. Egyh\u00e1zmegy\u00e9nkben ma volt az krizmaszentel\u00e9si mise, amelyet Lucsok P. Mikl\u00f3s OP p\u00fcsp\u00f6k, apostoli korm\u00e1nyz\u00f3 vezetett. Ezt a szentmis\u00e9t minden \u00e9vben az egyh\u00e1zmegye f\u0151p\u00e1sztora papjaival egy\u00fctt mutatja be a sz\u00e9kesegyh\u00e1zban, amelynek keret\u00e9ben meg\u00e1ldja az olajokat, \u00e9s a paps\u00e1g \u00fcnnep\u00e9lyesen meg\u00faj\u00edtja papi [&hellip;]<\/p>\n","protected":false},"author":4,"featured_media":10298,"comment_status":"open","ping_status":"open","sticky":false,"template":"","format":"standard","meta":{"_acf_changed":false,"_et_pb_use_builder":"","_et_pb_old_content":"","_et_gb_content_width":"","footnotes":""},"categories":[10,59],"tags":[],"class_list":["post-10291","post","type-post","status-publish","format-standard","has-post-thumbnail","hentry","category-aktualis-hirek","category-egyhazmegyenk-hirei","et-has-post-format-content","et_post_format-et-post-format-standard"],"acf":[],"_links":{"self":[{"href":"https:\/\/munkacs-diocese.org\/hu\/wp-json\/wp\/v2\/posts\/10291"}],"collection":[{"href":"https:\/\/munkacs-diocese.org\/hu\/wp-json\/wp\/v2\/posts"}],"about":[{"href":"https:\/\/munkacs-diocese.org\/hu\/wp-json\/wp\/v2\/types\/post"}],"author":[{"embeddable":true,"href":"https:\/\/munkacs-diocese.org\/hu\/wp-json\/wp\/v2\/users\/4"}],"replies":[{"embeddable":true,"href":"https:\/\/munkacs-diocese.org\/hu\/wp-json\/wp\/v2\/comments?post=10291"}],"version-history":[{"count":2,"href":"https:\/\/munkacs-diocese.org\/hu\/wp-json\/wp\/v2\/posts\/10291\/revisions"}],"predecessor-version":[{"id":10314,"href":"https:\/\/munkacs-diocese.org\/hu\/wp-json\/wp\/v2\/posts\/10291\/revisions\/10314"}],"wp:featuredmedia":[{"embeddable":true,"href":"https:\/\/munkacs-diocese.org\/hu\/wp-json\/wp\/v2\/media\/10298"}],"wp:attachment":[{"href":"https:\/\/munkacs-diocese.org\/hu\/wp-json\/wp\/v2\/media?parent=10291"}],"wp:term":[{"taxonomy":"category","embeddable":true,"href":"https:\/\/munkacs-diocese.org\/hu\/wp-json\/wp\/v2\/categories?post=10291"},{"taxonomy":"post_tag","embeddable":true,"href":"https:\/\/munkacs-diocese.org\/hu\/wp-json\/wp\/v2\/tags?post=10291"}],"curies":[{"name":"wp","href":"https:\/\/api.w.org\/{rel}","templated":true}]}}