{"id":10240,"date":"2023-03-28T15:01:45","date_gmt":"2023-03-28T13:01:45","guid":{"rendered":"https:\/\/munkacs-diocese.org\/hu\/?p=10240"},"modified":"2023-03-28T16:26:23","modified_gmt":"2023-03-28T14:26:23","slug":"nagyot-tett-velem-o-aki-hatalmas-beres-istvan-diakonusszentelese-a-munkacsi-szekesegyhazban","status":"publish","type":"post","link":"https:\/\/munkacs-diocese.org\/hu\/2023\/03\/28\/nagyot-tett-velem-o-aki-hatalmas-beres-istvan-diakonusszentelese-a-munkacsi-szekesegyhazban\/","title":{"rendered":"\u201eNagyot tett velem \u0151, aki hatalmas.\u201d &#8211; B\u00e9res Istv\u00e1n diak\u00f3nusszentel\u00e9se a Munk\u00e1csi Sz\u00e9kesegyh\u00e1zban"},"content":{"rendered":"<div id=\"fb-root\"><\/div>\n<p style=\"text-align: justify;\">2023. m\u00e1rcius 25-\u00e9n \u00fcnnepi napra virradt a Munk\u00e1csi Egyh\u00e1zmegye. J\u00e9zus sz\u00fclet\u00e9se h\u00edr\u00fclad\u00e1s\u00e1nak f\u0151\u00fcnnep\u00e9n, Gy\u00fcm\u00f6lcsolt\u00f3 Boldogasszony napj\u00e1n sokan indultak \u00fatnak Munk\u00e1cs fel\u00e9, hogy a sz\u00e9kesegyh\u00e1zban r\u00e9szt vegyenek a diak\u00f3nusszentel\u00e9sen, im\u00e1dkozzanak egy\u00fctt a jel\u00f6lttel \u00e9s osztozzanak vele \u00f6r\u00f6m\u00e9ben.<\/p>\n<p style=\"text-align: justify;\">Az \u00fcnnepi szentmise keret\u00e9ben Lucsok P. Mikl\u00f3s OP apostoli korm\u00e1nyz\u00f3 \u00e1lland\u00f3 diak\u00f3nuss\u00e1 szentelte B\u00e9res Istv\u00e1nt. Istv\u00e1n Aklihegyen lakik csal\u00e1dj\u00e1val, tan\u00e1rk\u00e9nt dolgozik az Aklihegyi Oktat\u00e1si &#8211; Nevel\u00e9si K\u00f6zpontban, amelynek jelenleg igazgat\u00f3helyettesi feladatait is ell\u00e1tja. \u00c9let\u00fatja \u2013 mint mindannyiunk\u00e9 \u2013 \u00f6r\u00f6m\u00f6kkel \u00e9s neh\u00e9zs\u00e9gekkel teli volt, az Isten fel\u00e9 tart\u00f3 \u00faton egyszer csak, ahogyan \u0151 maga fogalmazta meg: \u201eJ\u00e9zus \u00e1t\u00f6lelt\u201d.<\/p>\n<p><img loading=\"lazy\" decoding=\"async\" class=\"size-large wp-image-10247 aligncenter\" src=\"https:\/\/munkacs-diocese.org\/hu\/wp-content\/uploads\/2023\/03\/Beres6-1024x768.jpg\" alt=\"\" width=\"1024\" height=\"768\" srcset=\"https:\/\/munkacs-diocese.org\/hu\/wp-content\/uploads\/2023\/03\/Beres6-1024x768.jpg 1024w, https:\/\/munkacs-diocese.org\/hu\/wp-content\/uploads\/2023\/03\/Beres6-300x225.jpg 300w, https:\/\/munkacs-diocese.org\/hu\/wp-content\/uploads\/2023\/03\/Beres6-768x576.jpg 768w, https:\/\/munkacs-diocese.org\/hu\/wp-content\/uploads\/2023\/03\/Beres6-1536x1152.jpg 1536w, https:\/\/munkacs-diocese.org\/hu\/wp-content\/uploads\/2023\/03\/Beres6-1080x810.jpg 1080w, https:\/\/munkacs-diocese.org\/hu\/wp-content\/uploads\/2023\/03\/Beres6.jpg 2048w\" sizes=\"(max-width: 1024px) 100vw, 1024px\" \/><\/p>\n<p style=\"text-align: justify;\">\u201eUtaz\u00e1s\u00e1nak\u201d \u00fcnnep\u00e9lyes pillanat\u00e1hoz \u00e9rkezett, amikor a felk\u00e9sz\u00fcl\u00e9s id\u0151szaka ut\u00e1n az \u00f6sszegy\u0171ltek jelenl\u00e9t\u00e9ben, Isten kegyelm\u00e9b\u0151l megkapta a szents\u00e9get.<\/p>\n<p style=\"text-align: justify;\">A szentel\u00e9s szertart\u00e1s\u00e1nak els\u0151 r\u00e9sz\u00e9re az evang\u00e9lium ut\u00e1n ker\u00fclt sor. A diak\u00f3nus a k\u00f6vetkez\u0151 szavakkal sz\u00f3l\u00edtotta a szentelend\u0151t: \u201eL\u00e9pjen el\u0151, aki a szerpapp\u00e1 szentel\u00e9sben k\u00edv\u00e1n r\u00e9szes\u00fclni!\u201d<\/p>\n<p style=\"text-align: justify;\">Ezt k\u00f6vet\u0151en B\u00e1n J\u00f3n\u00e1s OFM, nevetlenfalui pl\u00e9b\u00e1nos tan\u00fas\u00edtotta a p\u00fcsp\u00f6k el\u0151tt a jel\u00f6lt felk\u00e9sz\u00fclts\u00e9g\u00e9t \u00e9s alkalmass\u00e1g\u00e1t. \u201eF\u0151tisztelend\u0151 Atya! Az Anyaszentegyh\u00e1z k\u00e9ri, hogy szenteld fel ezt a testv\u00e9r\u00fcnket a felel\u0151ss\u00e9gteljes szerpapi szolg\u00e1latra.\u201d \u00a0\u201eM\u00e9lt\u00f3nak tartod \u0151t?\u201d \u00a0\u201eA kereszt\u00e9ny n\u00e9p megk\u00e9rdez\u00e9se \u00e9s az illet\u00e9kesek v\u00e9lem\u00e9nye alapj\u00e1n tan\u00fas\u00edtom, hogy m\u00e9lt\u00f3nak tal\u00e1ltatott.\u201d \u2013 hangzottak fel a templomban az \u00fcnnep\u00e9lyes szavak.<\/p>\n<p style=\"text-align: justify;\">\u201eAz \u00daristen \u00e9s \u00dcdv\u00f6z\u00edt\u0151nk, J\u00e9zus Krisztus seg\u00edts\u00e9g\u00e9vel kiv\u00e1lasztjuk ezt a testv\u00e9r\u00fcnket a szerpaps\u00e1g rendj\u00e9re.\u201d \u2013 z\u00e1rta a f\u0151p\u00e1sztor a szertart\u00e1s e r\u00e9sz\u00e9t, amelyre a h\u00edvek egy\u00fctt v\u00e1laszoltak: \u201eIstennek legyen h\u00e1la.\u201d<\/p>\n<p><img loading=\"lazy\" decoding=\"async\" class=\"size-large wp-image-10251 aligncenter\" src=\"https:\/\/munkacs-diocese.org\/hu\/wp-content\/uploads\/2023\/03\/Beres10-1024x768.jpg\" alt=\"\" width=\"1024\" height=\"768\" srcset=\"https:\/\/munkacs-diocese.org\/hu\/wp-content\/uploads\/2023\/03\/Beres10-1024x768.jpg 1024w, https:\/\/munkacs-diocese.org\/hu\/wp-content\/uploads\/2023\/03\/Beres10-300x225.jpg 300w, https:\/\/munkacs-diocese.org\/hu\/wp-content\/uploads\/2023\/03\/Beres10-768x576.jpg 768w, https:\/\/munkacs-diocese.org\/hu\/wp-content\/uploads\/2023\/03\/Beres10-1536x1152.jpg 1536w, https:\/\/munkacs-diocese.org\/hu\/wp-content\/uploads\/2023\/03\/Beres10-1080x810.jpg 1080w, https:\/\/munkacs-diocese.org\/hu\/wp-content\/uploads\/2023\/03\/Beres10.jpg 2048w\" sizes=\"(max-width: 1024px) 100vw, 1024px\" \/><\/p>\n<p style=\"text-align: justify;\">Mikl\u00f3s p\u00fcsp\u00f6k a pr\u00e9dik\u00e1ci\u00f3ban t\u00f6bbek k\u00f6z\u00f6tt \u00f6sszek\u00f6t\u00f6tte az aznapi M\u00e1ria \u00fcnnepet a szentel\u00e9s \u00fcnnep\u00e9vel. A Sz\u0171zany\u00e1t p\u00e9ldak\u00e9pk\u00e9nt \u00e1ll\u00edtotta el\u00e9nk: \u201eIgent mondani Istennek, igent mondani az \u00e9let aj\u00e1nd\u00e9k\u00e1ra, mint M\u00e1ria.\u201d \u201eM\u00e1ria J\u00e9zushoz vezet minket.\u201d Besz\u00e9lt az \u00e9let elfogad\u00e1s\u00e1r\u00f3l \u2013 a saj\u00e1tunk \u00e9s m\u00e1sok \u00e9let\u00e9nek elfogad\u00e1s\u00e1r\u00f3l, az arr\u00f3l val\u00f3 gondoskod\u00e1sr\u00f3l, az abban val\u00f3 fejl\u0151d\u00e9sr\u0151l. V\u00e9gezet\u00fcl kihangs\u00falyozta a hivat\u00e1st, hogy mindenkinek van valamilyen hivat\u00e1sa, amit Istent\u0151l aj\u00e1nd\u00e9kba kapott, \u00e9s al\u00e1h\u00fazta, hogy \u201eHivat\u00e1sunk alapja: h\u0171s\u00e9gesen meg\u00e9lni a Vele val\u00f3 egys\u00e9g\u00fcnket.\u201d (A teljes pr\u00e9dik\u00e1ci\u00f3t <a href=\"https:\/\/www.youtube.com\/watch?v=RaaMh-SRHD8\"><span style=\"color: #3366ff;\">itt<\/span><\/a> lehet visszan\u00e9zni.)<\/p>\n<p><img loading=\"lazy\" decoding=\"async\" class=\"alignnone size-full wp-image-10248\" src=\"https:\/\/munkacs-diocese.org\/hu\/wp-content\/uploads\/2023\/03\/Beres7.jpg\" alt=\"\" width=\"2048\" height=\"1536\" srcset=\"https:\/\/munkacs-diocese.org\/hu\/wp-content\/uploads\/2023\/03\/Beres7.jpg 2048w, https:\/\/munkacs-diocese.org\/hu\/wp-content\/uploads\/2023\/03\/Beres7-300x225.jpg 300w, https:\/\/munkacs-diocese.org\/hu\/wp-content\/uploads\/2023\/03\/Beres7-1024x768.jpg 1024w, https:\/\/munkacs-diocese.org\/hu\/wp-content\/uploads\/2023\/03\/Beres7-768x576.jpg 768w, https:\/\/munkacs-diocese.org\/hu\/wp-content\/uploads\/2023\/03\/Beres7-1536x1152.jpg 1536w, https:\/\/munkacs-diocese.org\/hu\/wp-content\/uploads\/2023\/03\/Beres7-1080x810.jpg 1080w\" sizes=\"(max-width: 2048px) 100vw, 2048px\" \/><\/p>\n<p style=\"text-align: justify;\">A pr\u00e9dik\u00e1ci\u00f3 ut\u00e1n k\u00f6vetkezett a szentel\u00e9si szertart\u00e1s m\u00e1sodik r\u00e9sze, amelyben a jel\u00f6ltnek nyilatkoznia kellett sz\u00e1nd\u00e9kair\u00f3l, v\u00e1laszolva a p\u00fcsp\u00f6k k\u00e9rd\u00e9seire, miszerint akarja-e a felszentel\u00e9st, a szolg\u00e1lat al\u00e1zatos gyakorl\u00e1s\u00e1t; akarja-e \u0151rizni \u00e9s hirdetni a hitet az evang\u00e9lium \u00e9s az egyh\u00e1zi hagyom\u00e1ny szerint; akarja-e az im\u00e1ds\u00e1gos lelk\u00fcletet \u0151rizni \u00e9s gyarap\u00edtani \u00e9s a zsolozsm\u00e1t im\u00e1dkozni; akarja-e p\u00e9ld\u00e1s \u00e9let\u00e9vel Krisztust k\u00f6vetni. V\u00e9gezet\u00fcl a p\u00fcsp\u00f6k kez\u00e9be z\u00e1rta a diak\u00f3nus jel\u00f6lt kez\u00e9t \u00e9s megk\u00e9rdezte: \u201e\u00cdg\u00e9rsz-e tiszteletet \u00e9s engedelmess\u00e9get f\u0151p\u00e1sztorodnak?\u201d Majd annak igenl\u0151 v\u00e1lasza ut\u00e1n \u00edgy sz\u00f3lt: \u201eIsten tegye teljess\u00e9 a j\u00f3t, amit megkezdett benned!\u201d<\/p>\n<p><img loading=\"lazy\" decoding=\"async\" class=\"alignnone size-full wp-image-10246\" src=\"https:\/\/munkacs-diocese.org\/hu\/wp-content\/uploads\/2023\/03\/Beres5.jpg\" alt=\"\" width=\"2048\" height=\"1536\" srcset=\"https:\/\/munkacs-diocese.org\/hu\/wp-content\/uploads\/2023\/03\/Beres5.jpg 2048w, https:\/\/munkacs-diocese.org\/hu\/wp-content\/uploads\/2023\/03\/Beres5-300x225.jpg 300w, https:\/\/munkacs-diocese.org\/hu\/wp-content\/uploads\/2023\/03\/Beres5-1024x768.jpg 1024w, https:\/\/munkacs-diocese.org\/hu\/wp-content\/uploads\/2023\/03\/Beres5-768x576.jpg 768w, https:\/\/munkacs-diocese.org\/hu\/wp-content\/uploads\/2023\/03\/Beres5-1536x1152.jpg 1536w, https:\/\/munkacs-diocese.org\/hu\/wp-content\/uploads\/2023\/03\/Beres5-1080x810.jpg 1080w\" sizes=\"(max-width: 2048px) 100vw, 2048px\" \/><\/p>\n<p style=\"text-align: justify;\">A jel\u00f6lt arcra borult az olt\u00e1r el\u0151tt mik\u00f6zben mindenki egy\u00fctt el\u00e9nekelte a mindenszentek lit\u00e1ni\u00e1j\u00e1t. Ezut\u00e1n k\u00f6vetkezett az egyh\u00e1zi rend szent\u00e9g\u00e9nek l\u00e9nyegi r\u00e9sze, a k\u00e9zr\u00e1t\u00e9tel \u00e9s felszentel\u0151 ima.<\/p>\n<p style=\"text-align: justify;\">Az \u00fajonnan felszentelt diak\u00f3nust testv\u00e9rei be\u00f6lt\u00f6ztett\u00e9k a liturgikus ruh\u00e1ba, amit szolg\u00e1lata k\u00f6zben fog viselni, majd a p\u00fcsp\u00f6k a k\u00f6vetkez\u0151 szavakkal \u00e1tadta neki az evang\u00e9lium szent k\u00f6nyv\u00e9t: \u201eVedd Krisztus evang\u00e9lium\u00e1t, amelynek hirdet\u0151je lett\u00e9l. \u00dcgyelj arra, hogy amit olvasol, hidd, amit hiszel, tan\u00edtsd, \u00e9s amit tan\u00edtasz, k\u00f6vesd!\u201d Majd \u00e1t\u00f6lelte \u0151t, azt\u00e1n diak\u00f3nus t\u00e1rsai \u00fagyszint\u00e9n.<\/p>\n\n\t\t<style type=\"text\/css\">\n\t\t\t#gallery-1 {\n\t\t\t\tmargin: auto;\n\t\t\t}\n\t\t\t#gallery-1 .gallery-item {\n\t\t\t\tfloat: left;\n\t\t\t\tmargin-top: 10px;\n\t\t\t\ttext-align: center;\n\t\t\t\twidth: 33%;\n\t\t\t}\n\t\t\t#gallery-1 img {\n\t\t\t\tborder: 2px solid #cfcfcf;\n\t\t\t}\n\t\t\t#gallery-1 .gallery-caption {\n\t\t\t\tmargin-left: 0;\n\t\t\t}\n\t\t\t\/* see gallery_shortcode() in wp-includes\/media.php *\/\n\t\t<\/style>\n\t\t<div id='gallery-1' class='gallery galleryid-10240 gallery-columns-3 gallery-size-full'><dl class='gallery-item'>\n\t\t\t<dt class='gallery-icon landscape'>\n\t\t\t\t<a href='https:\/\/munkacs-diocese.org\/hu\/2023\/03\/28\/nagyot-tett-velem-o-aki-hatalmas-beres-istvan-diakonusszentelese-a-munkacsi-szekesegyhazban\/beres4\/'><img loading=\"lazy\" decoding=\"async\" width=\"2048\" height=\"1536\" src=\"https:\/\/munkacs-diocese.org\/hu\/wp-content\/uploads\/2023\/03\/Beres4.jpg\" class=\"attachment-full size-full\" alt=\"\" srcset=\"https:\/\/munkacs-diocese.org\/hu\/wp-content\/uploads\/2023\/03\/Beres4.jpg 2048w, https:\/\/munkacs-diocese.org\/hu\/wp-content\/uploads\/2023\/03\/Beres4-300x225.jpg 300w, https:\/\/munkacs-diocese.org\/hu\/wp-content\/uploads\/2023\/03\/Beres4-1024x768.jpg 1024w, https:\/\/munkacs-diocese.org\/hu\/wp-content\/uploads\/2023\/03\/Beres4-768x576.jpg 768w, https:\/\/munkacs-diocese.org\/hu\/wp-content\/uploads\/2023\/03\/Beres4-1536x1152.jpg 1536w, https:\/\/munkacs-diocese.org\/hu\/wp-content\/uploads\/2023\/03\/Beres4-1080x810.jpg 1080w\" sizes=\"(max-width: 2048px) 100vw, 2048px\" \/><\/a>\n\t\t\t<\/dt><\/dl><dl class='gallery-item'>\n\t\t\t<dt class='gallery-icon landscape'>\n\t\t\t\t<a href='https:\/\/munkacs-diocese.org\/hu\/2023\/03\/28\/nagyot-tett-velem-o-aki-hatalmas-beres-istvan-diakonusszentelese-a-munkacsi-szekesegyhazban\/beres3\/'><img loading=\"lazy\" decoding=\"async\" width=\"2048\" height=\"1536\" src=\"https:\/\/munkacs-diocese.org\/hu\/wp-content\/uploads\/2023\/03\/Beres3.jpg\" class=\"attachment-full size-full\" alt=\"\" srcset=\"https:\/\/munkacs-diocese.org\/hu\/wp-content\/uploads\/2023\/03\/Beres3.jpg 2048w, https:\/\/munkacs-diocese.org\/hu\/wp-content\/uploads\/2023\/03\/Beres3-300x225.jpg 300w, https:\/\/munkacs-diocese.org\/hu\/wp-content\/uploads\/2023\/03\/Beres3-1024x768.jpg 1024w, https:\/\/munkacs-diocese.org\/hu\/wp-content\/uploads\/2023\/03\/Beres3-768x576.jpg 768w, https:\/\/munkacs-diocese.org\/hu\/wp-content\/uploads\/2023\/03\/Beres3-1536x1152.jpg 1536w, https:\/\/munkacs-diocese.org\/hu\/wp-content\/uploads\/2023\/03\/Beres3-1080x810.jpg 1080w\" sizes=\"(max-width: 2048px) 100vw, 2048px\" \/><\/a>\n\t\t\t<\/dt><\/dl><dl class='gallery-item'>\n\t\t\t<dt class='gallery-icon landscape'>\n\t\t\t\t<a href='https:\/\/munkacs-diocese.org\/hu\/2023\/03\/28\/nagyot-tett-velem-o-aki-hatalmas-beres-istvan-diakonusszentelese-a-munkacsi-szekesegyhazban\/beres1\/'><img loading=\"lazy\" decoding=\"async\" width=\"2048\" height=\"1536\" src=\"https:\/\/munkacs-diocese.org\/hu\/wp-content\/uploads\/2023\/03\/Beres1.jpg\" class=\"attachment-full size-full\" alt=\"\" srcset=\"https:\/\/munkacs-diocese.org\/hu\/wp-content\/uploads\/2023\/03\/Beres1.jpg 2048w, https:\/\/munkacs-diocese.org\/hu\/wp-content\/uploads\/2023\/03\/Beres1-300x225.jpg 300w, https:\/\/munkacs-diocese.org\/hu\/wp-content\/uploads\/2023\/03\/Beres1-1024x768.jpg 1024w, https:\/\/munkacs-diocese.org\/hu\/wp-content\/uploads\/2023\/03\/Beres1-768x576.jpg 768w, https:\/\/munkacs-diocese.org\/hu\/wp-content\/uploads\/2023\/03\/Beres1-1536x1152.jpg 1536w, https:\/\/munkacs-diocese.org\/hu\/wp-content\/uploads\/2023\/03\/Beres1-1080x810.jpg 1080w\" sizes=\"(max-width: 2048px) 100vw, 2048px\" \/><\/a>\n\t\t\t<\/dt><\/dl><br style=\"clear: both\" \/>\n\t\t<\/div>\n\n<p style=\"text-align: justify;\">Az \u00fajonnan szentelt szerpap els\u0151sorban Isten Ig\u00e9j\u00e9nek hirdet\u0151je lesz a h\u00edvek k\u00f6z\u00f6tt; feladat\u00e1t k\u00e9pezi az Evang\u00e9lium \u00fcnnep\u00e9lyes felolvas\u00e1sa, hom\u00edlia tart\u00e1sa, valamint a keresztel\u00e9s, h\u00e1zass\u00e1gk\u00f6t\u00e9s, temet\u00e9s szertart\u00e1sainak v\u00e9gz\u00e9se.<\/p>\n<p style=\"text-align: justify;\">Ezt k\u00f6vet\u0151en a szentmise az \u00e1ldozati liturgi\u00e1val folytat\u00f3dott.<\/p>\n<p><img loading=\"lazy\" decoding=\"async\" class=\"alignnone size-full wp-image-10250\" src=\"https:\/\/munkacs-diocese.org\/hu\/wp-content\/uploads\/2023\/03\/Beres9.jpg\" alt=\"\" width=\"2048\" height=\"1536\" srcset=\"https:\/\/munkacs-diocese.org\/hu\/wp-content\/uploads\/2023\/03\/Beres9.jpg 2048w, https:\/\/munkacs-diocese.org\/hu\/wp-content\/uploads\/2023\/03\/Beres9-300x225.jpg 300w, https:\/\/munkacs-diocese.org\/hu\/wp-content\/uploads\/2023\/03\/Beres9-1024x768.jpg 1024w, https:\/\/munkacs-diocese.org\/hu\/wp-content\/uploads\/2023\/03\/Beres9-768x576.jpg 768w, https:\/\/munkacs-diocese.org\/hu\/wp-content\/uploads\/2023\/03\/Beres9-1536x1152.jpg 1536w, https:\/\/munkacs-diocese.org\/hu\/wp-content\/uploads\/2023\/03\/Beres9-1080x810.jpg 1080w\" sizes=\"(max-width: 2048px) 100vw, 2048px\" \/><\/p>\n<p style=\"text-align: justify;\">A szentmise v\u00e9g\u00e9n az \u00fajonnan felszentelt diak\u00f3nus k\u00f6sz\u00f6netet mondott els\u0151sorban Istennek, a Sz\u0171zany\u00e1nak, majd Mikl\u00f3s p\u00fcsp\u00f6knek, h\u00e1l\u00e1j\u00e1t fejezte ki Antal p\u00fcsp\u00f6k fel\u00e9, aki elkezdte a seg\u00edts\u00e9gny\u00fajt\u00e1st, a ferences aty\u00e1knak, Gyuri aty\u00e1nak, akik seg\u00edtett\u00e9k \u0151t, a sok paptestv\u00e9rnek, az otthoniaknak, a csal\u00e1dj\u00e1nak, a k\u00f6z\u00f6ss\u00e9geinek, a bar\u00e1tainak, akik t\u00e1mogatt\u00e1k, mellette \u00e1lltak. K\u00fcl\u00f6n megk\u00f6sz\u00f6nte az Aklihegyr\u0151l, Nevetlenb\u0151l, Csep\u00e9r\u0151l, Ard\u00e1b\u00f3l, \u00dajlakr\u00f3l, Nagysz\u0151l\u0151sr\u0151l \u00e9rkezett h\u00edvek, valamint a magyarorsz\u00e1gi testv\u00e9rek jelenl\u00e9t\u00e9t. \u201eNagyot tett velem \u0151, aki hatalmas.\u201d \u2013 z\u00e1rta k\u00f6sz\u00f6n\u0151 szavait Istv\u00e1n diak\u00f3nus. \u201eVelem is ez t\u00f6rt\u00e9nt. K\u00f6sz\u00f6n\u00f6m J\u00e9zusom!\u201d<\/p>\n<p style=\"text-align: justify;\">Az \u00fcnnepr\u0151l k\u00e9sz\u00fclt r\u00f6vid \u00f6ssze\u00e1ll\u00edt\u00e1s:<\/p>\n<p><iframe loading=\"lazy\" title=\"B\u00e9res Istv\u00e1n diak\u00f3nus szentel\u00e9se.  \u0421\u0432\u044f\u0447\u0435\u043d\u043d\u044f \u0434\u0438\u044f\u043a\u043e\u043d\u0430\u0442\u0443 \u0406\u0448\u0442\u0432\u0430\u043d\u0430 \u0411\u0435\u0440\u0435\u0448\u0430, \u0432\u0447\u0438\u0442\u0435\u043b\u044f \u0437 \u0441. \u041e\u043a\u043b\u0456\u0433\u0435\u0434\u044c\" width=\"1080\" height=\"608\" src=\"https:\/\/www.youtube.com\/embed\/FR6B_KW1qas?feature=oembed\" frameborder=\"0\" allow=\"accelerometer; autoplay; clipboard-write; encrypted-media; gyroscope; picture-in-picture; web-share\" allowfullscreen><\/iframe><\/p>\n<p style=\"text-align: right;\">Sz\u00f6veg. Moln\u00e1r M. Katalin<\/p>\n<p style=\"text-align: right;\">F\u00e9nyk\u00e9pek \u00e9s film: Weiss Vikt\u00f3ria<\/p>\n","protected":false},"excerpt":{"rendered":"<p>2023. m\u00e1rcius 25-\u00e9n \u00fcnnepi napra virradt a Munk\u00e1csi Egyh\u00e1zmegye. J\u00e9zus sz\u00fclet\u00e9se h\u00edr\u00fclad\u00e1s\u00e1nak f\u0151\u00fcnnep\u00e9n, Gy\u00fcm\u00f6lcsolt\u00f3 Boldogasszony napj\u00e1n sokan indultak \u00fatnak Munk\u00e1cs fel\u00e9, hogy a sz\u00e9kesegyh\u00e1zban r\u00e9szt vegyenek a diak\u00f3nusszentel\u00e9sen, im\u00e1dkozzanak egy\u00fctt a jel\u00f6lttel \u00e9s osztozzanak vele \u00f6r\u00f6m\u00e9ben. Az \u00fcnnepi szentmise keret\u00e9ben Lucsok P. Mikl\u00f3s OP apostoli korm\u00e1nyz\u00f3 \u00e1lland\u00f3 diak\u00f3nuss\u00e1 szentelte B\u00e9res Istv\u00e1nt. Istv\u00e1n Aklihegyen lakik csal\u00e1dj\u00e1val, [&hellip;]<\/p>\n","protected":false},"author":4,"featured_media":10252,"comment_status":"open","ping_status":"open","sticky":false,"template":"","format":"standard","meta":{"_acf_changed":false,"_et_pb_use_builder":"","_et_pb_old_content":"","_et_gb_content_width":"","footnotes":""},"categories":[10,59],"tags":[],"class_list":["post-10240","post","type-post","status-publish","format-standard","has-post-thumbnail","hentry","category-aktualis-hirek","category-egyhazmegyenk-hirei","et-has-post-format-content","et_post_format-et-post-format-standard"],"acf":[],"_links":{"self":[{"href":"https:\/\/munkacs-diocese.org\/hu\/wp-json\/wp\/v2\/posts\/10240"}],"collection":[{"href":"https:\/\/munkacs-diocese.org\/hu\/wp-json\/wp\/v2\/posts"}],"about":[{"href":"https:\/\/munkacs-diocese.org\/hu\/wp-json\/wp\/v2\/types\/post"}],"author":[{"embeddable":true,"href":"https:\/\/munkacs-diocese.org\/hu\/wp-json\/wp\/v2\/users\/4"}],"replies":[{"embeddable":true,"href":"https:\/\/munkacs-diocese.org\/hu\/wp-json\/wp\/v2\/comments?post=10240"}],"version-history":[{"count":2,"href":"https:\/\/munkacs-diocese.org\/hu\/wp-json\/wp\/v2\/posts\/10240\/revisions"}],"predecessor-version":[{"id":10254,"href":"https:\/\/munkacs-diocese.org\/hu\/wp-json\/wp\/v2\/posts\/10240\/revisions\/10254"}],"wp:featuredmedia":[{"embeddable":true,"href":"https:\/\/munkacs-diocese.org\/hu\/wp-json\/wp\/v2\/media\/10252"}],"wp:attachment":[{"href":"https:\/\/munkacs-diocese.org\/hu\/wp-json\/wp\/v2\/media?parent=10240"}],"wp:term":[{"taxonomy":"category","embeddable":true,"href":"https:\/\/munkacs-diocese.org\/hu\/wp-json\/wp\/v2\/categories?post=10240"},{"taxonomy":"post_tag","embeddable":true,"href":"https:\/\/munkacs-diocese.org\/hu\/wp-json\/wp\/v2\/tags?post=10240"}],"curies":[{"name":"wp","href":"https:\/\/api.w.org\/{rel}","templated":true}]}}