{"id":10213,"date":"2023-03-27T14:07:13","date_gmt":"2023-03-27T12:07:13","guid":{"rendered":"https:\/\/munkacs-diocese.org\/hu\/?p=10213"},"modified":"2023-03-27T14:11:27","modified_gmt":"2023-03-27T12:11:27","slug":"a-szent-marton-egyhazkozseg-lelki-delutanja-a-husvetra-keszules-jegyeben","status":"publish","type":"post","link":"https:\/\/munkacs-diocese.org\/hu\/2023\/03\/27\/a-szent-marton-egyhazkozseg-lelki-delutanja-a-husvetra-keszules-jegyeben\/","title":{"rendered":"A SZENT M\u00c1RTON EGYH\u00c1ZK\u00d6ZS\u00c9G LELKI D\u00c9LUT\u00c1NJA A H\u00daSV\u00c9TRA K\u00c9SZ\u00dcL\u00c9S JEGY\u00c9BEN"},"content":{"rendered":"<div id=\"fb-root\"><\/div>\n<p style=\"text-align: justify;\">A munk\u00e1csi Szent M\u00e1rton Pl\u00e9b\u00e1nia k\u00f6z\u00f6ss\u00e9ge m\u00e1rcius 26-\u00e1n, vas\u00e1rnap, lelki d\u00e9lut\u00e1nra gy\u0171lt \u00f6ssze a p\u00fcsp\u00f6ks\u00e9g tan\u00e1csterm\u00e9ben. Id\u0151tartamban r\u00f6vid, de lelki \u00e9rtelemben intenz\u00edv \u00e9s m\u00e9ly d\u00e9lut\u00e1nt t\u00f6lt\u00f6ttek egy\u00fctt a h\u00fasv\u00e9tra val\u00f3 felk\u00e9sz\u00fcl\u00e9s jegy\u00e9ben.<\/p>\n<p style=\"text-align: justify;\">Petenko Miron, ungv\u00e1ri pl\u00e9b\u00e1nos vezette a d\u00e9lut\u00e1nt. Miron atya szavai, aki J\u00f3n\u00e1s pr\u00f3f\u00e9ta k\u00f6nyve alapj\u00e1n p\u00e1rhuzamot vont a pr\u00f3f\u00e9ta tettei \u00e9s saj\u00e1t \u00e9let\u00fcnk k\u00f6z\u00f6tt, nem hagyt\u00e1k \u00e9rintetlen\u00fcl a jelenl\u00e9v\u0151ket. J\u00f3n\u00e9h\u00e1ny pillanatban szinte v\u00e1gni lehetett a csendet \u2013 lelk\u00fcnk m\u00e9lyebb h\u00farjainak megsz\u00f3laltat\u00e1sai voltak ezek.<\/p>\n<p><img loading=\"lazy\" decoding=\"async\" class=\"alignnone size-full wp-image-10220\" src=\"https:\/\/munkacs-diocese.org\/hu\/wp-content\/uploads\/2023\/03\/lelki-delutan8-scaled-e1679918441382.jpg\" alt=\"\" width=\"2560\" height=\"1548\" srcset=\"https:\/\/munkacs-diocese.org\/hu\/wp-content\/uploads\/2023\/03\/lelki-delutan8-scaled-e1679918441382.jpg 2560w, https:\/\/munkacs-diocese.org\/hu\/wp-content\/uploads\/2023\/03\/lelki-delutan8-scaled-e1679918441382-300x181.jpg 300w, https:\/\/munkacs-diocese.org\/hu\/wp-content\/uploads\/2023\/03\/lelki-delutan8-scaled-e1679918441382-1024x619.jpg 1024w, https:\/\/munkacs-diocese.org\/hu\/wp-content\/uploads\/2023\/03\/lelki-delutan8-scaled-e1679918441382-768x464.jpg 768w, https:\/\/munkacs-diocese.org\/hu\/wp-content\/uploads\/2023\/03\/lelki-delutan8-scaled-e1679918441382-1536x929.jpg 1536w, https:\/\/munkacs-diocese.org\/hu\/wp-content\/uploads\/2023\/03\/lelki-delutan8-scaled-e1679918441382-2048x1238.jpg 2048w, https:\/\/munkacs-diocese.org\/hu\/wp-content\/uploads\/2023\/03\/lelki-delutan8-scaled-e1679918441382-1080x653.jpg 1080w\" sizes=\"(max-width: 2560px) 100vw, 2560px\" \/><\/p>\n<p style=\"text-align: justify;\">\u201eKelj \u00fatra, menj el Niniv\u00e9be, a nagy v\u00e1rosba! Hirdesd neki, hogy gonoszs\u00e1ga sz\u00ednem el\u00e9 jutott.\u201d (1,2) \u2013 olvassuk a Bibli\u00e1ban. \u201eJ\u00f3n\u00e1s el is indult, de az\u00e9rt, hogy Tarsisba menek\u00fclj\u00f6n az \u00dar sz\u00edne el\u0151l.\u201d (1,3) \u2013 folytat\u00f3dik az \u00edr\u00e1s. J\u00f3n\u00e1s engedelmeskedik, de m\u00e9gsem: az ellenkez\u0151 ir\u00e1nyba indul. \u2013 <em>H\u00e1nyszor megt\u00f6rt\u00e9nik ez vel\u00fcnk? Tudjuk, mit k\u00e9r t\u0151l\u00fcnk Isten, m\u00e9gsem a szerint cseleksz\u00fcnk.<\/em><\/p>\n<p style=\"text-align: justify;\">Mik\u00f6zben a nagy viharban h\u00e1nykol\u00f3dik a haj\u00f3, mindenki pr\u00f3b\u00e1lja menteni, ami menthet\u0151 \u00e9s im\u00e1dkozik, \u201eJ\u00f3n\u00e1s lement a haj\u00f3 alj\u00e1ba, \u00e9s m\u00e9lyen elaludt.\u201d (1,5) Vagyis \u0151 nem im\u00e1dkozott. Rem\u00e9lte, hogy \u00e1talussza a vihart, \u00e1lomvil\u00e1gba menek\u00fclt. \u2013 <em>Ez sem ismeretlen magatart\u00e1s el\u0151tt\u00fcnk. Szemben\u00e9zni a kih\u00edv\u00e1sokkal, az \u00darra b\u00edzni magunkat, \u0150benne hinni \u00e9s nem a saj\u00e1t er\u0151nkben, im\u00e1ds\u00e1g n\u00e9lk\u00fcl nem megy.<\/em><\/p>\n<p style=\"text-align: justify;\">Azt\u00e1n J\u00f3n\u00e1s meg akar halni\u2026 a hal gyomr\u00e1ban v\u00e9g\u00fcl elkezd foh\u00e1szkodni\u2026 majd az \u00dar m\u00e1sodszori h\u00edv\u00e1s\u00e1ra m\u00e1r Niniv\u00e9be megy\u2026 teljes\u00edti az \u00dar parancs\u00e1t, szav\u00e1ra a n\u00e9p megt\u00e9r \u00e9s b\u0171nb\u00e1natot tart\u2026de J\u00f3n\u00e1s m\u00e9gsem \u00f6r\u00fcl, s\u0151t: \u201eJ\u00f3n\u00e1son nagy szomor\u00fas\u00e1g vett er\u0151t, \u00e9s haragra gerjedt.\u201d (4,1) &#8211; <em>H\u00e1nyszor megt\u00f6rt\u00e9nik, hogy h\u00e1l\u00e1tlanok vagyunk, kifog\u00e1sokat keres\u00fcnk.<\/em><\/p>\n<p style=\"text-align: justify;\">\u201eAz \u00dar parancs\u00e1ra egy ricinusbokor n\u0151tt J\u00f3n\u00e1s f\u00f6l\u00e9, \u00e1rny\u00e9kot vetett a feje f\u00f6l\u00e9, \u00e9s megv\u00e9dte a rosszull\u00e9tt\u0151l.\u201d(4,6) \u2013 <em>Isten szeretete azonban a mi ir\u00e1nyunkba mindenek felett val\u00f3, els\u0151dleges, ingyenes.<\/em><\/p>\n<p style=\"text-align: justify;\">Az elm\u00e9lked\u00e9s ut\u00e1ni nagyobb elm\u00e9ly\u00fcl\u00e9st, saj\u00e1t \u00e9let\u00fcnkre val\u00f3 reflekt\u00e1l\u00e1st k\u00e9rd\u00e9sek seg\u00edtett\u00e9k, amelyekre mindenki mag\u00e1nak v\u00e1laszolhatott. Ezut\u00e1n p\u00e1rban t\u00f6rt\u00e9n\u0151 megoszt\u00e1s k\u00f6vetkezett.<\/p>\n\n\t\t<style type=\"text\/css\">\n\t\t\t#gallery-1 {\n\t\t\t\tmargin: auto;\n\t\t\t}\n\t\t\t#gallery-1 .gallery-item {\n\t\t\t\tfloat: left;\n\t\t\t\tmargin-top: 10px;\n\t\t\t\ttext-align: center;\n\t\t\t\twidth: 50%;\n\t\t\t}\n\t\t\t#gallery-1 img {\n\t\t\t\tborder: 2px solid #cfcfcf;\n\t\t\t}\n\t\t\t#gallery-1 .gallery-caption {\n\t\t\t\tmargin-left: 0;\n\t\t\t}\n\t\t\t\/* see gallery_shortcode() in wp-includes\/media.php *\/\n\t\t<\/style>\n\t\t<div id='gallery-1' class='gallery galleryid-10213 gallery-columns-2 gallery-size-full'><dl class='gallery-item'>\n\t\t\t<dt class='gallery-icon landscape'>\n\t\t\t\t<a href='https:\/\/munkacs-diocese.org\/hu\/2023\/03\/27\/a-szent-marton-egyhazkozseg-lelki-delutanja-a-husvetra-keszules-jegyeben\/lelki-delutan7\/'><img loading=\"lazy\" decoding=\"async\" width=\"2560\" height=\"1920\" src=\"https:\/\/munkacs-diocese.org\/hu\/wp-content\/uploads\/2023\/03\/lelki-delutan7-scaled.jpg\" class=\"attachment-full size-full\" alt=\"\" srcset=\"https:\/\/munkacs-diocese.org\/hu\/wp-content\/uploads\/2023\/03\/lelki-delutan7-scaled.jpg 2560w, https:\/\/munkacs-diocese.org\/hu\/wp-content\/uploads\/2023\/03\/lelki-delutan7-300x225.jpg 300w, https:\/\/munkacs-diocese.org\/hu\/wp-content\/uploads\/2023\/03\/lelki-delutan7-1024x768.jpg 1024w, https:\/\/munkacs-diocese.org\/hu\/wp-content\/uploads\/2023\/03\/lelki-delutan7-768x576.jpg 768w, https:\/\/munkacs-diocese.org\/hu\/wp-content\/uploads\/2023\/03\/lelki-delutan7-1536x1152.jpg 1536w, https:\/\/munkacs-diocese.org\/hu\/wp-content\/uploads\/2023\/03\/lelki-delutan7-2048x1536.jpg 2048w, https:\/\/munkacs-diocese.org\/hu\/wp-content\/uploads\/2023\/03\/lelki-delutan7-1080x810.jpg 1080w\" sizes=\"(max-width: 2560px) 100vw, 2560px\" \/><\/a>\n\t\t\t<\/dt><\/dl><dl class='gallery-item'>\n\t\t\t<dt class='gallery-icon landscape'>\n\t\t\t\t<a href='https:\/\/munkacs-diocese.org\/hu\/2023\/03\/27\/a-szent-marton-egyhazkozseg-lelki-delutanja-a-husvetra-keszules-jegyeben\/lelki-delutan3\/'><img loading=\"lazy\" decoding=\"async\" width=\"2560\" height=\"1920\" src=\"https:\/\/munkacs-diocese.org\/hu\/wp-content\/uploads\/2023\/03\/lelki-delutan3-scaled.jpg\" class=\"attachment-full size-full\" alt=\"\" srcset=\"https:\/\/munkacs-diocese.org\/hu\/wp-content\/uploads\/2023\/03\/lelki-delutan3-scaled.jpg 2560w, https:\/\/munkacs-diocese.org\/hu\/wp-content\/uploads\/2023\/03\/lelki-delutan3-300x225.jpg 300w, https:\/\/munkacs-diocese.org\/hu\/wp-content\/uploads\/2023\/03\/lelki-delutan3-1024x768.jpg 1024w, https:\/\/munkacs-diocese.org\/hu\/wp-content\/uploads\/2023\/03\/lelki-delutan3-768x576.jpg 768w, https:\/\/munkacs-diocese.org\/hu\/wp-content\/uploads\/2023\/03\/lelki-delutan3-1536x1152.jpg 1536w, https:\/\/munkacs-diocese.org\/hu\/wp-content\/uploads\/2023\/03\/lelki-delutan3-2048x1536.jpg 2048w, https:\/\/munkacs-diocese.org\/hu\/wp-content\/uploads\/2023\/03\/lelki-delutan3-1080x810.jpg 1080w\" sizes=\"(max-width: 2560px) 100vw, 2560px\" \/><\/a>\n\t\t\t<\/dt><\/dl><br style=\"clear: both\" \/>\n\t\t<\/div>\n\n<p style=\"text-align: justify;\">A m\u00e1sodik elm\u00e9lked\u00e9sben Miron atya a sz\u00edvr\u0151l besz\u00e9lt, ahol a szavaink \u00e9s a tetteink sz\u00fcletnek. Mennyire fontos, hogy mit engedek be a sz\u00edvembe! Amivel t\u00e1pl\u00e1lom, v\u00e9gs\u0151 soron olyann\u00e1 v\u00e1lok. Megvizsg\u00e1lhatom a sz\u00edvem: a b\u00e9ke embere vagyok-e, vagy ahov\u00e1 megyek, ott vihar t\u00e1mad. A J\u00e9zussal val\u00f3 bar\u00e1ts\u00e1g, a Vele t\u00f6lt\u00f6tt id\u0151 seg\u00edt nekem abban, hogy ne legyen bel\u00fcl \u201evihar\u201d, amit azt\u00e1n m\u00e1sokra is kivet\u00edtek.<\/p>\n<p style=\"text-align: justify;\">A d\u00e9lut\u00e1n a kihelyezett Olt\u00e1riszents\u00e9g el\u0151tti szents\u00e9gim\u00e1d\u00e1ssal z\u00e1rult.<\/p>\n<p><img loading=\"lazy\" decoding=\"async\" class=\"alignnone size-full wp-image-10215\" src=\"https:\/\/munkacs-diocese.org\/hu\/wp-content\/uploads\/2023\/03\/lelki-delutan2-scaled-e1679918658814.jpg\" alt=\"\" width=\"1920\" height=\"1766\" srcset=\"https:\/\/munkacs-diocese.org\/hu\/wp-content\/uploads\/2023\/03\/lelki-delutan2-scaled-e1679918658814.jpg 1920w, https:\/\/munkacs-diocese.org\/hu\/wp-content\/uploads\/2023\/03\/lelki-delutan2-scaled-e1679918658814-300x276.jpg 300w, https:\/\/munkacs-diocese.org\/hu\/wp-content\/uploads\/2023\/03\/lelki-delutan2-scaled-e1679918658814-1024x942.jpg 1024w, https:\/\/munkacs-diocese.org\/hu\/wp-content\/uploads\/2023\/03\/lelki-delutan2-scaled-e1679918658814-768x706.jpg 768w, https:\/\/munkacs-diocese.org\/hu\/wp-content\/uploads\/2023\/03\/lelki-delutan2-scaled-e1679918658814-1536x1413.jpg 1536w, https:\/\/munkacs-diocese.org\/hu\/wp-content\/uploads\/2023\/03\/lelki-delutan2-scaled-e1679918658814-1080x993.jpg 1080w\" sizes=\"(max-width: 1920px) 100vw, 1920px\" \/><\/p>\n<p style=\"text-align: justify;\">J\u00e9zus az Ig\u00e9ben, J\u00e9zus saj\u00e1t magunkban, J\u00e9zus a felebar\u00e1tban, J\u00e9zus az Olt\u00e1riszents\u00e9gben, J\u00e9zus a Vele egyes\u00fclt emberek k\u00f6z\u00f6tt\u2026 K\u00f6sz\u00f6nj\u00fck Istennek ezt a csod\u00e1latos d\u00e9lut\u00e1nt!<\/p>\n<p style=\"text-align: justify;\">\u201eA sz\u00e1momra \u00fajszer\u0171 megk\u00f6zel\u00edt\u00e9s nagyon seg\u00edtett, hogy megtal\u00e1ljam azokat a pontokat a lelkemben, ami tisztul\u00e1sra szorul.\u201d \u2013 osztotta meg az egyik r\u00e9sztvev\u0151.<\/p>\n<p style=\"text-align: justify;\">\u201eNagyon meg\u00e9rintett a J\u00f3n\u00e1sr\u00f3l sz\u00f3l\u00f3 katek\u00e9zis. N\u00e9h\u00e1ny tulajdons\u00e1ga bennem is megvan, ez\u00e9rt ez a k\u00f6nyv nagyon k\u00f6zel \u00e1ll hozz\u00e1m. El\u0151sz\u00f6r is nagyon meg\u00e9rintett az a hozz\u00e1\u00e1ll\u00e1s, ahogyan Isten ebben a t\u00f6rt\u00e9netben a kiv\u00e1lasztottj\u00e1hoz viszonyul. \u00c9n is megtapasztalom az \u00e9letemben azt az Istent, aki nem v\u00e1ltoztatja meg a v\u00e1laszt\u00e1s\u00e1t, szeret\u0151, t\u00fcrelmes, gondoskod\u00f3. Gondvisel\u00e9s\u00e9vel k\u00eds\u00e9ri a kiv\u00e1lasztott pr\u00f3f\u00e9ta \u00e9let\u00e9t, annak hib\u00e1i \u00e9s jelleme ellen\u00e9re.\u201d- mondta a d\u00e9lut\u00e1nr\u00f3l egy r\u00e9sztvev\u0151.<\/p>\n\n\t\t<style type=\"text\/css\">\n\t\t\t#gallery-2 {\n\t\t\t\tmargin: auto;\n\t\t\t}\n\t\t\t#gallery-2 .gallery-item {\n\t\t\t\tfloat: left;\n\t\t\t\tmargin-top: 10px;\n\t\t\t\ttext-align: center;\n\t\t\t\twidth: 50%;\n\t\t\t}\n\t\t\t#gallery-2 img {\n\t\t\t\tborder: 2px solid #cfcfcf;\n\t\t\t}\n\t\t\t#gallery-2 .gallery-caption {\n\t\t\t\tmargin-left: 0;\n\t\t\t}\n\t\t\t\/* see gallery_shortcode() in wp-includes\/media.php *\/\n\t\t<\/style>\n\t\t<div id='gallery-2' class='gallery galleryid-10213 gallery-columns-2 gallery-size-full'><dl class='gallery-item'>\n\t\t\t<dt class='gallery-icon portrait'>\n\t\t\t\t<a href='https:\/\/munkacs-diocese.org\/hu\/2023\/03\/27\/a-szent-marton-egyhazkozseg-lelki-delutanja-a-husvetra-keszules-jegyeben\/lelki-delutan5\/'><img loading=\"lazy\" decoding=\"async\" width=\"1920\" height=\"2560\" src=\"https:\/\/munkacs-diocese.org\/hu\/wp-content\/uploads\/2023\/03\/lelki-delutan5-scaled.jpg\" class=\"attachment-full size-full\" alt=\"\" srcset=\"https:\/\/munkacs-diocese.org\/hu\/wp-content\/uploads\/2023\/03\/lelki-delutan5-scaled.jpg 1920w, https:\/\/munkacs-diocese.org\/hu\/wp-content\/uploads\/2023\/03\/lelki-delutan5-225x300.jpg 225w, https:\/\/munkacs-diocese.org\/hu\/wp-content\/uploads\/2023\/03\/lelki-delutan5-768x1024.jpg 768w, https:\/\/munkacs-diocese.org\/hu\/wp-content\/uploads\/2023\/03\/lelki-delutan5-1152x1536.jpg 1152w, https:\/\/munkacs-diocese.org\/hu\/wp-content\/uploads\/2023\/03\/lelki-delutan5-1536x2048.jpg 1536w, https:\/\/munkacs-diocese.org\/hu\/wp-content\/uploads\/2023\/03\/lelki-delutan5-1080x1440.jpg 1080w\" sizes=\"(max-width: 1920px) 100vw, 1920px\" \/><\/a>\n\t\t\t<\/dt><\/dl><dl class='gallery-item'>\n\t\t\t<dt class='gallery-icon portrait'>\n\t\t\t\t<a href='https:\/\/munkacs-diocese.org\/hu\/2023\/03\/27\/a-szent-marton-egyhazkozseg-lelki-delutanja-a-husvetra-keszules-jegyeben\/lelki-delutan6\/'><img loading=\"lazy\" decoding=\"async\" width=\"1920\" height=\"2560\" src=\"https:\/\/munkacs-diocese.org\/hu\/wp-content\/uploads\/2023\/03\/lelki-delutan6-scaled.jpg\" class=\"attachment-full size-full\" alt=\"\" srcset=\"https:\/\/munkacs-diocese.org\/hu\/wp-content\/uploads\/2023\/03\/lelki-delutan6-scaled.jpg 1920w, https:\/\/munkacs-diocese.org\/hu\/wp-content\/uploads\/2023\/03\/lelki-delutan6-225x300.jpg 225w, https:\/\/munkacs-diocese.org\/hu\/wp-content\/uploads\/2023\/03\/lelki-delutan6-768x1024.jpg 768w, https:\/\/munkacs-diocese.org\/hu\/wp-content\/uploads\/2023\/03\/lelki-delutan6-1152x1536.jpg 1152w, https:\/\/munkacs-diocese.org\/hu\/wp-content\/uploads\/2023\/03\/lelki-delutan6-1536x2048.jpg 1536w, https:\/\/munkacs-diocese.org\/hu\/wp-content\/uploads\/2023\/03\/lelki-delutan6-1080x1440.jpg 1080w\" sizes=\"(max-width: 1920px) 100vw, 1920px\" \/><\/a>\n\t\t\t<\/dt><\/dl><br style=\"clear: both\" \/>\n\t\t<\/div>\n\n<p style=\"text-align: justify;\">T\u00f6bben kifejezt\u00e9k v\u00e1gyukat, hogy rendszeresen r\u00e9szt vehessenek ilyen lelki alkalmakon.<\/p>\n<p style=\"text-align: justify;\">K\u00f6sz\u00f6nj\u00fck Miron aty\u00e1nak a r\u00e1nk sz\u00e1nt idej\u00e9t \u00e9s felk\u00e9sz\u00fcl\u00e9s\u00e9t, \u00e9s mindenkinek, aki \u00f6tleteivel, jelenl\u00e9t\u00e9vel, im\u00e1j\u00e1val vagy b\u00e1rmilyen m\u00f3don hozz\u00e1j\u00e1rult a d\u00e9lut\u00e1n l\u00e9trej\u00f6tt\u00e9hez!<\/p>\n<p style=\"text-align: right;\">Sz\u00f6veg: Moln\u00e1r M. Katalin<\/p>\n<p style=\"text-align: right;\">F\u00e9nyk\u00e9p: Kiss Erika<\/p>\n","protected":false},"excerpt":{"rendered":"<p>A munk\u00e1csi Szent M\u00e1rton Pl\u00e9b\u00e1nia k\u00f6z\u00f6ss\u00e9ge m\u00e1rcius 26-\u00e1n, vas\u00e1rnap, lelki d\u00e9lut\u00e1nra gy\u0171lt \u00f6ssze a p\u00fcsp\u00f6ks\u00e9g tan\u00e1csterm\u00e9ben. Id\u0151tartamban r\u00f6vid, de lelki \u00e9rtelemben intenz\u00edv \u00e9s m\u00e9ly d\u00e9lut\u00e1nt t\u00f6lt\u00f6ttek egy\u00fctt a h\u00fasv\u00e9tra val\u00f3 felk\u00e9sz\u00fcl\u00e9s jegy\u00e9ben. Petenko Miron, ungv\u00e1ri pl\u00e9b\u00e1nos vezette a d\u00e9lut\u00e1nt. Miron atya szavai, aki J\u00f3n\u00e1s pr\u00f3f\u00e9ta k\u00f6nyve alapj\u00e1n p\u00e1rhuzamot vont a pr\u00f3f\u00e9ta tettei \u00e9s saj\u00e1t \u00e9let\u00fcnk [&hellip;]<\/p>\n","protected":false},"author":4,"featured_media":10214,"comment_status":"open","ping_status":"open","sticky":false,"template":"","format":"standard","meta":{"_acf_changed":false,"_et_pb_use_builder":"","_et_pb_old_content":"","_et_gb_content_width":"","footnotes":""},"categories":[10,59],"tags":[],"class_list":["post-10213","post","type-post","status-publish","format-standard","has-post-thumbnail","hentry","category-aktualis-hirek","category-egyhazmegyenk-hirei","et-has-post-format-content","et_post_format-et-post-format-standard"],"acf":[],"_links":{"self":[{"href":"https:\/\/munkacs-diocese.org\/hu\/wp-json\/wp\/v2\/posts\/10213"}],"collection":[{"href":"https:\/\/munkacs-diocese.org\/hu\/wp-json\/wp\/v2\/posts"}],"about":[{"href":"https:\/\/munkacs-diocese.org\/hu\/wp-json\/wp\/v2\/types\/post"}],"author":[{"embeddable":true,"href":"https:\/\/munkacs-diocese.org\/hu\/wp-json\/wp\/v2\/users\/4"}],"replies":[{"embeddable":true,"href":"https:\/\/munkacs-diocese.org\/hu\/wp-json\/wp\/v2\/comments?post=10213"}],"version-history":[{"count":4,"href":"https:\/\/munkacs-diocese.org\/hu\/wp-json\/wp\/v2\/posts\/10213\/revisions"}],"predecessor-version":[{"id":10224,"href":"https:\/\/munkacs-diocese.org\/hu\/wp-json\/wp\/v2\/posts\/10213\/revisions\/10224"}],"wp:featuredmedia":[{"embeddable":true,"href":"https:\/\/munkacs-diocese.org\/hu\/wp-json\/wp\/v2\/media\/10214"}],"wp:attachment":[{"href":"https:\/\/munkacs-diocese.org\/hu\/wp-json\/wp\/v2\/media?parent=10213"}],"wp:term":[{"taxonomy":"category","embeddable":true,"href":"https:\/\/munkacs-diocese.org\/hu\/wp-json\/wp\/v2\/categories?post=10213"},{"taxonomy":"post_tag","embeddable":true,"href":"https:\/\/munkacs-diocese.org\/hu\/wp-json\/wp\/v2\/tags?post=10213"}],"curies":[{"name":"wp","href":"https:\/\/api.w.org\/{rel}","templated":true}]}}