{"id":10178,"date":"2023-03-20T11:43:30","date_gmt":"2023-03-20T10:43:30","guid":{"rendered":"https:\/\/munkacs-diocese.org\/hu\/?p=10178"},"modified":"2023-03-20T11:43:30","modified_gmt":"2023-03-20T10:43:30","slug":"huzd-szet-az-osszes-fuggonyt-hogy-jojjon-at-a-feny-lelki-delutant-tartottak-az-aknaszlatinai-szent-anna-ovodaban","status":"publish","type":"post","link":"https:\/\/munkacs-diocese.org\/hu\/2023\/03\/20\/huzd-szet-az-osszes-fuggonyt-hogy-jojjon-at-a-feny-lelki-delutant-tartottak-az-aknaszlatinai-szent-anna-ovodaban\/","title":{"rendered":"\u201eH\u00fazd sz\u00e9t az \u00f6sszes f\u00fcgg\u00f6nyt, hogy j\u00f6jj\u00f6n \u00e1t a f\u00e9ny\u201d \u2013 lelki d\u00e9lut\u00e1nt tartottak az aknaszlatinai Szent Anna \u00f3vod\u00e1ban"},"content":{"rendered":"<div id=\"fb-root\"><\/div>\n<p style=\"text-align: justify;\">2023. m\u00e1rcius 16-\u00e1n egy k\u00fcl\u00f6n\u00f6s napra \u00e9bredt\u00fcnk a Szent Anna \u00f3vod\u00e1ban, hisz l\u00e9lekben m\u00e1r k\u00e9sz\u00fcl\u0151dt\u00fcnk a lelki d\u00e9lut\u00e1nra \u00e9s izgatottan v\u00e1rtuk vend\u00e9geinket: Orosz Istv\u00e1n g\u00f6r\u00f6gkatolikus aty\u00e1t \u00e9s feles\u00e9g\u00e9t, Rit\u00e1t.<\/p>\n<p style=\"text-align: justify;\">Elmondhatom, hogy t\u00f6bb \u00e9vtizedes bar\u00e1ts\u00e1g k\u00f6t \u00f6ssze benn\u00fcnket, valamikor r\u00e9gen egy\u00fctt voltunk tagjai a H\u00c1L\u00d3 k\u00f6z\u00f6ss\u00e9gnek, \u00edgy h\u00e1t tudtam, hogy Istv\u00e1n atya a k\u00fcl\u00f6nleges st\u00edlus\u00e1val, humor\u00e9rz\u00e9k\u00e9vel \u00e9s nem utols\u00f3 sorban hiteless\u00e9g\u00e9vel sok ember sz\u00edv\u00e9ben maradand\u00f3 \u00e9lm\u00e9nyeket hagy.<\/p>\n<p style=\"text-align: justify;\">A d\u00e9lut\u00e1ni el\u0151ad\u00e1son, mely h\u00e1rom \u00f3r\u00e1t\u00f3l este hatig tartott, int\u00e9zm\u00e9ny\u00fcnk munkat\u00e1rsai, \u00f3vod\u00e1saink sz\u00fclei, a helyi Bolyai J\u00e1nos L\u00edceum pedag\u00f3gusai, Gyerty\u00e1nligetr\u0151l \u00e9rkezett vend\u00e9gek vettek r\u00e9szt, valamint a munk\u00e1csi Szent M\u00e1rton Karit\u00e1sz munkat\u00e1rsai, akik nagy \u00f6r\u00f6m\u00fcnkre szint\u00e9n elfogat\u00e1k megh\u00edv\u00e1sunkat.<\/p>\n<p style=\"text-align: justify;\">\u00c9pphogy elkezdte Istv\u00e1n atya el\u0151ad\u00e1s\u00e1t, m\u00e1r mindenki tudta, hogy ma nagy aj\u00e1nd\u00e9kot fog hazavinni a sz\u00edv\u00e9ben. Szem\u00e9lyes tan\u00fas\u00e1gt\u00e9tellel gazdag\u00edtva besz\u00e9lt a J\u00f3istenr\u0151l, a szentgy\u00f3n\u00e1sr\u00f3l, arr\u00f3l, hogy mennyire fontos Istent mindenn\u00e9l \u00e9s mindenkin\u00e9l jobban szeretni, m\u00e9g a h\u00e1zast\u00e1rsunkn\u00e1l, a gyermekeinkn\u00e9l is jobban. Az els\u0151 hely az \u00e9lt\u00fcnkben Isten\u00e9 kell, hogy legyen.<\/p>\n\n\t\t<style type=\"text\/css\">\n\t\t\t#gallery-1 {\n\t\t\t\tmargin: auto;\n\t\t\t}\n\t\t\t#gallery-1 .gallery-item {\n\t\t\t\tfloat: left;\n\t\t\t\tmargin-top: 10px;\n\t\t\t\ttext-align: center;\n\t\t\t\twidth: 50%;\n\t\t\t}\n\t\t\t#gallery-1 img {\n\t\t\t\tborder: 2px solid #cfcfcf;\n\t\t\t}\n\t\t\t#gallery-1 .gallery-caption {\n\t\t\t\tmargin-left: 0;\n\t\t\t}\n\t\t\t\/* see gallery_shortcode() in wp-includes\/media.php *\/\n\t\t<\/style>\n\t\t<div id='gallery-1' class='gallery galleryid-10178 gallery-columns-2 gallery-size-full'><dl class='gallery-item'>\n\t\t\t<dt class='gallery-icon landscape'>\n\t\t\t\t<a href='https:\/\/munkacs-diocese.org\/hu\/2023\/03\/20\/huzd-szet-az-osszes-fuggonyt-hogy-jojjon-at-a-feny-lelki-delutant-tartottak-az-aknaszlatinai-szent-anna-ovodaban\/aknasz3\/'><img loading=\"lazy\" decoding=\"async\" width=\"1512\" height=\"1091\" src=\"https:\/\/munkacs-diocese.org\/hu\/wp-content\/uploads\/2023\/03\/aknasz3.jpeg\" class=\"attachment-full size-full\" alt=\"\" srcset=\"https:\/\/munkacs-diocese.org\/hu\/wp-content\/uploads\/2023\/03\/aknasz3.jpeg 1512w, https:\/\/munkacs-diocese.org\/hu\/wp-content\/uploads\/2023\/03\/aknasz3-300x216.jpeg 300w, https:\/\/munkacs-diocese.org\/hu\/wp-content\/uploads\/2023\/03\/aknasz3-1024x739.jpeg 1024w, https:\/\/munkacs-diocese.org\/hu\/wp-content\/uploads\/2023\/03\/aknasz3-768x554.jpeg 768w, https:\/\/munkacs-diocese.org\/hu\/wp-content\/uploads\/2023\/03\/aknasz3-1080x779.jpeg 1080w\" sizes=\"(max-width: 1512px) 100vw, 1512px\" \/><\/a>\n\t\t\t<\/dt><\/dl><dl class='gallery-item'>\n\t\t\t<dt class='gallery-icon landscape'>\n\t\t\t\t<a href='https:\/\/munkacs-diocese.org\/hu\/2023\/03\/20\/huzd-szet-az-osszes-fuggonyt-hogy-jojjon-at-a-feny-lelki-delutant-tartottak-az-aknaszlatinai-szent-anna-ovodaban\/aknasz2\/'><img loading=\"lazy\" decoding=\"async\" width=\"1345\" height=\"943\" src=\"https:\/\/munkacs-diocese.org\/hu\/wp-content\/uploads\/2023\/03\/aknasz2.jpeg\" class=\"attachment-full size-full\" alt=\"\" srcset=\"https:\/\/munkacs-diocese.org\/hu\/wp-content\/uploads\/2023\/03\/aknasz2.jpeg 1345w, https:\/\/munkacs-diocese.org\/hu\/wp-content\/uploads\/2023\/03\/aknasz2-300x210.jpeg 300w, https:\/\/munkacs-diocese.org\/hu\/wp-content\/uploads\/2023\/03\/aknasz2-1024x718.jpeg 1024w, https:\/\/munkacs-diocese.org\/hu\/wp-content\/uploads\/2023\/03\/aknasz2-768x538.jpeg 768w, https:\/\/munkacs-diocese.org\/hu\/wp-content\/uploads\/2023\/03\/aknasz2-1080x757.jpeg 1080w\" sizes=\"(max-width: 1345px) 100vw, 1345px\" \/><\/a>\n\t\t\t<\/dt><\/dl><br style=\"clear: both\" \/>\n\t\t<\/div>\n\n<p style=\"text-align: justify;\">A d\u00e9lut\u00e1n folyam\u00e1n lehet\u0151s\u00e9g volt a megoszt\u00e1sra is: minden r\u00e9sztvev\u0151 v\u00e1lasztott egy k\u00e9pet, melynek seg\u00edts\u00e9g\u00e9vel kiscsoportba megbesz\u00e9lt\u00fck, ki mit l\u00e1t benne.<\/p>\n<p style=\"text-align: justify;\">A Republic egy\u00fcttes egyik dala, az \u201e\u00c9bredni hossz\u00fa \u00e1lomb\u00f3l\u201d c\u00edm\u0171\u00a0 is seg\u00edtette az elm\u00e9ly\u00fcl\u00e9st: soronk\u00e9nt boncolgattuk. Az atya elmondta Cip\u0151r\u0151l (az egy\u00fcttes frontembere, aki a dalt \u00edrta), hogy b\u00e1r nem volt h\u00edv\u0151 ember, dalai m\u00e9gis, k\u00fcl\u00f6n\u00f6sen az, amit hallgatunk, mennyi embert vitt k\u00f6zelebb Istenhez.<\/p>\n<p style=\"text-align: justify;\">Meghitt, m\u00e9ly, ugyanakkor dinamikus d\u00e9lut\u00e1nt t\u00f6lt\u00f6tt\u00fcnk egy\u00fctt, amit nagyon k\u00f6sz\u00f6n\u00fcnk Orosz Istv\u00e1n aty\u00e1nak. Ha arra gondolok, milyen neh\u00e9z mostan\u00e1ban megmozgatni az embereket, kimozdulni a megszokott, f\u00e9lelemmel \u00e9s l\u00e9giriad\u00f3val teli napokb\u00f3l, akkor azt mondom, hogy ez az egy\u00fctt t\u00f6lt\u00f6tt d\u00e9lut\u00e1n egy kis csoda volt. Istv\u00e1n aty\u00e1t nem kellet sok\u00e1ig r\u00e1besz\u00e9lni, gondolkod\u00e1s n\u00e9lk\u00fcl IGENT mondott megh\u00edv\u00e1sunkra. Reggel m\u00e9g mis\u00e9zett Miskolcon \u00e9s f\u00e9l h\u00e1romra m\u00e1r n\u00e1lunk volt a Szent Anna \u00f3vod\u00e1ban, el\u0151ad\u00e1s ut\u00e1n indult is vissza, hisz m\u00e1snap reggel m\u00e1r ism\u00e9t mis\u00e9je volt\u2026<\/p>\n<p style=\"text-align: justify;\">M\u00e1snap felh\u00edvott a bar\u00e1tn\u0151m a l\u00edceumb\u00f3l.<\/p>\n<p style=\"text-align: justify;\">&#8211; \u00c1gnes hogy tetszett a tegnapi d\u00e9lut\u00e1n? \u2013 k\u00e9rdeztem t\u0151le.<\/p>\n<p style=\"text-align: justify;\">&#8211; Ne is k\u00e9rdezd &#8211; v\u00e1laszolta \u00f6r\u00f6mteljesen &#8211; mindenki fel van t\u00f6lt\u0151dve. A sz\u00fcnetben m\u00e9g Anna is, aki egy\u00e9bk\u00e9nt nem j\u00e1r templomba, Szent\u00edr\u00e1st olvasott.<\/p>\n<p style=\"text-align: right;\">Sz\u00f6veg: Puliszka \u00c9va<\/p>\n<p style=\"text-align: right;\">F\u00e9nyk\u00e9p: Feh\u00e9r Kinga<\/p>\n<p>&nbsp;<\/p>\n<p>\u00c9bredni hossz\u00fa \u00e1lomb\u00f3l (Republic egy\u00fcttes dala)<\/p>\n<p>\u00d6lt\u00f6zz fel sz\u00e9p ruh\u00e1ba az \u00fcnnep reggel\u00e9n,<\/p>\n<p>H\u00fazd sz\u00e9t az \u00f6sszes f\u00fcgg\u00f6nyt, hogy<\/p>\n<p>j\u00f6jj\u00f6n \u00e1t a f\u00e9ny!<\/p>\n<p>Ma minden sz\u00edn feh\u00e9rre v\u00e1ltozik,<\/p>\n<p>Ma minden sz\u00edn &#8211; nek\u00fcnk.<\/p>\n<p>&nbsp;<\/p>\n<p>Indulj el, menj k\u00f6z\u00e9j\u00fck,<\/p>\n<p>ma \u0151k is f\u00e9nylenek,<\/p>\n<p>B\u00e9k\u00fclni ellens\u00e9ggel most k\u00f6nny\u0171,<\/p>\n<p>most lehet.<\/p>\n<p>Ma minden sz\u00f3 aranny\u00e1 v\u00e1ltozik,<\/p>\n<p>Ma minden sz\u00f3 &#8211; nek\u00fcnk.<\/p>\n<p>&nbsp;<\/p>\n<p>\u00c9bredni hossz\u00fa \u00e1lomb\u00f3l,<\/p>\n<p>jobb nap sosem volt m\u00e9g.<\/p>\n<p>L\u00e9gg\u00f6mb legyen ma minden s\u00faly.<\/p>\n<p>\u00c9rjen &#8211; mint l\u00e1thatatlan k\u00e9z &#8211;<\/p>\n<p>a f\u00f6ldh\u00f6z most az \u00e9g,<\/p>\n<p>K\u00e1pr\u00e1zaton seg\u00edtsen t\u00fal.<\/p>\n<p>&nbsp;<\/p>\n<p>\u00d6lt\u00f6zz fel sz\u00e9p ruh\u00e1ba az \u00fcnnep reggel\u00e9n,<\/p>\n<p>H\u00fazd sz\u00e9t az \u00f6sszes f\u00fcgg\u00f6nyt, hogy<\/p>\n<p>j\u00f6jj\u00f6n \u00e1t a f\u00e9ny!<\/p>\n<p>Ma minden b\u0171n rem\u00e9nny\u00e9 v\u00e1ltozik,<\/p>\n<p>Ma minden b\u0171n \u2013 nek\u00fcnk.<\/p>\n","protected":false},"excerpt":{"rendered":"<p>2023. m\u00e1rcius 16-\u00e1n egy k\u00fcl\u00f6n\u00f6s napra \u00e9bredt\u00fcnk a Szent Anna \u00f3vod\u00e1ban, hisz l\u00e9lekben m\u00e1r k\u00e9sz\u00fcl\u0151dt\u00fcnk a lelki d\u00e9lut\u00e1nra \u00e9s izgatottan v\u00e1rtuk vend\u00e9geinket: Orosz Istv\u00e1n g\u00f6r\u00f6gkatolikus aty\u00e1t \u00e9s feles\u00e9g\u00e9t, Rit\u00e1t. Elmondhatom, hogy t\u00f6bb \u00e9vtizedes bar\u00e1ts\u00e1g k\u00f6t \u00f6ssze benn\u00fcnket, valamikor r\u00e9gen egy\u00fctt voltunk tagjai a H\u00c1L\u00d3 k\u00f6z\u00f6ss\u00e9gnek, \u00edgy h\u00e1t tudtam, hogy Istv\u00e1n atya a k\u00fcl\u00f6nleges st\u00edlus\u00e1val, humor\u00e9rz\u00e9k\u00e9vel [&hellip;]<\/p>\n","protected":false},"author":4,"featured_media":10179,"comment_status":"open","ping_status":"open","sticky":false,"template":"","format":"standard","meta":{"_acf_changed":false,"_et_pb_use_builder":"","_et_pb_old_content":"","_et_gb_content_width":"","footnotes":""},"categories":[10,59],"tags":[],"class_list":["post-10178","post","type-post","status-publish","format-standard","has-post-thumbnail","hentry","category-aktualis-hirek","category-egyhazmegyenk-hirei","et-has-post-format-content","et_post_format-et-post-format-standard"],"acf":[],"_links":{"self":[{"href":"https:\/\/munkacs-diocese.org\/hu\/wp-json\/wp\/v2\/posts\/10178"}],"collection":[{"href":"https:\/\/munkacs-diocese.org\/hu\/wp-json\/wp\/v2\/posts"}],"about":[{"href":"https:\/\/munkacs-diocese.org\/hu\/wp-json\/wp\/v2\/types\/post"}],"author":[{"embeddable":true,"href":"https:\/\/munkacs-diocese.org\/hu\/wp-json\/wp\/v2\/users\/4"}],"replies":[{"embeddable":true,"href":"https:\/\/munkacs-diocese.org\/hu\/wp-json\/wp\/v2\/comments?post=10178"}],"version-history":[{"count":1,"href":"https:\/\/munkacs-diocese.org\/hu\/wp-json\/wp\/v2\/posts\/10178\/revisions"}],"predecessor-version":[{"id":10182,"href":"https:\/\/munkacs-diocese.org\/hu\/wp-json\/wp\/v2\/posts\/10178\/revisions\/10182"}],"wp:featuredmedia":[{"embeddable":true,"href":"https:\/\/munkacs-diocese.org\/hu\/wp-json\/wp\/v2\/media\/10179"}],"wp:attachment":[{"href":"https:\/\/munkacs-diocese.org\/hu\/wp-json\/wp\/v2\/media?parent=10178"}],"wp:term":[{"taxonomy":"category","embeddable":true,"href":"https:\/\/munkacs-diocese.org\/hu\/wp-json\/wp\/v2\/categories?post=10178"},{"taxonomy":"post_tag","embeddable":true,"href":"https:\/\/munkacs-diocese.org\/hu\/wp-json\/wp\/v2\/tags?post=10178"}],"curies":[{"name":"wp","href":"https:\/\/api.w.org\/{rel}","templated":true}]}}