{"id":10143,"date":"2023-03-14T14:22:58","date_gmt":"2023-03-14T13:22:58","guid":{"rendered":"https:\/\/munkacs-diocese.org\/hu\/?p=10143"},"modified":"2023-03-14T22:02:16","modified_gmt":"2023-03-14T21:02:16","slug":"esterhazy-dijjal-tuntettek-ki-majnek-antal-nyugalmazott-munkacsi-puspokot","status":"publish","type":"post","link":"https:\/\/munkacs-diocese.org\/hu\/2023\/03\/14\/esterhazy-dijjal-tuntettek-ki-majnek-antal-nyugalmazott-munkacsi-puspokot\/","title":{"rendered":"Esterh\u00e1zy-d\u00edjjal t\u00fcntett\u00e9k ki Majnek Antal nyugalmazott munk\u00e1csi p\u00fcsp\u00f6k\u00f6t"},"content":{"rendered":"<div id=\"fb-root\"><\/div>\n<p style=\"text-align: justify;\"><strong><em>A R\u00e1k\u00f3czi Sz\u00f6vets\u00e9g Esterh\u00e1zy-d\u00edjat adom\u00e1nyozott Majnek Antal nyugalmazott munk\u00e1csi p\u00fcsp\u00f6knek a k\u00e1rp\u00e1taljai magyarok\u00e9rt \u00e9s minden K\u00e1rp\u00e1talj\u00e1n \u00e9l\u0151 ember\u00e9rt v\u00e9gzett szolg\u00e1lata elismer\u00e9sek\u00e9nt. <\/em><\/strong><strong><em>A d\u00edj\u00e1tad\u00e1sra 2023. m\u00e1rcius 12-\u00e9n ker\u00fclt sor Budapesten, az Orsz\u00e1gh\u00e1z fels\u0151h\u00e1zi term\u00e9ben.<\/em><\/strong><\/p>\n<p style=\"text-align: justify;\">Esterh\u00e1zy J\u00e1nos \u00e9lete sor\u00e1n a magyars\u00e1g megmarad\u00e1s\u00e1t \u00e9s azt a gondolatot k\u00e9pviselte, hogy minden nemzetnek joga van a l\u00e9tez\u00e9shez \u2013 mondta <strong>Semj\u00e9n Zsolt minisztereln\u00f6k-helyettes<\/strong> a m\u00e1rt\u00edr sors\u00fa felvid\u00e9ki politikus eml\u00e9k\u00e9re rendezett \u00fcnneps\u00e9gen \u00e9s d\u00edj\u00e1tad\u00f3n a parlamentben.<\/p>\n<p style=\"text-align: justify;\">Semj\u00e9n Zsolt \u00fagy fogalmazott: Esterh\u00e1zy J\u00e1nos egyar\u00e1nt tudta k\u00e9pviselni a szlov\u00e1k \u00e9s a magyar, illetve a k\u00f6z\u00e9p-eur\u00f3pai \u00e9s a magyar sorsk\u00f6z\u00f6ss\u00e9get, \u00e9s azt, hogy mindenkinek k\u00f6teless\u00e9ge saj\u00e1t nemzet\u00e9nek meg\u0151rz\u00e9se, \u00e9rt\u00e9keinek felmutat\u00e1sa. Szimboliz\u00e1lja \u00e9s bizony\u00edtja azt, hogy a kereszt\u00e9nys\u00e9g \u00e9s a magyars\u00e1g nem egym\u00e1ssal szemben \u00e1ll\u00f3, hanem egym\u00e1sra mutat\u00f3 val\u00f3s\u00e1g.<\/p>\n<p style=\"text-align: justify;\">\u201eMegtisztel\u0151, hogy a ferences rend tagjak\u00e9nt, azaz kisebb testv\u00e9rk\u00e9nt rend\u00fcnk egy m\u00e1sik tagj\u00e1t, egy kisebb testv\u00e9rt m\u00e9ltathatok az orsz\u00e1g h\u00e1z\u00e1ban\u201d \u2013 mondta laud\u00e1ci\u00f3ja elej\u00e9n <strong>Berhidai Piusz ferences tartom\u00e1nyf\u0151n\u00f6k.<\/strong> Majd \u00edgy folytatta: \u201eMagyar mivolta mellett h\u00e1rom von\u00e1s jut eszembe, amikor Antal atya szolg\u00e1lat\u00e1ra tekintek: val\u00f3ban katolikus m\u00f3don szolg\u00e1lni a r\u00e1nk b\u00edzottakat, azaz mindenkinek mindene lenni, a J\u00f3 Isten szeretet\u00e9t, \u00f6r\u00f6m\u00e9t, b\u00e9k\u00e9j\u00e9t tapasztalhat\u00f3v\u00e1, el\u00e9rhet\u0151v\u00e9 tenni minden ember sz\u00e1m\u00e1ra nemzeti, nyelvi, vall\u00e1si, felekezeti hovatartoz\u00e1st\u00f3l f\u00fcggetlen\u00fcl. Mindezt ferencesk\u00e9nt, m\u00e9g p\u00fcsp\u00f6kk\u00e9nt is kisebb testv\u00e9rnek maradva. Testv\u00e9rk\u00e9nt a testv\u00e9rek k\u00f6z\u00f6tt, kisebbk\u00e9nt a kisebbek k\u00f6z\u00f6tt, a szeg\u00e9nyek k\u00f6z\u00f6tt forgol\u00f3dva. V\u00e9g\u00fcl: mindig szem el\u0151tt tartva a v\u00e9rtan\u00fak p\u00e9ld\u00e1j\u00e1t, vagyis v\u00e1llalva az \u00e1ldozatokat, a kereszt hordoz\u00e1s\u00e1t, amely egyed\u00fcl k\u00e9pes hiteles tan\u00fav\u00e1 form\u00e1lni.\u201d<\/p>\n<p style=\"text-align: justify;\">Majnek Antal p\u00fcsp\u00f6k \u00e9let\u00fatj\u00e1nak bemutat\u00e1sa k\u00f6zben megeml\u00edtette, hogy gyermek- \u00e9s ifj\u00fakor\u00e1t Pilisszentl\u00e1szl\u00f3n t\u00f6lt\u00f6tte, ahol a mai napig meghat\u00e1roz\u00f3 a szlov\u00e1k nemzetis\u00e9gi jelenl\u00e9t.<\/p>\n<p style=\"text-align: justify;\">A tartom\u00e1nyf\u0151n\u00f6k megeml\u00edtette a p\u00fcsp\u00f6k atya tev\u00e9kenys\u00e9gei k\u00f6z\u00fcl t\u00f6bbek k\u00f6z\u00f6tt a helyi egyh\u00e1zk\u00f6z\u00f6ss\u00e9gek meger\u0151s\u00edt\u00e9s\u00e9t, \u00fajak alap\u00edt\u00e1s\u00e1t, a hitoktat\u00e1s \u00fajraind\u00edt\u00e1s\u00e1t, papi \u00e9s szerzetesi hivat\u00e1sok egyenget\u00e9s\u00e9t, \u00f3vod\u00e1k, karit\u00e1sz \u00e9s rehabilit\u00e1ci\u00f3s k\u00f6zpont l\u00e9tes\u00edt\u00e9s\u00e9t, egyh\u00e1zmegyei \u00fajs\u00e1g kiad\u00e1s\u00e1t, a katek\u00e9t\u00e1k k\u00e9pz\u00e9s\u00e9nek megszervez\u00e9s\u00e9t.<\/p>\n<p style=\"text-align: justify;\">\u201eHosszan lehetne sorolni azokat a kezdem\u00e9nyez\u00e9seket, melyek az egyh\u00e1zi \u00e9let \u00fajra\u00e9led\u00e9s\u00e9nek bizony\u00edt\u00e9kai voltak, \u00e9s amelyek jellemzik Antal atya munk\u00e1lkod\u00e1s\u00e1t mind a mai napig, a jelen v\u00e9szterhes id\u0151kben is. Ilyen \u00e9s hasonl\u00f3 t\u00f6rt\u00e9n\u00e9sek nyom\u00e1n v\u00e1lik lehets\u00e9gess\u00e9, hogy egy helyi egyh\u00e1z szervezetileg is meger\u0151s\u00f6dj\u00f6n.\u201d<\/p>\n<p style=\"text-align: justify;\">\u201eAntal atya p\u00fcsp\u00f6kk\u00e9nt felvette az ukr\u00e1n \u00e1llampolg\u00e1rs\u00e1got, \u00e9s val\u00f3ban katolikus m\u00f3don egy t\u00f6bbnyelv\u0171, t\u00f6bb nemzetis\u00e9g\u0171 vid\u00e9k h\u00edv\u0151 \u00e9let\u00e9nek szolg\u00e1lat\u00e1ba \u00e1llt. Erre k\u00e9pes\u00edtette \u0151t \u2013 ahogy akkori el\u00f6lj\u00e1r\u00f3ja nyilatkozta \u2013 addig is tapasztalt nyitott \u00e9s felel\u0151ss\u00e9gteljes magatart\u00e1sa.\u201d \u00dajabb \u00e9s \u00fajabb helyzetek k\u00f6vett\u00e9k egym\u00e1st p\u00fcsp\u00f6ki m\u0171k\u00f6d\u00e9se sor\u00e1n, \u201emelyek mind megpr\u00f3b\u00e1lt\u00e1k a p\u00fcsp\u00f6k aty\u00e1t testileg-lelkileg, m\u00e9gis mindig meg tudott maradni val\u00f3ban katolikusnak, ferencesnek, hiteles embernek.\u201d<\/p>\n<p><img loading=\"lazy\" decoding=\"async\" class=\"aligncenter size-full wp-image-10147\" src=\"https:\/\/munkacs-diocese.org\/hu\/wp-content\/uploads\/2023\/03\/20230312_105649.jpg\" alt=\"\" width=\"800\" height=\"451\" srcset=\"https:\/\/munkacs-diocese.org\/hu\/wp-content\/uploads\/2023\/03\/20230312_105649.jpg 800w, https:\/\/munkacs-diocese.org\/hu\/wp-content\/uploads\/2023\/03\/20230312_105649-300x169.jpg 300w, https:\/\/munkacs-diocese.org\/hu\/wp-content\/uploads\/2023\/03\/20230312_105649-768x433.jpg 768w\" sizes=\"(max-width: 800px) 100vw, 800px\" \/><\/p>\n<p style=\"text-align: justify;\">A p\u00fcsp\u00f6kszentel\u00e9s ut\u00e1ni napon, az audienci\u00e1n II. J\u00e1nos P\u00e1l p\u00e1pa ezt k\u00f6t\u00f6tte a lelk\u00e9re: a munk\u00e1csi g\u00f6r\u00f6gkatolikus p\u00fcsp\u00f6k, Romzsa T\u00f3dor p\u00e9ld\u00e1ja legyen szeme el\u0151tt. A mai d\u00edj \u00e1tad\u00e1sakor is egy v\u00e9rtan\u00fa (Esterh\u00e1zy J\u00e1nos) k\u00e9pe lebeg szem\u00fcnk el\u0151tt. \u201e\u0150k \u00e9s a t\u00f6bbi v\u00e9rtan\u00fa p\u00e9ld\u00e1ja \u00fczenik sz\u00e1munkra, hogy a hiteless\u00e9g a hitb\u0151l fakad\u00f3 \u00e1ldozatk\u00e9szs\u00e9gb\u0151l ered. Isten \u00e9ltesse a ma d\u00edjazott Majnek Antal p\u00fcsp\u00f6k aty\u00e1t!\u201d \u2013 z\u00e1rta szavait a ferences tartom\u00e1nyf\u0151n\u00f6k.<\/p>\n<p style=\"text-align: justify;\"><strong>Pot\u00e1pi \u00c1rp\u00e1d J\u00e1nos, a Minisztereln\u00f6ks\u00e9g nemzetpolitik\u00e1\u00e9rt felel\u0151s \u00e1llamtitk\u00e1ra<\/strong> a d\u00edjazottat m\u00e9ltatva kiemelte: eddigi csaknem 34 \u00e9ves k\u00e1rp\u00e1taljai szolg\u00e1lat\u00e1b\u00f3l 26 \u00e9vet szolg\u00e1lt al\u00e1zatosan \u00e9s h\u0171s\u00e9ggel \u00e1llhatatosan p\u00fcsp\u00f6kk\u00e9nt. Megeml\u00edtette Majnek Antal p\u00fcsp\u00f6ki jelmondat\u00e1t: <em>Dominus fortitudo mea \u2013 az \u00dar az \u00e9n er\u0151ss\u00e9gem<\/em>. \u201eP\u00fcsp\u00f6ki szolg\u00e1lat\u00e1ban a Szent\u00edr\u00e1s, k\u00fcl\u00f6n\u00f6sen az evang\u00e9liumok olvas\u00e1sa, a szentgy\u00f3n\u00e1s, a szentmise voltak folyamatosan meg\u00fajul\u00f3 er\u0151forr\u00e1sai.\u201d H\u00edveit\u0151l az\u00f3ta sem t\u00e1volodott el; nyugalmazott p\u00fcsp\u00f6kk\u00e9nt is K\u00e1rp\u00e1talj\u00e1n maradt, elv\u00e1llalta \u00f6t egyh\u00e1zk\u00f6zs\u00e9g lelkip\u00e1sztor ell\u00e1t\u00e1s\u00e1t, r\u00e9szt vett a karitat\u00edv-szoci\u00e1lis seg\u00edts\u00e9gny\u00fajt\u00e1sban, az adom\u00e1nyok r\u00e1szorul\u00f3khoz val\u00f3 eljuttat\u00e1s\u00e1ban. Lelkigyakorlatokat, zar\u00e1ndoklatokat vezet most is, az egyh\u00e1zk\u00f6zs\u00e9gek megh\u00edv\u00e1s\u00e1ra b\u00facs\u00fas szentmis\u00e9ket celebr\u00e1l, seg\u00edti a r\u00e1ti Szent Mih\u00e1ly Gyermekotthon lak\u00f3it \u00e9s nevel\u0151it. H\u00e1rom \u00e9vtizedes szolg\u00e1lata alatt t\u00f6bb ember\u00f6lt\u0151nyi munk\u00e1t v\u00e9gzett el, mely\u00e9rt mind a k\u00e1rp\u00e1taljai, mind az anyaorsz\u00e1gi magyarok k\u00f6sz\u00f6nettel tartoznak neki. El\u00e9v\u00fclhetetlen szerepe volt a Szovjetuni\u00f3 sz\u00e9thull\u00e1sa ut\u00e1n a k\u00e1rp\u00e1taljai r\u00f3mai katolikus egyh\u00e1z \u00fajj\u00e1\u00e9p\u00edt\u00e9s\u00e9ben, az egyh\u00e1zmegye megszervez\u00e9s\u00e9ben, az elesetteket felkarol\u00f3 Egyh\u00e1zmegyei Szent M\u00e1rton Karit\u00e1sz l\u00e9trehoz\u00e1s\u00e1ban, a munk\u00e1csi Szent Istv\u00e1n L\u00edceum megalap\u00edt\u00e1s\u00e1ban, a fels\u0151-Tisza-vid\u00e9ki \u00f3vod\u00e1k l\u00e9trehoz\u00e1s\u00e1ban, valamint az egyh\u00e1zmegye templomainak meg\u00faj\u00edt\u00e1s\u00e1ban, a k\u00f6z\u00f6ss\u00e9g lelki \u00fajj\u00e1\u00e9led\u00e9s\u00e9ben. \u201eA k\u00e1rp\u00e1taljaiak nemzetis\u00e9gt\u0151l f\u00fcggetlen\u00fcl szerencs\u00e9snek \u00e9s \u00e1ldottnak \u00e9rezhetik magukat, hogy egy ilyen embert kaptak a Gondvisel\u00e9st\u0151l. Mai t\u00e9bolyult vil\u00e1gunkban nagy sz\u00fcks\u00e9g\u00fcnk van olyan p\u00e9lda \u00e9rt\u00e9k\u0171 papi \u00e9letutakra, amilyen Antal aty\u00e1\u00e9\u201d \u2013 mondta az \u00e1llamtitk\u00e1r. Majd \u00edgy z\u00e1rta szavait: \u201eNemcsak azt szeretn\u00e9m megk\u00f6sz\u00f6nni, amit p\u00fcsp\u00f6ki szolg\u00e1lata alatt tett, hanem azt is, ahogyan azt mindv\u00e9gig tette: al\u00e1zattal, szer\u00e9nys\u00e9ggel, tisztelettel \u00e9s tisztelve, becs\u00fclettel \u00e9s megbecs\u00fclve, mindenben \u00e9s mindenkiben a j\u00f3t keresve.\u201d<\/p>\n<p><img loading=\"lazy\" decoding=\"async\" class=\"aligncenter size-full wp-image-10148\" src=\"https:\/\/munkacs-diocese.org\/hu\/wp-content\/uploads\/2023\/03\/20230312_105501.jpg\" alt=\"\" width=\"800\" height=\"450\" srcset=\"https:\/\/munkacs-diocese.org\/hu\/wp-content\/uploads\/2023\/03\/20230312_105501.jpg 800w, https:\/\/munkacs-diocese.org\/hu\/wp-content\/uploads\/2023\/03\/20230312_105501-300x169.jpg 300w, https:\/\/munkacs-diocese.org\/hu\/wp-content\/uploads\/2023\/03\/20230312_105501-768x432.jpg 768w\" sizes=\"(max-width: 800px) 100vw, 800px\" \/><\/p>\n<p style=\"text-align: justify;\"><strong>Majnek Antal p\u00fcsp\u00f6k<\/strong> k\u00f6sz\u00f6netet mondott a d\u00edj\u00e9rt. Mint mondta, csak az \u0151t k\u00f6r\u00fclvev\u0151 k\u00f6z\u00f6ss\u00e9g nev\u00e9ben fogadta csak el a d\u00edjaz\u00e1st. \u201eMindazt, amit felsoroltatok, nem egyed\u00fcl \u00e9n vittem v\u00e9ghez, hanem mindenkinek k\u00f6sz\u00f6nhet\u0151, els\u0151sorban azoknak, akik ott, de azoknak is, akik itt seg\u00edtettek, m\u00e1r 34. \u00e9ve.\u201d \u201eVal\u00f3ban fel nem lehet sorolni, ki nem lehet fejezni azt a szeretet-\u00f6z\u00f6nt, amit kaptam \u2013 az \u00daristent\u0151l, rajtatok kereszt\u00fcl\u201d \u2013 mondta. Hozz\u00e1tette: Neki, Istennek k\u00f6sz\u00f6nhet\u0151 minden, hiszen \u0150 h\u00edvta, gyermekkor\u00e1t\u00f3l kezdve. K\u00f6sz\u00f6netet mondott Istennek az\u00e9rt, hogy egy olyan sokat szenvedett \u00e9s szenved\u0151 helyen szolg\u00e1lhatott, mint K\u00e1rp\u00e1talja, ahol \u201ebizony most sem sz\u0171nt meg a szenved\u00e9s, ez\u00e9rt a mi\u00e9rt-jeink az \u00daristen fel\u00e9 sz\u00e1llnak, T\u0151le viszont mindig j\u00f6n a megnyugtat\u00e1s: eddig is veletek voltam, ezut\u00e1n is veletek leszek. \u00c9s k\u00fcl\u00f6n\u00f6sen azok, akik ott maradtak \u00e9s h\u0171s\u00e9gesen tartj\u00e1k a frontot abban a nagyon neh\u00e9z helyzetben, mindannyian a rem\u00e9nys\u00e9g hordoz\u00f3i. \u00c9n csak meger\u0151s\u00edt\u00e9st kapok mindenkit\u0151l; a b\u00e9k\u00e9j\u00fck, a hit\u00fck, a rem\u00e9nys\u00e9g\u00fck az \u00daristen nagy aj\u00e1nd\u00e9ka.\u201d<\/p>\n<p style=\"text-align: justify;\">\u201eNagyon b\u00edzom abban, hogy egyre t\u00f6bben fogj\u00e1k felismerni, hogy Isten az \u00f6sszes nemzet Ura. \u00bbBoldog az a nemzet, amelynek az \u00dar az Istene\u00ab \u2013 mondja a zsolt\u00e1r. Rem\u00e9lj\u00fck, a szemben\u00e1ll\u00f3k is felismerik majd, hogy Isten az \u00e9let \u00e9s a b\u00e9ke p\u00e1rtj\u00e1n \u00e1ll, hogy \u0150 nemcsak a mieinket szereti, hanem a m\u00e1sik felet is, t\u0151l\u00fcnk pedig azt k\u00e9ri, hogy egym\u00e1st szeress\u00fck; hogy ne \u00fctk\u00f6ztess\u00fck a k\u00fcl\u00f6nb\u00f6z\u0151 v\u00e9lem\u00e9nyeket, hanem egym\u00e1s mell\u00e9 tegy\u00fck azokat. Ezt szeretn\u00e9m \u00e9n is folytatni, am\u00edg az \u00daristen megengedi\u201d \u2013 mondta Antal p\u00fcsp\u00f6k atya.<\/p>\n<p style=\"text-align: justify;\">A d\u00edjat Cs\u00e1ky Csongor, a R\u00e1k\u00f3czi Sz\u00f6vets\u00e9g eln\u00f6ke \u00e9s Mart\u00e9nyi \u00c1rp\u00e1d, az Esterh\u00e1zy J\u00e1nos Eml\u00e9kbizotts\u00e1g eln\u00f6ke adta \u00e1t.<\/p>\n<p><img loading=\"lazy\" decoding=\"async\" class=\"aligncenter size-full wp-image-10146\" src=\"https:\/\/munkacs-diocese.org\/hu\/wp-content\/uploads\/2023\/03\/20230312_111900.jpg\" alt=\"\" width=\"800\" height=\"451\" srcset=\"https:\/\/munkacs-diocese.org\/hu\/wp-content\/uploads\/2023\/03\/20230312_111900.jpg 800w, https:\/\/munkacs-diocese.org\/hu\/wp-content\/uploads\/2023\/03\/20230312_111900-300x169.jpg 300w, https:\/\/munkacs-diocese.org\/hu\/wp-content\/uploads\/2023\/03\/20230312_111900-768x433.jpg 768w\" sizes=\"(max-width: 800px) 100vw, 800px\" \/><\/p>\n<p style=\"text-align: justify;\">Az \u00fcnneps\u00e9gen r\u00e9szt vett Arkadiusz Adamczyk lengyelorsz\u00e1gi egyetemi tan\u00e1r, akinek <em>Tisztelj\u00fck egym\u00e1s nemzeti meggy\u0151z\u0151d\u00e9s\u00e9t&#8230; <\/em>c., Esterh\u00e1zy J\u00e1nosr\u00f3l sz\u00f3l\u00f3 k\u00f6nyv\u00e9nek els\u0151 magyar nyelv\u0171 p\u00e9ld\u00e1ny\u00e1t a d\u00edjazottnak aj\u00e1nd\u00e9kozta.<\/p>\n<p style=\"text-align: justify;\">A m\u00e9ltat\u00f3 besz\u00e9dek k\u00f6z\u00f6tt Tarpai Vikt\u00f3ria nagymuzsalyi sz\u00fclet\u00e9s\u0171 J\u00e1szai Mari-d\u00edjas sz\u00ednm\u0171v\u00e9sz az <em>\u0150si magyar \u00e1ld\u00e1s<\/em>t adta el\u0151, Popovics Emese, a budapesti Zeneakad\u00e9mia m\u00e1sod\u00e9ves munk\u00e1csi hallgat\u00f3ja pedig az <em>Aranymiaty\u00e1nk<\/em> c. moldvai cs\u00e1ng\u00f3 magyar n\u00e9p\u00e9neket \u00e9nekelte el; \u0151t F\u00e9legyh\u00e1zi Mikl\u00f3s k\u00eds\u00e9rte teker\u0151lanton. Az \u00fcnneps\u00e9gnek a Himnusz \u00e9s a Sz\u00f3zat adott keretet.<\/p>\n<p><img loading=\"lazy\" decoding=\"async\" class=\"aligncenter size-full wp-image-10149\" src=\"https:\/\/munkacs-diocese.org\/hu\/wp-content\/uploads\/2023\/03\/20230312_105150.jpg\" alt=\"\" width=\"800\" height=\"451\" srcset=\"https:\/\/munkacs-diocese.org\/hu\/wp-content\/uploads\/2023\/03\/20230312_105150.jpg 800w, https:\/\/munkacs-diocese.org\/hu\/wp-content\/uploads\/2023\/03\/20230312_105150-300x169.jpg 300w, https:\/\/munkacs-diocese.org\/hu\/wp-content\/uploads\/2023\/03\/20230312_105150-768x433.jpg 768w\" sizes=\"(max-width: 800px) 100vw, 800px\" \/><\/p>\n<p style=\"text-align: justify;\">Az \u00fcnneps\u00e9get megtisztelte jelenl\u00e9t\u00e9vel Erd\u0151 P\u00e9ter b\u00edboros, pr\u00edm\u00e1s, esztergom-budapesti \u00e9rsek, az Esterh\u00e1zy-d\u00edj 2022-es d\u00edjazottja, valamint Varga Lajos v\u00e1ci seg\u00e9dp\u00fcsp\u00f6k is. A parlamenti \u00fcl\u00e9sterem sz\u00e1mos sz\u00e9k\u00e9t pedig Antal p\u00fcsp\u00f6k atya r\u00e9gebbi \u00e9s jelenlegi munkat\u00e1rsai, seg\u00edt\u0151i foglalt\u00e1k el, akik az \u0151 megh\u00edv\u00e1s\u00e1ra \u00e9rkeztek, s akikkel \u201eegy\u00fctt\u201d akarta \u00e1tvenni a d\u00edjat, ahogy azt besz\u00e9d\u00e9ben is jelezte. A rangos d\u00edj \u00e9s helysz\u00edn ellen\u00e9re bens\u0151s\u00e9ges \u00e9s \u00f6r\u00f6mteli \u00fcnneps\u00e9gnek lehett\u00fcnk r\u00e9szesei.<\/p>\n<p style=\"text-align: justify;\">Isten \u00e9ltesse \u00e9s seg\u00edtse tov\u00e1bbra is Antal p\u00fcsp\u00f6k aty\u00e1t h\u0171s\u00e9ges szolg\u00e1lat\u00e1ban! Szeretettel gratul\u00e1lunk neki egykori \u00e9s jelenlegi munkat\u00e1rsai \u00e9s az egyh\u00e1zmegye h\u00edvei nev\u00e9ben!<\/p>\n<p><img loading=\"lazy\" decoding=\"async\" class=\"aligncenter size-full wp-image-10145\" src=\"https:\/\/munkacs-diocese.org\/hu\/wp-content\/uploads\/2023\/03\/20230312_112634.jpg\" alt=\"\" width=\"800\" height=\"451\" srcset=\"https:\/\/munkacs-diocese.org\/hu\/wp-content\/uploads\/2023\/03\/20230312_112634.jpg 800w, https:\/\/munkacs-diocese.org\/hu\/wp-content\/uploads\/2023\/03\/20230312_112634-300x169.jpg 300w, https:\/\/munkacs-diocese.org\/hu\/wp-content\/uploads\/2023\/03\/20230312_112634-768x433.jpg 768w\" sizes=\"(max-width: 800px) 100vw, 800px\" \/><\/p>\n<p style=\"text-align: right;\"><strong>Az MTI anyag\u00e1t r\u00e9szben felhaszn\u00e1lva \u00edrta: P\u00e1pai Zsuzsanna<\/strong><\/p>\n<p style=\"text-align: right;\"><strong>\u00a0<\/strong><strong>K\u00e9pek: Popovics B\u00e9la, MTI (a d\u00edj \u00e1tad\u00e1s\u00e1r\u00f3l)<\/strong><\/p>\n","protected":false},"excerpt":{"rendered":"<p>A R\u00e1k\u00f3czi Sz\u00f6vets\u00e9g Esterh\u00e1zy-d\u00edjat adom\u00e1nyozott Majnek Antal nyugalmazott munk\u00e1csi p\u00fcsp\u00f6knek a k\u00e1rp\u00e1taljai magyarok\u00e9rt \u00e9s minden K\u00e1rp\u00e1talj\u00e1n \u00e9l\u0151 ember\u00e9rt v\u00e9gzett szolg\u00e1lata elismer\u00e9sek\u00e9nt. A d\u00edj\u00e1tad\u00e1sra 2023. m\u00e1rcius 12-\u00e9n ker\u00fclt sor Budapesten, az Orsz\u00e1gh\u00e1z fels\u0151h\u00e1zi term\u00e9ben. Esterh\u00e1zy J\u00e1nos \u00e9lete sor\u00e1n a magyars\u00e1g megmarad\u00e1s\u00e1t \u00e9s azt a gondolatot k\u00e9pviselte, hogy minden nemzetnek joga van a l\u00e9tez\u00e9shez \u2013 mondta Semj\u00e9n [&hellip;]<\/p>\n","protected":false},"author":1,"featured_media":10144,"comment_status":"open","ping_status":"open","sticky":false,"template":"","format":"standard","meta":{"_acf_changed":false,"_et_pb_use_builder":"","_et_pb_old_content":"","_et_gb_content_width":"","footnotes":""},"categories":[59],"tags":[],"class_list":["post-10143","post","type-post","status-publish","format-standard","has-post-thumbnail","hentry","category-egyhazmegyenk-hirei","et-has-post-format-content","et_post_format-et-post-format-standard"],"acf":[],"_links":{"self":[{"href":"https:\/\/munkacs-diocese.org\/hu\/wp-json\/wp\/v2\/posts\/10143"}],"collection":[{"href":"https:\/\/munkacs-diocese.org\/hu\/wp-json\/wp\/v2\/posts"}],"about":[{"href":"https:\/\/munkacs-diocese.org\/hu\/wp-json\/wp\/v2\/types\/post"}],"author":[{"embeddable":true,"href":"https:\/\/munkacs-diocese.org\/hu\/wp-json\/wp\/v2\/users\/1"}],"replies":[{"embeddable":true,"href":"https:\/\/munkacs-diocese.org\/hu\/wp-json\/wp\/v2\/comments?post=10143"}],"version-history":[{"count":4,"href":"https:\/\/munkacs-diocese.org\/hu\/wp-json\/wp\/v2\/posts\/10143\/revisions"}],"predecessor-version":[{"id":10157,"href":"https:\/\/munkacs-diocese.org\/hu\/wp-json\/wp\/v2\/posts\/10143\/revisions\/10157"}],"wp:featuredmedia":[{"embeddable":true,"href":"https:\/\/munkacs-diocese.org\/hu\/wp-json\/wp\/v2\/media\/10144"}],"wp:attachment":[{"href":"https:\/\/munkacs-diocese.org\/hu\/wp-json\/wp\/v2\/media?parent=10143"}],"wp:term":[{"taxonomy":"category","embeddable":true,"href":"https:\/\/munkacs-diocese.org\/hu\/wp-json\/wp\/v2\/categories?post=10143"},{"taxonomy":"post_tag","embeddable":true,"href":"https:\/\/munkacs-diocese.org\/hu\/wp-json\/wp\/v2\/tags?post=10143"}],"curies":[{"name":"wp","href":"https:\/\/api.w.org\/{rel}","templated":true}]}}