{"id":10134,"date":"2023-03-07T14:39:24","date_gmt":"2023-03-07T13:39:24","guid":{"rendered":"https:\/\/munkacs-diocese.org\/hu\/?p=10134"},"modified":"2023-03-07T14:41:13","modified_gmt":"2023-03-07T13:41:13","slug":"ultess-egy-fat-a-beke-remenyeben-majnek-antal-nyugalmazott-puspok-az-ukran-puspoki-kar-okologiaert-felelos-puspokenek-felhivasa","status":"publish","type":"post","link":"https:\/\/munkacs-diocese.org\/hu\/2023\/03\/07\/ultess-egy-fat-a-beke-remenyeben-majnek-antal-nyugalmazott-puspok-az-ukran-puspoki-kar-okologiaert-felelos-puspokenek-felhivasa\/","title":{"rendered":"\u201e\u00dcltess egy f\u00e1t a b\u00e9ke rem\u00e9ny\u00e9ben!\u201d &#8211; Majnek Antal nyugalmazott p\u00fcsp\u00f6k, az ukr\u00e1n p\u00fcsp\u00f6ki kar \u00f6kol\u00f3gi\u00e1\u00e9rt felel\u0151s p\u00fcsp\u00f6k\u00e9nek felh\u00edv\u00e1sa"},"content":{"rendered":"<div id=\"fb-root\"><\/div>\n<p>NAGYB\u00d6JTI V\u00c1LLAL\u00c1S A B\u00c9KE REM\u00c9NY\u00c9BEN, AZ \u00d6KOL\u00d3GIA JEGY\u00c9BEN<\/p>\n<p style=\"text-align: justify;\">\u201e<strong>\u00dcltess egy f\u00e1t a b\u00e9ke rem\u00e9ny\u00e9ben<\/strong>!\u201d \u2013 hangzott a betlehemi b\u00e9kel\u00e1ng legut\u00f3bbi jelmondata.<\/p>\n<p style=\"text-align: justify;\">2022 december\u00e9ben, mint \u00e9vtizedek \u00f3ta mindig, a betlehemi Sz\u00fclet\u00e9s Bazilik\u00e1b\u00f3l elvitt\u00e9k a l\u00e1ngot B\u00e9csbe, ahonnan tov\u00e1bbadt\u00e1k Eur\u00f3pa orsz\u00e1gaiba, templomaiba. A terjeszt\u00e9st t\u00f6bbnyire a cserk\u00e9szek v\u00e9gzik; ifj\u00fa cserk\u00e9szek hozt\u00e1k az id\u00e9n R\u00e1tra is, ahonnan kar\u00e1csony estig eljuttatt\u00e1k K\u00e1rp\u00e1talja templomaiba.<\/p>\n<p style=\"text-align: justify;\">Eddig is sokfel\u00e9 folyt az illeg\u00e1lis fakitermel\u00e9s, de kev\u00e9s helyen van \u00fajratelep\u00edt\u00e9s, \u00fajra\u00fcltet\u00e9s. A h\u00e1bor\u00fa kirobban\u00e1sa \u00f3ta k\u00fcl\u00f6n\u00f6sen is pusztul a term\u00e9szet, amely pedig \u2013 mi, h\u00edv\u0151k, tudjuk \u2013, nem a mi\u00e9nk, hiszen csak ideiglenes haszn\u00e1latra kaptuk a teremt\u0151 Istent\u0151l. A b\u00e9kel\u00e1ng jelmondat\u00e1nak szellem\u00e9ben fa\u00fcltet\u00e9ssel is kifejezz\u00fck h\u00e1l\u00e1nkat Isten fel\u00e9, \u00e9s ugyanakkor engesztelj\u00fck \u0150t a sok puszt\u00edt\u00e1s\u00e9rt, amit most k\u00fcl\u00f6n\u00f6sen az ellens\u00e9g folytat sz\u00f6rny\u0171 er\u0151vel.<\/p>\n<p style=\"text-align: justify;\">K\u00e9rek sz\u00e9pen mindenkit, \u00fcltessen legal\u00e1bb egy f\u00e1t valahol: ak\u00e1r gy\u00fcm\u00f6lcsf\u00e1t, ak\u00e1r erdei f\u00e1t, vagy ak\u00e1r csak egy bokrot. H\u00fasv\u00e9tig gy\u0171jtj\u00fck \u00f6ssze az \u00fcltetett f\u00e1k sz\u00e1m\u00e1t, hogy a v\u00e9g\u00f6sszeget felaj\u00e1nljuk a hal\u00e1lon is gy\u0151zelmes J\u00e9zusnak, az \u00c9let \u00a0Ur\u00e1nak, \u00e9s azt \u00e1tadjuk el\u00f6lj\u00e1r\u00f3inknak is, ezzel is kifejezve, hogy akt\u00edvan hozz\u00e1j\u00e1rulunk a rem\u00e9nyhez, az orsz\u00e1g \u00fajj\u00e1\u00e9p\u00edt\u00e9s\u00e9hez.<\/p>\n<p style=\"text-align: justify;\">Csak az l\u00e1jkolja* ezt a bejegyz\u00e9st, aki elk\u00f6telezi mag\u00e1t, hogy legal\u00e1bb egy f\u00e1t fog \u00fcltetni. (Ha valaki t\u00f6bbet is \u00fcltetne, meg\u00edrhatja azt.)<\/p>\n<p>2023. m\u00e1rcius 1.<\/p>\n<p style=\"text-align: justify;\">\u00a0 \u00a0 \u00a0 \u00a0 \u00a0 \u00a0 \u00a0 \u00a0 \u00a0 \u00a0 \u00a0 \u00a0 \u00a0 \u00a0 \u00a0 \u00a0 \u00a0 \u00a0 \u00a0 \u00a0 \u00a0 \u00a0 \u00a0 \u00a0 \u00a0 \u00a0 \u00a0\u00a0\u00a0\u00a0\u00a0\u00a0\u00a0\u00a0\u00a0\u00a0\u00a0\u00a0\u00a0\u00a0\u00a0 Majnek Antal ny. p\u00fcsp\u00f6k<\/p>\n<p style=\"text-align: justify;\">\u00a0 \u00a0 \u00a0 \u00a0 \u00a0 \u00a0 \u00a0 \u00a0 \u00a0 \u00a0 \u00a0 \u00a0 \u00a0 \u00a0 \u00a0 \u00a0 \u00a0 \u00a0 \u00a0 \u00a0 \u00a0 \u00a0 \u00a0 \u00a0 \u00a0 az \u00f6kol\u00f3gia felel\u0151se az Ukr\u00e1n P\u00fcsp\u00f6ki karban<\/p>\n<p style=\"text-align: justify;\">\u00a0\u201eDics\u0151s\u00e9g a magass\u00e1gban Istennek \u00e9s b\u00e9kess\u00e9g a f\u00f6ld\u00f6n a j\u00f3akarat\u00fa embereknek!\u201d Lk.2,14.<\/p>\n<p>*Az egyh\u00e1zmegye facebook oldal\u00e1n megjelent a felh\u00edv\u00e1s, ott lehet a &#8222;l\u00e1jk&#8221; funkci\u00f3val jelezni az elk\u00f6telez\u0151d\u00e9st.<\/p>\n","protected":false},"excerpt":{"rendered":"<p>NAGYB\u00d6JTI V\u00c1LLAL\u00c1S A B\u00c9KE REM\u00c9NY\u00c9BEN, AZ \u00d6KOL\u00d3GIA JEGY\u00c9BEN \u201e\u00dcltess egy f\u00e1t a b\u00e9ke rem\u00e9ny\u00e9ben!\u201d \u2013 hangzott a betlehemi b\u00e9kel\u00e1ng legut\u00f3bbi jelmondata. 2022 december\u00e9ben, mint \u00e9vtizedek \u00f3ta mindig, a betlehemi Sz\u00fclet\u00e9s Bazilik\u00e1b\u00f3l elvitt\u00e9k a l\u00e1ngot B\u00e9csbe, ahonnan tov\u00e1bbadt\u00e1k Eur\u00f3pa orsz\u00e1gaiba, templomaiba. A terjeszt\u00e9st t\u00f6bbnyire a cserk\u00e9szek v\u00e9gzik; ifj\u00fa cserk\u00e9szek hozt\u00e1k az id\u00e9n R\u00e1tra is, ahonnan kar\u00e1csony [&hellip;]<\/p>\n","protected":false},"author":4,"featured_media":10135,"comment_status":"open","ping_status":"open","sticky":false,"template":"","format":"standard","meta":{"_acf_changed":false,"_et_pb_use_builder":"","_et_pb_old_content":"","_et_gb_content_width":"","footnotes":""},"categories":[10,26,4],"tags":[],"class_list":["post-10134","post","type-post","status-publish","format-standard","has-post-thumbnail","hentry","category-aktualis-hirek","category-koernyezetvedelem","category-okologia","et-has-post-format-content","et_post_format-et-post-format-standard"],"acf":[],"_links":{"self":[{"href":"https:\/\/munkacs-diocese.org\/hu\/wp-json\/wp\/v2\/posts\/10134"}],"collection":[{"href":"https:\/\/munkacs-diocese.org\/hu\/wp-json\/wp\/v2\/posts"}],"about":[{"href":"https:\/\/munkacs-diocese.org\/hu\/wp-json\/wp\/v2\/types\/post"}],"author":[{"embeddable":true,"href":"https:\/\/munkacs-diocese.org\/hu\/wp-json\/wp\/v2\/users\/4"}],"replies":[{"embeddable":true,"href":"https:\/\/munkacs-diocese.org\/hu\/wp-json\/wp\/v2\/comments?post=10134"}],"version-history":[{"count":2,"href":"https:\/\/munkacs-diocese.org\/hu\/wp-json\/wp\/v2\/posts\/10134\/revisions"}],"predecessor-version":[{"id":10137,"href":"https:\/\/munkacs-diocese.org\/hu\/wp-json\/wp\/v2\/posts\/10134\/revisions\/10137"}],"wp:featuredmedia":[{"embeddable":true,"href":"https:\/\/munkacs-diocese.org\/hu\/wp-json\/wp\/v2\/media\/10135"}],"wp:attachment":[{"href":"https:\/\/munkacs-diocese.org\/hu\/wp-json\/wp\/v2\/media?parent=10134"}],"wp:term":[{"taxonomy":"category","embeddable":true,"href":"https:\/\/munkacs-diocese.org\/hu\/wp-json\/wp\/v2\/categories?post=10134"},{"taxonomy":"post_tag","embeddable":true,"href":"https:\/\/munkacs-diocese.org\/hu\/wp-json\/wp\/v2\/tags?post=10134"}],"curies":[{"name":"wp","href":"https:\/\/api.w.org\/{rel}","templated":true}]}}