{"id":1005,"date":"2014-01-29T11:50:05","date_gmt":"2014-01-29T09:50:05","guid":{"rendered":"http:\/\/munkacs-diocese.org\/hu\/2014\/01\/29\/szerednyei-romai-katolikus-templom\/"},"modified":"2014-01-29T11:50:05","modified_gmt":"2014-01-29T09:50:05","slug":"szerednyei-romai-katolikus-templom","status":"publish","type":"post","link":"https:\/\/munkacs-diocese.org\/hu\/2014\/01\/29\/szerednyei-romai-katolikus-templom\/","title":{"rendered":"Szerednyei r\u00f3mai katolikus templom"},"content":{"rendered":"<div id=\"fb-root\"><\/div>\n<p style=\"text-align: center;\"><strong>Szerednyei r\u00f3mai katolikus templom<\/strong><\/p>\n<p><img loading=\"lazy\" decoding=\"async\" class=\" alignleft size-full wp-image-1004\" style=\"float: left;\" src=\"https:\/\/munkacs-diocese.org\/hu\/wp-content\/uploads\/2014\/01\/szerednye.jpg\" alt=\"\" height=\"132\" width=\"105\" srcset=\"https:\/\/munkacs-diocese.org\/hu\/wp-content\/uploads\/2014\/01\/szerednye.jpg 360w, https:\/\/munkacs-diocese.org\/hu\/wp-content\/uploads\/2014\/01\/szerednye-240x300.jpg 240w\" sizes=\"(max-width: 105px) 100vw, 105px\" \/>A telep\u00fcl\u00e9s nev\u00e9t el\u0151sz\u00f6r 1417-ben eml\u00edtik. A 14. sz\u00e1zadban fontos szerepet j\u00e1tszott a v\u00e9geken. Egykor a sz\u0151l\u0151termeszt\u00e9s f\u0151 tev\u00e9kenys\u00e9gnek sz\u00e1m\u00edtott. Itt volt Dob\u00f3 Istv\u00e1n v\u00e1ra, melynek ma m\u00e1r csak romjai l\u00e1tszanak.<br \/>A k\u00f6zs\u00e9gt\u0151l nyugatra, a Ville patak partj\u00e1n fekv\u0151 domb tetej\u00e9n m\u00e1r a 12. sz\u00e1zadban \u00e1llt a v\u00e1r \u00e9s a templomosok kolostora. E rend megsz\u0171n\u00e9se ut\u00e1n, 1380-ban p\u00e1los szerzetesek vett\u00e9k birtokba. A kolostor megsz\u0171n\u00e9s\u00e9nek ideje nem ismert, de romjai ma is l\u00e1that\u00f3k. Szerednye ezut\u00e1n \u0150r fili\u00e1ja volt, eg\u00e9szen 1804-ig, ekkor alap\u00edtott\u00e1k a k\u00f6zs\u00e9g pl\u00e9b\u00e1ni\u00e1j\u00e1t. Temploma 1806-ban \u00e9p\u00fclt. El\u0151tte egy \u0151sr\u00e9gi, g\u00f3tikus st\u00edlus\u00fa, m\u00e1r omladoz\u00f3 k\u00e1poln\u00e1ban tartott\u00e1k a szentmis\u00e9ket, ez azonban az 1834. \u00e9vi f\u00f6ldreng\u00e9s ut\u00e1n haszn\u00e1lhatatlann\u00e1 v\u00e1lt, \u00edgy lebontott\u00e1k. A templom d\u00edszes el\u0151csarnoka 1853 ut\u00e1n \u00e9p\u00fclt.<br \/>A 2000-es \u00e9vben Szent Luk\u00e1cs \u00fcnnep\u00e9re szabadt\u00e9ri olt\u00e1rt \u00e9p\u00edtettek a templom el\u00e9, hogy ifj\u00fas\u00e1gi tal\u00e1lkoz\u00f3k \u00e9s b\u00facs\u00fak alkalm\u00e1val itt tarthass\u00e1k a szentmis\u00e9ket. Ugyanennek az \u00e9vnek kar\u00e1csony\u00e1n a templom f\u00e1b\u00f3l k\u00e9sz\u00fclt f\u0151olt\u00e1ra helyett t\u00e9gl\u00e1b\u00f3l \u00e9p\u00edtettek \u00faj olt\u00e1rt. 2001-ben renov\u00e1lt\u00e1k \u00e9s kifestett\u00e9k a templom belsej\u00e9t.<br \/>Orgon\u00e1ja a a XX. sz. elej\u00e9r\u0151l val\u00f3, a Rieger Testv\u00e9rek munk\u00e1ja.<br \/>Az anyak\u00f6nyvez\u00e9s kezdete: 1805.<br \/>A liturgia nyelve: szlov\u00e1k \u00e9s ukr\u00e1n.<\/p>\n","protected":false},"excerpt":{"rendered":"<p>Szerednyei r\u00f3mai katolikus templom A telep\u00fcl\u00e9s nev\u00e9t el\u0151sz\u00f6r 1417-ben eml\u00edtik. A 14. sz\u00e1zadban fontos szerepet j\u00e1tszott a v\u00e9geken. Egykor a sz\u0151l\u0151termeszt\u00e9s f\u0151 tev\u00e9kenys\u00e9gnek sz\u00e1m\u00edtott. Itt volt Dob\u00f3 Istv\u00e1n v\u00e1ra, melynek ma m\u00e1r csak romjai l\u00e1tszanak.A k\u00f6zs\u00e9gt\u0151l nyugatra, a Ville patak partj\u00e1n fekv\u0151 domb tetej\u00e9n m\u00e1r a 12. sz\u00e1zadban \u00e1llt a v\u00e1r \u00e9s a templomosok kolostora. [&hellip;]<\/p>\n","protected":false},"author":1,"featured_media":1004,"comment_status":"open","ping_status":"open","sticky":false,"template":"","format":"standard","meta":{"_acf_changed":false,"_et_pb_use_builder":"","_et_pb_old_content":"","_et_gb_content_width":"","footnotes":""},"categories":[24],"tags":[],"class_list":["post-1005","post","type-post","status-publish","format-standard","has-post-thumbnail","hentry","category-ungvari-jaras","et-has-post-format-content","et_post_format-et-post-format-standard"],"acf":[],"_links":{"self":[{"href":"https:\/\/munkacs-diocese.org\/hu\/wp-json\/wp\/v2\/posts\/1005"}],"collection":[{"href":"https:\/\/munkacs-diocese.org\/hu\/wp-json\/wp\/v2\/posts"}],"about":[{"href":"https:\/\/munkacs-diocese.org\/hu\/wp-json\/wp\/v2\/types\/post"}],"author":[{"embeddable":true,"href":"https:\/\/munkacs-diocese.org\/hu\/wp-json\/wp\/v2\/users\/1"}],"replies":[{"embeddable":true,"href":"https:\/\/munkacs-diocese.org\/hu\/wp-json\/wp\/v2\/comments?post=1005"}],"version-history":[{"count":0,"href":"https:\/\/munkacs-diocese.org\/hu\/wp-json\/wp\/v2\/posts\/1005\/revisions"}],"wp:featuredmedia":[{"embeddable":true,"href":"https:\/\/munkacs-diocese.org\/hu\/wp-json\/wp\/v2\/media\/1004"}],"wp:attachment":[{"href":"https:\/\/munkacs-diocese.org\/hu\/wp-json\/wp\/v2\/media?parent=1005"}],"wp:term":[{"taxonomy":"category","embeddable":true,"href":"https:\/\/munkacs-diocese.org\/hu\/wp-json\/wp\/v2\/categories?post=1005"},{"taxonomy":"post_tag","embeddable":true,"href":"https:\/\/munkacs-diocese.org\/hu\/wp-json\/wp\/v2\/tags?post=1005"}],"curies":[{"name":"wp","href":"https:\/\/api.w.org\/{rel}","templated":true}]}}